{"id":142491,"date":"2024-10-22T19:12:03","date_gmt":"2024-10-22T19:12:03","guid":{"rendered":"https:\/\/www.nettali.com\/?p=142491"},"modified":"2024-10-22T19:12:03","modified_gmt":"2024-10-22T19:12:03","slug":"energie-le-senegal-veut-se-doter-de-reacteurs-nucleaires","status":"publish","type":"post","link":"https:\/\/www.nettali.com\/2024\/10\/22\/energie-le-senegal-veut-se-doter-de-reacteurs-nucleaires\/","title":{"rendered":"ENERGIE - Le S\u00e9n\u00e9gal veut se doter de r\u00e9acteurs nucl\u00e9aires"},"content":{"rendered":"<p><strong>NETTALI.COM - Le S\u00e9n\u00e9gal travaille sur un projet de mise en place de r\u00e9acteurs nucl\u00e9aires \u00e0 des fins d\u2019enseignement, de recherche-d\u00e9veloppement et de formation, a r\u00e9v\u00e9l\u00e9, mardi, la directrice g\u00e9n\u00e9rale de l\u2019Autorit\u00e9 s\u00e9n\u00e9galaise de radioprotection, de s\u00fbret\u00e9 et de s\u00e9curit\u00e9 nucl\u00e9aires (ARSN), Pr Nd\u00e8ye Arame Boye Faye.<\/strong><\/p>\n<p><em>\"Ces r\u00e9acteurs nucl\u00e9aires de recherche vont assurer des enseignements, une formation th\u00e9orique et pratique d\u2019ing\u00e9nieurs aptes \u00e0 utiliser demain cette technologie au profit du S\u00e9n\u00e9gal\"<\/em>, a-t-elle dit, en marge d\u2019un cours national de formation sur les mesures de pr\u00e9vention et de protection contre les menaces internes, anim\u00e9 par des experts.<\/p>\n<p>Elle pr\u00e9cise que ces types de r\u00e9acteurs <em>\"fonctionnent en utilisant des mati\u00e8res nucl\u00e9aires\"<\/em>.<\/p>\n<p>Elle a indiqu\u00e9 qu\u2019\u00e0 c\u00f4t\u00e9 de l\u2019enseignement, ces r\u00e9acteurs peuvent produire des <em>\"radio-pharmaceutiques\"<\/em>, c\u2019est-\u00e0-dire des m\u00e9dicaments radioactifs utilis\u00e9s dans le traitement de la m\u00e9decine nucl\u00e9aire pour traiter les cellules canc\u00e9reuses.<\/p>\n<p>Pr Nd\u00e8ye Arame Boye Faye signale qu\u2019au S\u00e9n\u00e9gal, cette technologie est utilis\u00e9e \u00e0 l\u2019h\u00f4pital Idrissa Pouye de Grand-Yoff o\u00f9 <em>\"il y a un service de m\u00e9decine nucl\u00e9aire fonctionnel\". \"On peut faire, au niveau de cette structure hospitali\u00e8re, la d\u00e9tection de certaines maladies canc\u00e9rig\u00e8nes\"<\/em>, a-t-elle soulign\u00e9.<\/p>\n<p>Concernant les r\u00e9acteurs nucl\u00e9aires de puissance pour la production de l\u2019\u00e9lectricit\u00e9, elle a signal\u00e9 qu\u2019il n\u2019est pas exclu que le S\u00e9n\u00e9gal aille vers cette technologie de d\u00e9carbonatation en se dotant de centrales nucl\u00e9aires. <em>\"Mais, c\u2019est un projet qui se pr\u00e9pare sur le long terme\"<\/em>, a-t-elle pr\u00e9cis\u00e9.<\/p>\n<p>Actuellement, <em>\"il y a beaucoup de pays africains qui commencent \u00e0 exprimer le souhait de disposer de cette technologie de centrales nucl\u00e9aires qui produisent de l\u2019\u00e9lectricit\u00e9\",<\/em> a-t-elle signal\u00e9.<\/p>\n<p>Elle a expliqu\u00e9 que ces pays veulent d\u00e9velopper leur mix-\u00e9nerg\u00e9tique, en introduisant le solaire et le nucl\u00e9aire, une \u00e9nergie \u00e0 faible \u00e9mission de carbone. <em>\"Cette \u00e9nergie permet de lutter contre la pollution et le r\u00e9chauffement climatique\"<\/em>, a-t-elle\u00a0 vant\u00e9.<\/p>\n<p>Dans le domaine de l\u2019agriculture, a poursuivi la directrice de l\u2019ARSN, la possibilit\u00e9 d\u2019utiliser des machines irradiateurs pour ralentir le processus de pourrissement et augmenter la dur\u00e9e de conservation des aliments et fruits est \u00e9galement \u00e0 l\u2019\u00e9tude au S\u00e9n\u00e9gal.<\/p>\n<p>Les irradiateurs, a-t-elle expliqu\u00e9, sont des machines qui vont irradier les aliments ou les fruits pour ralentir leur processus de pourrissement et augmenter leur dur\u00e9e de conservation.<\/p>\n<p>C\u2019est une technologie pratiqu\u00e9e pour conserver plus longtemps les fruits, a-t-elle pr\u00e9cis\u00e9. \"<em>Donc, avec les quantit\u00e9s de fruits qui pourrissent chaque ann\u00e9e au S\u00e9n\u00e9gal, cette technologie peut aider \u00e0 mieux conserver les fruits\"<\/em>, a-t-elle affirm\u00e9.<\/p>\n<p>La directrice g\u00e9n\u00e9rale de l\u2019Autorit\u00e9 s\u00e9n\u00e9galaise de radioprotection, de s\u00fbret\u00e9 et de s\u00e9curit\u00e9 nucl\u00e9aires (ARSN) pr\u00e9cise que ces diff\u00e9rentes technologies fonctionnement avec des sources radioactives de cat\u00e9gorie 1, extr\u00eamement dangereuses. C\u2019est ce qui justifie selon elle la n\u00e9cessit\u00e9 de mettre en place toutes les mesures pour prot\u00e9ger les travailleurs des structures concern\u00e9es et \u00e9viter des accidents ou sabotages des installations.<\/p>\n<p><em>\"Le S\u00e9n\u00e9gal est en train d\u2019utiliser des sources radioactives dans beaucoup de secteurs de d\u00e9veloppement, mais il faut mettre en place les mesures s\u00e9curitaires n\u00e9cessaires\"<\/em>, a-t-elle insist\u00e9.<\/p>\n<p>Les r\u00e9acteurs de recherche sont des r\u00e9acteurs nucl\u00e9aires qui produisent des neutrons destin\u00e9s notamment \u00e0 l\u2019industrie, \u00e0 la m\u00e9decine, \u00e0 l\u2019agriculture et \u00e0 la m\u00e9decine l\u00e9gale, indique un document.<\/p>\n<p>Ouvert lundi \u00e0 Dakar, le cours national de formation sur les mesures de pr\u00e9vention et de protection contre les menaces internes, organis\u00e9 \u00e0 l\u2019intention des utilisateurs de sources radioactives au S\u00e9n\u00e9gal, prend fin vendredi.<\/p>\n<div class='share-to-whatsapp-wrapper'><div class='share-on-whsp'>PARTAGER SUR : <\/div><a data-text='ENERGIE - Le S\u00e9n\u00e9gal veut se doter de r\u00e9acteurs nucl\u00e9aires' data-link='https:\/\/www.nettali.com\/2024\/10\/22\/energie-le-senegal-veut-se-doter-de-reacteurs-nucleaires\/' class='whatsapp-button whatsapp-share'>WhatsApp<\/a><div class='clear '><\/div><\/div>","protected":false},"excerpt":{"rendered":"<p>NETTALI.COM - Le S\u00e9n\u00e9gal travaille sur un projet de mise en place de r\u00e9acteurs nucl\u00e9aires \u00e0 des fins d\u2019enseignement, de recherche-d\u00e9veloppement et de formation, a r\u00e9v\u00e9l\u00e9, mardi, la directrice g\u00e9n\u00e9rale de l\u2019Autorit\u00e9 s\u00e9n\u00e9galaise de radioprotection, de s\u00fbret\u00e9 et de s\u00e9curit\u00e9 nucl\u00e9aires (ARSN), Pr Nd\u00e8ye Arame Boye Faye. \"Ces r\u00e9acteurs nucl\u00e9aires de recherche vont assurer des [&hellip;]<\/p>\n","protected":false},"author":4,"featured_media":142492,"comment_status":"open","ping_status":"open","sticky":false,"template":"","format":"standard","meta":{"_et_pb_use_builder":"","_et_pb_old_content":""},"categories":[3],"tags":[],"yoast_head":"<!-- This site is optimized with the Yoast SEO Premium plugin v17.8 (Yoast SEO v17.8) - https:\/\/yoast.com\/wordpress\/plugins\/seo\/ -->\n<title>ENERGIE - Le S\u00e9n\u00e9gal veut se doter de r\u00e9acteurs nucl\u00e9aires | Nettali.com<\/title>\n<meta name=\"robots\" content=\"index, follow, max-snippet:-1, max-image-preview:large, max-video-preview:-1\" \/>\n<link rel=\"canonical\" href=\"https:\/\/www.nettali.com\/2024\/10\/22\/energie-le-senegal-veut-se-doter-de-reacteurs-nucleaires\/\" \/>\n<meta property=\"og:locale\" content=\"fr_FR\" \/>\n<meta property=\"og:type\" content=\"article\" \/>\n<meta property=\"og:title\" content=\"ENERGIE - Le S\u00e9n\u00e9gal veut se doter de r\u00e9acteurs nucl\u00e9aires\" \/>\n<meta property=\"og:description\" content=\"NETTALI.COM - Le S\u00e9n\u00e9gal travaille sur un projet de mise en place de r\u00e9acteurs nucl\u00e9aires \u00e0 des fins d\u2019enseignement, de recherche-d\u00e9veloppement et de formation, a r\u00e9v\u00e9l\u00e9, mardi, la directrice g\u00e9n\u00e9rale de l\u2019Autorit\u00e9 s\u00e9n\u00e9galaise de radioprotection, de s\u00fbret\u00e9 et de s\u00e9curit\u00e9 nucl\u00e9aires (ARSN), Pr Nd\u00e8ye Arame Boye Faye. &quot;Ces r\u00e9acteurs nucl\u00e9aires de recherche vont assurer des [&hellip;]\" \/>\n<meta property=\"og:url\" content=\"https:\/\/www.nettali.com\/2024\/10\/22\/energie-le-senegal-veut-se-doter-de-reacteurs-nucleaires\/\" \/>\n<meta property=\"og:site_name\" content=\"Nettali.com\" \/>\n<meta property=\"article:publisher\" content=\"https:\/\/www.facebook.com\/nettalicom\" \/>\n<meta property=\"article:published_time\" content=\"2024-10-22T19:12:03+00:00\" \/>\n<meta property=\"og:image\" content=\"https:\/\/www.nettali.com\/wp-content\/uploads\/2024\/10\/Capture-de\u0301cran-2024-10-22-a\u0300-19.10.10.png\" \/>\n\t<meta property=\"og:image:width\" content=\"514\" \/>\n\t<meta property=\"og:image:height\" content=\"338\" \/>\n<meta name=\"twitter:card\" content=\"summary_large_image\" \/>\n<meta name=\"twitter:label1\" content=\"\u00c9crit par\" \/>\n\t<meta name=\"twitter:data1\" content=\"Daouda\" \/>\n\t<meta name=\"twitter:label2\" content=\"Dur\u00e9e de lecture estim\u00e9e\" \/>\n\t<meta name=\"twitter:data2\" content=\"3 minutes\" \/>\n<script type=\"application\/ld+json\" class=\"yoast-schema-graph\">{\"@context\":\"https:\/\/schema.org\",\"@graph\":[{\"@type\":\"WebSite\",\"@id\":\"https:\/\/www.nettali.com\/#website\",\"url\":\"https:\/\/www.nettali.com\/\",\"name\":\"Nettali.com\",\"description\":\"Le rendez-vous critique du Net\",\"potentialAction\":[{\"@type\":\"SearchAction\",\"target\":{\"@type\":\"EntryPoint\",\"urlTemplate\":\"https:\/\/www.nettali.com\/?s={search_term_string}\"},\"query-input\":\"required name=search_term_string\"}],\"inLanguage\":\"fr-FR\"},{\"@type\":\"ImageObject\",\"@id\":\"https:\/\/www.nettali.com\/2024\/10\/22\/energie-le-senegal-veut-se-doter-de-reacteurs-nucleaires\/#primaryimage\",\"inLanguage\":\"fr-FR\",\"url\":\"https:\/\/www.nettali.com\/wp-content\/uploads\/2024\/10\/Capture-de\\u0301cran-2024-10-22-a\\u0300-19.10.10.png\",\"contentUrl\":\"https:\/\/www.nettali.com\/wp-content\/uploads\/2024\/10\/Capture-de\\u0301cran-2024-10-22-a\\u0300-19.10.10.png\",\"width\":514,\"height\":338},{\"@type\":\"WebPage\",\"@id\":\"https:\/\/www.nettali.com\/2024\/10\/22\/energie-le-senegal-veut-se-doter-de-reacteurs-nucleaires\/#webpage\",\"url\":\"https:\/\/www.nettali.com\/2024\/10\/22\/energie-le-senegal-veut-se-doter-de-reacteurs-nucleaires\/\",\"name\":\"ENERGIE - Le S\\u00e9n\\u00e9gal veut se doter de r\\u00e9acteurs nucl\\u00e9aires | Nettali.com\",\"isPartOf\":{\"@id\":\"https:\/\/www.nettali.com\/#website\"},\"primaryImageOfPage\":{\"@id\":\"https:\/\/www.nettali.com\/2024\/10\/22\/energie-le-senegal-veut-se-doter-de-reacteurs-nucleaires\/#primaryimage\"},\"datePublished\":\"2024-10-22T19:12:03+00:00\",\"dateModified\":\"2024-10-22T19:12:03+00:00\",\"author\":{\"@id\":\"https:\/\/www.nettali.com\/#\/schema\/person\/3317e0bb3aa1da309fbf7b2780901bf4\"},\"breadcrumb\":{\"@id\":\"https:\/\/www.nettali.com\/2024\/10\/22\/energie-le-senegal-veut-se-doter-de-reacteurs-nucleaires\/#breadcrumb\"},\"inLanguage\":\"fr-FR\",\"potentialAction\":[{\"@type\":\"ReadAction\",\"target\":[\"https:\/\/www.nettali.com\/2024\/10\/22\/energie-le-senegal-veut-se-doter-de-reacteurs-nucleaires\/\"]}]},{\"@type\":\"BreadcrumbList\",\"@id\":\"https:\/\/www.nettali.com\/2024\/10\/22\/energie-le-senegal-veut-se-doter-de-reacteurs-nucleaires\/#breadcrumb\",\"itemListElement\":[{\"@type\":\"ListItem\",\"position\":1,\"name\":\"Accueil\",\"item\":\"https:\/\/www.nettali.com\/\"},{\"@type\":\"ListItem\",\"position\":2,\"name\":\"ENERGIE - Le S\\u00e9n\\u00e9gal veut se doter de r\\u00e9acteurs nucl\\u00e9aires\"}]},{\"@type\":\"Person\",\"@id\":\"https:\/\/www.nettali.com\/#\/schema\/person\/3317e0bb3aa1da309fbf7b2780901bf4\",\"name\":\"Daouda\",\"image\":{\"@type\":\"ImageObject\",\"@id\":\"https:\/\/www.nettali.com\/#personlogo\",\"inLanguage\":\"fr-FR\",\"url\":\"https:\/\/secure.gravatar.com\/avatar\/8d143b5a49345098ddcfee1c49c2f47c?s=96&d=mm&r=g\",\"contentUrl\":\"https:\/\/secure.gravatar.com\/avatar\/8d143b5a49345098ddcfee1c49c2f47c?s=96&d=mm&r=g\",\"caption\":\"Daouda\"},\"sameAs\":[\"https:\/\/www.nettali.com\"]}]}<\/script>\n<!-- \/ Yoast SEO Premium plugin. -->","yoast_head_json":{"title":"ENERGIE - Le S\u00e9n\u00e9gal veut se doter de r\u00e9acteurs nucl\u00e9aires | Nettali.com","robots":{"index":"index","follow":"follow","max-snippet":"max-snippet:-1","max-image-preview":"max-image-preview:large","max-video-preview":"max-video-preview:-1"},"canonical":"https:\/\/www.nettali.com\/2024\/10\/22\/energie-le-senegal-veut-se-doter-de-reacteurs-nucleaires\/","og_locale":"fr_FR","og_type":"article","og_title":"ENERGIE - Le S\u00e9n\u00e9gal veut se doter de r\u00e9acteurs nucl\u00e9aires","og_description":"NETTALI.COM - Le S\u00e9n\u00e9gal travaille sur un projet de mise en place de r\u00e9acteurs nucl\u00e9aires \u00e0 des fins d\u2019enseignement, de recherche-d\u00e9veloppement et de formation, a r\u00e9v\u00e9l\u00e9, mardi, la directrice g\u00e9n\u00e9rale de l\u2019Autorit\u00e9 s\u00e9n\u00e9galaise de radioprotection, de s\u00fbret\u00e9 et de s\u00e9curit\u00e9 nucl\u00e9aires (ARSN), Pr Nd\u00e8ye Arame Boye Faye. \"Ces r\u00e9acteurs nucl\u00e9aires de recherche vont assurer des [&hellip;]","og_url":"https:\/\/www.nettali.com\/2024\/10\/22\/energie-le-senegal-veut-se-doter-de-reacteurs-nucleaires\/","og_site_name":"Nettali.com","article_publisher":"https:\/\/www.facebook.com\/nettalicom","article_published_time":"2024-10-22T19:12:03+00:00","og_image":[{"width":514,"height":338,"url":"https:\/\/www.nettali.com\/wp-content\/uploads\/2024\/10\/Capture-de\u0301cran-2024-10-22-a\u0300-19.10.10.png","type":"image\/png"}],"twitter_card":"summary_large_image","twitter_misc":{"\u00c9crit par":"Daouda","Dur\u00e9e de lecture estim\u00e9e":"3 minutes"},"schema":{"@context":"https:\/\/schema.org","@graph":[{"@type":"WebSite","@id":"https:\/\/www.nettali.com\/#website","url":"https:\/\/www.nettali.com\/","name":"Nettali.com","description":"Le rendez-vous critique du Net","potentialAction":[{"@type":"SearchAction","target":{"@type":"EntryPoint","urlTemplate":"https:\/\/www.nettali.com\/?s={search_term_string}"},"query-input":"required name=search_term_string"}],"inLanguage":"fr-FR"},{"@type":"ImageObject","@id":"https:\/\/www.nettali.com\/2024\/10\/22\/energie-le-senegal-veut-se-doter-de-reacteurs-nucleaires\/#primaryimage","inLanguage":"fr-FR","url":"https:\/\/www.nettali.com\/wp-content\/uploads\/2024\/10\/Capture-de\u0301cran-2024-10-22-a\u0300-19.10.10.png","contentUrl":"https:\/\/www.nettali.com\/wp-content\/uploads\/2024\/10\/Capture-de\u0301cran-2024-10-22-a\u0300-19.10.10.png","width":514,"height":338},{"@type":"WebPage","@id":"https:\/\/www.nettali.com\/2024\/10\/22\/energie-le-senegal-veut-se-doter-de-reacteurs-nucleaires\/#webpage","url":"https:\/\/www.nettali.com\/2024\/10\/22\/energie-le-senegal-veut-se-doter-de-reacteurs-nucleaires\/","name":"ENERGIE - Le S\u00e9n\u00e9gal veut se doter de r\u00e9acteurs nucl\u00e9aires | Nettali.com","isPartOf":{"@id":"https:\/\/www.nettali.com\/#website"},"primaryImageOfPage":{"@id":"https:\/\/www.nettali.com\/2024\/10\/22\/energie-le-senegal-veut-se-doter-de-reacteurs-nucleaires\/#primaryimage"},"datePublished":"2024-10-22T19:12:03+00:00","dateModified":"2024-10-22T19:12:03+00:00","author":{"@id":"https:\/\/www.nettali.com\/#\/schema\/person\/3317e0bb3aa1da309fbf7b2780901bf4"},"breadcrumb":{"@id":"https:\/\/www.nettali.com\/2024\/10\/22\/energie-le-senegal-veut-se-doter-de-reacteurs-nucleaires\/#breadcrumb"},"inLanguage":"fr-FR","potentialAction":[{"@type":"ReadAction","target":["https:\/\/www.nettali.com\/2024\/10\/22\/energie-le-senegal-veut-se-doter-de-reacteurs-nucleaires\/"]}]},{"@type":"BreadcrumbList","@id":"https:\/\/www.nettali.com\/2024\/10\/22\/energie-le-senegal-veut-se-doter-de-reacteurs-nucleaires\/#breadcrumb","itemListElement":[{"@type":"ListItem","position":1,"name":"Accueil","item":"https:\/\/www.nettali.com\/"},{"@type":"ListItem","position":2,"name":"ENERGIE - Le S\u00e9n\u00e9gal veut se doter de r\u00e9acteurs nucl\u00e9aires"}]},{"@type":"Person","@id":"https:\/\/www.nettali.com\/#\/schema\/person\/3317e0bb3aa1da309fbf7b2780901bf4","name":"Daouda","image":{"@type":"ImageObject","@id":"https:\/\/www.nettali.com\/#personlogo","inLanguage":"fr-FR","url":"https:\/\/secure.gravatar.com\/avatar\/8d143b5a49345098ddcfee1c49c2f47c?s=96&d=mm&r=g","contentUrl":"https:\/\/secure.gravatar.com\/avatar\/8d143b5a49345098ddcfee1c49c2f47c?s=96&d=mm&r=g","caption":"Daouda"},"sameAs":["https:\/\/www.nettali.com"]}]}},"_links":{"self":[{"href":"https:\/\/www.nettali.com\/rest\/wp\/v2\/posts\/142491"}],"collection":[{"href":"https:\/\/www.nettali.com\/rest\/wp\/v2\/posts"}],"about":[{"href":"https:\/\/www.nettali.com\/rest\/wp\/v2\/types\/post"}],"author":[{"embeddable":true,"href":"https:\/\/www.nettali.com\/rest\/wp\/v2\/users\/4"}],"replies":[{"embeddable":true,"href":"https:\/\/www.nettali.com\/rest\/wp\/v2\/comments?post=142491"}],"version-history":[{"count":1,"href":"https:\/\/www.nettali.com\/rest\/wp\/v2\/posts\/142491\/revisions"}],"predecessor-version":[{"id":142493,"href":"https:\/\/www.nettali.com\/rest\/wp\/v2\/posts\/142491\/revisions\/142493"}],"wp:featuredmedia":[{"embeddable":true,"href":"https:\/\/www.nettali.com\/rest\/wp\/v2\/media\/142492"}],"wp:attachment":[{"href":"https:\/\/www.nettali.com\/rest\/wp\/v2\/media?parent=142491"}],"wp:term":[{"taxonomy":"category","embeddable":true,"href":"https:\/\/www.nettali.com\/rest\/wp\/v2\/categories?post=142491"},{"taxonomy":"post_tag","embeddable":true,"href":"https:\/\/www.nettali.com\/rest\/wp\/v2\/tags?post=142491"}],"curies":[{"name":"wp","href":"https:\/\/api.w.org\/{rel}","templated":true}]}}