{"id":142481,"date":"2024-10-22T19:41:16","date_gmt":"2024-10-22T19:41:16","guid":{"rendered":"https:\/\/www.nettali.com\/?p=142481"},"modified":"2024-10-24T07:14:44","modified_gmt":"2024-10-24T07:14:44","slug":"debat-public-contradictoire-amadou-ba-pret-a-relever-le-defi-de-sonko","status":"publish","type":"post","link":"https:\/\/www.nettali.com\/2024\/10\/22\/debat-public-contradictoire-amadou-ba-pret-a-relever-le-defi-de-sonko\/","title":{"rendered":"D\u00c9BAT PUBLIC CONTRADICTOIRE- Amadou Ba pr\u00eat \u00e0 relever le d\u00e9fi de Sonko"},"content":{"rendered":"<p><strong>NETTALI.COM- Amadou Ba est pr\u00eat \u00e0 d\u00e9battre avec Ousmane Sonko, suite suite au d\u00e9fi que ce dernier lui a lanc\u00e9 ce lundi 21 octobre. A en croire Zahra Iyane Thiam, l'ancien Premier ministre, leader de la Nouvelle responsabilit\u00e9, <\/strong><strong>laisse au nouveau chef du gouvernement les pr\u00e9rogatives pour ce qui est des conditions.<\/strong><\/p>\n<p>L\u2019ancien Premier ministre Amadou Ba, leader de la nouvelle responsabilit\u00e9 a fait un face \u00e0 face avec la presse ce lundi, pour d\u00e9mentir les accusations de Ousmane Sonko. Suite \u00e0 cela, le leader du Pastef l'a invit\u00e9 \u00e0 un d\u00e9bat public contradictoire. Selon la mandataire de la t\u00eate de liste, Diam Ak- Jerin, Amadou Ba est pr\u00eat \u00e0 d\u00e9battre avec son successeur quand il veut et o\u00f9 il le veut.<\/p>\n<p>Ce d\u00e9bat public ou contradictoire pourrait-il se tenir avant les l\u00e9gislatives et qu'est-ce que les leaders de la coalition Diam ak Jeurign pourraient dire ? C'est \u00e0 Ousmane Sonko d'y r\u00e9pondre, selon Zarah Iyane Thiam . \u00ab <em>Si d'aventure il estime que c'est \u00e7a sa pr\u00e9occupation prioritaire et principale, pour nous la pr\u00e9occupation prioritaire devrait \u00eatre- comme l'a indiqu\u00e9 le pr\u00e9sident Amadou Ba- sur la prise en charge ponctuelle et urgente des pr\u00e9occupations des populations de Tambacounda, \u00a0Podor en passant par Bakel et Matam. Ce sont des compatriotes qui vivent des conditions difficiles avec le d\u00e9bordement du fleuve S\u00e9n\u00e9gal. C'est la pr\u00e9occupation du budget de la loi de finances initiale<\/em> \u00bb soutient Zahra Iyane Thiam .<\/p>\n<p>Poursuivant, elle ajoute : \u00ab <em>le pr\u00e9sident Amadou Ba d\u00e9bat avec le peuple s\u00e9n\u00e9galais. C'est \u00e7a l'essence de son face \u00e0 face avec la presse nationale et internationale. Il a abord\u00e9 toutes les questions, aussi bien les accusations fallacieuses de corruption, de manipulation de statistiques budg\u00e9taires, d'enrichissement, de vivre dans l'opulence. Il a d\u00e9battu avec les S\u00e9n\u00e9galais de cela. Mais le plus important, il a d\u00e9battu avec les S\u00e9n\u00e9galais de l'ordre de priorit\u00e9 que devrait \u00eatre l'ex\u00e9cution des politiques publiques au vu des nombreuses difficult\u00e9s et de la g\u00e9ostrat\u00e9gie mondiale. Maintenant, si Ousmane Sonko, pour lui, la priorit\u00e9 c'est de d\u00e9battre avec le pr\u00e9sident Amadou Ba, bien entendu, nous d\u00e9battrons avec lui<\/em> \u00bb.<br \/>\nCependant m\u00eame si elle estime que son mentor est pr\u00eat, l'ancienne ministre se demande \u00a0: \u00ab q<em>u'est-ce que le Premier ministre Ousmane Sonko gagne \u00e0 avoir un d\u00e9bat avec le pr\u00e9sident Amadou Ba qui n'est pas demandeur<\/em> \u00bb<\/p>\n<div class='share-to-whatsapp-wrapper'><div class='share-on-whsp'>PARTAGER SUR : <\/div><a data-text='D\u00c9BAT PUBLIC CONTRADICTOIRE- Amadou Ba pr\u00eat \u00e0 relever le d\u00e9fi de Sonko' data-link='https:\/\/www.nettali.com\/2024\/10\/22\/debat-public-contradictoire-amadou-ba-pret-a-relever-le-defi-de-sonko\/' class='whatsapp-button whatsapp-share'>WhatsApp<\/a><div class='clear '><\/div><\/div>","protected":false},"excerpt":{"rendered":"<p>NETTALI.COM- Amadou Ba est pr\u00eat \u00e0 d\u00e9battre avec Ousmane Sonko, suite suite au d\u00e9fi que ce dernier lui a lanc\u00e9 ce lundi 21 octobre. A en croire Zahra Iyane Thiam, l'ancien Premier ministre, leader de la Nouvelle responsabilit\u00e9, laisse au nouveau chef du gouvernement les pr\u00e9rogatives pour ce qui est des conditions. L\u2019ancien Premier ministre [&hellip;]<\/p>\n","protected":false},"author":6,"featured_media":142462,"comment_status":"open","ping_status":"open","sticky":false,"template":"","format":"standard","meta":{"_et_pb_use_builder":"","_et_pb_old_content":""},"categories":[2],"tags":[],"yoast_head":"<!-- This site is optimized with the Yoast SEO Premium plugin v17.8 (Yoast SEO v17.8) - https:\/\/yoast.com\/wordpress\/plugins\/seo\/ -->\n<title>D\u00c9BAT PUBLIC CONTRADICTOIRE- Amadou Ba pr\u00eat \u00e0 relever le d\u00e9fi de Sonko | Nettali.com<\/title>\n<meta name=\"robots\" content=\"index, follow, max-snippet:-1, max-image-preview:large, max-video-preview:-1\" \/>\n<link rel=\"canonical\" href=\"https:\/\/www.nettali.com\/2024\/10\/22\/debat-public-contradictoire-amadou-ba-pret-a-relever-le-defi-de-sonko\/\" \/>\n<meta property=\"og:locale\" content=\"fr_FR\" \/>\n<meta property=\"og:type\" content=\"article\" \/>\n<meta property=\"og:title\" content=\"D\u00c9BAT PUBLIC CONTRADICTOIRE- Amadou Ba pr\u00eat \u00e0 relever le d\u00e9fi de Sonko\" \/>\n<meta property=\"og:description\" content=\"NETTALI.COM- Amadou Ba est pr\u00eat \u00e0 d\u00e9battre avec Ousmane Sonko, suite suite au d\u00e9fi que ce dernier lui a lanc\u00e9 ce lundi 21 octobre. A en croire Zahra Iyane Thiam, l&#039;ancien Premier ministre, leader de la Nouvelle responsabilit\u00e9, laisse au nouveau chef du gouvernement les pr\u00e9rogatives pour ce qui est des conditions. L\u2019ancien Premier ministre [&hellip;]\" \/>\n<meta property=\"og:url\" content=\"https:\/\/www.nettali.com\/2024\/10\/22\/debat-public-contradictoire-amadou-ba-pret-a-relever-le-defi-de-sonko\/\" \/>\n<meta property=\"og:site_name\" content=\"Nettali.com\" \/>\n<meta property=\"article:publisher\" content=\"https:\/\/www.facebook.com\/nettalicom\" \/>\n<meta property=\"article:published_time\" content=\"2024-10-22T19:41:16+00:00\" \/>\n<meta property=\"article:modified_time\" content=\"2024-10-24T07:14:44+00:00\" \/>\n<meta property=\"og:image\" content=\"https:\/\/www.nettali.com\/wp-content\/uploads\/2024\/10\/83652563-59844016.jpg\" \/>\n\t<meta property=\"og:image:width\" content=\"577\" \/>\n\t<meta property=\"og:image:height\" content=\"420\" \/>\n<meta name=\"twitter:card\" content=\"summary_large_image\" \/>\n<meta name=\"twitter:label1\" content=\"\u00c9crit par\" \/>\n\t<meta name=\"twitter:data1\" content=\"Fatou\" \/>\n\t<meta name=\"twitter:label2\" content=\"Dur\u00e9e de lecture estim\u00e9e\" \/>\n\t<meta name=\"twitter:data2\" content=\"2 minutes\" \/>\n<script type=\"application\/ld+json\" class=\"yoast-schema-graph\">{\"@context\":\"https:\/\/schema.org\",\"@graph\":[{\"@type\":\"WebSite\",\"@id\":\"https:\/\/www.nettali.com\/#website\",\"url\":\"https:\/\/www.nettali.com\/\",\"name\":\"Nettali.com\",\"description\":\"Le rendez-vous critique du Net\",\"potentialAction\":[{\"@type\":\"SearchAction\",\"target\":{\"@type\":\"EntryPoint\",\"urlTemplate\":\"https:\/\/www.nettali.com\/?s={search_term_string}\"},\"query-input\":\"required name=search_term_string\"}],\"inLanguage\":\"fr-FR\"},{\"@type\":\"ImageObject\",\"@id\":\"https:\/\/www.nettali.com\/2024\/10\/22\/debat-public-contradictoire-amadou-ba-pret-a-relever-le-defi-de-sonko\/#primaryimage\",\"inLanguage\":\"fr-FR\",\"url\":\"https:\/\/www.nettali.com\/wp-content\/uploads\/2024\/10\/83652563-59844016.jpg\",\"contentUrl\":\"https:\/\/www.nettali.com\/wp-content\/uploads\/2024\/10\/83652563-59844016.jpg\",\"width\":577,\"height\":420},{\"@type\":\"WebPage\",\"@id\":\"https:\/\/www.nettali.com\/2024\/10\/22\/debat-public-contradictoire-amadou-ba-pret-a-relever-le-defi-de-sonko\/#webpage\",\"url\":\"https:\/\/www.nettali.com\/2024\/10\/22\/debat-public-contradictoire-amadou-ba-pret-a-relever-le-defi-de-sonko\/\",\"name\":\"D\\u00c9BAT PUBLIC CONTRADICTOIRE- Amadou Ba pr\\u00eat \\u00e0 relever le d\\u00e9fi de Sonko | Nettali.com\",\"isPartOf\":{\"@id\":\"https:\/\/www.nettali.com\/#website\"},\"primaryImageOfPage\":{\"@id\":\"https:\/\/www.nettali.com\/2024\/10\/22\/debat-public-contradictoire-amadou-ba-pret-a-relever-le-defi-de-sonko\/#primaryimage\"},\"datePublished\":\"2024-10-22T19:41:16+00:00\",\"dateModified\":\"2024-10-24T07:14:44+00:00\",\"author\":{\"@id\":\"https:\/\/www.nettali.com\/#\/schema\/person\/418274a86bdf87caff7a3ef476bd0bbf\"},\"breadcrumb\":{\"@id\":\"https:\/\/www.nettali.com\/2024\/10\/22\/debat-public-contradictoire-amadou-ba-pret-a-relever-le-defi-de-sonko\/#breadcrumb\"},\"inLanguage\":\"fr-FR\",\"potentialAction\":[{\"@type\":\"ReadAction\",\"target\":[\"https:\/\/www.nettali.com\/2024\/10\/22\/debat-public-contradictoire-amadou-ba-pret-a-relever-le-defi-de-sonko\/\"]}]},{\"@type\":\"BreadcrumbList\",\"@id\":\"https:\/\/www.nettali.com\/2024\/10\/22\/debat-public-contradictoire-amadou-ba-pret-a-relever-le-defi-de-sonko\/#breadcrumb\",\"itemListElement\":[{\"@type\":\"ListItem\",\"position\":1,\"name\":\"Accueil\",\"item\":\"https:\/\/www.nettali.com\/\"},{\"@type\":\"ListItem\",\"position\":2,\"name\":\"D\\u00c9BAT PUBLIC CONTRADICTOIRE- Amadou Ba pr\\u00eat \\u00e0 relever le d\\u00e9fi de Sonko\"}]},{\"@type\":\"Person\",\"@id\":\"https:\/\/www.nettali.com\/#\/schema\/person\/418274a86bdf87caff7a3ef476bd0bbf\",\"name\":\"Fatou\",\"image\":{\"@type\":\"ImageObject\",\"@id\":\"https:\/\/www.nettali.com\/#personlogo\",\"inLanguage\":\"fr-FR\",\"url\":\"https:\/\/secure.gravatar.com\/avatar\/5a9442a2bee7b4dcf167cab035858e9a?s=96&d=mm&r=g\",\"contentUrl\":\"https:\/\/secure.gravatar.com\/avatar\/5a9442a2bee7b4dcf167cab035858e9a?s=96&d=mm&r=g\",\"caption\":\"Fatou\"},\"sameAs\":[\"https:\/\/www.nettali.com\"]}]}<\/script>\n<!-- \/ Yoast SEO Premium plugin. -->","yoast_head_json":{"title":"D\u00c9BAT PUBLIC CONTRADICTOIRE- Amadou Ba pr\u00eat \u00e0 relever le d\u00e9fi de Sonko | Nettali.com","robots":{"index":"index","follow":"follow","max-snippet":"max-snippet:-1","max-image-preview":"max-image-preview:large","max-video-preview":"max-video-preview:-1"},"canonical":"https:\/\/www.nettali.com\/2024\/10\/22\/debat-public-contradictoire-amadou-ba-pret-a-relever-le-defi-de-sonko\/","og_locale":"fr_FR","og_type":"article","og_title":"D\u00c9BAT PUBLIC CONTRADICTOIRE- Amadou Ba pr\u00eat \u00e0 relever le d\u00e9fi de Sonko","og_description":"NETTALI.COM- Amadou Ba est pr\u00eat \u00e0 d\u00e9battre avec Ousmane Sonko, suite suite au d\u00e9fi que ce dernier lui a lanc\u00e9 ce lundi 21 octobre. A en croire Zahra Iyane Thiam, l'ancien Premier ministre, leader de la Nouvelle responsabilit\u00e9, laisse au nouveau chef du gouvernement les pr\u00e9rogatives pour ce qui est des conditions. L\u2019ancien Premier ministre [&hellip;]","og_url":"https:\/\/www.nettali.com\/2024\/10\/22\/debat-public-contradictoire-amadou-ba-pret-a-relever-le-defi-de-sonko\/","og_site_name":"Nettali.com","article_publisher":"https:\/\/www.facebook.com\/nettalicom","article_published_time":"2024-10-22T19:41:16+00:00","article_modified_time":"2024-10-24T07:14:44+00:00","og_image":[{"width":577,"height":420,"url":"https:\/\/www.nettali.com\/wp-content\/uploads\/2024\/10\/83652563-59844016.jpg","type":"image\/jpeg"}],"twitter_card":"summary_large_image","twitter_misc":{"\u00c9crit par":"Fatou","Dur\u00e9e de lecture estim\u00e9e":"2 minutes"},"schema":{"@context":"https:\/\/schema.org","@graph":[{"@type":"WebSite","@id":"https:\/\/www.nettali.com\/#website","url":"https:\/\/www.nettali.com\/","name":"Nettali.com","description":"Le rendez-vous critique du Net","potentialAction":[{"@type":"SearchAction","target":{"@type":"EntryPoint","urlTemplate":"https:\/\/www.nettali.com\/?s={search_term_string}"},"query-input":"required name=search_term_string"}],"inLanguage":"fr-FR"},{"@type":"ImageObject","@id":"https:\/\/www.nettali.com\/2024\/10\/22\/debat-public-contradictoire-amadou-ba-pret-a-relever-le-defi-de-sonko\/#primaryimage","inLanguage":"fr-FR","url":"https:\/\/www.nettali.com\/wp-content\/uploads\/2024\/10\/83652563-59844016.jpg","contentUrl":"https:\/\/www.nettali.com\/wp-content\/uploads\/2024\/10\/83652563-59844016.jpg","width":577,"height":420},{"@type":"WebPage","@id":"https:\/\/www.nettali.com\/2024\/10\/22\/debat-public-contradictoire-amadou-ba-pret-a-relever-le-defi-de-sonko\/#webpage","url":"https:\/\/www.nettali.com\/2024\/10\/22\/debat-public-contradictoire-amadou-ba-pret-a-relever-le-defi-de-sonko\/","name":"D\u00c9BAT PUBLIC CONTRADICTOIRE- Amadou Ba pr\u00eat \u00e0 relever le d\u00e9fi de Sonko | Nettali.com","isPartOf":{"@id":"https:\/\/www.nettali.com\/#website"},"primaryImageOfPage":{"@id":"https:\/\/www.nettali.com\/2024\/10\/22\/debat-public-contradictoire-amadou-ba-pret-a-relever-le-defi-de-sonko\/#primaryimage"},"datePublished":"2024-10-22T19:41:16+00:00","dateModified":"2024-10-24T07:14:44+00:00","author":{"@id":"https:\/\/www.nettali.com\/#\/schema\/person\/418274a86bdf87caff7a3ef476bd0bbf"},"breadcrumb":{"@id":"https:\/\/www.nettali.com\/2024\/10\/22\/debat-public-contradictoire-amadou-ba-pret-a-relever-le-defi-de-sonko\/#breadcrumb"},"inLanguage":"fr-FR","potentialAction":[{"@type":"ReadAction","target":["https:\/\/www.nettali.com\/2024\/10\/22\/debat-public-contradictoire-amadou-ba-pret-a-relever-le-defi-de-sonko\/"]}]},{"@type":"BreadcrumbList","@id":"https:\/\/www.nettali.com\/2024\/10\/22\/debat-public-contradictoire-amadou-ba-pret-a-relever-le-defi-de-sonko\/#breadcrumb","itemListElement":[{"@type":"ListItem","position":1,"name":"Accueil","item":"https:\/\/www.nettali.com\/"},{"@type":"ListItem","position":2,"name":"D\u00c9BAT PUBLIC CONTRADICTOIRE- Amadou Ba pr\u00eat \u00e0 relever le d\u00e9fi de Sonko"}]},{"@type":"Person","@id":"https:\/\/www.nettali.com\/#\/schema\/person\/418274a86bdf87caff7a3ef476bd0bbf","name":"Fatou","image":{"@type":"ImageObject","@id":"https:\/\/www.nettali.com\/#personlogo","inLanguage":"fr-FR","url":"https:\/\/secure.gravatar.com\/avatar\/5a9442a2bee7b4dcf167cab035858e9a?s=96&d=mm&r=g","contentUrl":"https:\/\/secure.gravatar.com\/avatar\/5a9442a2bee7b4dcf167cab035858e9a?s=96&d=mm&r=g","caption":"Fatou"},"sameAs":["https:\/\/www.nettali.com"]}]}},"_links":{"self":[{"href":"https:\/\/www.nettali.com\/rest\/wp\/v2\/posts\/142481"}],"collection":[{"href":"https:\/\/www.nettali.com\/rest\/wp\/v2\/posts"}],"about":[{"href":"https:\/\/www.nettali.com\/rest\/wp\/v2\/types\/post"}],"author":[{"embeddable":true,"href":"https:\/\/www.nettali.com\/rest\/wp\/v2\/users\/6"}],"replies":[{"embeddable":true,"href":"https:\/\/www.nettali.com\/rest\/wp\/v2\/comments?post=142481"}],"version-history":[{"count":3,"href":"https:\/\/www.nettali.com\/rest\/wp\/v2\/posts\/142481\/revisions"}],"predecessor-version":[{"id":142484,"href":"https:\/\/www.nettali.com\/rest\/wp\/v2\/posts\/142481\/revisions\/142484"}],"wp:featuredmedia":[{"embeddable":true,"href":"https:\/\/www.nettali.com\/rest\/wp\/v2\/media\/142462"}],"wp:attachment":[{"href":"https:\/\/www.nettali.com\/rest\/wp\/v2\/media?parent=142481"}],"wp:term":[{"taxonomy":"category","embeddable":true,"href":"https:\/\/www.nettali.com\/rest\/wp\/v2\/categories?post=142481"},{"taxonomy":"post_tag","embeddable":true,"href":"https:\/\/www.nettali.com\/rest\/wp\/v2\/tags?post=142481"}],"curies":[{"name":"wp","href":"https:\/\/api.w.org\/{rel}","templated":true}]}}