{"id":142478,"date":"2024-10-22T14:08:51","date_gmt":"2024-10-22T14:08:51","guid":{"rendered":"https:\/\/www.nettali.com\/?p=142478"},"modified":"2024-10-22T14:08:51","modified_gmt":"2024-10-22T14:08:51","slug":"neymar-jr-je-suis-de-retour","status":"publish","type":"post","link":"https:\/\/www.nettali.com\/2024\/10\/22\/neymar-jr-je-suis-de-retour\/","title":{"rendered":"NEYMAR JR - \"Je suis de retour\""},"content":{"rendered":"<p><strong>NETTALI.COM - Neymar Junior est de retour sur les terrains de football. Victime d'une rupture du ligament crois\u00e9 ant\u00e9rieur et du m\u00e9nisque du genou gauche le 17 octobre 2023, l'attaquant br\u00e9silien de 32 ans a repris la comp\u00e9tition ce lundi 21 octobre lors du match de Ligue des Champions asiatique remport\u00e9 par son \u00e9quipe d'Al-Hilal face \u00e0 Al Ain (5-4).<\/strong><\/p>\n<p>Entr\u00e9 \u00e0 la 77\u00e8me minute, l'ancien Parisien n'a pas marqu\u00e9 mais il s'est procur\u00e9 une belle occasion sur une frappe du gauche d\u00e9tourn\u00e9e par le gardien. Il a surtout savour\u00e9 ce retour apr\u00e8s un an d'absence.<\/p>\n<p>\"<em>Je me sens bien, c'est si dur. J'ai toujours une bonne \u00e9quipe mais je suis tellement heureux. Je suis de retour<\/em> !\", a lanc\u00e9 l'Auriverde aux m\u00e9dias apr\u00e8s le coup de sifflet final.<\/p>\n<div class='share-to-whatsapp-wrapper'><div class='share-on-whsp'>PARTAGER SUR : <\/div><a data-text='NEYMAR JR - \"Je suis de retour\"' data-link='https:\/\/www.nettali.com\/2024\/10\/22\/neymar-jr-je-suis-de-retour\/' class='whatsapp-button whatsapp-share'>WhatsApp<\/a><div class='clear '><\/div><\/div>","protected":false},"excerpt":{"rendered":"<p>NETTALI.COM - Neymar Junior est de retour sur les terrains de football. Victime d'une rupture du ligament crois\u00e9 ant\u00e9rieur et du m\u00e9nisque du genou gauche le 17 octobre 2023, l'attaquant br\u00e9silien de 32 ans a repris la comp\u00e9tition ce lundi 21 octobre lors du match de Ligue des Champions asiatique remport\u00e9 par son \u00e9quipe d'Al-Hilal [&hellip;]<\/p>\n","protected":false},"author":5,"featured_media":142475,"comment_status":"open","ping_status":"open","sticky":false,"template":"","format":"standard","meta":{"_et_pb_use_builder":"","_et_pb_old_content":""},"categories":[6],"tags":[],"yoast_head":"<!-- This site is optimized with the Yoast SEO Premium plugin v17.8 (Yoast SEO v17.8) - https:\/\/yoast.com\/wordpress\/plugins\/seo\/ -->\n<title>NEYMAR JR - &quot;Je suis de retour&quot; | Nettali.com<\/title>\n<meta name=\"robots\" content=\"index, follow, max-snippet:-1, max-image-preview:large, max-video-preview:-1\" \/>\n<link rel=\"canonical\" href=\"https:\/\/www.nettali.com\/2024\/10\/22\/neymar-jr-je-suis-de-retour\/\" \/>\n<meta property=\"og:locale\" content=\"fr_FR\" \/>\n<meta property=\"og:type\" content=\"article\" \/>\n<meta property=\"og:title\" content=\"NEYMAR JR - &quot;Je suis de retour&quot;\" \/>\n<meta property=\"og:description\" content=\"NETTALI.COM - Neymar Junior est de retour sur les terrains de football. Victime d&#039;une rupture du ligament crois\u00e9 ant\u00e9rieur et du m\u00e9nisque du genou gauche le 17 octobre 2023, l&#039;attaquant br\u00e9silien de 32 ans a repris la comp\u00e9tition ce lundi 21 octobre lors du match de Ligue des Champions asiatique remport\u00e9 par son \u00e9quipe d&#039;Al-Hilal [&hellip;]\" \/>\n<meta property=\"og:url\" content=\"https:\/\/www.nettali.com\/2024\/10\/22\/neymar-jr-je-suis-de-retour\/\" \/>\n<meta property=\"og:site_name\" content=\"Nettali.com\" \/>\n<meta property=\"article:publisher\" content=\"https:\/\/www.facebook.com\/nettalicom\" \/>\n<meta property=\"article:published_time\" content=\"2024-10-22T14:08:51+00:00\" \/>\n<meta property=\"og:image\" content=\"https:\/\/www.nettali.com\/wp-content\/uploads\/2024\/10\/hq720-2.jpg\" \/>\n\t<meta property=\"og:image:width\" content=\"686\" \/>\n\t<meta property=\"og:image:height\" content=\"386\" \/>\n<meta name=\"twitter:card\" content=\"summary_large_image\" \/>\n<meta name=\"twitter:label1\" content=\"\u00c9crit par\" \/>\n\t<meta name=\"twitter:data1\" content=\"Ibrahima\" \/>\n\t<meta name=\"twitter:label2\" content=\"Dur\u00e9e de lecture estim\u00e9e\" \/>\n\t<meta name=\"twitter:data2\" content=\"1 minute\" \/>\n<script type=\"application\/ld+json\" class=\"yoast-schema-graph\">{\"@context\":\"https:\/\/schema.org\",\"@graph\":[{\"@type\":\"WebSite\",\"@id\":\"https:\/\/www.nettali.com\/#website\",\"url\":\"https:\/\/www.nettali.com\/\",\"name\":\"Nettali.com\",\"description\":\"Le rendez-vous critique du Net\",\"potentialAction\":[{\"@type\":\"SearchAction\",\"target\":{\"@type\":\"EntryPoint\",\"urlTemplate\":\"https:\/\/www.nettali.com\/?s={search_term_string}\"},\"query-input\":\"required name=search_term_string\"}],\"inLanguage\":\"fr-FR\"},{\"@type\":\"ImageObject\",\"@id\":\"https:\/\/www.nettali.com\/2024\/10\/22\/neymar-jr-je-suis-de-retour\/#primaryimage\",\"inLanguage\":\"fr-FR\",\"url\":\"https:\/\/www.nettali.com\/wp-content\/uploads\/2024\/10\/hq720-2.jpg\",\"contentUrl\":\"https:\/\/www.nettali.com\/wp-content\/uploads\/2024\/10\/hq720-2.jpg\",\"width\":686,\"height\":386},{\"@type\":\"WebPage\",\"@id\":\"https:\/\/www.nettali.com\/2024\/10\/22\/neymar-jr-je-suis-de-retour\/#webpage\",\"url\":\"https:\/\/www.nettali.com\/2024\/10\/22\/neymar-jr-je-suis-de-retour\/\",\"name\":\"NEYMAR JR - \\\"Je suis de retour\\\" | Nettali.com\",\"isPartOf\":{\"@id\":\"https:\/\/www.nettali.com\/#website\"},\"primaryImageOfPage\":{\"@id\":\"https:\/\/www.nettali.com\/2024\/10\/22\/neymar-jr-je-suis-de-retour\/#primaryimage\"},\"datePublished\":\"2024-10-22T14:08:51+00:00\",\"dateModified\":\"2024-10-22T14:08:51+00:00\",\"author\":{\"@id\":\"https:\/\/www.nettali.com\/#\/schema\/person\/bb147657c2986240405a608162b9bb23\"},\"breadcrumb\":{\"@id\":\"https:\/\/www.nettali.com\/2024\/10\/22\/neymar-jr-je-suis-de-retour\/#breadcrumb\"},\"inLanguage\":\"fr-FR\",\"potentialAction\":[{\"@type\":\"ReadAction\",\"target\":[\"https:\/\/www.nettali.com\/2024\/10\/22\/neymar-jr-je-suis-de-retour\/\"]}]},{\"@type\":\"BreadcrumbList\",\"@id\":\"https:\/\/www.nettali.com\/2024\/10\/22\/neymar-jr-je-suis-de-retour\/#breadcrumb\",\"itemListElement\":[{\"@type\":\"ListItem\",\"position\":1,\"name\":\"Accueil\",\"item\":\"https:\/\/www.nettali.com\/\"},{\"@type\":\"ListItem\",\"position\":2,\"name\":\"NEYMAR JR - \\\"Je suis de retour\\\"\"}]},{\"@type\":\"Person\",\"@id\":\"https:\/\/www.nettali.com\/#\/schema\/person\/bb147657c2986240405a608162b9bb23\",\"name\":\"Ibrahima\",\"image\":{\"@type\":\"ImageObject\",\"@id\":\"https:\/\/www.nettali.com\/#personlogo\",\"inLanguage\":\"fr-FR\",\"url\":\"https:\/\/secure.gravatar.com\/avatar\/26a8a81f09f0dd7624c9d5c36c9ba3a2?s=96&d=mm&r=g\",\"contentUrl\":\"https:\/\/secure.gravatar.com\/avatar\/26a8a81f09f0dd7624c9d5c36c9ba3a2?s=96&d=mm&r=g\",\"caption\":\"Ibrahima\"},\"sameAs\":[\"https:\/\/www.nettali.com\"]}]}<\/script>\n<!-- \/ Yoast SEO Premium plugin. -->","yoast_head_json":{"title":"NEYMAR JR - \"Je suis de retour\" | Nettali.com","robots":{"index":"index","follow":"follow","max-snippet":"max-snippet:-1","max-image-preview":"max-image-preview:large","max-video-preview":"max-video-preview:-1"},"canonical":"https:\/\/www.nettali.com\/2024\/10\/22\/neymar-jr-je-suis-de-retour\/","og_locale":"fr_FR","og_type":"article","og_title":"NEYMAR JR - \"Je suis de retour\"","og_description":"NETTALI.COM - Neymar Junior est de retour sur les terrains de football. Victime d'une rupture du ligament crois\u00e9 ant\u00e9rieur et du m\u00e9nisque du genou gauche le 17 octobre 2023, l'attaquant br\u00e9silien de 32 ans a repris la comp\u00e9tition ce lundi 21 octobre lors du match de Ligue des Champions asiatique remport\u00e9 par son \u00e9quipe d'Al-Hilal [&hellip;]","og_url":"https:\/\/www.nettali.com\/2024\/10\/22\/neymar-jr-je-suis-de-retour\/","og_site_name":"Nettali.com","article_publisher":"https:\/\/www.facebook.com\/nettalicom","article_published_time":"2024-10-22T14:08:51+00:00","og_image":[{"width":686,"height":386,"url":"https:\/\/www.nettali.com\/wp-content\/uploads\/2024\/10\/hq720-2.jpg","type":"image\/jpeg"}],"twitter_card":"summary_large_image","twitter_misc":{"\u00c9crit par":"Ibrahima","Dur\u00e9e de lecture estim\u00e9e":"1 minute"},"schema":{"@context":"https:\/\/schema.org","@graph":[{"@type":"WebSite","@id":"https:\/\/www.nettali.com\/#website","url":"https:\/\/www.nettali.com\/","name":"Nettali.com","description":"Le rendez-vous critique du Net","potentialAction":[{"@type":"SearchAction","target":{"@type":"EntryPoint","urlTemplate":"https:\/\/www.nettali.com\/?s={search_term_string}"},"query-input":"required name=search_term_string"}],"inLanguage":"fr-FR"},{"@type":"ImageObject","@id":"https:\/\/www.nettali.com\/2024\/10\/22\/neymar-jr-je-suis-de-retour\/#primaryimage","inLanguage":"fr-FR","url":"https:\/\/www.nettali.com\/wp-content\/uploads\/2024\/10\/hq720-2.jpg","contentUrl":"https:\/\/www.nettali.com\/wp-content\/uploads\/2024\/10\/hq720-2.jpg","width":686,"height":386},{"@type":"WebPage","@id":"https:\/\/www.nettali.com\/2024\/10\/22\/neymar-jr-je-suis-de-retour\/#webpage","url":"https:\/\/www.nettali.com\/2024\/10\/22\/neymar-jr-je-suis-de-retour\/","name":"NEYMAR JR - \"Je suis de retour\" | Nettali.com","isPartOf":{"@id":"https:\/\/www.nettali.com\/#website"},"primaryImageOfPage":{"@id":"https:\/\/www.nettali.com\/2024\/10\/22\/neymar-jr-je-suis-de-retour\/#primaryimage"},"datePublished":"2024-10-22T14:08:51+00:00","dateModified":"2024-10-22T14:08:51+00:00","author":{"@id":"https:\/\/www.nettali.com\/#\/schema\/person\/bb147657c2986240405a608162b9bb23"},"breadcrumb":{"@id":"https:\/\/www.nettali.com\/2024\/10\/22\/neymar-jr-je-suis-de-retour\/#breadcrumb"},"inLanguage":"fr-FR","potentialAction":[{"@type":"ReadAction","target":["https:\/\/www.nettali.com\/2024\/10\/22\/neymar-jr-je-suis-de-retour\/"]}]},{"@type":"BreadcrumbList","@id":"https:\/\/www.nettali.com\/2024\/10\/22\/neymar-jr-je-suis-de-retour\/#breadcrumb","itemListElement":[{"@type":"ListItem","position":1,"name":"Accueil","item":"https:\/\/www.nettali.com\/"},{"@type":"ListItem","position":2,"name":"NEYMAR JR - \"Je suis de retour\""}]},{"@type":"Person","@id":"https:\/\/www.nettali.com\/#\/schema\/person\/bb147657c2986240405a608162b9bb23","name":"Ibrahima","image":{"@type":"ImageObject","@id":"https:\/\/www.nettali.com\/#personlogo","inLanguage":"fr-FR","url":"https:\/\/secure.gravatar.com\/avatar\/26a8a81f09f0dd7624c9d5c36c9ba3a2?s=96&d=mm&r=g","contentUrl":"https:\/\/secure.gravatar.com\/avatar\/26a8a81f09f0dd7624c9d5c36c9ba3a2?s=96&d=mm&r=g","caption":"Ibrahima"},"sameAs":["https:\/\/www.nettali.com"]}]}},"_links":{"self":[{"href":"https:\/\/www.nettali.com\/rest\/wp\/v2\/posts\/142478"}],"collection":[{"href":"https:\/\/www.nettali.com\/rest\/wp\/v2\/posts"}],"about":[{"href":"https:\/\/www.nettali.com\/rest\/wp\/v2\/types\/post"}],"author":[{"embeddable":true,"href":"https:\/\/www.nettali.com\/rest\/wp\/v2\/users\/5"}],"replies":[{"embeddable":true,"href":"https:\/\/www.nettali.com\/rest\/wp\/v2\/comments?post=142478"}],"version-history":[{"count":1,"href":"https:\/\/www.nettali.com\/rest\/wp\/v2\/posts\/142478\/revisions"}],"predecessor-version":[{"id":142479,"href":"https:\/\/www.nettali.com\/rest\/wp\/v2\/posts\/142478\/revisions\/142479"}],"wp:featuredmedia":[{"embeddable":true,"href":"https:\/\/www.nettali.com\/rest\/wp\/v2\/media\/142475"}],"wp:attachment":[{"href":"https:\/\/www.nettali.com\/rest\/wp\/v2\/media?parent=142478"}],"wp:term":[{"taxonomy":"category","embeddable":true,"href":"https:\/\/www.nettali.com\/rest\/wp\/v2\/categories?post=142478"},{"taxonomy":"post_tag","embeddable":true,"href":"https:\/\/www.nettali.com\/rest\/wp\/v2\/tags?post=142478"}],"curies":[{"name":"wp","href":"https:\/\/api.w.org\/{rel}","templated":true}]}}