{"id":142461,"date":"2024-10-22T07:46:08","date_gmt":"2024-10-22T07:46:08","guid":{"rendered":"https:\/\/www.nettali.com\/?p=142461"},"modified":"2024-10-23T16:41:37","modified_gmt":"2024-10-23T16:41:37","slug":"en-mode-combat-amadou-ba-se-lache","status":"publish","type":"post","link":"https:\/\/www.nettali.com\/2024\/10\/22\/en-mode-combat-amadou-ba-se-lache\/","title":{"rendered":"EN MODE COMBAT - Amadou Ba se l\u00e2che"},"content":{"rendered":"<p><strong>NETTALI.COM - Un Amadou Ba volubile comme rarement on l\u2019a vu, s'est adress\u00e9 \u00e0 ses partisans et sympathisants, et peut-\u00eatre m\u00eame au-del\u00e0. La derni\u00e8re \u00e9lection pr\u00e9sidentielle, le scrutin l\u00e9gislatif, les actes pos\u00e9s par le gouvernement actuel, sa suppos\u00e9e fortune, sa qualit\u00e9 de formateur de g\u00e9n\u00e9rations d'inspecteurs des imp\u00f4ts et domaines (parmi lesquels Ousmane Sonko), son appr\u00e9ciation de l'agenda 2050, entre autres, presque tous les les sujets ont \u00e9t\u00e9 abord\u00e9s par l'ancien Premier ministre qui s'est voulu le plus exhaustif possible, le lundi 21 octobre, dans les locaux de son alli\u00e9 socialiste, la maison du parti.<\/strong><\/p>\n<p>\u00c0 moins d'un mois des \u00e9lections l\u00e9gislatives anticip\u00e9es, Amadou Ba est enfin sorti de son silence. L'ancien Premier ministre n'y est pas all\u00e9 par quatre chemins pour inviter le peuple s\u00e9n\u00e9galais \u201c<em>\u00e0 ne pas se laisser tromper par des discours de division ou des manoeuvres de d\u00e9nigrement<\/em>\u201d.<\/p>\n<p><strong>\u201c<em>Il ne faut pas leur donner une majorit\u00e9 \u00e0 l\u2019Assembl\u00e9e nationale...\"<\/em><\/strong><\/p>\n<p>L'ancien homme fort du r\u00e9gime de Macky Sall appelle ainsi les futurs \u00e9lecteurs \u00e0 ne pas confier tous les pouvoirs \u00e0 Pastef. \u201c<em>Notre pays a besoin de dirigeants qui respectent la v\u00e9rit\u00e9, des dirigeants capables de r\u00e9pondre aux aspirations de notre peuple avec comp\u00e9tence, vertu et empathie. Nous sommes \u00e0 un moment crucial de notre histoire. Les populations doivent reprendre le pouvoir, car il leur appartient. Il est essentiel de ne pas permettre au pouvoir actuel de monopoliser tous les leviers de d\u00e9cision<\/em>\u201d.<\/p>\n<p>Amadou Ba le r\u00e9p\u00e8te sans d\u00e9tour : \u201c<em>Il ne faut pas leur donner une majorit\u00e9 \u00e0 l\u2019Assembl\u00e9e nationale. Le S\u00e9n\u00e9gal a besoin d\u2019une repr\u00e9sentation forte, ind\u00e9pendante et capable de proposer des alternatives solides pour sortir de l\u2019impasse actuelle. Nous avons l\u2019occasion historique d\u2019apporter des correctifs pour une trajectoire apais\u00e9e et r\u00e9ussie de notre nation. Les prochaines \u00e9lections l\u00e9gislatives nous en donnent l\u2019opportunit\u00e9.\u201d C'\u00e9tait l'occasion, pour le candidat malheureux au scrutin du 24 mars dernier, d'expliquer son mutisme depuis tout ce temps. Amadou Ba estime avoir \u201cchoisi librement de garder le silence<\/em>\u201d.<\/p>\n<p><strong>Amadou Ba rel\u00e8ve \"le surplace, la pilotage \u00e0 vue, l'intidimidation, la division...\" de l'actuel gouvernement <\/strong><\/p>\n<p>Toutefois, l'ancien PM s'est voulu un peu plus clair en indiquant que ce moment de souffle \u00e9tait tout sauf de \u201c<em>l\u2019indiff\u00e9rence<\/em>\u201d. Il donne de plus amples explications \u00e0 ce sujet. \u201c<em>J\u2019ai volontairement refus\u00e9 de multiplier les interventions publiques pour leur laisser le temps de s\u2019installer, de prendre connaissance des dossiers et surtout de pr\u00e9senter leur vision pour sortir le S\u00e9n\u00e9gal des difficult\u00e9s croissantes auxquelles il est confront\u00e9<\/em>\u201d.<\/p>\n<p>Cependant, pour Amadou Ba, ce temps de gr\u00e2ce est d\u00e9sormais arriv\u00e9 \u00e0 son terme. Ses propos illustrent \u00e0 suffisance le sentiment de la t\u00eate de liste de coalition Jamm Ak Njerign. \u201c<em>Aujourd'hui, il est clair que nous sommes dirig\u00e9s par un gouvernement qui n\u2019arrive pas \u00e0 prendre la pleine mesure des enjeux. Depuis son installation, qu'avons-nous vu ? Du surplace, du pilotage \u00e0 vue, des promesses sans lendemain et surtout l'absence de solutions concr\u00e8tes pour r\u00e9pondre aux pr\u00e9occupations urgentes de notre peuple. Et pendant ce temps, les probl\u00e8mes persistent et s\u2019aggravent<\/em>\u201d.<\/p>\n<p>\u00c0 en croire Amadou Ba, le r\u00e9gime actuel se trompe juste de priorit\u00e9s. \u201cA<em>u lieu de s\u2019attaquer aux vrais d\u00e9fis, l\u2019\u00e9quipe actuelle pr\u00e9f\u00e8re la menace, l\u2019intimidation et la division. Elle cherche \u00e0 faire taire les voix discordantes plut\u00f4t que de rassembler et de construire un avenir commun. Le peuple s\u00e9n\u00e9galais m\u00e9rite mieux que cela. Le pouvoir ne s\u2019exerce pas dans la peur ou la contrainte. Le pouvoir s\u2019exerce dans le dialogue, la concertation et l'action au service du bien commun. En R\u00e9publique et en d\u00e9mocratie, le pouvoir s\u2019exerce par la persuasion et non par la terreur<\/em>\u201d.<\/p>\n<p><strong>Sur la suppos\u00e9e falsification des chiffres<\/strong><\/p>\n<p>Faisant allusion \u00e0 cette histoire de falsification des chiffres de la dette, Amadou Ba a apport\u00e9 des \u00e9l\u00e9ments de r\u00e9ponse. \u201c<em>Tout au long de ma carri\u00e8re, j\u2019ai toujours servi le S\u00e9n\u00e9gal avec rigueur, transparence et int\u00e9grit\u00e9. Aucun acte, aucune \u00e9criture ne peut m'\u00eatre imput\u00e9e dans quelque gestion frauduleuse ou malversation que ce soit. Et je le dis avec foi, fermet\u00e9 et solennit\u00e9 : je n'ai jamais \u00e9t\u00e9 \u2018\u00e9pingl\u00e9\u2019 dans aucun rapport d'audit. J'ai servi mon pays dans le respect strict des r\u00e8gles de bonne gouvernance et je rends gr\u00e2ce \u00e0 Dieu pour cela<\/em>\u201d.<\/p>\n<p>L'ancien directeur g\u00e9n\u00e9ral des Imp\u00f4ts et des Domaines de rench\u00e9rir : \u201c<em>Aujourd'hui, certains m\u2019accusent sans apporter la moindre preuve concr\u00e8te. Il est facile d\u2019accuser sans fondement, mais la v\u00e9rit\u00e9 demeure : je n\u2019ai jamais falsifi\u00e9 les statistiques budg\u00e9taires. Et je nourris un doute profond sur la v\u00e9racit\u00e9 de ces all\u00e9gations. Il m\u2019a \u00e9t\u00e9 reproch\u00e9 des faits pr\u00e9tendument couverts par un rapport d\u2019audit sur la p\u00e9riode 2019- 2023. Je tiens \u00e0 rappeler une \u00e9vidence : de 2019 \u00e0 2023, je n\u2019\u00e9tais plus ministre des Finances.<\/em>\u201d<\/p>\n<p>Dans cette m\u00eame optique de se laver \u00e0 grande eau, il a bott\u00e9 en touche toutes ces \u201c<em>accusations d\u2019accaparement de biens publics\u201d<\/em>\u00a0Selon lui, tout ceci rel\u00e8ve juste de \u201c<em>la pure calomnie et du d\u00e9nigrement<\/em>\u201d.<\/p>\n<p>Haussant un peu plus le ton, Amadou Ba a fait savoir qu\u2019il ne comptait plus se laisser faire \u00e0 ce propos. \u201c<em>Je tiens \u00e0 rappeler que je ne laisserai aucune diffamation ternir mon nom ni entacher mon parcours. J'ai toujours respect\u00e9 la loi et les principes de justice, et j\u2019exige que ces principes me soient \u00e9galement appliqu\u00e9s<\/em>\u201d.<\/p>\n<p><strong>Sur l\u2019Agenda 2050 <\/strong><\/p>\n<p>Dans un autre registre, \u00e9tant donn\u00e9 que c'est un peu l'actualit\u00e9, celui qui fut aussi ministre des Affaires \u00e9trang\u00e8res a comment\u00e9 l'Agenda S\u00e9n\u00e9gal 2050. \u201c<em>Je ne suis pas surpris de voir des similitudes entre la Vision S\u00e9n\u00e9gal 2050 et le PSE, d\u2019une part, ni avec ma d\u00e9claration de politique g\u00e9n\u00e9rale ou encore avec certaines de mes propositions de campagne, d\u2019autre part. Cette Vision S\u00e9n\u00e9gal 2050 reprend largement les bases \u00e9tablies par le PSE, \u00e0 travers ses trois axes. Cette vision de d\u00e9veloppement, que j\u2019ai pilot\u00e9e de 2014 \u00e0 2019 en tant que ministre des Finances, a permis au S\u00e9n\u00e9gal d\u2019entrer dans une dynamique de croissance soutenue et de transformation \u00e9conomique<\/em>\u201d.<\/p>\n<p>Mais pour M. Ba, ces \u201c<em>grandes visions comme le PSE ou la Vision S\u00e9n\u00e9gal 2050<\/em>\u201d ne doivent pas uniquement constituer de simples slogans. En outre, Amadou Ba soutient que la mise en oeuvre de cette nouvelle vision est utopique, \u201c<em>si la situation budg\u00e9taire d\u00e9crite par l\u2019actuel Premier ministre est av\u00e9r\u00e9e<\/em>.<\/p>\n<p><strong>\u201cLes S\u00e9n\u00e9galais savent qui a trahi qui\u201d <\/strong><\/p>\n<p>Dans son \u00e9lan, Amadou Ba a m\u00eame \u00e9voqu\u00e9 le dernier scrutin pr\u00e9sidentiel. \u201c<em>En tant que candidat de la majorit\u00e9 sortante, j'ai fait preuve de la plus grande loyaut\u00e9. J'ai men\u00e9 ce combat avec d\u00e9termination, toujours guid\u00e9 par l'int\u00e9r\u00eat sup\u00e9rieur de notre pays. Nous avons fond\u00e9 notre d\u00e9marche sur la paix, la stabilit\u00e9 et la concorde, des valeurs essentielles pour notre nation. Malgr\u00e9 les accusations grotesques de corruption des juges du Conseil constitutionnel et toutes les tentatives de d\u00e9stabilisation, j'ai continu\u00e9 \u00e0 agir avec droiture et fid\u00e9lit\u00e9 \u00e0 mes principes<\/em>\u201d.<\/p>\n<p>L'ancien ministre des Affaires \u00e9trang\u00e8res d'en rajouter une couche : \u201c<em>Pour ma part, je n\u2019ai jamais pos\u00e9 un seul acte de d\u00e9loyaut\u00e9. J\u2019ai toujours respect\u00e9 mes engagements et assum\u00e9 mes responsabilit\u00e9s. Aujourd\u2019hui, les S\u00e9n\u00e9galais savent qui a trahi qui.<\/em>\u201d<\/p>\n<p><strong>Amadou Ba : \u201cJe ne poss\u00e8de pas la richesse qu'on me pr\u00eate\u201d <\/strong><\/p>\n<p>L\u2019une des grosses rumeurs qui semblent tout le temps accompagner Amadou Ba concerne sa suppos\u00e9e fortune. L'ancien de l'APR s'est voulu limpide : il est tout, sauf un cr\u00e9sus.<\/p>\n<p>\u201c<em>On m'accuse aussi d\u2019\u00eatre un fonctionnaire milliardaire. Soyons clairs : je ne poss\u00e8de pas la richesse qu\u2019on me pr\u00eate et je n'en ai nullement besoin. Mon parcours, mon travail acharn\u00e9 et ma comp\u00e9tence m\u2019ont permis de bien gagner ma vie, comme cela aurait \u00e9t\u00e9 le cas pour tout honn\u00eate serviteur de l'\u00c9tat qui aurait eu la m\u00eame trajectoire<\/em>\u201d.<\/p>\n<p>Il ajoute : \u201c<em>J\u2019ai gravi les \u00e9chelons au m\u00e9rite, depuis mes d\u00e9buts comme inspecteur des imp\u00f4ts, jusqu'\u00e0 mes fonctions de chef du Centre des grandes entreprises, de directeur des Imp\u00f4ts, avant de devenir le directeur g\u00e9n\u00e9ral des Imp\u00f4ts et des Domaines pendant sept ans. Ensuite, j'ai eu l'honneur de servir notre pays comme ministre de l'\u00c9conomie, des Finances et du Plan, pendant six ann\u00e9es, puis comme ministre des Affaires \u00e9trang\u00e8res et enfin comme Premier ministre.<\/em>\u201d<\/p>\n<p><strong>Amadou formateur de Sonko <\/strong><\/p>\n<p>\u00c9voquant son parcours de formateur \u00e0 l'\u00c9cole nationale d'Administration, l'ancien PM a r\u00e9v\u00e9l\u00e9 que le S\u00e9n\u00e9gal a toujours prim\u00e9 sur tout le reste. \u201c<em>Dans chacune de ces fonctions, j'ai toujours mis l'int\u00e9r\u00eat du S\u00e9n\u00e9gal au-dessus de tout. J'ai form\u00e9 des g\u00e9n\u00e9rations d\u2019inspecteurs des imp\u00f4ts, dont l\u2019actuel Premier ministre. Et quand l\u2019actuel pr\u00e9sident de la R\u00e9publique sortait de l\u2019\u00c9cole nationale d\u2019Administration, j'\u00e9tais d\u00e9j\u00e0 le directeur g\u00e9n\u00e9ral des Imp\u00f4ts et des Domaines. Naturellement, mon parcours m\u2019a permis de percevoir des revenus proportionnels aux responsabilit\u00e9s exerc\u00e9es<\/em>\u201d.<\/p>\n<p>Il ajoute : \u201c<em>Ceux qui me critiquent sont aujourd'hui au pouvoir. Je les invite \u00e0 publier les revenus qu\u2019ils ont per\u00e7us tout au long de leur carri\u00e8re. Ils ont acc\u00e8s aux informations concernant mes propres revenus, disponibles \u00e0 la Solde et \u00e0 la Direction g\u00e9n\u00e9rale des Imp\u00f4ts et des Domaines. Qu'ils les publient tous ! Le peuple s\u00e9n\u00e9galais m\u00e9rite de conna\u00eetre la v\u00e9rit\u00e9, sans ambigu\u00eft\u00e9 ni manipulation.<\/em>\u201d<\/p>\n<p><strong>Le courage, selon Amadou Ba <\/strong><\/p>\n<p>R\u00e9pondant \u00e0 ceux qui critiquent sa fa\u00e7on de voir la politique, Amadou Ba s'est montr\u00e9 tr\u00e8s clair \u00e9galement : \u201c<em>Sachez que si le manque de courage c\u2019est refuser de s'abaisser aux attaques personnelles et aux insultes. Si le manque de courage c'est s\u2019abstenir de pol\u00e9miquer avec ceux qui, faute d'arguments solides, s'en remettent aux calomnies, alors je manque de courage. Si le manque de courage c'est refuser de se laisser entra\u00eener dans les disputes inutiles. Si le manque de courage c\u2019est choisir le silence face aux diffamations et rester concentr\u00e9 sur les enjeux r\u00e9els de notre pays, oui, je manque de courage.<\/em>\u201d<\/p>\n<p>Pour M. Ba, le courage, \u201c<em>c\u2019est d\u00e9fendre ses principes, m\u00eame dans l'adversit\u00e9 et se tenir droit face aux \u00e9preuves. C\u2019est servir son pays avec abn\u00e9gation et prot\u00e9ger les int\u00e9r\u00eats publics avec int\u00e9grit\u00e9<\/em>\u201d.<\/p>\n<p>Amadou Ba dit aussi ce qui suit \u00e0 ce propos : \u201cS<em>i \u00eatre courageux c\u2019est avancer r\u00e9solument vers les objectifs qu'on s\u2019est librement fix\u00e9s. Si \u00eatre courageux c\u2019est oeuvrer pour la paix, la stabilit\u00e9, la coh\u00e9sion et l\u2019unit\u00e9 du peuple, alors je suis sans conteste, et de loin, le plus courageux d\u2019entre nous. Parce qu\u2019en d\u00e9finitive c\u2019est bien ce dont notre pays a besoin aujourd\u2019hui : la paix, la stabilit\u00e9 et l\u2019unit\u00e9 pour construire un avenir prosp\u00e8re.<\/em>\u201d<\/p>\n<div class='share-to-whatsapp-wrapper'><div class='share-on-whsp'>PARTAGER SUR : <\/div><a data-text='EN MODE COMBAT - Amadou Ba se l\u00e2che' data-link='https:\/\/www.nettali.com\/2024\/10\/22\/en-mode-combat-amadou-ba-se-lache\/' class='whatsapp-button whatsapp-share'>WhatsApp<\/a><div class='clear '><\/div><\/div>","protected":false},"excerpt":{"rendered":"<p>NETTALI.COM - Un Amadou Ba volubile comme rarement on l\u2019a vu, s'est adress\u00e9 \u00e0 ses partisans et sympathisants, et peut-\u00eatre m\u00eame au-del\u00e0. La derni\u00e8re \u00e9lection pr\u00e9sidentielle, le scrutin l\u00e9gislatif, les actes pos\u00e9s par le gouvernement actuel, sa suppos\u00e9e fortune, sa qualit\u00e9 de formateur de g\u00e9n\u00e9rations d'inspecteurs des imp\u00f4ts et domaines (parmi lesquels Ousmane Sonko), son [&hellip;]<\/p>\n","protected":false},"author":2,"featured_media":142462,"comment_status":"open","ping_status":"open","sticky":false,"template":"","format":"standard","meta":{"_et_pb_use_builder":"","_et_pb_old_content":""},"categories":[2],"tags":[],"yoast_head":"<!-- This site is optimized with the Yoast SEO Premium plugin v17.8 (Yoast SEO v17.8) - https:\/\/yoast.com\/wordpress\/plugins\/seo\/ -->\n<title>EN MODE COMBAT - Amadou Ba se l\u00e2che | Nettali.com<\/title>\n<meta name=\"robots\" content=\"index, follow, max-snippet:-1, max-image-preview:large, max-video-preview:-1\" \/>\n<link rel=\"canonical\" href=\"https:\/\/www.nettali.com\/2024\/10\/22\/en-mode-combat-amadou-ba-se-lache\/\" \/>\n<meta property=\"og:locale\" content=\"fr_FR\" \/>\n<meta property=\"og:type\" content=\"article\" \/>\n<meta property=\"og:title\" content=\"EN MODE COMBAT - Amadou Ba se l\u00e2che\" \/>\n<meta property=\"og:description\" content=\"NETTALI.COM - Un Amadou Ba volubile comme rarement on l\u2019a vu, s&#039;est adress\u00e9 \u00e0 ses partisans et sympathisants, et peut-\u00eatre m\u00eame au-del\u00e0. La derni\u00e8re \u00e9lection pr\u00e9sidentielle, le scrutin l\u00e9gislatif, les actes pos\u00e9s par le gouvernement actuel, sa suppos\u00e9e fortune, sa qualit\u00e9 de formateur de g\u00e9n\u00e9rations d&#039;inspecteurs des imp\u00f4ts et domaines (parmi lesquels Ousmane Sonko), son [&hellip;]\" \/>\n<meta property=\"og:url\" content=\"https:\/\/www.nettali.com\/2024\/10\/22\/en-mode-combat-amadou-ba-se-lache\/\" \/>\n<meta property=\"og:site_name\" content=\"Nettali.com\" \/>\n<meta property=\"article:publisher\" content=\"https:\/\/www.facebook.com\/nettalicom\" \/>\n<meta property=\"article:published_time\" content=\"2024-10-22T07:46:08+00:00\" \/>\n<meta property=\"article:modified_time\" content=\"2024-10-23T16:41:37+00:00\" \/>\n<meta property=\"og:image\" content=\"https:\/\/www.nettali.com\/wp-content\/uploads\/2024\/10\/83652563-59844016.jpg\" \/>\n\t<meta property=\"og:image:width\" content=\"577\" \/>\n\t<meta property=\"og:image:height\" content=\"420\" \/>\n<meta name=\"twitter:card\" content=\"summary_large_image\" \/>\n<meta name=\"twitter:label1\" content=\"\u00c9crit par\" \/>\n\t<meta name=\"twitter:data1\" content=\"CK\" \/>\n\t<meta name=\"twitter:label2\" content=\"Dur\u00e9e de lecture estim\u00e9e\" \/>\n\t<meta name=\"twitter:data2\" content=\"9 minutes\" \/>\n<script type=\"application\/ld+json\" class=\"yoast-schema-graph\">{\"@context\":\"https:\/\/schema.org\",\"@graph\":[{\"@type\":\"WebSite\",\"@id\":\"https:\/\/www.nettali.com\/#website\",\"url\":\"https:\/\/www.nettali.com\/\",\"name\":\"Nettali.com\",\"description\":\"Le rendez-vous critique du Net\",\"potentialAction\":[{\"@type\":\"SearchAction\",\"target\":{\"@type\":\"EntryPoint\",\"urlTemplate\":\"https:\/\/www.nettali.com\/?s={search_term_string}\"},\"query-input\":\"required name=search_term_string\"}],\"inLanguage\":\"fr-FR\"},{\"@type\":\"ImageObject\",\"@id\":\"https:\/\/www.nettali.com\/2024\/10\/22\/en-mode-combat-amadou-ba-se-lache\/#primaryimage\",\"inLanguage\":\"fr-FR\",\"url\":\"https:\/\/www.nettali.com\/wp-content\/uploads\/2024\/10\/83652563-59844016.jpg\",\"contentUrl\":\"https:\/\/www.nettali.com\/wp-content\/uploads\/2024\/10\/83652563-59844016.jpg\",\"width\":577,\"height\":420},{\"@type\":\"WebPage\",\"@id\":\"https:\/\/www.nettali.com\/2024\/10\/22\/en-mode-combat-amadou-ba-se-lache\/#webpage\",\"url\":\"https:\/\/www.nettali.com\/2024\/10\/22\/en-mode-combat-amadou-ba-se-lache\/\",\"name\":\"EN MODE COMBAT - Amadou Ba se l\\u00e2che | Nettali.com\",\"isPartOf\":{\"@id\":\"https:\/\/www.nettali.com\/#website\"},\"primaryImageOfPage\":{\"@id\":\"https:\/\/www.nettali.com\/2024\/10\/22\/en-mode-combat-amadou-ba-se-lache\/#primaryimage\"},\"datePublished\":\"2024-10-22T07:46:08+00:00\",\"dateModified\":\"2024-10-23T16:41:37+00:00\",\"author\":{\"@id\":\"https:\/\/www.nettali.com\/#\/schema\/person\/d8ac7b7e27ddad43f1c0d2ef090d7f71\"},\"breadcrumb\":{\"@id\":\"https:\/\/www.nettali.com\/2024\/10\/22\/en-mode-combat-amadou-ba-se-lache\/#breadcrumb\"},\"inLanguage\":\"fr-FR\",\"potentialAction\":[{\"@type\":\"ReadAction\",\"target\":[\"https:\/\/www.nettali.com\/2024\/10\/22\/en-mode-combat-amadou-ba-se-lache\/\"]}]},{\"@type\":\"BreadcrumbList\",\"@id\":\"https:\/\/www.nettali.com\/2024\/10\/22\/en-mode-combat-amadou-ba-se-lache\/#breadcrumb\",\"itemListElement\":[{\"@type\":\"ListItem\",\"position\":1,\"name\":\"Accueil\",\"item\":\"https:\/\/www.nettali.com\/\"},{\"@type\":\"ListItem\",\"position\":2,\"name\":\"EN MODE COMBAT - Amadou Ba se l\\u00e2che\"}]},{\"@type\":\"Person\",\"@id\":\"https:\/\/www.nettali.com\/#\/schema\/person\/d8ac7b7e27ddad43f1c0d2ef090d7f71\",\"name\":\"CK\",\"image\":{\"@type\":\"ImageObject\",\"@id\":\"https:\/\/www.nettali.com\/#personlogo\",\"inLanguage\":\"fr-FR\",\"url\":\"https:\/\/secure.gravatar.com\/avatar\/1d8d5118b9327d94da7cd4ce7f17fec2?s=96&d=mm&r=g\",\"contentUrl\":\"https:\/\/secure.gravatar.com\/avatar\/1d8d5118b9327d94da7cd4ce7f17fec2?s=96&d=mm&r=g\",\"caption\":\"CK\"},\"sameAs\":[\"https:\/\/www.nettali.com\"]}]}<\/script>\n<!-- \/ Yoast SEO Premium plugin. -->","yoast_head_json":{"title":"EN MODE COMBAT - Amadou Ba se l\u00e2che | Nettali.com","robots":{"index":"index","follow":"follow","max-snippet":"max-snippet:-1","max-image-preview":"max-image-preview:large","max-video-preview":"max-video-preview:-1"},"canonical":"https:\/\/www.nettali.com\/2024\/10\/22\/en-mode-combat-amadou-ba-se-lache\/","og_locale":"fr_FR","og_type":"article","og_title":"EN MODE COMBAT - Amadou Ba se l\u00e2che","og_description":"NETTALI.COM - Un Amadou Ba volubile comme rarement on l\u2019a vu, s'est adress\u00e9 \u00e0 ses partisans et sympathisants, et peut-\u00eatre m\u00eame au-del\u00e0. La derni\u00e8re \u00e9lection pr\u00e9sidentielle, le scrutin l\u00e9gislatif, les actes pos\u00e9s par le gouvernement actuel, sa suppos\u00e9e fortune, sa qualit\u00e9 de formateur de g\u00e9n\u00e9rations d'inspecteurs des imp\u00f4ts et domaines (parmi lesquels Ousmane Sonko), son [&hellip;]","og_url":"https:\/\/www.nettali.com\/2024\/10\/22\/en-mode-combat-amadou-ba-se-lache\/","og_site_name":"Nettali.com","article_publisher":"https:\/\/www.facebook.com\/nettalicom","article_published_time":"2024-10-22T07:46:08+00:00","article_modified_time":"2024-10-23T16:41:37+00:00","og_image":[{"width":577,"height":420,"url":"https:\/\/www.nettali.com\/wp-content\/uploads\/2024\/10\/83652563-59844016.jpg","type":"image\/jpeg"}],"twitter_card":"summary_large_image","twitter_misc":{"\u00c9crit par":"CK","Dur\u00e9e de lecture estim\u00e9e":"9 minutes"},"schema":{"@context":"https:\/\/schema.org","@graph":[{"@type":"WebSite","@id":"https:\/\/www.nettali.com\/#website","url":"https:\/\/www.nettali.com\/","name":"Nettali.com","description":"Le rendez-vous critique du Net","potentialAction":[{"@type":"SearchAction","target":{"@type":"EntryPoint","urlTemplate":"https:\/\/www.nettali.com\/?s={search_term_string}"},"query-input":"required name=search_term_string"}],"inLanguage":"fr-FR"},{"@type":"ImageObject","@id":"https:\/\/www.nettali.com\/2024\/10\/22\/en-mode-combat-amadou-ba-se-lache\/#primaryimage","inLanguage":"fr-FR","url":"https:\/\/www.nettali.com\/wp-content\/uploads\/2024\/10\/83652563-59844016.jpg","contentUrl":"https:\/\/www.nettali.com\/wp-content\/uploads\/2024\/10\/83652563-59844016.jpg","width":577,"height":420},{"@type":"WebPage","@id":"https:\/\/www.nettali.com\/2024\/10\/22\/en-mode-combat-amadou-ba-se-lache\/#webpage","url":"https:\/\/www.nettali.com\/2024\/10\/22\/en-mode-combat-amadou-ba-se-lache\/","name":"EN MODE COMBAT - Amadou Ba se l\u00e2che | Nettali.com","isPartOf":{"@id":"https:\/\/www.nettali.com\/#website"},"primaryImageOfPage":{"@id":"https:\/\/www.nettali.com\/2024\/10\/22\/en-mode-combat-amadou-ba-se-lache\/#primaryimage"},"datePublished":"2024-10-22T07:46:08+00:00","dateModified":"2024-10-23T16:41:37+00:00","author":{"@id":"https:\/\/www.nettali.com\/#\/schema\/person\/d8ac7b7e27ddad43f1c0d2ef090d7f71"},"breadcrumb":{"@id":"https:\/\/www.nettali.com\/2024\/10\/22\/en-mode-combat-amadou-ba-se-lache\/#breadcrumb"},"inLanguage":"fr-FR","potentialAction":[{"@type":"ReadAction","target":["https:\/\/www.nettali.com\/2024\/10\/22\/en-mode-combat-amadou-ba-se-lache\/"]}]},{"@type":"BreadcrumbList","@id":"https:\/\/www.nettali.com\/2024\/10\/22\/en-mode-combat-amadou-ba-se-lache\/#breadcrumb","itemListElement":[{"@type":"ListItem","position":1,"name":"Accueil","item":"https:\/\/www.nettali.com\/"},{"@type":"ListItem","position":2,"name":"EN MODE COMBAT - Amadou Ba se l\u00e2che"}]},{"@type":"Person","@id":"https:\/\/www.nettali.com\/#\/schema\/person\/d8ac7b7e27ddad43f1c0d2ef090d7f71","name":"CK","image":{"@type":"ImageObject","@id":"https:\/\/www.nettali.com\/#personlogo","inLanguage":"fr-FR","url":"https:\/\/secure.gravatar.com\/avatar\/1d8d5118b9327d94da7cd4ce7f17fec2?s=96&d=mm&r=g","contentUrl":"https:\/\/secure.gravatar.com\/avatar\/1d8d5118b9327d94da7cd4ce7f17fec2?s=96&d=mm&r=g","caption":"CK"},"sameAs":["https:\/\/www.nettali.com"]}]}},"_links":{"self":[{"href":"https:\/\/www.nettali.com\/rest\/wp\/v2\/posts\/142461"}],"collection":[{"href":"https:\/\/www.nettali.com\/rest\/wp\/v2\/posts"}],"about":[{"href":"https:\/\/www.nettali.com\/rest\/wp\/v2\/types\/post"}],"author":[{"embeddable":true,"href":"https:\/\/www.nettali.com\/rest\/wp\/v2\/users\/2"}],"replies":[{"embeddable":true,"href":"https:\/\/www.nettali.com\/rest\/wp\/v2\/comments?post=142461"}],"version-history":[{"count":4,"href":"https:\/\/www.nettali.com\/rest\/wp\/v2\/posts\/142461\/revisions"}],"predecessor-version":[{"id":142472,"href":"https:\/\/www.nettali.com\/rest\/wp\/v2\/posts\/142461\/revisions\/142472"}],"wp:featuredmedia":[{"embeddable":true,"href":"https:\/\/www.nettali.com\/rest\/wp\/v2\/media\/142462"}],"wp:attachment":[{"href":"https:\/\/www.nettali.com\/rest\/wp\/v2\/media?parent=142461"}],"wp:term":[{"taxonomy":"category","embeddable":true,"href":"https:\/\/www.nettali.com\/rest\/wp\/v2\/categories?post=142461"},{"taxonomy":"post_tag","embeddable":true,"href":"https:\/\/www.nettali.com\/rest\/wp\/v2\/tags?post=142461"}],"curies":[{"name":"wp","href":"https:\/\/api.w.org\/{rel}","templated":true}]}}