{"id":142453,"date":"2024-10-21T23:37:10","date_gmt":"2024-10-21T23:37:10","guid":{"rendered":"https:\/\/www.nettali.com\/?p=142453"},"modified":"2024-10-22T07:50:34","modified_gmt":"2024-10-22T07:50:34","slug":"en-coulisses-dethie-fall-recu-par-ousmane-sonko","status":"publish","type":"post","link":"https:\/\/www.nettali.com\/2024\/10\/21\/en-coulisses-dethie-fall-recu-par-ousmane-sonko\/","title":{"rendered":"EN COULISSES  - D\u00e9thi\u00e9 Fall re\u00e7u par Ousmane Sonko"},"content":{"rendered":"<p><strong>NETTALI.COM - D\u00e9thi\u00e9 Fall et Ousmane Sonko se retrouvent. Le pr\u00e9sident du PRP a \u00e9t\u00e9 re\u00e7u ce lundi par le leader de Pastef.\u00a0<\/strong><\/p>\n<p>\"<em>Chers compatriotes, j\u2019ai \u00e9t\u00e9 re\u00e7u , aujourd\u2019hui, pendant plus 2h de temps par mon fr\u00e8re et ami le Premier ministre Ousmane Sonko, nous avons eu des \u00e9changes en profondeur sur beaucoup de sujet<\/em>s\", a annonc\u00e9 D\u00e9thi\u00e9 Fall sur sa page Facebook. Le pr\u00e9sident du Parti r\u00e9publicain pour le progr\u00e8s (PRP) promet de revenir sur le contenu des \u00e9changes qu'il a eus avec Ousmane Sonko au cours d\u2019un point de presse pr\u00e9vu mercredi \u00e0 partir de 10 heures.<\/p>\n<p>Pour rappel, D\u00e9thi\u00e9 Fall est investi sur la liste nationale de la coalition Samm sa Kaddu. Mais il avait brill\u00e9 par son absence lors de la pr\u00e9sentation de la liste de ladite coalition. Alli\u00e9 de Pastef depuis l'\u00e9poque de Yewwi askan wi, le pr\u00e9sident du PRP rencontre, pour la premi\u00e8re fois, Ousmane Sonko depuis l'\u00e9lection de Bassirou Diomaye Faye.<\/p>\n<div class='share-to-whatsapp-wrapper'><div class='share-on-whsp'>PARTAGER SUR : <\/div><a data-text='EN COULISSES  - D\u00e9thi\u00e9 Fall re\u00e7u par Ousmane Sonko' data-link='https:\/\/www.nettali.com\/2024\/10\/21\/en-coulisses-dethie-fall-recu-par-ousmane-sonko\/' class='whatsapp-button whatsapp-share'>WhatsApp<\/a><div class='clear '><\/div><\/div>","protected":false},"excerpt":{"rendered":"<p>NETTALI.COM - D\u00e9thi\u00e9 Fall et Ousmane Sonko se retrouvent. Le pr\u00e9sident du PRP a \u00e9t\u00e9 re\u00e7u ce lundi par le leader de Pastef.\u00a0 \"Chers compatriotes, j\u2019ai \u00e9t\u00e9 re\u00e7u , aujourd\u2019hui, pendant plus 2h de temps par mon fr\u00e8re et ami le Premier ministre Ousmane Sonko, nous avons eu des \u00e9changes en profondeur sur beaucoup de [&hellip;]<\/p>\n","protected":false},"author":3,"featured_media":142454,"comment_status":"open","ping_status":"open","sticky":false,"template":"","format":"standard","meta":{"_et_pb_use_builder":"","_et_pb_old_content":""},"categories":[2],"tags":[],"yoast_head":"<!-- This site is optimized with the Yoast SEO Premium plugin v17.8 (Yoast SEO v17.8) - https:\/\/yoast.com\/wordpress\/plugins\/seo\/ -->\n<title>EN COULISSES - D\u00e9thi\u00e9 Fall re\u00e7u par Ousmane Sonko | Nettali.com<\/title>\n<meta name=\"robots\" content=\"index, follow, max-snippet:-1, max-image-preview:large, max-video-preview:-1\" \/>\n<link rel=\"canonical\" href=\"https:\/\/www.nettali.com\/2024\/10\/21\/en-coulisses-dethie-fall-recu-par-ousmane-sonko\/\" \/>\n<meta property=\"og:locale\" content=\"fr_FR\" \/>\n<meta property=\"og:type\" content=\"article\" \/>\n<meta property=\"og:title\" content=\"EN COULISSES - D\u00e9thi\u00e9 Fall re\u00e7u par Ousmane Sonko\" \/>\n<meta property=\"og:description\" content=\"NETTALI.COM - D\u00e9thi\u00e9 Fall et Ousmane Sonko se retrouvent. Le pr\u00e9sident du PRP a \u00e9t\u00e9 re\u00e7u ce lundi par le leader de Pastef.\u00a0 &quot;Chers compatriotes, j\u2019ai \u00e9t\u00e9 re\u00e7u , aujourd\u2019hui, pendant plus 2h de temps par mon fr\u00e8re et ami le Premier ministre Ousmane Sonko, nous avons eu des \u00e9changes en profondeur sur beaucoup de [&hellip;]\" \/>\n<meta property=\"og:url\" content=\"https:\/\/www.nettali.com\/2024\/10\/21\/en-coulisses-dethie-fall-recu-par-ousmane-sonko\/\" \/>\n<meta property=\"og:site_name\" content=\"Nettali.com\" \/>\n<meta property=\"article:publisher\" content=\"https:\/\/www.facebook.com\/nettalicom\" \/>\n<meta property=\"article:published_time\" content=\"2024-10-21T23:37:10+00:00\" \/>\n<meta property=\"article:modified_time\" content=\"2024-10-22T07:50:34+00:00\" \/>\n<meta property=\"og:image\" content=\"https:\/\/www.nettali.com\/wp-content\/uploads\/2024\/10\/1729553264233.jpg\" \/>\n\t<meta property=\"og:image:width\" content=\"960\" \/>\n\t<meta property=\"og:image:height\" content=\"1280\" \/>\n<meta name=\"twitter:card\" content=\"summary_large_image\" \/>\n<meta name=\"twitter:label1\" content=\"\u00c9crit par\" \/>\n\t<meta name=\"twitter:data1\" content=\"Moustapha\" \/>\n\t<meta name=\"twitter:label2\" content=\"Dur\u00e9e de lecture estim\u00e9e\" \/>\n\t<meta name=\"twitter:data2\" content=\"1 minute\" \/>\n<script type=\"application\/ld+json\" class=\"yoast-schema-graph\">{\"@context\":\"https:\/\/schema.org\",\"@graph\":[{\"@type\":\"WebSite\",\"@id\":\"https:\/\/www.nettali.com\/#website\",\"url\":\"https:\/\/www.nettali.com\/\",\"name\":\"Nettali.com\",\"description\":\"Le rendez-vous critique du Net\",\"potentialAction\":[{\"@type\":\"SearchAction\",\"target\":{\"@type\":\"EntryPoint\",\"urlTemplate\":\"https:\/\/www.nettali.com\/?s={search_term_string}\"},\"query-input\":\"required name=search_term_string\"}],\"inLanguage\":\"fr-FR\"},{\"@type\":\"ImageObject\",\"@id\":\"https:\/\/www.nettali.com\/2024\/10\/21\/en-coulisses-dethie-fall-recu-par-ousmane-sonko\/#primaryimage\",\"inLanguage\":\"fr-FR\",\"url\":\"https:\/\/www.nettali.com\/wp-content\/uploads\/2024\/10\/1729553264233.jpg\",\"contentUrl\":\"https:\/\/www.nettali.com\/wp-content\/uploads\/2024\/10\/1729553264233.jpg\",\"width\":960,\"height\":1280},{\"@type\":\"WebPage\",\"@id\":\"https:\/\/www.nettali.com\/2024\/10\/21\/en-coulisses-dethie-fall-recu-par-ousmane-sonko\/#webpage\",\"url\":\"https:\/\/www.nettali.com\/2024\/10\/21\/en-coulisses-dethie-fall-recu-par-ousmane-sonko\/\",\"name\":\"EN COULISSES - D\\u00e9thi\\u00e9 Fall re\\u00e7u par Ousmane Sonko | Nettali.com\",\"isPartOf\":{\"@id\":\"https:\/\/www.nettali.com\/#website\"},\"primaryImageOfPage\":{\"@id\":\"https:\/\/www.nettali.com\/2024\/10\/21\/en-coulisses-dethie-fall-recu-par-ousmane-sonko\/#primaryimage\"},\"datePublished\":\"2024-10-21T23:37:10+00:00\",\"dateModified\":\"2024-10-22T07:50:34+00:00\",\"author\":{\"@id\":\"https:\/\/www.nettali.com\/#\/schema\/person\/7962a12a6e0267f88f0ffa544c36469a\"},\"breadcrumb\":{\"@id\":\"https:\/\/www.nettali.com\/2024\/10\/21\/en-coulisses-dethie-fall-recu-par-ousmane-sonko\/#breadcrumb\"},\"inLanguage\":\"fr-FR\",\"potentialAction\":[{\"@type\":\"ReadAction\",\"target\":[\"https:\/\/www.nettali.com\/2024\/10\/21\/en-coulisses-dethie-fall-recu-par-ousmane-sonko\/\"]}]},{\"@type\":\"BreadcrumbList\",\"@id\":\"https:\/\/www.nettali.com\/2024\/10\/21\/en-coulisses-dethie-fall-recu-par-ousmane-sonko\/#breadcrumb\",\"itemListElement\":[{\"@type\":\"ListItem\",\"position\":1,\"name\":\"Accueil\",\"item\":\"https:\/\/www.nettali.com\/\"},{\"@type\":\"ListItem\",\"position\":2,\"name\":\"EN COULISSES - D\\u00e9thi\\u00e9 Fall re\\u00e7u par Ousmane Sonko\"}]},{\"@type\":\"Person\",\"@id\":\"https:\/\/www.nettali.com\/#\/schema\/person\/7962a12a6e0267f88f0ffa544c36469a\",\"name\":\"Moustapha\",\"image\":{\"@type\":\"ImageObject\",\"@id\":\"https:\/\/www.nettali.com\/#personlogo\",\"inLanguage\":\"fr-FR\",\"url\":\"https:\/\/secure.gravatar.com\/avatar\/10fdf6a071cccdcf374e3dbe45159590?s=96&d=mm&r=g\",\"contentUrl\":\"https:\/\/secure.gravatar.com\/avatar\/10fdf6a071cccdcf374e3dbe45159590?s=96&d=mm&r=g\",\"caption\":\"Moustapha\"},\"sameAs\":[\"https:\/\/www.nettali.com\"]}]}<\/script>\n<!-- \/ Yoast SEO Premium plugin. -->","yoast_head_json":{"title":"EN COULISSES - D\u00e9thi\u00e9 Fall re\u00e7u par Ousmane Sonko | Nettali.com","robots":{"index":"index","follow":"follow","max-snippet":"max-snippet:-1","max-image-preview":"max-image-preview:large","max-video-preview":"max-video-preview:-1"},"canonical":"https:\/\/www.nettali.com\/2024\/10\/21\/en-coulisses-dethie-fall-recu-par-ousmane-sonko\/","og_locale":"fr_FR","og_type":"article","og_title":"EN COULISSES - D\u00e9thi\u00e9 Fall re\u00e7u par Ousmane Sonko","og_description":"NETTALI.COM - D\u00e9thi\u00e9 Fall et Ousmane Sonko se retrouvent. Le pr\u00e9sident du PRP a \u00e9t\u00e9 re\u00e7u ce lundi par le leader de Pastef.\u00a0 \"Chers compatriotes, j\u2019ai \u00e9t\u00e9 re\u00e7u , aujourd\u2019hui, pendant plus 2h de temps par mon fr\u00e8re et ami le Premier ministre Ousmane Sonko, nous avons eu des \u00e9changes en profondeur sur beaucoup de [&hellip;]","og_url":"https:\/\/www.nettali.com\/2024\/10\/21\/en-coulisses-dethie-fall-recu-par-ousmane-sonko\/","og_site_name":"Nettali.com","article_publisher":"https:\/\/www.facebook.com\/nettalicom","article_published_time":"2024-10-21T23:37:10+00:00","article_modified_time":"2024-10-22T07:50:34+00:00","og_image":[{"width":960,"height":1280,"url":"https:\/\/www.nettali.com\/wp-content\/uploads\/2024\/10\/1729553264233.jpg","type":"image\/jpeg"}],"twitter_card":"summary_large_image","twitter_misc":{"\u00c9crit par":"Moustapha","Dur\u00e9e de lecture estim\u00e9e":"1 minute"},"schema":{"@context":"https:\/\/schema.org","@graph":[{"@type":"WebSite","@id":"https:\/\/www.nettali.com\/#website","url":"https:\/\/www.nettali.com\/","name":"Nettali.com","description":"Le rendez-vous critique du Net","potentialAction":[{"@type":"SearchAction","target":{"@type":"EntryPoint","urlTemplate":"https:\/\/www.nettali.com\/?s={search_term_string}"},"query-input":"required name=search_term_string"}],"inLanguage":"fr-FR"},{"@type":"ImageObject","@id":"https:\/\/www.nettali.com\/2024\/10\/21\/en-coulisses-dethie-fall-recu-par-ousmane-sonko\/#primaryimage","inLanguage":"fr-FR","url":"https:\/\/www.nettali.com\/wp-content\/uploads\/2024\/10\/1729553264233.jpg","contentUrl":"https:\/\/www.nettali.com\/wp-content\/uploads\/2024\/10\/1729553264233.jpg","width":960,"height":1280},{"@type":"WebPage","@id":"https:\/\/www.nettali.com\/2024\/10\/21\/en-coulisses-dethie-fall-recu-par-ousmane-sonko\/#webpage","url":"https:\/\/www.nettali.com\/2024\/10\/21\/en-coulisses-dethie-fall-recu-par-ousmane-sonko\/","name":"EN COULISSES - D\u00e9thi\u00e9 Fall re\u00e7u par Ousmane Sonko | Nettali.com","isPartOf":{"@id":"https:\/\/www.nettali.com\/#website"},"primaryImageOfPage":{"@id":"https:\/\/www.nettali.com\/2024\/10\/21\/en-coulisses-dethie-fall-recu-par-ousmane-sonko\/#primaryimage"},"datePublished":"2024-10-21T23:37:10+00:00","dateModified":"2024-10-22T07:50:34+00:00","author":{"@id":"https:\/\/www.nettali.com\/#\/schema\/person\/7962a12a6e0267f88f0ffa544c36469a"},"breadcrumb":{"@id":"https:\/\/www.nettali.com\/2024\/10\/21\/en-coulisses-dethie-fall-recu-par-ousmane-sonko\/#breadcrumb"},"inLanguage":"fr-FR","potentialAction":[{"@type":"ReadAction","target":["https:\/\/www.nettali.com\/2024\/10\/21\/en-coulisses-dethie-fall-recu-par-ousmane-sonko\/"]}]},{"@type":"BreadcrumbList","@id":"https:\/\/www.nettali.com\/2024\/10\/21\/en-coulisses-dethie-fall-recu-par-ousmane-sonko\/#breadcrumb","itemListElement":[{"@type":"ListItem","position":1,"name":"Accueil","item":"https:\/\/www.nettali.com\/"},{"@type":"ListItem","position":2,"name":"EN COULISSES - D\u00e9thi\u00e9 Fall re\u00e7u par Ousmane Sonko"}]},{"@type":"Person","@id":"https:\/\/www.nettali.com\/#\/schema\/person\/7962a12a6e0267f88f0ffa544c36469a","name":"Moustapha","image":{"@type":"ImageObject","@id":"https:\/\/www.nettali.com\/#personlogo","inLanguage":"fr-FR","url":"https:\/\/secure.gravatar.com\/avatar\/10fdf6a071cccdcf374e3dbe45159590?s=96&d=mm&r=g","contentUrl":"https:\/\/secure.gravatar.com\/avatar\/10fdf6a071cccdcf374e3dbe45159590?s=96&d=mm&r=g","caption":"Moustapha"},"sameAs":["https:\/\/www.nettali.com"]}]}},"_links":{"self":[{"href":"https:\/\/www.nettali.com\/rest\/wp\/v2\/posts\/142453"}],"collection":[{"href":"https:\/\/www.nettali.com\/rest\/wp\/v2\/posts"}],"about":[{"href":"https:\/\/www.nettali.com\/rest\/wp\/v2\/types\/post"}],"author":[{"embeddable":true,"href":"https:\/\/www.nettali.com\/rest\/wp\/v2\/users\/3"}],"replies":[{"embeddable":true,"href":"https:\/\/www.nettali.com\/rest\/wp\/v2\/comments?post=142453"}],"version-history":[{"count":2,"href":"https:\/\/www.nettali.com\/rest\/wp\/v2\/posts\/142453\/revisions"}],"predecessor-version":[{"id":142465,"href":"https:\/\/www.nettali.com\/rest\/wp\/v2\/posts\/142453\/revisions\/142465"}],"wp:featuredmedia":[{"embeddable":true,"href":"https:\/\/www.nettali.com\/rest\/wp\/v2\/media\/142454"}],"wp:attachment":[{"href":"https:\/\/www.nettali.com\/rest\/wp\/v2\/media?parent=142453"}],"wp:term":[{"taxonomy":"category","embeddable":true,"href":"https:\/\/www.nettali.com\/rest\/wp\/v2\/categories?post=142453"},{"taxonomy":"post_tag","embeddable":true,"href":"https:\/\/www.nettali.com\/rest\/wp\/v2\/tags?post=142453"}],"curies":[{"name":"wp","href":"https:\/\/api.w.org\/{rel}","templated":true}]}}