{"id":142451,"date":"2024-10-22T07:15:28","date_gmt":"2024-10-22T07:15:28","guid":{"rendered":"https:\/\/www.nettali.com\/?p=142451"},"modified":"2024-10-22T07:15:28","modified_gmt":"2024-10-22T07:15:28","slug":"saint-louis-169-migrants-interceptes-par-la-marine","status":"publish","type":"post","link":"https:\/\/www.nettali.com\/2024\/10\/22\/saint-louis-169-migrants-interceptes-par-la-marine\/","title":{"rendered":"SAINT-LOUIS - 169 migrants intercept\u00e9s par la Marine"},"content":{"rendered":"<p><strong>NETTALI.COM - La marine s\u00e9n\u00e9galaise a d\u00e9clar\u00e9 ce lundi 21 octobre avoir intercept\u00e9 une pirogue transportant 169 personnes en route vers l\u2019\u00e9migration clandestine, au large de Saint-Louis, dans le nord du pays.<\/strong><\/p>\n<p>L\u2019op\u00e9ration a eu lieu le 19 octobre 2024, \u00e0 224 kilom\u00e8tres des c\u00f4tes de Saint-Louis, comme indiqu\u00e9 sur X. Le S\u00e9n\u00e9gal fait partie des pays d\u2019Afrique de l\u2019Ouest les plus touch\u00e9s par l\u2019\u00e9migration ill\u00e9gale de jeunes qui tentent de rejoindre l\u2019Europe, dans l\u2019espoir d\u2019y trouver de meilleures opportunit\u00e9s.<\/p>\n<p>Ces tentatives entra\u00eenent fr\u00e9quemment des trag\u00e9dies en mer, les embarcations de fortune chavirant souvent, causant des d\u00e9c\u00e8s et des disparitions.<\/p>\n<div class='share-to-whatsapp-wrapper'><div class='share-on-whsp'>PARTAGER SUR : <\/div><a data-text='SAINT-LOUIS - 169 migrants intercept\u00e9s par la Marine' data-link='https:\/\/www.nettali.com\/2024\/10\/22\/saint-louis-169-migrants-interceptes-par-la-marine\/' class='whatsapp-button whatsapp-share'>WhatsApp<\/a><div class='clear '><\/div><\/div>","protected":false},"excerpt":{"rendered":"<p>NETTALI.COM - La marine s\u00e9n\u00e9galaise a d\u00e9clar\u00e9 ce lundi 21 octobre avoir intercept\u00e9 une pirogue transportant 169 personnes en route vers l\u2019\u00e9migration clandestine, au large de Saint-Louis, dans le nord du pays. L\u2019op\u00e9ration a eu lieu le 19 octobre 2024, \u00e0 224 kilom\u00e8tres des c\u00f4tes de Saint-Louis, comme indiqu\u00e9 sur X. Le S\u00e9n\u00e9gal fait partie [&hellip;]<\/p>\n","protected":false},"author":5,"featured_media":139809,"comment_status":"open","ping_status":"open","sticky":false,"template":"","format":"standard","meta":{"_et_pb_use_builder":"","_et_pb_old_content":""},"categories":[3],"tags":[],"yoast_head":"<!-- This site is optimized with the Yoast SEO Premium plugin v17.8 (Yoast SEO v17.8) - https:\/\/yoast.com\/wordpress\/plugins\/seo\/ -->\n<title>SAINT-LOUIS - 169 migrants intercept\u00e9s par la Marine | Nettali.com<\/title>\n<meta name=\"robots\" content=\"index, follow, max-snippet:-1, max-image-preview:large, max-video-preview:-1\" \/>\n<link rel=\"canonical\" href=\"https:\/\/www.nettali.com\/2024\/10\/22\/saint-louis-169-migrants-interceptes-par-la-marine\/\" \/>\n<meta property=\"og:locale\" content=\"fr_FR\" \/>\n<meta property=\"og:type\" content=\"article\" \/>\n<meta property=\"og:title\" content=\"SAINT-LOUIS - 169 migrants intercept\u00e9s par la Marine\" \/>\n<meta property=\"og:description\" content=\"NETTALI.COM - La marine s\u00e9n\u00e9galaise a d\u00e9clar\u00e9 ce lundi 21 octobre avoir intercept\u00e9 une pirogue transportant 169 personnes en route vers l\u2019\u00e9migration clandestine, au large de Saint-Louis, dans le nord du pays. L\u2019op\u00e9ration a eu lieu le 19 octobre 2024, \u00e0 224 kilom\u00e8tres des c\u00f4tes de Saint-Louis, comme indiqu\u00e9 sur X. Le S\u00e9n\u00e9gal fait partie [&hellip;]\" \/>\n<meta property=\"og:url\" content=\"https:\/\/www.nettali.com\/2024\/10\/22\/saint-louis-169-migrants-interceptes-par-la-marine\/\" \/>\n<meta property=\"og:site_name\" content=\"Nettali.com\" \/>\n<meta property=\"article:publisher\" content=\"https:\/\/www.facebook.com\/nettalicom\" \/>\n<meta property=\"article:published_time\" content=\"2024-10-22T07:15:28+00:00\" \/>\n<meta property=\"og:image\" content=\"https:\/\/www.nettali.com\/wp-content\/uploads\/2024\/09\/emigration-clandestine-quatre-convoyeurs-de-migrants-interpelles-a-mbour.jpeg\" \/>\n\t<meta property=\"og:image:width\" content=\"577\" \/>\n\t<meta property=\"og:image:height\" content=\"361\" \/>\n<meta name=\"twitter:card\" content=\"summary_large_image\" \/>\n<meta name=\"twitter:label1\" content=\"\u00c9crit par\" \/>\n\t<meta name=\"twitter:data1\" content=\"Ibrahima\" \/>\n\t<meta name=\"twitter:label2\" content=\"Dur\u00e9e de lecture estim\u00e9e\" \/>\n\t<meta name=\"twitter:data2\" content=\"1 minute\" \/>\n<script type=\"application\/ld+json\" class=\"yoast-schema-graph\">{\"@context\":\"https:\/\/schema.org\",\"@graph\":[{\"@type\":\"WebSite\",\"@id\":\"https:\/\/www.nettali.com\/#website\",\"url\":\"https:\/\/www.nettali.com\/\",\"name\":\"Nettali.com\",\"description\":\"Le rendez-vous critique du Net\",\"potentialAction\":[{\"@type\":\"SearchAction\",\"target\":{\"@type\":\"EntryPoint\",\"urlTemplate\":\"https:\/\/www.nettali.com\/?s={search_term_string}\"},\"query-input\":\"required name=search_term_string\"}],\"inLanguage\":\"fr-FR\"},{\"@type\":\"ImageObject\",\"@id\":\"https:\/\/www.nettali.com\/2024\/10\/22\/saint-louis-169-migrants-interceptes-par-la-marine\/#primaryimage\",\"inLanguage\":\"fr-FR\",\"url\":\"https:\/\/www.nettali.com\/wp-content\/uploads\/2024\/09\/emigration-clandestine-quatre-convoyeurs-de-migrants-interpelles-a-mbour.jpeg\",\"contentUrl\":\"https:\/\/www.nettali.com\/wp-content\/uploads\/2024\/09\/emigration-clandestine-quatre-convoyeurs-de-migrants-interpelles-a-mbour.jpeg\",\"width\":577,\"height\":361},{\"@type\":\"WebPage\",\"@id\":\"https:\/\/www.nettali.com\/2024\/10\/22\/saint-louis-169-migrants-interceptes-par-la-marine\/#webpage\",\"url\":\"https:\/\/www.nettali.com\/2024\/10\/22\/saint-louis-169-migrants-interceptes-par-la-marine\/\",\"name\":\"SAINT-LOUIS - 169 migrants intercept\\u00e9s par la Marine | Nettali.com\",\"isPartOf\":{\"@id\":\"https:\/\/www.nettali.com\/#website\"},\"primaryImageOfPage\":{\"@id\":\"https:\/\/www.nettali.com\/2024\/10\/22\/saint-louis-169-migrants-interceptes-par-la-marine\/#primaryimage\"},\"datePublished\":\"2024-10-22T07:15:28+00:00\",\"dateModified\":\"2024-10-22T07:15:28+00:00\",\"author\":{\"@id\":\"https:\/\/www.nettali.com\/#\/schema\/person\/bb147657c2986240405a608162b9bb23\"},\"breadcrumb\":{\"@id\":\"https:\/\/www.nettali.com\/2024\/10\/22\/saint-louis-169-migrants-interceptes-par-la-marine\/#breadcrumb\"},\"inLanguage\":\"fr-FR\",\"potentialAction\":[{\"@type\":\"ReadAction\",\"target\":[\"https:\/\/www.nettali.com\/2024\/10\/22\/saint-louis-169-migrants-interceptes-par-la-marine\/\"]}]},{\"@type\":\"BreadcrumbList\",\"@id\":\"https:\/\/www.nettali.com\/2024\/10\/22\/saint-louis-169-migrants-interceptes-par-la-marine\/#breadcrumb\",\"itemListElement\":[{\"@type\":\"ListItem\",\"position\":1,\"name\":\"Accueil\",\"item\":\"https:\/\/www.nettali.com\/\"},{\"@type\":\"ListItem\",\"position\":2,\"name\":\"SAINT-LOUIS - 169 migrants intercept\\u00e9s par la Marine\"}]},{\"@type\":\"Person\",\"@id\":\"https:\/\/www.nettali.com\/#\/schema\/person\/bb147657c2986240405a608162b9bb23\",\"name\":\"Ibrahima\",\"image\":{\"@type\":\"ImageObject\",\"@id\":\"https:\/\/www.nettali.com\/#personlogo\",\"inLanguage\":\"fr-FR\",\"url\":\"https:\/\/secure.gravatar.com\/avatar\/26a8a81f09f0dd7624c9d5c36c9ba3a2?s=96&d=mm&r=g\",\"contentUrl\":\"https:\/\/secure.gravatar.com\/avatar\/26a8a81f09f0dd7624c9d5c36c9ba3a2?s=96&d=mm&r=g\",\"caption\":\"Ibrahima\"},\"sameAs\":[\"https:\/\/www.nettali.com\"]}]}<\/script>\n<!-- \/ Yoast SEO Premium plugin. -->","yoast_head_json":{"title":"SAINT-LOUIS - 169 migrants intercept\u00e9s par la Marine | Nettali.com","robots":{"index":"index","follow":"follow","max-snippet":"max-snippet:-1","max-image-preview":"max-image-preview:large","max-video-preview":"max-video-preview:-1"},"canonical":"https:\/\/www.nettali.com\/2024\/10\/22\/saint-louis-169-migrants-interceptes-par-la-marine\/","og_locale":"fr_FR","og_type":"article","og_title":"SAINT-LOUIS - 169 migrants intercept\u00e9s par la Marine","og_description":"NETTALI.COM - La marine s\u00e9n\u00e9galaise a d\u00e9clar\u00e9 ce lundi 21 octobre avoir intercept\u00e9 une pirogue transportant 169 personnes en route vers l\u2019\u00e9migration clandestine, au large de Saint-Louis, dans le nord du pays. L\u2019op\u00e9ration a eu lieu le 19 octobre 2024, \u00e0 224 kilom\u00e8tres des c\u00f4tes de Saint-Louis, comme indiqu\u00e9 sur X. Le S\u00e9n\u00e9gal fait partie [&hellip;]","og_url":"https:\/\/www.nettali.com\/2024\/10\/22\/saint-louis-169-migrants-interceptes-par-la-marine\/","og_site_name":"Nettali.com","article_publisher":"https:\/\/www.facebook.com\/nettalicom","article_published_time":"2024-10-22T07:15:28+00:00","og_image":[{"width":577,"height":361,"url":"https:\/\/www.nettali.com\/wp-content\/uploads\/2024\/09\/emigration-clandestine-quatre-convoyeurs-de-migrants-interpelles-a-mbour.jpeg","type":"image\/jpeg"}],"twitter_card":"summary_large_image","twitter_misc":{"\u00c9crit par":"Ibrahima","Dur\u00e9e de lecture estim\u00e9e":"1 minute"},"schema":{"@context":"https:\/\/schema.org","@graph":[{"@type":"WebSite","@id":"https:\/\/www.nettali.com\/#website","url":"https:\/\/www.nettali.com\/","name":"Nettali.com","description":"Le rendez-vous critique du Net","potentialAction":[{"@type":"SearchAction","target":{"@type":"EntryPoint","urlTemplate":"https:\/\/www.nettali.com\/?s={search_term_string}"},"query-input":"required name=search_term_string"}],"inLanguage":"fr-FR"},{"@type":"ImageObject","@id":"https:\/\/www.nettali.com\/2024\/10\/22\/saint-louis-169-migrants-interceptes-par-la-marine\/#primaryimage","inLanguage":"fr-FR","url":"https:\/\/www.nettali.com\/wp-content\/uploads\/2024\/09\/emigration-clandestine-quatre-convoyeurs-de-migrants-interpelles-a-mbour.jpeg","contentUrl":"https:\/\/www.nettali.com\/wp-content\/uploads\/2024\/09\/emigration-clandestine-quatre-convoyeurs-de-migrants-interpelles-a-mbour.jpeg","width":577,"height":361},{"@type":"WebPage","@id":"https:\/\/www.nettali.com\/2024\/10\/22\/saint-louis-169-migrants-interceptes-par-la-marine\/#webpage","url":"https:\/\/www.nettali.com\/2024\/10\/22\/saint-louis-169-migrants-interceptes-par-la-marine\/","name":"SAINT-LOUIS - 169 migrants intercept\u00e9s par la Marine | Nettali.com","isPartOf":{"@id":"https:\/\/www.nettali.com\/#website"},"primaryImageOfPage":{"@id":"https:\/\/www.nettali.com\/2024\/10\/22\/saint-louis-169-migrants-interceptes-par-la-marine\/#primaryimage"},"datePublished":"2024-10-22T07:15:28+00:00","dateModified":"2024-10-22T07:15:28+00:00","author":{"@id":"https:\/\/www.nettali.com\/#\/schema\/person\/bb147657c2986240405a608162b9bb23"},"breadcrumb":{"@id":"https:\/\/www.nettali.com\/2024\/10\/22\/saint-louis-169-migrants-interceptes-par-la-marine\/#breadcrumb"},"inLanguage":"fr-FR","potentialAction":[{"@type":"ReadAction","target":["https:\/\/www.nettali.com\/2024\/10\/22\/saint-louis-169-migrants-interceptes-par-la-marine\/"]}]},{"@type":"BreadcrumbList","@id":"https:\/\/www.nettali.com\/2024\/10\/22\/saint-louis-169-migrants-interceptes-par-la-marine\/#breadcrumb","itemListElement":[{"@type":"ListItem","position":1,"name":"Accueil","item":"https:\/\/www.nettali.com\/"},{"@type":"ListItem","position":2,"name":"SAINT-LOUIS - 169 migrants intercept\u00e9s par la Marine"}]},{"@type":"Person","@id":"https:\/\/www.nettali.com\/#\/schema\/person\/bb147657c2986240405a608162b9bb23","name":"Ibrahima","image":{"@type":"ImageObject","@id":"https:\/\/www.nettali.com\/#personlogo","inLanguage":"fr-FR","url":"https:\/\/secure.gravatar.com\/avatar\/26a8a81f09f0dd7624c9d5c36c9ba3a2?s=96&d=mm&r=g","contentUrl":"https:\/\/secure.gravatar.com\/avatar\/26a8a81f09f0dd7624c9d5c36c9ba3a2?s=96&d=mm&r=g","caption":"Ibrahima"},"sameAs":["https:\/\/www.nettali.com"]}]}},"_links":{"self":[{"href":"https:\/\/www.nettali.com\/rest\/wp\/v2\/posts\/142451"}],"collection":[{"href":"https:\/\/www.nettali.com\/rest\/wp\/v2\/posts"}],"about":[{"href":"https:\/\/www.nettali.com\/rest\/wp\/v2\/types\/post"}],"author":[{"embeddable":true,"href":"https:\/\/www.nettali.com\/rest\/wp\/v2\/users\/5"}],"replies":[{"embeddable":true,"href":"https:\/\/www.nettali.com\/rest\/wp\/v2\/comments?post=142451"}],"version-history":[{"count":1,"href":"https:\/\/www.nettali.com\/rest\/wp\/v2\/posts\/142451\/revisions"}],"predecessor-version":[{"id":142452,"href":"https:\/\/www.nettali.com\/rest\/wp\/v2\/posts\/142451\/revisions\/142452"}],"wp:featuredmedia":[{"embeddable":true,"href":"https:\/\/www.nettali.com\/rest\/wp\/v2\/media\/139809"}],"wp:attachment":[{"href":"https:\/\/www.nettali.com\/rest\/wp\/v2\/media?parent=142451"}],"wp:term":[{"taxonomy":"category","embeddable":true,"href":"https:\/\/www.nettali.com\/rest\/wp\/v2\/categories?post=142451"},{"taxonomy":"post_tag","embeddable":true,"href":"https:\/\/www.nettali.com\/rest\/wp\/v2\/tags?post=142451"}],"curies":[{"name":"wp","href":"https:\/\/api.w.org\/{rel}","templated":true}]}}