{"id":142439,"date":"2024-10-21T18:23:14","date_gmt":"2024-10-21T18:23:14","guid":{"rendered":"https:\/\/www.nettali.com\/?p=142439"},"modified":"2024-10-22T07:17:44","modified_gmt":"2024-10-22T07:17:44","slug":"tamba-bougane-gueye-dani-envoye-en-prison","status":"publish","type":"post","link":"https:\/\/www.nettali.com\/2024\/10\/21\/tamba-bougane-gueye-dani-envoye-en-prison\/","title":{"rendered":"TAMBA - Bougane Gu\u00e8ye Dani envoy\u00e9 en prison"},"content":{"rendered":"<p class=\"summary_label\"><strong>NETTALI.COM - Bougane Gueye Dany a \u00e9t\u00e9 plac\u00e9 sous mandat de d\u00e9p\u00f4t ce lundi, apr\u00e8s son face \u00e0 face avec le procureur. Arr\u00eat\u00e9 par la gendarmerie \u00e0 K\u00e9dougou, il a \u00e9t\u00e9 d\u00e9f\u00e9r\u00e9 au parquet ce lundi au tribunal de grande instance de Tamba.<\/strong><\/p>\n<div id=\"printable\" class=\"text_body\">\n<p>Bougane Gueye Dany va passer la nuit en prison ce lundi. Poursuivi pour r\u00e9bellion et refus d'obtemp\u00e9rer, le leader de \"Gueum sa bop\" a fait face au procureur de Tamba dans la journ\u00e9e de ce lundi. Le parquetier l\u2019a finalement plac\u00e9 sous mandat de d\u00e9p\u00f4t apr\u00e8s son audition.<\/p>\n<p><em>\"Ce qui s\u2019est pass\u00e9 aujourd\u2019hui \u00e0 Tamba est une grande honte pour la justice s\u00e9n\u00e9galaise. Ce que nous constatons, c\u2019est une justice politique, avec un procureur politique\"<\/em>, a d\u00e9nonc\u00e9 Pape Djibril Fall, leader de la coalition \"Samm sa kaddu\", qui est actuellement au Tribunal de Tamba.<\/p>\n<\/div>\n<div class='share-to-whatsapp-wrapper'><div class='share-on-whsp'>PARTAGER SUR : <\/div><a data-text='TAMBA - Bougane Gu\u00e8ye Dani envoy\u00e9 en prison' data-link='https:\/\/www.nettali.com\/2024\/10\/21\/tamba-bougane-gueye-dani-envoye-en-prison\/' class='whatsapp-button whatsapp-share'>WhatsApp<\/a><div class='clear '><\/div><\/div>","protected":false},"excerpt":{"rendered":"<p>NETTALI.COM - Bougane Gueye Dany a \u00e9t\u00e9 plac\u00e9 sous mandat de d\u00e9p\u00f4t ce lundi, apr\u00e8s son face \u00e0 face avec le procureur. Arr\u00eat\u00e9 par la gendarmerie \u00e0 K\u00e9dougou, il a \u00e9t\u00e9 d\u00e9f\u00e9r\u00e9 au parquet ce lundi au tribunal de grande instance de Tamba. Bougane Gueye Dany va passer la nuit en prison ce lundi. Poursuivi [&hellip;]<\/p>\n","protected":false},"author":4,"featured_media":142315,"comment_status":"open","ping_status":"open","sticky":false,"template":"","format":"standard","meta":{"_et_pb_use_builder":"","_et_pb_old_content":""},"categories":[3],"tags":[],"yoast_head":"<!-- This site is optimized with the Yoast SEO Premium plugin v17.8 (Yoast SEO v17.8) - https:\/\/yoast.com\/wordpress\/plugins\/seo\/ -->\n<title>TAMBA - Bougane Gu\u00e8ye Dani envoy\u00e9 en prison | Nettali.com<\/title>\n<meta name=\"robots\" content=\"index, follow, max-snippet:-1, max-image-preview:large, max-video-preview:-1\" \/>\n<link rel=\"canonical\" href=\"https:\/\/www.nettali.com\/2024\/10\/21\/tamba-bougane-gueye-dani-envoye-en-prison\/\" \/>\n<meta property=\"og:locale\" content=\"fr_FR\" \/>\n<meta property=\"og:type\" content=\"article\" \/>\n<meta property=\"og:title\" content=\"TAMBA - Bougane Gu\u00e8ye Dani envoy\u00e9 en prison\" \/>\n<meta property=\"og:description\" content=\"NETTALI.COM - Bougane Gueye Dany a \u00e9t\u00e9 plac\u00e9 sous mandat de d\u00e9p\u00f4t ce lundi, apr\u00e8s son face \u00e0 face avec le procureur. Arr\u00eat\u00e9 par la gendarmerie \u00e0 K\u00e9dougou, il a \u00e9t\u00e9 d\u00e9f\u00e9r\u00e9 au parquet ce lundi au tribunal de grande instance de Tamba. Bougane Gueye Dany va passer la nuit en prison ce lundi. Poursuivi [&hellip;]\" \/>\n<meta property=\"og:url\" content=\"https:\/\/www.nettali.com\/2024\/10\/21\/tamba-bougane-gueye-dani-envoye-en-prison\/\" \/>\n<meta property=\"og:site_name\" content=\"Nettali.com\" \/>\n<meta property=\"article:publisher\" content=\"https:\/\/www.facebook.com\/nettalicom\" \/>\n<meta property=\"article:published_time\" content=\"2024-10-21T18:23:14+00:00\" \/>\n<meta property=\"article:modified_time\" content=\"2024-10-22T07:17:44+00:00\" \/>\n<meta property=\"og:image\" content=\"https:\/\/www.nettali.com\/wp-content\/uploads\/2024\/10\/IMG-20241019-WA0133.jpg\" \/>\n\t<meta property=\"og:image:width\" content=\"828\" \/>\n\t<meta property=\"og:image:height\" content=\"465\" \/>\n<meta name=\"twitter:card\" content=\"summary_large_image\" \/>\n<meta name=\"twitter:label1\" content=\"\u00c9crit par\" \/>\n\t<meta name=\"twitter:data1\" content=\"Daouda\" \/>\n\t<meta name=\"twitter:label2\" content=\"Dur\u00e9e de lecture estim\u00e9e\" \/>\n\t<meta name=\"twitter:data2\" content=\"1 minute\" \/>\n<script type=\"application\/ld+json\" class=\"yoast-schema-graph\">{\"@context\":\"https:\/\/schema.org\",\"@graph\":[{\"@type\":\"WebSite\",\"@id\":\"https:\/\/www.nettali.com\/#website\",\"url\":\"https:\/\/www.nettali.com\/\",\"name\":\"Nettali.com\",\"description\":\"Le rendez-vous critique du Net\",\"potentialAction\":[{\"@type\":\"SearchAction\",\"target\":{\"@type\":\"EntryPoint\",\"urlTemplate\":\"https:\/\/www.nettali.com\/?s={search_term_string}\"},\"query-input\":\"required name=search_term_string\"}],\"inLanguage\":\"fr-FR\"},{\"@type\":\"ImageObject\",\"@id\":\"https:\/\/www.nettali.com\/2024\/10\/21\/tamba-bougane-gueye-dani-envoye-en-prison\/#primaryimage\",\"inLanguage\":\"fr-FR\",\"url\":\"https:\/\/www.nettali.com\/wp-content\/uploads\/2024\/10\/IMG-20241019-WA0133.jpg\",\"contentUrl\":\"https:\/\/www.nettali.com\/wp-content\/uploads\/2024\/10\/IMG-20241019-WA0133.jpg\",\"width\":828,\"height\":465},{\"@type\":\"WebPage\",\"@id\":\"https:\/\/www.nettali.com\/2024\/10\/21\/tamba-bougane-gueye-dani-envoye-en-prison\/#webpage\",\"url\":\"https:\/\/www.nettali.com\/2024\/10\/21\/tamba-bougane-gueye-dani-envoye-en-prison\/\",\"name\":\"TAMBA - Bougane Gu\\u00e8ye Dani envoy\\u00e9 en prison | Nettali.com\",\"isPartOf\":{\"@id\":\"https:\/\/www.nettali.com\/#website\"},\"primaryImageOfPage\":{\"@id\":\"https:\/\/www.nettali.com\/2024\/10\/21\/tamba-bougane-gueye-dani-envoye-en-prison\/#primaryimage\"},\"datePublished\":\"2024-10-21T18:23:14+00:00\",\"dateModified\":\"2024-10-22T07:17:44+00:00\",\"author\":{\"@id\":\"https:\/\/www.nettali.com\/#\/schema\/person\/3317e0bb3aa1da309fbf7b2780901bf4\"},\"breadcrumb\":{\"@id\":\"https:\/\/www.nettali.com\/2024\/10\/21\/tamba-bougane-gueye-dani-envoye-en-prison\/#breadcrumb\"},\"inLanguage\":\"fr-FR\",\"potentialAction\":[{\"@type\":\"ReadAction\",\"target\":[\"https:\/\/www.nettali.com\/2024\/10\/21\/tamba-bougane-gueye-dani-envoye-en-prison\/\"]}]},{\"@type\":\"BreadcrumbList\",\"@id\":\"https:\/\/www.nettali.com\/2024\/10\/21\/tamba-bougane-gueye-dani-envoye-en-prison\/#breadcrumb\",\"itemListElement\":[{\"@type\":\"ListItem\",\"position\":1,\"name\":\"Accueil\",\"item\":\"https:\/\/www.nettali.com\/\"},{\"@type\":\"ListItem\",\"position\":2,\"name\":\"TAMBA - Bougane Gu\\u00e8ye Dani envoy\\u00e9 en prison\"}]},{\"@type\":\"Person\",\"@id\":\"https:\/\/www.nettali.com\/#\/schema\/person\/3317e0bb3aa1da309fbf7b2780901bf4\",\"name\":\"Daouda\",\"image\":{\"@type\":\"ImageObject\",\"@id\":\"https:\/\/www.nettali.com\/#personlogo\",\"inLanguage\":\"fr-FR\",\"url\":\"https:\/\/secure.gravatar.com\/avatar\/8d143b5a49345098ddcfee1c49c2f47c?s=96&d=mm&r=g\",\"contentUrl\":\"https:\/\/secure.gravatar.com\/avatar\/8d143b5a49345098ddcfee1c49c2f47c?s=96&d=mm&r=g\",\"caption\":\"Daouda\"},\"sameAs\":[\"https:\/\/www.nettali.com\"]}]}<\/script>\n<!-- \/ Yoast SEO Premium plugin. -->","yoast_head_json":{"title":"TAMBA - Bougane Gu\u00e8ye Dani envoy\u00e9 en prison | Nettali.com","robots":{"index":"index","follow":"follow","max-snippet":"max-snippet:-1","max-image-preview":"max-image-preview:large","max-video-preview":"max-video-preview:-1"},"canonical":"https:\/\/www.nettali.com\/2024\/10\/21\/tamba-bougane-gueye-dani-envoye-en-prison\/","og_locale":"fr_FR","og_type":"article","og_title":"TAMBA - Bougane Gu\u00e8ye Dani envoy\u00e9 en prison","og_description":"NETTALI.COM - Bougane Gueye Dany a \u00e9t\u00e9 plac\u00e9 sous mandat de d\u00e9p\u00f4t ce lundi, apr\u00e8s son face \u00e0 face avec le procureur. Arr\u00eat\u00e9 par la gendarmerie \u00e0 K\u00e9dougou, il a \u00e9t\u00e9 d\u00e9f\u00e9r\u00e9 au parquet ce lundi au tribunal de grande instance de Tamba. Bougane Gueye Dany va passer la nuit en prison ce lundi. Poursuivi [&hellip;]","og_url":"https:\/\/www.nettali.com\/2024\/10\/21\/tamba-bougane-gueye-dani-envoye-en-prison\/","og_site_name":"Nettali.com","article_publisher":"https:\/\/www.facebook.com\/nettalicom","article_published_time":"2024-10-21T18:23:14+00:00","article_modified_time":"2024-10-22T07:17:44+00:00","og_image":[{"width":828,"height":465,"url":"https:\/\/www.nettali.com\/wp-content\/uploads\/2024\/10\/IMG-20241019-WA0133.jpg","type":"image\/jpeg"}],"twitter_card":"summary_large_image","twitter_misc":{"\u00c9crit par":"Daouda","Dur\u00e9e de lecture estim\u00e9e":"1 minute"},"schema":{"@context":"https:\/\/schema.org","@graph":[{"@type":"WebSite","@id":"https:\/\/www.nettali.com\/#website","url":"https:\/\/www.nettali.com\/","name":"Nettali.com","description":"Le rendez-vous critique du Net","potentialAction":[{"@type":"SearchAction","target":{"@type":"EntryPoint","urlTemplate":"https:\/\/www.nettali.com\/?s={search_term_string}"},"query-input":"required name=search_term_string"}],"inLanguage":"fr-FR"},{"@type":"ImageObject","@id":"https:\/\/www.nettali.com\/2024\/10\/21\/tamba-bougane-gueye-dani-envoye-en-prison\/#primaryimage","inLanguage":"fr-FR","url":"https:\/\/www.nettali.com\/wp-content\/uploads\/2024\/10\/IMG-20241019-WA0133.jpg","contentUrl":"https:\/\/www.nettali.com\/wp-content\/uploads\/2024\/10\/IMG-20241019-WA0133.jpg","width":828,"height":465},{"@type":"WebPage","@id":"https:\/\/www.nettali.com\/2024\/10\/21\/tamba-bougane-gueye-dani-envoye-en-prison\/#webpage","url":"https:\/\/www.nettali.com\/2024\/10\/21\/tamba-bougane-gueye-dani-envoye-en-prison\/","name":"TAMBA - Bougane Gu\u00e8ye Dani envoy\u00e9 en prison | Nettali.com","isPartOf":{"@id":"https:\/\/www.nettali.com\/#website"},"primaryImageOfPage":{"@id":"https:\/\/www.nettali.com\/2024\/10\/21\/tamba-bougane-gueye-dani-envoye-en-prison\/#primaryimage"},"datePublished":"2024-10-21T18:23:14+00:00","dateModified":"2024-10-22T07:17:44+00:00","author":{"@id":"https:\/\/www.nettali.com\/#\/schema\/person\/3317e0bb3aa1da309fbf7b2780901bf4"},"breadcrumb":{"@id":"https:\/\/www.nettali.com\/2024\/10\/21\/tamba-bougane-gueye-dani-envoye-en-prison\/#breadcrumb"},"inLanguage":"fr-FR","potentialAction":[{"@type":"ReadAction","target":["https:\/\/www.nettali.com\/2024\/10\/21\/tamba-bougane-gueye-dani-envoye-en-prison\/"]}]},{"@type":"BreadcrumbList","@id":"https:\/\/www.nettali.com\/2024\/10\/21\/tamba-bougane-gueye-dani-envoye-en-prison\/#breadcrumb","itemListElement":[{"@type":"ListItem","position":1,"name":"Accueil","item":"https:\/\/www.nettali.com\/"},{"@type":"ListItem","position":2,"name":"TAMBA - Bougane Gu\u00e8ye Dani envoy\u00e9 en prison"}]},{"@type":"Person","@id":"https:\/\/www.nettali.com\/#\/schema\/person\/3317e0bb3aa1da309fbf7b2780901bf4","name":"Daouda","image":{"@type":"ImageObject","@id":"https:\/\/www.nettali.com\/#personlogo","inLanguage":"fr-FR","url":"https:\/\/secure.gravatar.com\/avatar\/8d143b5a49345098ddcfee1c49c2f47c?s=96&d=mm&r=g","contentUrl":"https:\/\/secure.gravatar.com\/avatar\/8d143b5a49345098ddcfee1c49c2f47c?s=96&d=mm&r=g","caption":"Daouda"},"sameAs":["https:\/\/www.nettali.com"]}]}},"_links":{"self":[{"href":"https:\/\/www.nettali.com\/rest\/wp\/v2\/posts\/142439"}],"collection":[{"href":"https:\/\/www.nettali.com\/rest\/wp\/v2\/posts"}],"about":[{"href":"https:\/\/www.nettali.com\/rest\/wp\/v2\/types\/post"}],"author":[{"embeddable":true,"href":"https:\/\/www.nettali.com\/rest\/wp\/v2\/users\/4"}],"replies":[{"embeddable":true,"href":"https:\/\/www.nettali.com\/rest\/wp\/v2\/comments?post=142439"}],"version-history":[{"count":1,"href":"https:\/\/www.nettali.com\/rest\/wp\/v2\/posts\/142439\/revisions"}],"predecessor-version":[{"id":142441,"href":"https:\/\/www.nettali.com\/rest\/wp\/v2\/posts\/142439\/revisions\/142441"}],"wp:featuredmedia":[{"embeddable":true,"href":"https:\/\/www.nettali.com\/rest\/wp\/v2\/media\/142315"}],"wp:attachment":[{"href":"https:\/\/www.nettali.com\/rest\/wp\/v2\/media?parent=142439"}],"wp:term":[{"taxonomy":"category","embeddable":true,"href":"https:\/\/www.nettali.com\/rest\/wp\/v2\/categories?post=142439"},{"taxonomy":"post_tag","embeddable":true,"href":"https:\/\/www.nettali.com\/rest\/wp\/v2\/tags?post=142439"}],"curies":[{"name":"wp","href":"https:\/\/api.w.org\/{rel}","templated":true}]}}