{"id":142435,"date":"2024-10-21T18:48:04","date_gmt":"2024-10-21T18:48:04","guid":{"rendered":"https:\/\/www.nettali.com\/?p=142435"},"modified":"2024-10-21T18:48:04","modified_gmt":"2024-10-21T18:48:04","slug":"apres-un-an-dabsence-neymar-retrouve-les-pelouse-ce-lundi","status":"publish","type":"post","link":"https:\/\/www.nettali.com\/2024\/10\/21\/apres-un-an-dabsence-neymar-retrouve-les-pelouse-ce-lundi\/","title":{"rendered":"APR\u00c8S UN AN D'ABSENCE - Neymar retrouve les pelouse ce lundi"},"content":{"rendered":"<p><strong>NETTALI.COM - Absent des terrains depuis le 18 octobre 2023 en raison d'une rupture des ligaments crois\u00e9s du genou gauche, Neymar a repris l'entra\u00eenement et pourrait disputer ses premi\u00e8res minutes ce lundi 21 octobre avec Al Hilal, qui joue contre Al Ain (Emirats arabes unis) en Ligue des champions asiatique.<\/strong><\/p>\n<p>Un grand jour pour Neymar. Absent des terrains depuis le 18 octobre 2023 en raison d'une rupture des ligaments crois\u00e9s du genou gauche contract\u00e9e en s\u00e9lection, le Br\u00e9silien (32 ans) a repris l'entra\u00eenement et devrait disputer ses premi\u00e8res minutes ce lundi avec Al Hilal, qui joue contre Al Ain (Emirats arabes unis) en Ligue des champions asiatique (18h).<\/p>\n<p style=\"text-align: left;\">C'est en tout cas ce qu'a affirm\u00e9 son p\u00e8re. \"<em>Aujourd'hui, c'est l'heure de ton retour. On t'attend sur le terrain, toi et ta c\u00e9l\u00e9bration<\/em>\", a-t-il d\u00e9clar\u00e9. Le Br\u00e9silien fait bel et bien partie du groupe d'Al Hilal. \"<em>Je sais que vous \u00eates impatients, je le suis aussi, et le 21 octobre, je suis de retour<\/em>\" : dans une vid\u00e9o publi\u00e9e par Al-Hilal, la star br\u00e9silienne de 32 ans se dit \"<em>pr\u00eate<\/em>\" \u00e0 jouer \u00e0 nouveau en comp\u00e9tition.<\/p>\n<p style=\"text-align: left;\"><strong style=\"text-align: right;\">Un retour \"\u00e9tape par \u00e9tape\"<\/strong><\/p>\n<p>Pas \u00e9pargn\u00e9 par les blessures ces derni\u00e8res ann\u00e9es, que ce soit avec le PSG, le Br\u00e9sil ou Al Hilal, Neymar \"<em>est en train de retrouver sa forme physique et son niveau<\/em>\" a assur\u00e9 son entra\u00eeneur Jorge Jesus, qui ne prendra pas le moindre risque avec son joueur offensif. \"<em>Nous travaillons \u00e9tape par \u00e9tape jusqu\u2019\u00e0 ce qu\u2019il revienne au haut niveau qu\u2019il pratiquait. La pr\u00e9sence de Neymar n\u2019a rien \u00e0 voir avec une man\u0153uvre ou une tromperie pour l\u2019adversaire. Neymar est capable de jouer, et chaque fois que je d\u00e9cide de le faire jouer, il est pr\u00eat, mais il est en phase de pr\u00e9paration et retrouve davantage sa forme<\/em>\", a-t-il confi\u00e9 en conf\u00e9rence de presse.<\/p>\n<p>Le Br\u00e9silien,\u00a0qui a rejoint Al Hilal en ao\u00fbt 2023\u00a0en provenance du Paris SG, s'est bless\u00e9 au ligament crois\u00e9 et au m\u00e9nisque le 17 octobre avec le Br\u00e9sil en match des qualifications pour le Mondial 2026 contre l'Uruguay. Il n'a jou\u00e9 pour l'instant que cinq matchs avec le club saoudien, sacr\u00e9 champion d'Arabie saoudite pour la 19e fois la saison derni\u00e8re.<\/p>\n<p>Son retour dans le groupe ce lundi marque la fin d'une ann\u00e9e de \"<em>souffrance<\/em>\", comme le joueur l'a r\u00e9cemment confi\u00e9 dans une vid\u00e9o. \"<em>Je me souviens du moment o\u00f9 j'ai eu ma blessure, j'ai ressenti une immense douleur. A ce moment-l\u00e0 je savais d\u00e9j\u00e0 que c'\u00e9tait s\u00e9rieux. Ce que j\u2019aime le plus, c\u2019est jouer au football. Chaque jour loin du terrain est une souffrance pour moi, c\u2019est ce qui me fait le plus mal, ce qui me fait le plus souffrir<\/em>\", expliquait-il, en larmes, dans cette vid\u00e9o o\u00f9 plusieurs moments de sa r\u00e9\u00e9ducation sont mis en exergue.<\/p>\n<div class='share-to-whatsapp-wrapper'><div class='share-on-whsp'>PARTAGER SUR : <\/div><a data-text='APR\u00c8S UN AN D'ABSENCE - Neymar retrouve les pelouse ce lundi' data-link='https:\/\/www.nettali.com\/2024\/10\/21\/apres-un-an-dabsence-neymar-retrouve-les-pelouse-ce-lundi\/' class='whatsapp-button whatsapp-share'>WhatsApp<\/a><div class='clear '><\/div><\/div>","protected":false},"excerpt":{"rendered":"<p>NETTALI.COM - Absent des terrains depuis le 18 octobre 2023 en raison d'une rupture des ligaments crois\u00e9s du genou gauche, Neymar a repris l'entra\u00eenement et pourrait disputer ses premi\u00e8res minutes ce lundi 21 octobre avec Al Hilal, qui joue contre Al Ain (Emirats arabes unis) en Ligue des champions asiatique. Un grand jour pour Neymar. [&hellip;]<\/p>\n","protected":false},"author":5,"featured_media":142436,"comment_status":"open","ping_status":"open","sticky":false,"template":"","format":"standard","meta":{"_et_pb_use_builder":"","_et_pb_old_content":""},"categories":[6],"tags":[],"yoast_head":"<!-- This site is optimized with the Yoast SEO Premium plugin v17.8 (Yoast SEO v17.8) - https:\/\/yoast.com\/wordpress\/plugins\/seo\/ -->\n<title>APR\u00c8S UN AN D&#039;ABSENCE - Neymar retrouve les pelouse ce lundi | Nettali.com<\/title>\n<meta name=\"robots\" content=\"index, follow, max-snippet:-1, max-image-preview:large, max-video-preview:-1\" \/>\n<link rel=\"canonical\" href=\"https:\/\/www.nettali.com\/2024\/10\/21\/apres-un-an-dabsence-neymar-retrouve-les-pelouse-ce-lundi\/\" \/>\n<meta property=\"og:locale\" content=\"fr_FR\" \/>\n<meta property=\"og:type\" content=\"article\" \/>\n<meta property=\"og:title\" content=\"APR\u00c8S UN AN D&#039;ABSENCE - Neymar retrouve les pelouse ce lundi\" \/>\n<meta property=\"og:description\" content=\"NETTALI.COM - Absent des terrains depuis le 18 octobre 2023 en raison d&#039;une rupture des ligaments crois\u00e9s du genou gauche, Neymar a repris l&#039;entra\u00eenement et pourrait disputer ses premi\u00e8res minutes ce lundi 21 octobre avec Al Hilal, qui joue contre Al Ain (Emirats arabes unis) en Ligue des champions asiatique. Un grand jour pour Neymar. [&hellip;]\" \/>\n<meta property=\"og:url\" content=\"https:\/\/www.nettali.com\/2024\/10\/21\/apres-un-an-dabsence-neymar-retrouve-les-pelouse-ce-lundi\/\" \/>\n<meta property=\"og:site_name\" content=\"Nettali.com\" \/>\n<meta property=\"article:publisher\" content=\"https:\/\/www.facebook.com\/nettalicom\" \/>\n<meta property=\"article:published_time\" content=\"2024-10-21T18:48:04+00:00\" \/>\n<meta property=\"og:image\" content=\"https:\/\/www.nettali.com\/wp-content\/uploads\/2024\/10\/neymar-2324.jpg\" \/>\n\t<meta property=\"og:image:width\" content=\"1920\" \/>\n\t<meta property=\"og:image:height\" content=\"1080\" \/>\n<meta name=\"twitter:card\" content=\"summary_large_image\" \/>\n<meta name=\"twitter:label1\" content=\"\u00c9crit par\" \/>\n\t<meta name=\"twitter:data1\" content=\"Ibrahima\" \/>\n\t<meta name=\"twitter:label2\" content=\"Dur\u00e9e de lecture estim\u00e9e\" \/>\n\t<meta name=\"twitter:data2\" content=\"3 minutes\" \/>\n<script type=\"application\/ld+json\" class=\"yoast-schema-graph\">{\"@context\":\"https:\/\/schema.org\",\"@graph\":[{\"@type\":\"WebSite\",\"@id\":\"https:\/\/www.nettali.com\/#website\",\"url\":\"https:\/\/www.nettali.com\/\",\"name\":\"Nettali.com\",\"description\":\"Le rendez-vous critique du Net\",\"potentialAction\":[{\"@type\":\"SearchAction\",\"target\":{\"@type\":\"EntryPoint\",\"urlTemplate\":\"https:\/\/www.nettali.com\/?s={search_term_string}\"},\"query-input\":\"required name=search_term_string\"}],\"inLanguage\":\"fr-FR\"},{\"@type\":\"ImageObject\",\"@id\":\"https:\/\/www.nettali.com\/2024\/10\/21\/apres-un-an-dabsence-neymar-retrouve-les-pelouse-ce-lundi\/#primaryimage\",\"inLanguage\":\"fr-FR\",\"url\":\"https:\/\/www.nettali.com\/wp-content\/uploads\/2024\/10\/neymar-2324.jpg\",\"contentUrl\":\"https:\/\/www.nettali.com\/wp-content\/uploads\/2024\/10\/neymar-2324.jpg\",\"width\":1920,\"height\":1080},{\"@type\":\"WebPage\",\"@id\":\"https:\/\/www.nettali.com\/2024\/10\/21\/apres-un-an-dabsence-neymar-retrouve-les-pelouse-ce-lundi\/#webpage\",\"url\":\"https:\/\/www.nettali.com\/2024\/10\/21\/apres-un-an-dabsence-neymar-retrouve-les-pelouse-ce-lundi\/\",\"name\":\"APR\\u00c8S UN AN D'ABSENCE - Neymar retrouve les pelouse ce lundi | Nettali.com\",\"isPartOf\":{\"@id\":\"https:\/\/www.nettali.com\/#website\"},\"primaryImageOfPage\":{\"@id\":\"https:\/\/www.nettali.com\/2024\/10\/21\/apres-un-an-dabsence-neymar-retrouve-les-pelouse-ce-lundi\/#primaryimage\"},\"datePublished\":\"2024-10-21T18:48:04+00:00\",\"dateModified\":\"2024-10-21T18:48:04+00:00\",\"author\":{\"@id\":\"https:\/\/www.nettali.com\/#\/schema\/person\/bb147657c2986240405a608162b9bb23\"},\"breadcrumb\":{\"@id\":\"https:\/\/www.nettali.com\/2024\/10\/21\/apres-un-an-dabsence-neymar-retrouve-les-pelouse-ce-lundi\/#breadcrumb\"},\"inLanguage\":\"fr-FR\",\"potentialAction\":[{\"@type\":\"ReadAction\",\"target\":[\"https:\/\/www.nettali.com\/2024\/10\/21\/apres-un-an-dabsence-neymar-retrouve-les-pelouse-ce-lundi\/\"]}]},{\"@type\":\"BreadcrumbList\",\"@id\":\"https:\/\/www.nettali.com\/2024\/10\/21\/apres-un-an-dabsence-neymar-retrouve-les-pelouse-ce-lundi\/#breadcrumb\",\"itemListElement\":[{\"@type\":\"ListItem\",\"position\":1,\"name\":\"Accueil\",\"item\":\"https:\/\/www.nettali.com\/\"},{\"@type\":\"ListItem\",\"position\":2,\"name\":\"APR\\u00c8S UN AN D'ABSENCE - Neymar retrouve les pelouse ce lundi\"}]},{\"@type\":\"Person\",\"@id\":\"https:\/\/www.nettali.com\/#\/schema\/person\/bb147657c2986240405a608162b9bb23\",\"name\":\"Ibrahima\",\"image\":{\"@type\":\"ImageObject\",\"@id\":\"https:\/\/www.nettali.com\/#personlogo\",\"inLanguage\":\"fr-FR\",\"url\":\"https:\/\/secure.gravatar.com\/avatar\/26a8a81f09f0dd7624c9d5c36c9ba3a2?s=96&d=mm&r=g\",\"contentUrl\":\"https:\/\/secure.gravatar.com\/avatar\/26a8a81f09f0dd7624c9d5c36c9ba3a2?s=96&d=mm&r=g\",\"caption\":\"Ibrahima\"},\"sameAs\":[\"https:\/\/www.nettali.com\"]}]}<\/script>\n<!-- \/ Yoast SEO Premium plugin. -->","yoast_head_json":{"title":"APR\u00c8S UN AN D'ABSENCE - Neymar retrouve les pelouse ce lundi | Nettali.com","robots":{"index":"index","follow":"follow","max-snippet":"max-snippet:-1","max-image-preview":"max-image-preview:large","max-video-preview":"max-video-preview:-1"},"canonical":"https:\/\/www.nettali.com\/2024\/10\/21\/apres-un-an-dabsence-neymar-retrouve-les-pelouse-ce-lundi\/","og_locale":"fr_FR","og_type":"article","og_title":"APR\u00c8S UN AN D'ABSENCE - Neymar retrouve les pelouse ce lundi","og_description":"NETTALI.COM - Absent des terrains depuis le 18 octobre 2023 en raison d'une rupture des ligaments crois\u00e9s du genou gauche, Neymar a repris l'entra\u00eenement et pourrait disputer ses premi\u00e8res minutes ce lundi 21 octobre avec Al Hilal, qui joue contre Al Ain (Emirats arabes unis) en Ligue des champions asiatique. Un grand jour pour Neymar. [&hellip;]","og_url":"https:\/\/www.nettali.com\/2024\/10\/21\/apres-un-an-dabsence-neymar-retrouve-les-pelouse-ce-lundi\/","og_site_name":"Nettali.com","article_publisher":"https:\/\/www.facebook.com\/nettalicom","article_published_time":"2024-10-21T18:48:04+00:00","og_image":[{"width":1920,"height":1080,"url":"https:\/\/www.nettali.com\/wp-content\/uploads\/2024\/10\/neymar-2324.jpg","type":"image\/jpeg"}],"twitter_card":"summary_large_image","twitter_misc":{"\u00c9crit par":"Ibrahima","Dur\u00e9e de lecture estim\u00e9e":"3 minutes"},"schema":{"@context":"https:\/\/schema.org","@graph":[{"@type":"WebSite","@id":"https:\/\/www.nettali.com\/#website","url":"https:\/\/www.nettali.com\/","name":"Nettali.com","description":"Le rendez-vous critique du Net","potentialAction":[{"@type":"SearchAction","target":{"@type":"EntryPoint","urlTemplate":"https:\/\/www.nettali.com\/?s={search_term_string}"},"query-input":"required name=search_term_string"}],"inLanguage":"fr-FR"},{"@type":"ImageObject","@id":"https:\/\/www.nettali.com\/2024\/10\/21\/apres-un-an-dabsence-neymar-retrouve-les-pelouse-ce-lundi\/#primaryimage","inLanguage":"fr-FR","url":"https:\/\/www.nettali.com\/wp-content\/uploads\/2024\/10\/neymar-2324.jpg","contentUrl":"https:\/\/www.nettali.com\/wp-content\/uploads\/2024\/10\/neymar-2324.jpg","width":1920,"height":1080},{"@type":"WebPage","@id":"https:\/\/www.nettali.com\/2024\/10\/21\/apres-un-an-dabsence-neymar-retrouve-les-pelouse-ce-lundi\/#webpage","url":"https:\/\/www.nettali.com\/2024\/10\/21\/apres-un-an-dabsence-neymar-retrouve-les-pelouse-ce-lundi\/","name":"APR\u00c8S UN AN D'ABSENCE - Neymar retrouve les pelouse ce lundi | Nettali.com","isPartOf":{"@id":"https:\/\/www.nettali.com\/#website"},"primaryImageOfPage":{"@id":"https:\/\/www.nettali.com\/2024\/10\/21\/apres-un-an-dabsence-neymar-retrouve-les-pelouse-ce-lundi\/#primaryimage"},"datePublished":"2024-10-21T18:48:04+00:00","dateModified":"2024-10-21T18:48:04+00:00","author":{"@id":"https:\/\/www.nettali.com\/#\/schema\/person\/bb147657c2986240405a608162b9bb23"},"breadcrumb":{"@id":"https:\/\/www.nettali.com\/2024\/10\/21\/apres-un-an-dabsence-neymar-retrouve-les-pelouse-ce-lundi\/#breadcrumb"},"inLanguage":"fr-FR","potentialAction":[{"@type":"ReadAction","target":["https:\/\/www.nettali.com\/2024\/10\/21\/apres-un-an-dabsence-neymar-retrouve-les-pelouse-ce-lundi\/"]}]},{"@type":"BreadcrumbList","@id":"https:\/\/www.nettali.com\/2024\/10\/21\/apres-un-an-dabsence-neymar-retrouve-les-pelouse-ce-lundi\/#breadcrumb","itemListElement":[{"@type":"ListItem","position":1,"name":"Accueil","item":"https:\/\/www.nettali.com\/"},{"@type":"ListItem","position":2,"name":"APR\u00c8S UN AN D'ABSENCE - Neymar retrouve les pelouse ce lundi"}]},{"@type":"Person","@id":"https:\/\/www.nettali.com\/#\/schema\/person\/bb147657c2986240405a608162b9bb23","name":"Ibrahima","image":{"@type":"ImageObject","@id":"https:\/\/www.nettali.com\/#personlogo","inLanguage":"fr-FR","url":"https:\/\/secure.gravatar.com\/avatar\/26a8a81f09f0dd7624c9d5c36c9ba3a2?s=96&d=mm&r=g","contentUrl":"https:\/\/secure.gravatar.com\/avatar\/26a8a81f09f0dd7624c9d5c36c9ba3a2?s=96&d=mm&r=g","caption":"Ibrahima"},"sameAs":["https:\/\/www.nettali.com"]}]}},"_links":{"self":[{"href":"https:\/\/www.nettali.com\/rest\/wp\/v2\/posts\/142435"}],"collection":[{"href":"https:\/\/www.nettali.com\/rest\/wp\/v2\/posts"}],"about":[{"href":"https:\/\/www.nettali.com\/rest\/wp\/v2\/types\/post"}],"author":[{"embeddable":true,"href":"https:\/\/www.nettali.com\/rest\/wp\/v2\/users\/5"}],"replies":[{"embeddable":true,"href":"https:\/\/www.nettali.com\/rest\/wp\/v2\/comments?post=142435"}],"version-history":[{"count":3,"href":"https:\/\/www.nettali.com\/rest\/wp\/v2\/posts\/142435\/revisions"}],"predecessor-version":[{"id":142444,"href":"https:\/\/www.nettali.com\/rest\/wp\/v2\/posts\/142435\/revisions\/142444"}],"wp:featuredmedia":[{"embeddable":true,"href":"https:\/\/www.nettali.com\/rest\/wp\/v2\/media\/142436"}],"wp:attachment":[{"href":"https:\/\/www.nettali.com\/rest\/wp\/v2\/media?parent=142435"}],"wp:term":[{"taxonomy":"category","embeddable":true,"href":"https:\/\/www.nettali.com\/rest\/wp\/v2\/categories?post=142435"},{"taxonomy":"post_tag","embeddable":true,"href":"https:\/\/www.nettali.com\/rest\/wp\/v2\/tags?post=142435"}],"curies":[{"name":"wp","href":"https:\/\/api.w.org\/{rel}","templated":true}]}}