{"id":142419,"date":"2024-10-21T13:39:17","date_gmt":"2024-10-21T13:39:17","guid":{"rendered":"https:\/\/www.nettali.com\/?p=142419"},"modified":"2024-10-21T13:42:27","modified_gmt":"2024-10-21T13:42:27","slug":"justice-liberte-provisoire-pour-amath-suzanne-camara","status":"publish","type":"post","link":"https:\/\/www.nettali.com\/2024\/10\/21\/justice-liberte-provisoire-pour-amath-suzanne-camara\/","title":{"rendered":"JUSTICE - Libert\u00e9 provisoire pour Amath Suzanne Camara"},"content":{"rendered":"<p><strong>NETTALI.COM - Amath Suzanne Camara est libre apr\u00e8s pr\u00e8s de trois mois de d\u00e9tention. Le juge lui a accord\u00e9 la libert\u00e9 provisoire ce lundi.<\/strong><\/p>\n<p>Arr\u00eat\u00e9 pour offense au chef de l'Etat, actes de nature \u00e0 jeter le discr\u00e9dit sur une institution de la R\u00e9publique et \u00e0 inciter les citoyens \u00e0 enfreindre les lois, Amath Suzanne Camara avait \u00e9t\u00e9 plac\u00e9 sous mandat de d\u00e9p\u00f4t par le juge du troisi\u00e8me cabinet le 31 juillet 2024. Des d\u00e9boires judiciaires n\u00e9s de propos tenus sur Seneweb \u00e0 l'encontre du Pr\u00e9sident Bassirou Diomaye Diakhar Faye et de son Premier ministre.<\/p>\n<p>Trois mois, le militant de l'Alliance pour la r\u00e9publique (Apr) peut pousser un ouf de soulagement. Le juge vient de lui accorder la libert\u00e9 provisoire. Il y a quelques jours, sa famille avait fait une sortie pour demander la cl\u00e9mence du pr\u00e9sident de la R\u00e9publique.<\/p>\n<div class='share-to-whatsapp-wrapper'><div class='share-on-whsp'>PARTAGER SUR : <\/div><a data-text='JUSTICE - Libert\u00e9 provisoire pour Amath Suzanne Camara' data-link='https:\/\/www.nettali.com\/2024\/10\/21\/justice-liberte-provisoire-pour-amath-suzanne-camara\/' class='whatsapp-button whatsapp-share'>WhatsApp<\/a><div class='clear '><\/div><\/div>","protected":false},"excerpt":{"rendered":"<p>NETTALI.COM - Amath Suzanne Camara est libre apr\u00e8s pr\u00e8s de trois mois de d\u00e9tention. Le juge lui a accord\u00e9 la libert\u00e9 provisoire ce lundi. Arr\u00eat\u00e9 pour offense au chef de l'Etat, actes de nature \u00e0 jeter le discr\u00e9dit sur une institution de la R\u00e9publique et \u00e0 inciter les citoyens \u00e0 enfreindre les lois, Amath Suzanne [&hellip;]<\/p>\n","protected":false},"author":3,"featured_media":142424,"comment_status":"open","ping_status":"open","sticky":false,"template":"","format":"standard","meta":{"_et_pb_use_builder":"","_et_pb_old_content":""},"categories":[3],"tags":[],"yoast_head":"<!-- This site is optimized with the Yoast SEO Premium plugin v17.8 (Yoast SEO v17.8) - https:\/\/yoast.com\/wordpress\/plugins\/seo\/ -->\n<title>JUSTICE - Libert\u00e9 provisoire pour Amath Suzanne Camara | Nettali.com<\/title>\n<meta name=\"robots\" content=\"index, follow, max-snippet:-1, max-image-preview:large, max-video-preview:-1\" \/>\n<link rel=\"canonical\" href=\"https:\/\/www.nettali.com\/2024\/10\/21\/justice-liberte-provisoire-pour-amath-suzanne-camara\/\" \/>\n<meta property=\"og:locale\" content=\"fr_FR\" \/>\n<meta property=\"og:type\" content=\"article\" \/>\n<meta property=\"og:title\" content=\"JUSTICE - Libert\u00e9 provisoire pour Amath Suzanne Camara\" \/>\n<meta property=\"og:description\" content=\"NETTALI.COM - Amath Suzanne Camara est libre apr\u00e8s pr\u00e8s de trois mois de d\u00e9tention. Le juge lui a accord\u00e9 la libert\u00e9 provisoire ce lundi. Arr\u00eat\u00e9 pour offense au chef de l&#039;Etat, actes de nature \u00e0 jeter le discr\u00e9dit sur une institution de la R\u00e9publique et \u00e0 inciter les citoyens \u00e0 enfreindre les lois, Amath Suzanne [&hellip;]\" \/>\n<meta property=\"og:url\" content=\"https:\/\/www.nettali.com\/2024\/10\/21\/justice-liberte-provisoire-pour-amath-suzanne-camara\/\" \/>\n<meta property=\"og:site_name\" content=\"Nettali.com\" \/>\n<meta property=\"article:publisher\" content=\"https:\/\/www.facebook.com\/nettalicom\" \/>\n<meta property=\"article:published_time\" content=\"2024-10-21T13:39:17+00:00\" \/>\n<meta property=\"article:modified_time\" content=\"2024-10-21T13:42:27+00:00\" \/>\n<meta property=\"og:image\" content=\"https:\/\/www.nettali.com\/wp-content\/uploads\/2024\/10\/Screenshot_20240724_203559_Chrome.jpg\" \/>\n\t<meta property=\"og:image:width\" content=\"587\" \/>\n\t<meta property=\"og:image:height\" content=\"470\" \/>\n<meta name=\"twitter:card\" content=\"summary_large_image\" \/>\n<meta name=\"twitter:label1\" content=\"\u00c9crit par\" \/>\n\t<meta name=\"twitter:data1\" content=\"Moustapha\" \/>\n\t<meta name=\"twitter:label2\" content=\"Dur\u00e9e de lecture estim\u00e9e\" \/>\n\t<meta name=\"twitter:data2\" content=\"1 minute\" \/>\n<script type=\"application\/ld+json\" class=\"yoast-schema-graph\">{\"@context\":\"https:\/\/schema.org\",\"@graph\":[{\"@type\":\"WebSite\",\"@id\":\"https:\/\/www.nettali.com\/#website\",\"url\":\"https:\/\/www.nettali.com\/\",\"name\":\"Nettali.com\",\"description\":\"Le rendez-vous critique du Net\",\"potentialAction\":[{\"@type\":\"SearchAction\",\"target\":{\"@type\":\"EntryPoint\",\"urlTemplate\":\"https:\/\/www.nettali.com\/?s={search_term_string}\"},\"query-input\":\"required name=search_term_string\"}],\"inLanguage\":\"fr-FR\"},{\"@type\":\"ImageObject\",\"@id\":\"https:\/\/www.nettali.com\/2024\/10\/21\/justice-liberte-provisoire-pour-amath-suzanne-camara\/#primaryimage\",\"inLanguage\":\"fr-FR\",\"url\":\"https:\/\/www.nettali.com\/wp-content\/uploads\/2024\/10\/Screenshot_20240724_203559_Chrome.jpg\",\"contentUrl\":\"https:\/\/www.nettali.com\/wp-content\/uploads\/2024\/10\/Screenshot_20240724_203559_Chrome.jpg\",\"width\":587,\"height\":470},{\"@type\":\"WebPage\",\"@id\":\"https:\/\/www.nettali.com\/2024\/10\/21\/justice-liberte-provisoire-pour-amath-suzanne-camara\/#webpage\",\"url\":\"https:\/\/www.nettali.com\/2024\/10\/21\/justice-liberte-provisoire-pour-amath-suzanne-camara\/\",\"name\":\"JUSTICE - Libert\\u00e9 provisoire pour Amath Suzanne Camara | Nettali.com\",\"isPartOf\":{\"@id\":\"https:\/\/www.nettali.com\/#website\"},\"primaryImageOfPage\":{\"@id\":\"https:\/\/www.nettali.com\/2024\/10\/21\/justice-liberte-provisoire-pour-amath-suzanne-camara\/#primaryimage\"},\"datePublished\":\"2024-10-21T13:39:17+00:00\",\"dateModified\":\"2024-10-21T13:42:27+00:00\",\"author\":{\"@id\":\"https:\/\/www.nettali.com\/#\/schema\/person\/7962a12a6e0267f88f0ffa544c36469a\"},\"breadcrumb\":{\"@id\":\"https:\/\/www.nettali.com\/2024\/10\/21\/justice-liberte-provisoire-pour-amath-suzanne-camara\/#breadcrumb\"},\"inLanguage\":\"fr-FR\",\"potentialAction\":[{\"@type\":\"ReadAction\",\"target\":[\"https:\/\/www.nettali.com\/2024\/10\/21\/justice-liberte-provisoire-pour-amath-suzanne-camara\/\"]}]},{\"@type\":\"BreadcrumbList\",\"@id\":\"https:\/\/www.nettali.com\/2024\/10\/21\/justice-liberte-provisoire-pour-amath-suzanne-camara\/#breadcrumb\",\"itemListElement\":[{\"@type\":\"ListItem\",\"position\":1,\"name\":\"Accueil\",\"item\":\"https:\/\/www.nettali.com\/\"},{\"@type\":\"ListItem\",\"position\":2,\"name\":\"JUSTICE - Libert\\u00e9 provisoire pour Amath Suzanne Camara\"}]},{\"@type\":\"Person\",\"@id\":\"https:\/\/www.nettali.com\/#\/schema\/person\/7962a12a6e0267f88f0ffa544c36469a\",\"name\":\"Moustapha\",\"image\":{\"@type\":\"ImageObject\",\"@id\":\"https:\/\/www.nettali.com\/#personlogo\",\"inLanguage\":\"fr-FR\",\"url\":\"https:\/\/secure.gravatar.com\/avatar\/10fdf6a071cccdcf374e3dbe45159590?s=96&d=mm&r=g\",\"contentUrl\":\"https:\/\/secure.gravatar.com\/avatar\/10fdf6a071cccdcf374e3dbe45159590?s=96&d=mm&r=g\",\"caption\":\"Moustapha\"},\"sameAs\":[\"https:\/\/www.nettali.com\"]}]}<\/script>\n<!-- \/ Yoast SEO Premium plugin. -->","yoast_head_json":{"title":"JUSTICE - Libert\u00e9 provisoire pour Amath Suzanne Camara | Nettali.com","robots":{"index":"index","follow":"follow","max-snippet":"max-snippet:-1","max-image-preview":"max-image-preview:large","max-video-preview":"max-video-preview:-1"},"canonical":"https:\/\/www.nettali.com\/2024\/10\/21\/justice-liberte-provisoire-pour-amath-suzanne-camara\/","og_locale":"fr_FR","og_type":"article","og_title":"JUSTICE - Libert\u00e9 provisoire pour Amath Suzanne Camara","og_description":"NETTALI.COM - Amath Suzanne Camara est libre apr\u00e8s pr\u00e8s de trois mois de d\u00e9tention. Le juge lui a accord\u00e9 la libert\u00e9 provisoire ce lundi. Arr\u00eat\u00e9 pour offense au chef de l'Etat, actes de nature \u00e0 jeter le discr\u00e9dit sur une institution de la R\u00e9publique et \u00e0 inciter les citoyens \u00e0 enfreindre les lois, Amath Suzanne [&hellip;]","og_url":"https:\/\/www.nettali.com\/2024\/10\/21\/justice-liberte-provisoire-pour-amath-suzanne-camara\/","og_site_name":"Nettali.com","article_publisher":"https:\/\/www.facebook.com\/nettalicom","article_published_time":"2024-10-21T13:39:17+00:00","article_modified_time":"2024-10-21T13:42:27+00:00","og_image":[{"width":587,"height":470,"url":"https:\/\/www.nettali.com\/wp-content\/uploads\/2024\/10\/Screenshot_20240724_203559_Chrome.jpg","type":"image\/jpeg"}],"twitter_card":"summary_large_image","twitter_misc":{"\u00c9crit par":"Moustapha","Dur\u00e9e de lecture estim\u00e9e":"1 minute"},"schema":{"@context":"https:\/\/schema.org","@graph":[{"@type":"WebSite","@id":"https:\/\/www.nettali.com\/#website","url":"https:\/\/www.nettali.com\/","name":"Nettali.com","description":"Le rendez-vous critique du Net","potentialAction":[{"@type":"SearchAction","target":{"@type":"EntryPoint","urlTemplate":"https:\/\/www.nettali.com\/?s={search_term_string}"},"query-input":"required name=search_term_string"}],"inLanguage":"fr-FR"},{"@type":"ImageObject","@id":"https:\/\/www.nettali.com\/2024\/10\/21\/justice-liberte-provisoire-pour-amath-suzanne-camara\/#primaryimage","inLanguage":"fr-FR","url":"https:\/\/www.nettali.com\/wp-content\/uploads\/2024\/10\/Screenshot_20240724_203559_Chrome.jpg","contentUrl":"https:\/\/www.nettali.com\/wp-content\/uploads\/2024\/10\/Screenshot_20240724_203559_Chrome.jpg","width":587,"height":470},{"@type":"WebPage","@id":"https:\/\/www.nettali.com\/2024\/10\/21\/justice-liberte-provisoire-pour-amath-suzanne-camara\/#webpage","url":"https:\/\/www.nettali.com\/2024\/10\/21\/justice-liberte-provisoire-pour-amath-suzanne-camara\/","name":"JUSTICE - Libert\u00e9 provisoire pour Amath Suzanne Camara | Nettali.com","isPartOf":{"@id":"https:\/\/www.nettali.com\/#website"},"primaryImageOfPage":{"@id":"https:\/\/www.nettali.com\/2024\/10\/21\/justice-liberte-provisoire-pour-amath-suzanne-camara\/#primaryimage"},"datePublished":"2024-10-21T13:39:17+00:00","dateModified":"2024-10-21T13:42:27+00:00","author":{"@id":"https:\/\/www.nettali.com\/#\/schema\/person\/7962a12a6e0267f88f0ffa544c36469a"},"breadcrumb":{"@id":"https:\/\/www.nettali.com\/2024\/10\/21\/justice-liberte-provisoire-pour-amath-suzanne-camara\/#breadcrumb"},"inLanguage":"fr-FR","potentialAction":[{"@type":"ReadAction","target":["https:\/\/www.nettali.com\/2024\/10\/21\/justice-liberte-provisoire-pour-amath-suzanne-camara\/"]}]},{"@type":"BreadcrumbList","@id":"https:\/\/www.nettali.com\/2024\/10\/21\/justice-liberte-provisoire-pour-amath-suzanne-camara\/#breadcrumb","itemListElement":[{"@type":"ListItem","position":1,"name":"Accueil","item":"https:\/\/www.nettali.com\/"},{"@type":"ListItem","position":2,"name":"JUSTICE - Libert\u00e9 provisoire pour Amath Suzanne Camara"}]},{"@type":"Person","@id":"https:\/\/www.nettali.com\/#\/schema\/person\/7962a12a6e0267f88f0ffa544c36469a","name":"Moustapha","image":{"@type":"ImageObject","@id":"https:\/\/www.nettali.com\/#personlogo","inLanguage":"fr-FR","url":"https:\/\/secure.gravatar.com\/avatar\/10fdf6a071cccdcf374e3dbe45159590?s=96&d=mm&r=g","contentUrl":"https:\/\/secure.gravatar.com\/avatar\/10fdf6a071cccdcf374e3dbe45159590?s=96&d=mm&r=g","caption":"Moustapha"},"sameAs":["https:\/\/www.nettali.com"]}]}},"_links":{"self":[{"href":"https:\/\/www.nettali.com\/rest\/wp\/v2\/posts\/142419"}],"collection":[{"href":"https:\/\/www.nettali.com\/rest\/wp\/v2\/posts"}],"about":[{"href":"https:\/\/www.nettali.com\/rest\/wp\/v2\/types\/post"}],"author":[{"embeddable":true,"href":"https:\/\/www.nettali.com\/rest\/wp\/v2\/users\/3"}],"replies":[{"embeddable":true,"href":"https:\/\/www.nettali.com\/rest\/wp\/v2\/comments?post=142419"}],"version-history":[{"count":1,"href":"https:\/\/www.nettali.com\/rest\/wp\/v2\/posts\/142419\/revisions"}],"predecessor-version":[{"id":142423,"href":"https:\/\/www.nettali.com\/rest\/wp\/v2\/posts\/142419\/revisions\/142423"}],"wp:featuredmedia":[{"embeddable":true,"href":"https:\/\/www.nettali.com\/rest\/wp\/v2\/media\/142424"}],"wp:attachment":[{"href":"https:\/\/www.nettali.com\/rest\/wp\/v2\/media?parent=142419"}],"wp:term":[{"taxonomy":"category","embeddable":true,"href":"https:\/\/www.nettali.com\/rest\/wp\/v2\/categories?post=142419"},{"taxonomy":"post_tag","embeddable":true,"href":"https:\/\/www.nettali.com\/rest\/wp\/v2\/tags?post=142419"}],"curies":[{"name":"wp","href":"https:\/\/api.w.org\/{rel}","templated":true}]}}