{"id":142407,"date":"2024-10-21T07:24:53","date_gmt":"2024-10-21T07:24:53","guid":{"rendered":"https:\/\/www.nettali.com\/?p=142407"},"modified":"2024-10-21T07:24:53","modified_gmt":"2024-10-21T07:24:53","slug":"arrestation-de-bougane-seydi-gassama-et-alioune-tine-demandent-sa-liberation","status":"publish","type":"post","link":"https:\/\/www.nettali.com\/2024\/10\/21\/arrestation-de-bougane-seydi-gassama-et-alioune-tine-demandent-sa-liberation\/","title":{"rendered":"ARRESTATION DE BOUGANE - Seydi Gassama et Alioune Tine demandent sa lib\u00e9ration"},"content":{"rendered":"<p><strong>NETTALI.COM -<\/strong> L'arrestation et le placement en garde \u00e0 vue du leader de \"Gueum Sa Bopp\", Bougane Gu\u00e8ye Dany, ce samedi 19 octobre 2024, continue de susciter des r\u00e9actions. Le droit d'hommiste, Seydi Gassama exige la lib\u00e9ration de Bougane et demande que cet incident mineur soit plac\u00e9 dans un contexte pr\u00e9\u00e9lectoral. \"<em>Nous demandons la remise en libert\u00e9 de M. Bougane Gueye Dany, plac\u00e9 en garde \u00e0 vue, suite \u00e0 un refus d'obtemp\u00e9rer, selon la gendarmerie nationale. Cet incident mineur qui n'a pas mis en danger la vie des personnes doit \u00eatre plac\u00e9 dans le contexte pr\u00e9 \u00e9lectoral actuel<\/em> \", a indiqu\u00e9 Seydi Gassama sur sa page Facebook.<\/p>\n<p>Il demande aux politiciens de faire preuve de s\u00e9r\u00e9nit\u00e9 \u00e0 quelques jours des \u00e9lections l\u00e9gislatives. \"<em>Nous exhortons la classe politique \u00e0 faire preuve de s\u00e9r\u00e9nit\u00e9 pour cr\u00e9er les conditions d'une \u00e9lection l\u00e9gislative libre et paisible. La solidarit\u00e9 nationale envers les populations sinistr\u00e9es du nord-est du pays doit transcender les agendas et clivages politiques et sociaux<\/em>\", fait savoir Seydi Gassama.<\/p>\n<p>De m\u00eame Alioune Tine sur sa page X a demand\u00e9 la lib\u00e9ration de Bougane en ces termes : \"<em>On est en campagne \u00e9lectorale pour les \u00e9lections l\u00e9gislatives. Bougane est candidat, il faut le lib\u00e9rer pour faire sa campagne \u00e9lectorale. En p\u00e9riode de campagne, la libert\u00e9 de circulation est garantie aux candidats<\/em>\".<\/p>\n<p>Il a aussi ajout\u00e9 : \"<em>Il faut apaiser, pacifier, calmer le jeu. On n'a pas besoin de tensions inutiles et de haine dans le contexte difficile que nous traversons<\/em>\"<\/p>\n<div class='share-to-whatsapp-wrapper'><div class='share-on-whsp'>PARTAGER SUR : <\/div><a data-text='ARRESTATION DE BOUGANE - Seydi Gassama et Alioune Tine demandent sa lib\u00e9ration' data-link='https:\/\/www.nettali.com\/2024\/10\/21\/arrestation-de-bougane-seydi-gassama-et-alioune-tine-demandent-sa-liberation\/' class='whatsapp-button whatsapp-share'>WhatsApp<\/a><div class='clear '><\/div><\/div>","protected":false},"excerpt":{"rendered":"<p>NETTALI.COM - L'arrestation et le placement en garde \u00e0 vue du leader de \"Gueum Sa Bopp\", Bougane Gu\u00e8ye Dany, ce samedi 19 octobre 2024, continue de susciter des r\u00e9actions. Le droit d'hommiste, Seydi Gassama exige la lib\u00e9ration de Bougane et demande que cet incident mineur soit plac\u00e9 dans un contexte pr\u00e9\u00e9lectoral. \"Nous demandons la remise [&hellip;]<\/p>\n","protected":false},"author":2,"featured_media":142316,"comment_status":"open","ping_status":"open","sticky":false,"template":"","format":"standard","meta":{"_et_pb_use_builder":"","_et_pb_old_content":""},"categories":[34945],"tags":[],"yoast_head":"<!-- This site is optimized with the Yoast SEO Premium plugin v17.8 (Yoast SEO v17.8) - https:\/\/yoast.com\/wordpress\/plugins\/seo\/ -->\n<title>ARRESTATION DE BOUGANE - Seydi Gassama et Alioune Tine demandent sa lib\u00e9ration | Nettali.com<\/title>\n<meta name=\"robots\" content=\"index, follow, max-snippet:-1, max-image-preview:large, max-video-preview:-1\" \/>\n<link rel=\"canonical\" href=\"https:\/\/www.nettali.com\/2024\/10\/21\/arrestation-de-bougane-seydi-gassama-et-alioune-tine-demandent-sa-liberation\/\" \/>\n<meta property=\"og:locale\" content=\"fr_FR\" \/>\n<meta property=\"og:type\" content=\"article\" \/>\n<meta property=\"og:title\" content=\"ARRESTATION DE BOUGANE - Seydi Gassama et Alioune Tine demandent sa lib\u00e9ration\" \/>\n<meta property=\"og:description\" content=\"NETTALI.COM - L&#039;arrestation et le placement en garde \u00e0 vue du leader de &quot;Gueum Sa Bopp&quot;, Bougane Gu\u00e8ye Dany, ce samedi 19 octobre 2024, continue de susciter des r\u00e9actions. Le droit d&#039;hommiste, Seydi Gassama exige la lib\u00e9ration de Bougane et demande que cet incident mineur soit plac\u00e9 dans un contexte pr\u00e9\u00e9lectoral. &quot;Nous demandons la remise [&hellip;]\" \/>\n<meta property=\"og:url\" content=\"https:\/\/www.nettali.com\/2024\/10\/21\/arrestation-de-bougane-seydi-gassama-et-alioune-tine-demandent-sa-liberation\/\" \/>\n<meta property=\"og:site_name\" content=\"Nettali.com\" \/>\n<meta property=\"article:publisher\" content=\"https:\/\/www.facebook.com\/nettalicom\" \/>\n<meta property=\"article:published_time\" content=\"2024-10-21T07:24:53+00:00\" \/>\n<meta property=\"og:image\" content=\"https:\/\/www.nettali.com\/wp-content\/uploads\/2024\/10\/IMG-20241019-WA0135.jpg\" \/>\n\t<meta property=\"og:image:width\" content=\"776\" \/>\n\t<meta property=\"og:image:height\" content=\"1280\" \/>\n<meta name=\"twitter:card\" content=\"summary_large_image\" \/>\n<meta name=\"twitter:label1\" content=\"\u00c9crit par\" \/>\n\t<meta name=\"twitter:data1\" content=\"CK\" \/>\n\t<meta name=\"twitter:label2\" content=\"Dur\u00e9e de lecture estim\u00e9e\" \/>\n\t<meta name=\"twitter:data2\" content=\"1 minute\" \/>\n<script type=\"application\/ld+json\" class=\"yoast-schema-graph\">{\"@context\":\"https:\/\/schema.org\",\"@graph\":[{\"@type\":\"WebSite\",\"@id\":\"https:\/\/www.nettali.com\/#website\",\"url\":\"https:\/\/www.nettali.com\/\",\"name\":\"Nettali.com\",\"description\":\"Le rendez-vous critique du Net\",\"potentialAction\":[{\"@type\":\"SearchAction\",\"target\":{\"@type\":\"EntryPoint\",\"urlTemplate\":\"https:\/\/www.nettali.com\/?s={search_term_string}\"},\"query-input\":\"required name=search_term_string\"}],\"inLanguage\":\"fr-FR\"},{\"@type\":\"ImageObject\",\"@id\":\"https:\/\/www.nettali.com\/2024\/10\/21\/arrestation-de-bougane-seydi-gassama-et-alioune-tine-demandent-sa-liberation\/#primaryimage\",\"inLanguage\":\"fr-FR\",\"url\":\"https:\/\/www.nettali.com\/wp-content\/uploads\/2024\/10\/IMG-20241019-WA0135.jpg\",\"contentUrl\":\"https:\/\/www.nettali.com\/wp-content\/uploads\/2024\/10\/IMG-20241019-WA0135.jpg\",\"width\":776,\"height\":1280},{\"@type\":\"WebPage\",\"@id\":\"https:\/\/www.nettali.com\/2024\/10\/21\/arrestation-de-bougane-seydi-gassama-et-alioune-tine-demandent-sa-liberation\/#webpage\",\"url\":\"https:\/\/www.nettali.com\/2024\/10\/21\/arrestation-de-bougane-seydi-gassama-et-alioune-tine-demandent-sa-liberation\/\",\"name\":\"ARRESTATION DE BOUGANE - Seydi Gassama et Alioune Tine demandent sa lib\\u00e9ration | Nettali.com\",\"isPartOf\":{\"@id\":\"https:\/\/www.nettali.com\/#website\"},\"primaryImageOfPage\":{\"@id\":\"https:\/\/www.nettali.com\/2024\/10\/21\/arrestation-de-bougane-seydi-gassama-et-alioune-tine-demandent-sa-liberation\/#primaryimage\"},\"datePublished\":\"2024-10-21T07:24:53+00:00\",\"dateModified\":\"2024-10-21T07:24:53+00:00\",\"author\":{\"@id\":\"https:\/\/www.nettali.com\/#\/schema\/person\/d8ac7b7e27ddad43f1c0d2ef090d7f71\"},\"breadcrumb\":{\"@id\":\"https:\/\/www.nettali.com\/2024\/10\/21\/arrestation-de-bougane-seydi-gassama-et-alioune-tine-demandent-sa-liberation\/#breadcrumb\"},\"inLanguage\":\"fr-FR\",\"potentialAction\":[{\"@type\":\"ReadAction\",\"target\":[\"https:\/\/www.nettali.com\/2024\/10\/21\/arrestation-de-bougane-seydi-gassama-et-alioune-tine-demandent-sa-liberation\/\"]}]},{\"@type\":\"BreadcrumbList\",\"@id\":\"https:\/\/www.nettali.com\/2024\/10\/21\/arrestation-de-bougane-seydi-gassama-et-alioune-tine-demandent-sa-liberation\/#breadcrumb\",\"itemListElement\":[{\"@type\":\"ListItem\",\"position\":1,\"name\":\"Accueil\",\"item\":\"https:\/\/www.nettali.com\/\"},{\"@type\":\"ListItem\",\"position\":2,\"name\":\"ARRESTATION DE BOUGANE - Seydi Gassama et Alioune Tine demandent sa lib\\u00e9ration\"}]},{\"@type\":\"Person\",\"@id\":\"https:\/\/www.nettali.com\/#\/schema\/person\/d8ac7b7e27ddad43f1c0d2ef090d7f71\",\"name\":\"CK\",\"image\":{\"@type\":\"ImageObject\",\"@id\":\"https:\/\/www.nettali.com\/#personlogo\",\"inLanguage\":\"fr-FR\",\"url\":\"https:\/\/secure.gravatar.com\/avatar\/1d8d5118b9327d94da7cd4ce7f17fec2?s=96&d=mm&r=g\",\"contentUrl\":\"https:\/\/secure.gravatar.com\/avatar\/1d8d5118b9327d94da7cd4ce7f17fec2?s=96&d=mm&r=g\",\"caption\":\"CK\"},\"sameAs\":[\"https:\/\/www.nettali.com\"]}]}<\/script>\n<!-- \/ Yoast SEO Premium plugin. -->","yoast_head_json":{"title":"ARRESTATION DE BOUGANE - Seydi Gassama et Alioune Tine demandent sa lib\u00e9ration | Nettali.com","robots":{"index":"index","follow":"follow","max-snippet":"max-snippet:-1","max-image-preview":"max-image-preview:large","max-video-preview":"max-video-preview:-1"},"canonical":"https:\/\/www.nettali.com\/2024\/10\/21\/arrestation-de-bougane-seydi-gassama-et-alioune-tine-demandent-sa-liberation\/","og_locale":"fr_FR","og_type":"article","og_title":"ARRESTATION DE BOUGANE - Seydi Gassama et Alioune Tine demandent sa lib\u00e9ration","og_description":"NETTALI.COM - L'arrestation et le placement en garde \u00e0 vue du leader de \"Gueum Sa Bopp\", Bougane Gu\u00e8ye Dany, ce samedi 19 octobre 2024, continue de susciter des r\u00e9actions. Le droit d'hommiste, Seydi Gassama exige la lib\u00e9ration de Bougane et demande que cet incident mineur soit plac\u00e9 dans un contexte pr\u00e9\u00e9lectoral. \"Nous demandons la remise [&hellip;]","og_url":"https:\/\/www.nettali.com\/2024\/10\/21\/arrestation-de-bougane-seydi-gassama-et-alioune-tine-demandent-sa-liberation\/","og_site_name":"Nettali.com","article_publisher":"https:\/\/www.facebook.com\/nettalicom","article_published_time":"2024-10-21T07:24:53+00:00","og_image":[{"width":776,"height":1280,"url":"https:\/\/www.nettali.com\/wp-content\/uploads\/2024\/10\/IMG-20241019-WA0135.jpg","type":"image\/jpeg"}],"twitter_card":"summary_large_image","twitter_misc":{"\u00c9crit par":"CK","Dur\u00e9e de lecture estim\u00e9e":"1 minute"},"schema":{"@context":"https:\/\/schema.org","@graph":[{"@type":"WebSite","@id":"https:\/\/www.nettali.com\/#website","url":"https:\/\/www.nettali.com\/","name":"Nettali.com","description":"Le rendez-vous critique du Net","potentialAction":[{"@type":"SearchAction","target":{"@type":"EntryPoint","urlTemplate":"https:\/\/www.nettali.com\/?s={search_term_string}"},"query-input":"required name=search_term_string"}],"inLanguage":"fr-FR"},{"@type":"ImageObject","@id":"https:\/\/www.nettali.com\/2024\/10\/21\/arrestation-de-bougane-seydi-gassama-et-alioune-tine-demandent-sa-liberation\/#primaryimage","inLanguage":"fr-FR","url":"https:\/\/www.nettali.com\/wp-content\/uploads\/2024\/10\/IMG-20241019-WA0135.jpg","contentUrl":"https:\/\/www.nettali.com\/wp-content\/uploads\/2024\/10\/IMG-20241019-WA0135.jpg","width":776,"height":1280},{"@type":"WebPage","@id":"https:\/\/www.nettali.com\/2024\/10\/21\/arrestation-de-bougane-seydi-gassama-et-alioune-tine-demandent-sa-liberation\/#webpage","url":"https:\/\/www.nettali.com\/2024\/10\/21\/arrestation-de-bougane-seydi-gassama-et-alioune-tine-demandent-sa-liberation\/","name":"ARRESTATION DE BOUGANE - Seydi Gassama et Alioune Tine demandent sa lib\u00e9ration | Nettali.com","isPartOf":{"@id":"https:\/\/www.nettali.com\/#website"},"primaryImageOfPage":{"@id":"https:\/\/www.nettali.com\/2024\/10\/21\/arrestation-de-bougane-seydi-gassama-et-alioune-tine-demandent-sa-liberation\/#primaryimage"},"datePublished":"2024-10-21T07:24:53+00:00","dateModified":"2024-10-21T07:24:53+00:00","author":{"@id":"https:\/\/www.nettali.com\/#\/schema\/person\/d8ac7b7e27ddad43f1c0d2ef090d7f71"},"breadcrumb":{"@id":"https:\/\/www.nettali.com\/2024\/10\/21\/arrestation-de-bougane-seydi-gassama-et-alioune-tine-demandent-sa-liberation\/#breadcrumb"},"inLanguage":"fr-FR","potentialAction":[{"@type":"ReadAction","target":["https:\/\/www.nettali.com\/2024\/10\/21\/arrestation-de-bougane-seydi-gassama-et-alioune-tine-demandent-sa-liberation\/"]}]},{"@type":"BreadcrumbList","@id":"https:\/\/www.nettali.com\/2024\/10\/21\/arrestation-de-bougane-seydi-gassama-et-alioune-tine-demandent-sa-liberation\/#breadcrumb","itemListElement":[{"@type":"ListItem","position":1,"name":"Accueil","item":"https:\/\/www.nettali.com\/"},{"@type":"ListItem","position":2,"name":"ARRESTATION DE BOUGANE - Seydi Gassama et Alioune Tine demandent sa lib\u00e9ration"}]},{"@type":"Person","@id":"https:\/\/www.nettali.com\/#\/schema\/person\/d8ac7b7e27ddad43f1c0d2ef090d7f71","name":"CK","image":{"@type":"ImageObject","@id":"https:\/\/www.nettali.com\/#personlogo","inLanguage":"fr-FR","url":"https:\/\/secure.gravatar.com\/avatar\/1d8d5118b9327d94da7cd4ce7f17fec2?s=96&d=mm&r=g","contentUrl":"https:\/\/secure.gravatar.com\/avatar\/1d8d5118b9327d94da7cd4ce7f17fec2?s=96&d=mm&r=g","caption":"CK"},"sameAs":["https:\/\/www.nettali.com"]}]}},"_links":{"self":[{"href":"https:\/\/www.nettali.com\/rest\/wp\/v2\/posts\/142407"}],"collection":[{"href":"https:\/\/www.nettali.com\/rest\/wp\/v2\/posts"}],"about":[{"href":"https:\/\/www.nettali.com\/rest\/wp\/v2\/types\/post"}],"author":[{"embeddable":true,"href":"https:\/\/www.nettali.com\/rest\/wp\/v2\/users\/2"}],"replies":[{"embeddable":true,"href":"https:\/\/www.nettali.com\/rest\/wp\/v2\/comments?post=142407"}],"version-history":[{"count":1,"href":"https:\/\/www.nettali.com\/rest\/wp\/v2\/posts\/142407\/revisions"}],"predecessor-version":[{"id":142408,"href":"https:\/\/www.nettali.com\/rest\/wp\/v2\/posts\/142407\/revisions\/142408"}],"wp:featuredmedia":[{"embeddable":true,"href":"https:\/\/www.nettali.com\/rest\/wp\/v2\/media\/142316"}],"wp:attachment":[{"href":"https:\/\/www.nettali.com\/rest\/wp\/v2\/media?parent=142407"}],"wp:term":[{"taxonomy":"category","embeddable":true,"href":"https:\/\/www.nettali.com\/rest\/wp\/v2\/categories?post=142407"},{"taxonomy":"post_tag","embeddable":true,"href":"https:\/\/www.nettali.com\/rest\/wp\/v2\/tags?post=142407"}],"curies":[{"name":"wp","href":"https:\/\/api.w.org\/{rel}","templated":true}]}}