{"id":142395,"date":"2024-10-20T21:54:55","date_gmt":"2024-10-20T21:54:55","guid":{"rendered":"https:\/\/www.nettali.com\/?p=142395"},"modified":"2024-10-21T00:51:10","modified_gmt":"2024-10-21T00:51:10","slug":"gaza-la-cour-internationale-de-justice-estime-que-loccupation-des-territoires-palestiniens-par-israel-depuis-1967-est-illegale","status":"publish","type":"post","link":"https:\/\/www.nettali.com\/2024\/10\/20\/gaza-la-cour-internationale-de-justice-estime-que-loccupation-des-territoires-palestiniens-par-israel-depuis-1967-est-illegale\/","title":{"rendered":"GAZA - La Cour internationale de justice estime que l\u2019occupation des territoires palestiniens par Isra\u00ebl depuis 1967 est \"ill\u00e9gale\""},"content":{"rendered":"<p class=\"article__desc\"><strong>NETTALI.COM - L\u2019avis rendu par l\u2019organe judiciaire de l\u2019ONU n\u2019est pas contraignant, mais pourrait accro\u00eetre la pression juridique croissante sur l\u2019Etat h\u00e9breu concernant la guerre dans la bande de Gaza.<\/strong><\/p>\n<p class=\"article__paragraph \">L\u2019avis de la Cour internationale de justice (CIJ) n\u2019est pas contraignant, mais il pourrait accro\u00eetre la pression croissante sur Isra\u00ebl. La CIJ, la plus haute juridiction des Nations unies, a estim\u00e9 vendredi 19\u00a0juillet que l\u2019occupation par l\u2019Etat h\u00e9breu des territoires palestiniens depuis 1967 \u00e9tait <em>\u00ab\u00a0ill\u00e9gale\u00a0\u00bb<\/em>. L\u2019instance onusienne ajoute que cette occupation doit cesser <em>\u00ab\u00a0le plus rapidement possible\u00a0\u00bb<\/em>.<\/p>\n<p class=\"article__paragraph \">Le 31\u00a0d\u00e9cembre\u00a02022, l\u2019Assembl\u00e9e g\u00e9n\u00e9rale des Nations unies avait adopt\u00e9 une r\u00e9solution demandant \u00e0 la CIJ un <em>\u00ab\u00a0avis consultatif\u00a0\u00bb<\/em> sur les <em>\u00ab\u00a0cons\u00e9quences juridiques d\u00e9coulant des politiques et des pratiques d\u2019Isra\u00ebl dans les territoires palestiniens occup\u00e9s, y compris \u00e0 J\u00e9rusalem-Est\u00a0\u00bb<\/em>. Une cinquantaine d\u2019Etats ont t\u00e9moign\u00e9 dans cette affaire sans pr\u00e9c\u00e9dent.<\/p>\n<p class=\"article__paragraph \"><em>\u00ab\u00a0La Cour a estim\u00e9 que la pr\u00e9sence continue d\u2019Isra\u00ebl dans les territoires palestiniens \u00e9tait ill\u00e9gale\u00a0\u00bb<\/em>, a annonc\u00e9 le juge pr\u00e9sidant la CIJ, Nawaf Salam. <em>\u00ab\u00a0L\u2019\u00c9tat d\u2019Isra\u00ebl a l\u2019obligation de mettre fin le plus rapidement possible \u00e0 sa pr\u00e9sence ill\u00e9gale dans les territoires palestiniens occup\u00e9s\u00a0\u00bb<\/em>, a-t-il poursuivi.<\/p>\n<h2 class=\"article__sub-title\">\u00ab\u00a0Un grand jour pour la Palestine\u00a0\u00bb<\/h2>\n<p class=\"article__paragraph \"><em>\u00ab\u00a0C\u2019est un grand jour pour la Palestine\u00a0\u00bb<\/em>, s\u2019est f\u00e9licit\u00e9e vendredi Varsen Aghabekian, ministre d\u00e9l\u00e9gu\u00e9e aux affaires \u00e9trang\u00e8res de l\u2019Autorit\u00e9 palestinienne. <em>\u00ab\u00a0C\u2019est la plus haute juridiction <\/em>[de l\u2019ONU] <em>et elle a pr\u00e9sent\u00e9 une analyse tr\u00e8s d\u00e9taill\u00e9e de ce qui se passe \u00e0 travers l\u2019occupation et la colonisation prolong\u00e9e par Isra\u00ebl du territoire palestinien, en violation du droit international\u00a0\u00bb<\/em>, a d\u00e9clar\u00e9 M<sup>me<\/sup>\u00a0Aghabekian \u00e0 l\u2019Agence France-Presse. La pr\u00e9sidence de l\u2019Autorit\u00e9 palestinienne a salu\u00e9 la d\u00e9cision <em>\u00ab\u00a0historique\u00a0\u00bb. <\/em>Elle repr\u00e9sente <em>\u00ab\u00a0une victoire\u00a0\u00bb, <\/em>selon un communiqu\u00e9 relay\u00e9 par son agence de presse officielle, WAFa.<\/p>\n<p class=\"article__paragraph \">Pour le Hamas, cet avis place la communaut\u00e9 internationale <em>\u00ab\u00a0face \u00e0 l\u2019imp\u00e9ratif d\u2019agir imm\u00e9diatement pour mettre fin \u00e0 l\u2019occupation\u00a0\u00bb<\/em>, en particulier \u00e0 l\u2019aune de la guerre en cours dans la bande de Gaza, a \u00e9crit le mouvement islamiste palestinien dans un communiqu\u00e9.<\/p>\n<p class=\"article__paragraph \">Le premier ministre isra\u00e9lien, Benyamin N\u00e9tanyahou, a r\u00e9agi dans la foul\u00e9e. <em>\u00ab\u00a0Le peuple juif n\u2019est pas conqu\u00e9rant dans son propre pays \u2013 ni dans notre capitale \u00e9ternelle, J\u00e9rusalem, ni dans le pays de nos anc\u00eatres en Jud\u00e9e et en Samarie. Aucune fausse d\u00e9cision de La\u00a0Haye ne d\u00e9formera cette v\u00e9rit\u00e9 historique, et, de m\u00eame, la l\u00e9galit\u00e9 de la colonisation isra\u00e9lienne sur tous les territoires de notre patrie ne peut \u00eatre contest\u00e9e\u00a0\u00bb, <\/em>a-t-il estim\u00e9 sur le r\u00e9seau social\u00a0X.<\/p>\n<p class=\"article__paragraph \">En juin 1967, pendant la guerre des Six-Jours, Isra\u00ebl s\u2019est empar\u00e9 de la Cisjordanie et de J\u00e9rusalem-Est au d\u00e9triment de la Jordanie, du plateau du Golan au d\u00e9triment de la Syrie, ainsi que de la bande de Gaza et de la p\u00e9ninsule du Sina\u00ef au d\u00e9triment de l\u2019Egypte. Isra\u00ebl a ensuite commenc\u00e9 \u00e0 occuper les 70 000 kilom\u00e8tres carr\u00e9s de territoires arabes saisis, une occupation plus tard qualifi\u00e9e d\u2019ill\u00e9gale par l\u2019ONU.<\/p>\n<section class=\"author\">\n<p class=\"author__detail\"><strong><span class=\"author__name\">Le Monde avec AFP<\/span><\/strong><\/p>\n<\/section>\n<div class='share-to-whatsapp-wrapper'><div class='share-on-whsp'>PARTAGER SUR : <\/div><a data-text='GAZA - La Cour internationale de justice estime que l\u2019occupation des territoires palestiniens par Isra\u00ebl depuis 1967 est \"ill\u00e9gale\"' data-link='https:\/\/www.nettali.com\/2024\/10\/20\/gaza-la-cour-internationale-de-justice-estime-que-loccupation-des-territoires-palestiniens-par-israel-depuis-1967-est-illegale\/' class='whatsapp-button whatsapp-share'>WhatsApp<\/a><div class='clear '><\/div><\/div>","protected":false},"excerpt":{"rendered":"<p>NETTALI.COM - L\u2019avis rendu par l\u2019organe judiciaire de l\u2019ONU n\u2019est pas contraignant, mais pourrait accro\u00eetre la pression juridique croissante sur l\u2019Etat h\u00e9breu concernant la guerre dans la bande de Gaza. L\u2019avis de la Cour internationale de justice (CIJ) n\u2019est pas contraignant, mais il pourrait accro\u00eetre la pression croissante sur Isra\u00ebl. La CIJ, la plus haute [&hellip;]<\/p>\n","protected":false},"author":4,"featured_media":132868,"comment_status":"open","ping_status":"open","sticky":false,"template":"","format":"standard","meta":{"_et_pb_use_builder":"","_et_pb_old_content":""},"categories":[3],"tags":[],"yoast_head":"<!-- This site is optimized with the Yoast SEO Premium plugin v17.8 (Yoast SEO v17.8) - https:\/\/yoast.com\/wordpress\/plugins\/seo\/ -->\n<title>GAZA - La Cour internationale de justice estime que l\u2019occupation des territoires palestiniens par Isra\u00ebl depuis 1967 est &quot;ill\u00e9gale&quot; | Nettali.com<\/title>\n<meta name=\"robots\" content=\"index, follow, max-snippet:-1, max-image-preview:large, max-video-preview:-1\" \/>\n<link rel=\"canonical\" href=\"https:\/\/www.nettali.com\/2024\/10\/20\/gaza-la-cour-internationale-de-justice-estime-que-loccupation-des-territoires-palestiniens-par-israel-depuis-1967-est-illegale\/\" \/>\n<meta property=\"og:locale\" content=\"fr_FR\" \/>\n<meta property=\"og:type\" content=\"article\" \/>\n<meta property=\"og:title\" content=\"GAZA - La Cour internationale de justice estime que l\u2019occupation des territoires palestiniens par Isra\u00ebl depuis 1967 est &quot;ill\u00e9gale&quot;\" \/>\n<meta property=\"og:description\" content=\"NETTALI.COM - L\u2019avis rendu par l\u2019organe judiciaire de l\u2019ONU n\u2019est pas contraignant, mais pourrait accro\u00eetre la pression juridique croissante sur l\u2019Etat h\u00e9breu concernant la guerre dans la bande de Gaza. L\u2019avis de la Cour internationale de justice (CIJ) n\u2019est pas contraignant, mais il pourrait accro\u00eetre la pression croissante sur Isra\u00ebl. La CIJ, la plus haute [&hellip;]\" \/>\n<meta property=\"og:url\" content=\"https:\/\/www.nettali.com\/2024\/10\/20\/gaza-la-cour-internationale-de-justice-estime-que-loccupation-des-territoires-palestiniens-par-israel-depuis-1967-est-illegale\/\" \/>\n<meta property=\"og:site_name\" content=\"Nettali.com\" \/>\n<meta property=\"article:publisher\" content=\"https:\/\/www.facebook.com\/nettalicom\" \/>\n<meta property=\"article:published_time\" content=\"2024-10-20T21:54:55+00:00\" \/>\n<meta property=\"article:modified_time\" content=\"2024-10-21T00:51:10+00:00\" \/>\n<meta property=\"og:image\" content=\"https:\/\/www.nettali.com\/wp-content\/uploads\/2024\/05\/58fed93_sin-israel-palestinians-0520-1b.jpeg\" \/>\n\t<meta property=\"og:image:width\" content=\"664\" \/>\n\t<meta property=\"og:image:height\" content=\"498\" \/>\n<meta name=\"twitter:card\" content=\"summary_large_image\" \/>\n<meta name=\"twitter:label1\" content=\"\u00c9crit par\" \/>\n\t<meta name=\"twitter:data1\" content=\"Daouda\" \/>\n\t<meta name=\"twitter:label2\" content=\"Dur\u00e9e de lecture estim\u00e9e\" \/>\n\t<meta name=\"twitter:data2\" content=\"3 minutes\" \/>\n<script type=\"application\/ld+json\" class=\"yoast-schema-graph\">{\"@context\":\"https:\/\/schema.org\",\"@graph\":[{\"@type\":\"WebSite\",\"@id\":\"https:\/\/www.nettali.com\/#website\",\"url\":\"https:\/\/www.nettali.com\/\",\"name\":\"Nettali.com\",\"description\":\"Le rendez-vous critique du Net\",\"potentialAction\":[{\"@type\":\"SearchAction\",\"target\":{\"@type\":\"EntryPoint\",\"urlTemplate\":\"https:\/\/www.nettali.com\/?s={search_term_string}\"},\"query-input\":\"required name=search_term_string\"}],\"inLanguage\":\"fr-FR\"},{\"@type\":\"ImageObject\",\"@id\":\"https:\/\/www.nettali.com\/2024\/10\/20\/gaza-la-cour-internationale-de-justice-estime-que-loccupation-des-territoires-palestiniens-par-israel-depuis-1967-est-illegale\/#primaryimage\",\"inLanguage\":\"fr-FR\",\"url\":\"https:\/\/www.nettali.com\/wp-content\/uploads\/2024\/05\/58fed93_sin-israel-palestinians-0520-1b.jpeg\",\"contentUrl\":\"https:\/\/www.nettali.com\/wp-content\/uploads\/2024\/05\/58fed93_sin-israel-palestinians-0520-1b.jpeg\",\"width\":664,\"height\":498,\"caption\":\"Palestinians celebrate in the streets following a ceasefire, in the southern Gaza Strip May 21, 2021. REUTERS\/Ibraheem Abu Mustafa\"},{\"@type\":\"WebPage\",\"@id\":\"https:\/\/www.nettali.com\/2024\/10\/20\/gaza-la-cour-internationale-de-justice-estime-que-loccupation-des-territoires-palestiniens-par-israel-depuis-1967-est-illegale\/#webpage\",\"url\":\"https:\/\/www.nettali.com\/2024\/10\/20\/gaza-la-cour-internationale-de-justice-estime-que-loccupation-des-territoires-palestiniens-par-israel-depuis-1967-est-illegale\/\",\"name\":\"GAZA - La Cour internationale de justice estime que l\\u2019occupation des territoires palestiniens par Isra\\u00ebl depuis 1967 est \\\"ill\\u00e9gale\\\" | Nettali.com\",\"isPartOf\":{\"@id\":\"https:\/\/www.nettali.com\/#website\"},\"primaryImageOfPage\":{\"@id\":\"https:\/\/www.nettali.com\/2024\/10\/20\/gaza-la-cour-internationale-de-justice-estime-que-loccupation-des-territoires-palestiniens-par-israel-depuis-1967-est-illegale\/#primaryimage\"},\"datePublished\":\"2024-10-20T21:54:55+00:00\",\"dateModified\":\"2024-10-21T00:51:10+00:00\",\"author\":{\"@id\":\"https:\/\/www.nettali.com\/#\/schema\/person\/3317e0bb3aa1da309fbf7b2780901bf4\"},\"breadcrumb\":{\"@id\":\"https:\/\/www.nettali.com\/2024\/10\/20\/gaza-la-cour-internationale-de-justice-estime-que-loccupation-des-territoires-palestiniens-par-israel-depuis-1967-est-illegale\/#breadcrumb\"},\"inLanguage\":\"fr-FR\",\"potentialAction\":[{\"@type\":\"ReadAction\",\"target\":[\"https:\/\/www.nettali.com\/2024\/10\/20\/gaza-la-cour-internationale-de-justice-estime-que-loccupation-des-territoires-palestiniens-par-israel-depuis-1967-est-illegale\/\"]}]},{\"@type\":\"BreadcrumbList\",\"@id\":\"https:\/\/www.nettali.com\/2024\/10\/20\/gaza-la-cour-internationale-de-justice-estime-que-loccupation-des-territoires-palestiniens-par-israel-depuis-1967-est-illegale\/#breadcrumb\",\"itemListElement\":[{\"@type\":\"ListItem\",\"position\":1,\"name\":\"Accueil\",\"item\":\"https:\/\/www.nettali.com\/\"},{\"@type\":\"ListItem\",\"position\":2,\"name\":\"GAZA - La Cour internationale de justice estime que l\\u2019occupation des territoires palestiniens par Isra\\u00ebl depuis 1967 est \\\"ill\\u00e9gale\\\"\"}]},{\"@type\":\"Person\",\"@id\":\"https:\/\/www.nettali.com\/#\/schema\/person\/3317e0bb3aa1da309fbf7b2780901bf4\",\"name\":\"Daouda\",\"image\":{\"@type\":\"ImageObject\",\"@id\":\"https:\/\/www.nettali.com\/#personlogo\",\"inLanguage\":\"fr-FR\",\"url\":\"https:\/\/secure.gravatar.com\/avatar\/8d143b5a49345098ddcfee1c49c2f47c?s=96&d=mm&r=g\",\"contentUrl\":\"https:\/\/secure.gravatar.com\/avatar\/8d143b5a49345098ddcfee1c49c2f47c?s=96&d=mm&r=g\",\"caption\":\"Daouda\"},\"sameAs\":[\"https:\/\/www.nettali.com\"]}]}<\/script>\n<!-- \/ Yoast SEO Premium plugin. -->","yoast_head_json":{"title":"GAZA - La Cour internationale de justice estime que l\u2019occupation des territoires palestiniens par Isra\u00ebl depuis 1967 est \"ill\u00e9gale\" | Nettali.com","robots":{"index":"index","follow":"follow","max-snippet":"max-snippet:-1","max-image-preview":"max-image-preview:large","max-video-preview":"max-video-preview:-1"},"canonical":"https:\/\/www.nettali.com\/2024\/10\/20\/gaza-la-cour-internationale-de-justice-estime-que-loccupation-des-territoires-palestiniens-par-israel-depuis-1967-est-illegale\/","og_locale":"fr_FR","og_type":"article","og_title":"GAZA - La Cour internationale de justice estime que l\u2019occupation des territoires palestiniens par Isra\u00ebl depuis 1967 est \"ill\u00e9gale\"","og_description":"NETTALI.COM - L\u2019avis rendu par l\u2019organe judiciaire de l\u2019ONU n\u2019est pas contraignant, mais pourrait accro\u00eetre la pression juridique croissante sur l\u2019Etat h\u00e9breu concernant la guerre dans la bande de Gaza. L\u2019avis de la Cour internationale de justice (CIJ) n\u2019est pas contraignant, mais il pourrait accro\u00eetre la pression croissante sur Isra\u00ebl. La CIJ, la plus haute [&hellip;]","og_url":"https:\/\/www.nettali.com\/2024\/10\/20\/gaza-la-cour-internationale-de-justice-estime-que-loccupation-des-territoires-palestiniens-par-israel-depuis-1967-est-illegale\/","og_site_name":"Nettali.com","article_publisher":"https:\/\/www.facebook.com\/nettalicom","article_published_time":"2024-10-20T21:54:55+00:00","article_modified_time":"2024-10-21T00:51:10+00:00","og_image":[{"width":664,"height":498,"url":"https:\/\/www.nettali.com\/wp-content\/uploads\/2024\/05\/58fed93_sin-israel-palestinians-0520-1b.jpeg","type":"image\/jpeg"}],"twitter_card":"summary_large_image","twitter_misc":{"\u00c9crit par":"Daouda","Dur\u00e9e de lecture estim\u00e9e":"3 minutes"},"schema":{"@context":"https:\/\/schema.org","@graph":[{"@type":"WebSite","@id":"https:\/\/www.nettali.com\/#website","url":"https:\/\/www.nettali.com\/","name":"Nettali.com","description":"Le rendez-vous critique du Net","potentialAction":[{"@type":"SearchAction","target":{"@type":"EntryPoint","urlTemplate":"https:\/\/www.nettali.com\/?s={search_term_string}"},"query-input":"required name=search_term_string"}],"inLanguage":"fr-FR"},{"@type":"ImageObject","@id":"https:\/\/www.nettali.com\/2024\/10\/20\/gaza-la-cour-internationale-de-justice-estime-que-loccupation-des-territoires-palestiniens-par-israel-depuis-1967-est-illegale\/#primaryimage","inLanguage":"fr-FR","url":"https:\/\/www.nettali.com\/wp-content\/uploads\/2024\/05\/58fed93_sin-israel-palestinians-0520-1b.jpeg","contentUrl":"https:\/\/www.nettali.com\/wp-content\/uploads\/2024\/05\/58fed93_sin-israel-palestinians-0520-1b.jpeg","width":664,"height":498,"caption":"Palestinians celebrate in the streets following a ceasefire, in the southern Gaza Strip May 21, 2021. REUTERS\/Ibraheem Abu Mustafa"},{"@type":"WebPage","@id":"https:\/\/www.nettali.com\/2024\/10\/20\/gaza-la-cour-internationale-de-justice-estime-que-loccupation-des-territoires-palestiniens-par-israel-depuis-1967-est-illegale\/#webpage","url":"https:\/\/www.nettali.com\/2024\/10\/20\/gaza-la-cour-internationale-de-justice-estime-que-loccupation-des-territoires-palestiniens-par-israel-depuis-1967-est-illegale\/","name":"GAZA - La Cour internationale de justice estime que l\u2019occupation des territoires palestiniens par Isra\u00ebl depuis 1967 est \"ill\u00e9gale\" | Nettali.com","isPartOf":{"@id":"https:\/\/www.nettali.com\/#website"},"primaryImageOfPage":{"@id":"https:\/\/www.nettali.com\/2024\/10\/20\/gaza-la-cour-internationale-de-justice-estime-que-loccupation-des-territoires-palestiniens-par-israel-depuis-1967-est-illegale\/#primaryimage"},"datePublished":"2024-10-20T21:54:55+00:00","dateModified":"2024-10-21T00:51:10+00:00","author":{"@id":"https:\/\/www.nettali.com\/#\/schema\/person\/3317e0bb3aa1da309fbf7b2780901bf4"},"breadcrumb":{"@id":"https:\/\/www.nettali.com\/2024\/10\/20\/gaza-la-cour-internationale-de-justice-estime-que-loccupation-des-territoires-palestiniens-par-israel-depuis-1967-est-illegale\/#breadcrumb"},"inLanguage":"fr-FR","potentialAction":[{"@type":"ReadAction","target":["https:\/\/www.nettali.com\/2024\/10\/20\/gaza-la-cour-internationale-de-justice-estime-que-loccupation-des-territoires-palestiniens-par-israel-depuis-1967-est-illegale\/"]}]},{"@type":"BreadcrumbList","@id":"https:\/\/www.nettali.com\/2024\/10\/20\/gaza-la-cour-internationale-de-justice-estime-que-loccupation-des-territoires-palestiniens-par-israel-depuis-1967-est-illegale\/#breadcrumb","itemListElement":[{"@type":"ListItem","position":1,"name":"Accueil","item":"https:\/\/www.nettali.com\/"},{"@type":"ListItem","position":2,"name":"GAZA - La Cour internationale de justice estime que l\u2019occupation des territoires palestiniens par Isra\u00ebl depuis 1967 est \"ill\u00e9gale\""}]},{"@type":"Person","@id":"https:\/\/www.nettali.com\/#\/schema\/person\/3317e0bb3aa1da309fbf7b2780901bf4","name":"Daouda","image":{"@type":"ImageObject","@id":"https:\/\/www.nettali.com\/#personlogo","inLanguage":"fr-FR","url":"https:\/\/secure.gravatar.com\/avatar\/8d143b5a49345098ddcfee1c49c2f47c?s=96&d=mm&r=g","contentUrl":"https:\/\/secure.gravatar.com\/avatar\/8d143b5a49345098ddcfee1c49c2f47c?s=96&d=mm&r=g","caption":"Daouda"},"sameAs":["https:\/\/www.nettali.com"]}]}},"_links":{"self":[{"href":"https:\/\/www.nettali.com\/rest\/wp\/v2\/posts\/142395"}],"collection":[{"href":"https:\/\/www.nettali.com\/rest\/wp\/v2\/posts"}],"about":[{"href":"https:\/\/www.nettali.com\/rest\/wp\/v2\/types\/post"}],"author":[{"embeddable":true,"href":"https:\/\/www.nettali.com\/rest\/wp\/v2\/users\/4"}],"replies":[{"embeddable":true,"href":"https:\/\/www.nettali.com\/rest\/wp\/v2\/comments?post=142395"}],"version-history":[{"count":2,"href":"https:\/\/www.nettali.com\/rest\/wp\/v2\/posts\/142395\/revisions"}],"predecessor-version":[{"id":142399,"href":"https:\/\/www.nettali.com\/rest\/wp\/v2\/posts\/142395\/revisions\/142399"}],"wp:featuredmedia":[{"embeddable":true,"href":"https:\/\/www.nettali.com\/rest\/wp\/v2\/media\/132868"}],"wp:attachment":[{"href":"https:\/\/www.nettali.com\/rest\/wp\/v2\/media?parent=142395"}],"wp:term":[{"taxonomy":"category","embeddable":true,"href":"https:\/\/www.nettali.com\/rest\/wp\/v2\/categories?post=142395"},{"taxonomy":"post_tag","embeddable":true,"href":"https:\/\/www.nettali.com\/rest\/wp\/v2\/tags?post=142395"}],"curies":[{"name":"wp","href":"https:\/\/api.w.org\/{rel}","templated":true}]}}