{"id":142389,"date":"2024-10-20T20:47:57","date_gmt":"2024-10-20T20:47:57","guid":{"rendered":"https:\/\/www.nettali.com\/?p=142389"},"modified":"2024-10-21T08:16:54","modified_gmt":"2024-10-21T08:16:54","slug":"emedia-les-travailleurs-decretent-une-semaine-de-greve","status":"publish","type":"post","link":"https:\/\/www.nettali.com\/2024\/10\/20\/emedia-les-travailleurs-decretent-une-semaine-de-greve\/","title":{"rendered":"EMEDIA - Les travailleurs d\u00e9cr\u00e8tent une semaine de gr\u00e8ve"},"content":{"rendered":"<p><strong>NETTALI.COM - Une gr\u00e8ve d'une semaine. C'est que les travailleurs du groupe Emedia vont observer \u00e0 partir de ce lundi. Rest\u00e9s cinq mois sans salaire, ils d\u00e9noncent \"<em>un manque de respect<\/em>\" et \"<em>une absence de consid\u00e9ration<\/em>\" de la part de leur direction.<\/strong><\/p>\n<p>Le groupe Emedia traverse une crise sans pr\u00e9c\u00e9dent. Une situation symbolis\u00e9e par l'absence de salaires pour les travailleurs depuis au moins cinq mois. Et c'est cela que les travailleurs ne peuvent plus accepter. Ainsi, apr\u00e8s la publication d'un communiqu\u00e9, la semaine derni\u00e8re, les travailleurs regroup\u00e9s au sein de la section Synpics ont d\u00e9cid\u00e9 d'aller plus loin. La cause : \"<em>La direction g\u00e9n\u00e9rale n'a pos\u00e9 aucun acte pour essayer de d\u00e9canter la situation<\/em>\", regrettent-ils dans un communiqu\u00e9. Non sans d\u00e9noncer \"<em>un manque de respect<\/em>\" et une \"<em>absence de consid\u00e9ration<\/em>\" qui font croire aux travailleurs que leurs revendications sont loin d'\u00eatre satisfaites.<\/p>\n<p>Suffisant pour que \"<em>les braves agents de cette entreprise de presse, qui sont rest\u00e9s presque cinq mois sans salaire, d\u00e9cident de suspendre toute activit\u00e9 pour une semaine \u00e0 partir de ce lundi 21 octobre 2024, conform\u00e9ment au droit du travail<\/em>\". Pour les travailleurs du groupe Emedia, il s'agit certes d'une \"<em>mesure radicale<\/em>\", mais \"<em>elle reste le seul moyen de pousser la direction \u00e0 se rendre compte de la gravit\u00e9 de la situation<\/em>\".<\/p>\n<p>\"<em>Le syndicat invite solennellement tous les agents de la bo\u00eete<\/em> (journalistes, cadreurs, monteurs, animateurs, photographes, chauffeurs, techniciens, techniciens de surface...) <em>\u00e0 suivre le mot d'ordre pour le combat de notre dignit\u00e9<\/em>\", lit-on dans le communiqu\u00e9 sign\u00e9 par le secr\u00e9taire g\u00e9n\u00e9ral de la section Synpics du groupe Emedia.<\/p>\n<div class='share-to-whatsapp-wrapper'><div class='share-on-whsp'>PARTAGER SUR : <\/div><a data-text='EMEDIA - Les travailleurs d\u00e9cr\u00e8tent une semaine de gr\u00e8ve' data-link='https:\/\/www.nettali.com\/2024\/10\/20\/emedia-les-travailleurs-decretent-une-semaine-de-greve\/' class='whatsapp-button whatsapp-share'>WhatsApp<\/a><div class='clear '><\/div><\/div>","protected":false},"excerpt":{"rendered":"<p>NETTALI.COM - Une gr\u00e8ve d'une semaine. C'est que les travailleurs du groupe Emedia vont observer \u00e0 partir de ce lundi. Rest\u00e9s cinq mois sans salaire, ils d\u00e9noncent \"un manque de respect\" et \"une absence de consid\u00e9ration\" de la part de leur direction. Le groupe Emedia traverse une crise sans pr\u00e9c\u00e9dent. Une situation symbolis\u00e9e par l'absence [&hellip;]<\/p>\n","protected":false},"author":3,"featured_media":142391,"comment_status":"open","ping_status":"open","sticky":false,"template":"","format":"standard","meta":{"_et_pb_use_builder":"","_et_pb_old_content":""},"categories":[3],"tags":[],"yoast_head":"<!-- This site is optimized with the Yoast SEO Premium plugin v17.8 (Yoast SEO v17.8) - https:\/\/yoast.com\/wordpress\/plugins\/seo\/ -->\n<title>EMEDIA - Les travailleurs d\u00e9cr\u00e8tent une semaine de gr\u00e8ve | Nettali.com<\/title>\n<meta name=\"robots\" content=\"index, follow, max-snippet:-1, max-image-preview:large, max-video-preview:-1\" \/>\n<link rel=\"canonical\" href=\"https:\/\/www.nettali.com\/2024\/10\/20\/emedia-les-travailleurs-decretent-une-semaine-de-greve\/\" \/>\n<meta property=\"og:locale\" content=\"fr_FR\" \/>\n<meta property=\"og:type\" content=\"article\" \/>\n<meta property=\"og:title\" content=\"EMEDIA - Les travailleurs d\u00e9cr\u00e8tent une semaine de gr\u00e8ve\" \/>\n<meta property=\"og:description\" content=\"NETTALI.COM - Une gr\u00e8ve d&#039;une semaine. C&#039;est que les travailleurs du groupe Emedia vont observer \u00e0 partir de ce lundi. Rest\u00e9s cinq mois sans salaire, ils d\u00e9noncent &quot;un manque de respect&quot; et &quot;une absence de consid\u00e9ration&quot; de la part de leur direction. Le groupe Emedia traverse une crise sans pr\u00e9c\u00e9dent. Une situation symbolis\u00e9e par l&#039;absence [&hellip;]\" \/>\n<meta property=\"og:url\" content=\"https:\/\/www.nettali.com\/2024\/10\/20\/emedia-les-travailleurs-decretent-une-semaine-de-greve\/\" \/>\n<meta property=\"og:site_name\" content=\"Nettali.com\" \/>\n<meta property=\"article:publisher\" content=\"https:\/\/www.facebook.com\/nettalicom\" \/>\n<meta property=\"article:published_time\" content=\"2024-10-20T20:47:57+00:00\" \/>\n<meta property=\"article:modified_time\" content=\"2024-10-21T08:16:54+00:00\" \/>\n<meta property=\"og:image\" content=\"https:\/\/www.nettali.com\/wp-content\/uploads\/2024\/10\/49051e6a30e33f71129e9ab2bd8118201af4afac.jpg\" \/>\n\t<meta property=\"og:image:width\" content=\"612\" \/>\n\t<meta property=\"og:image:height\" content=\"298\" \/>\n<meta name=\"twitter:card\" content=\"summary_large_image\" \/>\n<meta name=\"twitter:label1\" content=\"\u00c9crit par\" \/>\n\t<meta name=\"twitter:data1\" content=\"Moustapha\" \/>\n\t<meta name=\"twitter:label2\" content=\"Dur\u00e9e de lecture estim\u00e9e\" \/>\n\t<meta name=\"twitter:data2\" content=\"2 minutes\" \/>\n<script type=\"application\/ld+json\" class=\"yoast-schema-graph\">{\"@context\":\"https:\/\/schema.org\",\"@graph\":[{\"@type\":\"WebSite\",\"@id\":\"https:\/\/www.nettali.com\/#website\",\"url\":\"https:\/\/www.nettali.com\/\",\"name\":\"Nettali.com\",\"description\":\"Le rendez-vous critique du Net\",\"potentialAction\":[{\"@type\":\"SearchAction\",\"target\":{\"@type\":\"EntryPoint\",\"urlTemplate\":\"https:\/\/www.nettali.com\/?s={search_term_string}\"},\"query-input\":\"required name=search_term_string\"}],\"inLanguage\":\"fr-FR\"},{\"@type\":\"ImageObject\",\"@id\":\"https:\/\/www.nettali.com\/2024\/10\/20\/emedia-les-travailleurs-decretent-une-semaine-de-greve\/#primaryimage\",\"inLanguage\":\"fr-FR\",\"url\":\"https:\/\/www.nettali.com\/wp-content\/uploads\/2024\/10\/49051e6a30e33f71129e9ab2bd8118201af4afac.jpg\",\"contentUrl\":\"https:\/\/www.nettali.com\/wp-content\/uploads\/2024\/10\/49051e6a30e33f71129e9ab2bd8118201af4afac.jpg\",\"width\":612,\"height\":298},{\"@type\":\"WebPage\",\"@id\":\"https:\/\/www.nettali.com\/2024\/10\/20\/emedia-les-travailleurs-decretent-une-semaine-de-greve\/#webpage\",\"url\":\"https:\/\/www.nettali.com\/2024\/10\/20\/emedia-les-travailleurs-decretent-une-semaine-de-greve\/\",\"name\":\"EMEDIA - Les travailleurs d\\u00e9cr\\u00e8tent une semaine de gr\\u00e8ve | Nettali.com\",\"isPartOf\":{\"@id\":\"https:\/\/www.nettali.com\/#website\"},\"primaryImageOfPage\":{\"@id\":\"https:\/\/www.nettali.com\/2024\/10\/20\/emedia-les-travailleurs-decretent-une-semaine-de-greve\/#primaryimage\"},\"datePublished\":\"2024-10-20T20:47:57+00:00\",\"dateModified\":\"2024-10-21T08:16:54+00:00\",\"author\":{\"@id\":\"https:\/\/www.nettali.com\/#\/schema\/person\/7962a12a6e0267f88f0ffa544c36469a\"},\"breadcrumb\":{\"@id\":\"https:\/\/www.nettali.com\/2024\/10\/20\/emedia-les-travailleurs-decretent-une-semaine-de-greve\/#breadcrumb\"},\"inLanguage\":\"fr-FR\",\"potentialAction\":[{\"@type\":\"ReadAction\",\"target\":[\"https:\/\/www.nettali.com\/2024\/10\/20\/emedia-les-travailleurs-decretent-une-semaine-de-greve\/\"]}]},{\"@type\":\"BreadcrumbList\",\"@id\":\"https:\/\/www.nettali.com\/2024\/10\/20\/emedia-les-travailleurs-decretent-une-semaine-de-greve\/#breadcrumb\",\"itemListElement\":[{\"@type\":\"ListItem\",\"position\":1,\"name\":\"Accueil\",\"item\":\"https:\/\/www.nettali.com\/\"},{\"@type\":\"ListItem\",\"position\":2,\"name\":\"EMEDIA - Les travailleurs d\\u00e9cr\\u00e8tent une semaine de gr\\u00e8ve\"}]},{\"@type\":\"Person\",\"@id\":\"https:\/\/www.nettali.com\/#\/schema\/person\/7962a12a6e0267f88f0ffa544c36469a\",\"name\":\"Moustapha\",\"image\":{\"@type\":\"ImageObject\",\"@id\":\"https:\/\/www.nettali.com\/#personlogo\",\"inLanguage\":\"fr-FR\",\"url\":\"https:\/\/secure.gravatar.com\/avatar\/10fdf6a071cccdcf374e3dbe45159590?s=96&d=mm&r=g\",\"contentUrl\":\"https:\/\/secure.gravatar.com\/avatar\/10fdf6a071cccdcf374e3dbe45159590?s=96&d=mm&r=g\",\"caption\":\"Moustapha\"},\"sameAs\":[\"https:\/\/www.nettali.com\"]}]}<\/script>\n<!-- \/ Yoast SEO Premium plugin. -->","yoast_head_json":{"title":"EMEDIA - Les travailleurs d\u00e9cr\u00e8tent une semaine de gr\u00e8ve | Nettali.com","robots":{"index":"index","follow":"follow","max-snippet":"max-snippet:-1","max-image-preview":"max-image-preview:large","max-video-preview":"max-video-preview:-1"},"canonical":"https:\/\/www.nettali.com\/2024\/10\/20\/emedia-les-travailleurs-decretent-une-semaine-de-greve\/","og_locale":"fr_FR","og_type":"article","og_title":"EMEDIA - Les travailleurs d\u00e9cr\u00e8tent une semaine de gr\u00e8ve","og_description":"NETTALI.COM - Une gr\u00e8ve d'une semaine. C'est que les travailleurs du groupe Emedia vont observer \u00e0 partir de ce lundi. Rest\u00e9s cinq mois sans salaire, ils d\u00e9noncent \"un manque de respect\" et \"une absence de consid\u00e9ration\" de la part de leur direction. Le groupe Emedia traverse une crise sans pr\u00e9c\u00e9dent. Une situation symbolis\u00e9e par l'absence [&hellip;]","og_url":"https:\/\/www.nettali.com\/2024\/10\/20\/emedia-les-travailleurs-decretent-une-semaine-de-greve\/","og_site_name":"Nettali.com","article_publisher":"https:\/\/www.facebook.com\/nettalicom","article_published_time":"2024-10-20T20:47:57+00:00","article_modified_time":"2024-10-21T08:16:54+00:00","og_image":[{"width":612,"height":298,"url":"https:\/\/www.nettali.com\/wp-content\/uploads\/2024\/10\/49051e6a30e33f71129e9ab2bd8118201af4afac.jpg","type":"image\/jpeg"}],"twitter_card":"summary_large_image","twitter_misc":{"\u00c9crit par":"Moustapha","Dur\u00e9e de lecture estim\u00e9e":"2 minutes"},"schema":{"@context":"https:\/\/schema.org","@graph":[{"@type":"WebSite","@id":"https:\/\/www.nettali.com\/#website","url":"https:\/\/www.nettali.com\/","name":"Nettali.com","description":"Le rendez-vous critique du Net","potentialAction":[{"@type":"SearchAction","target":{"@type":"EntryPoint","urlTemplate":"https:\/\/www.nettali.com\/?s={search_term_string}"},"query-input":"required name=search_term_string"}],"inLanguage":"fr-FR"},{"@type":"ImageObject","@id":"https:\/\/www.nettali.com\/2024\/10\/20\/emedia-les-travailleurs-decretent-une-semaine-de-greve\/#primaryimage","inLanguage":"fr-FR","url":"https:\/\/www.nettali.com\/wp-content\/uploads\/2024\/10\/49051e6a30e33f71129e9ab2bd8118201af4afac.jpg","contentUrl":"https:\/\/www.nettali.com\/wp-content\/uploads\/2024\/10\/49051e6a30e33f71129e9ab2bd8118201af4afac.jpg","width":612,"height":298},{"@type":"WebPage","@id":"https:\/\/www.nettali.com\/2024\/10\/20\/emedia-les-travailleurs-decretent-une-semaine-de-greve\/#webpage","url":"https:\/\/www.nettali.com\/2024\/10\/20\/emedia-les-travailleurs-decretent-une-semaine-de-greve\/","name":"EMEDIA - Les travailleurs d\u00e9cr\u00e8tent une semaine de gr\u00e8ve | Nettali.com","isPartOf":{"@id":"https:\/\/www.nettali.com\/#website"},"primaryImageOfPage":{"@id":"https:\/\/www.nettali.com\/2024\/10\/20\/emedia-les-travailleurs-decretent-une-semaine-de-greve\/#primaryimage"},"datePublished":"2024-10-20T20:47:57+00:00","dateModified":"2024-10-21T08:16:54+00:00","author":{"@id":"https:\/\/www.nettali.com\/#\/schema\/person\/7962a12a6e0267f88f0ffa544c36469a"},"breadcrumb":{"@id":"https:\/\/www.nettali.com\/2024\/10\/20\/emedia-les-travailleurs-decretent-une-semaine-de-greve\/#breadcrumb"},"inLanguage":"fr-FR","potentialAction":[{"@type":"ReadAction","target":["https:\/\/www.nettali.com\/2024\/10\/20\/emedia-les-travailleurs-decretent-une-semaine-de-greve\/"]}]},{"@type":"BreadcrumbList","@id":"https:\/\/www.nettali.com\/2024\/10\/20\/emedia-les-travailleurs-decretent-une-semaine-de-greve\/#breadcrumb","itemListElement":[{"@type":"ListItem","position":1,"name":"Accueil","item":"https:\/\/www.nettali.com\/"},{"@type":"ListItem","position":2,"name":"EMEDIA - Les travailleurs d\u00e9cr\u00e8tent une semaine de gr\u00e8ve"}]},{"@type":"Person","@id":"https:\/\/www.nettali.com\/#\/schema\/person\/7962a12a6e0267f88f0ffa544c36469a","name":"Moustapha","image":{"@type":"ImageObject","@id":"https:\/\/www.nettali.com\/#personlogo","inLanguage":"fr-FR","url":"https:\/\/secure.gravatar.com\/avatar\/10fdf6a071cccdcf374e3dbe45159590?s=96&d=mm&r=g","contentUrl":"https:\/\/secure.gravatar.com\/avatar\/10fdf6a071cccdcf374e3dbe45159590?s=96&d=mm&r=g","caption":"Moustapha"},"sameAs":["https:\/\/www.nettali.com"]}]}},"_links":{"self":[{"href":"https:\/\/www.nettali.com\/rest\/wp\/v2\/posts\/142389"}],"collection":[{"href":"https:\/\/www.nettali.com\/rest\/wp\/v2\/posts"}],"about":[{"href":"https:\/\/www.nettali.com\/rest\/wp\/v2\/types\/post"}],"author":[{"embeddable":true,"href":"https:\/\/www.nettali.com\/rest\/wp\/v2\/users\/3"}],"replies":[{"embeddable":true,"href":"https:\/\/www.nettali.com\/rest\/wp\/v2\/comments?post=142389"}],"version-history":[{"count":1,"href":"https:\/\/www.nettali.com\/rest\/wp\/v2\/posts\/142389\/revisions"}],"predecessor-version":[{"id":142390,"href":"https:\/\/www.nettali.com\/rest\/wp\/v2\/posts\/142389\/revisions\/142390"}],"wp:featuredmedia":[{"embeddable":true,"href":"https:\/\/www.nettali.com\/rest\/wp\/v2\/media\/142391"}],"wp:attachment":[{"href":"https:\/\/www.nettali.com\/rest\/wp\/v2\/media?parent=142389"}],"wp:term":[{"taxonomy":"category","embeddable":true,"href":"https:\/\/www.nettali.com\/rest\/wp\/v2\/categories?post=142389"},{"taxonomy":"post_tag","embeddable":true,"href":"https:\/\/www.nettali.com\/rest\/wp\/v2\/tags?post=142389"}],"curies":[{"name":"wp","href":"https:\/\/api.w.org\/{rel}","templated":true}]}}