{"id":142379,"date":"2024-10-20T19:38:57","date_gmt":"2024-10-20T19:38:57","guid":{"rendered":"https:\/\/www.nettali.com\/?p=142379"},"modified":"2024-10-21T20:54:54","modified_gmt":"2024-10-21T20:54:54","slug":"cheikh-yerim-seck-ce-que-diomaye-sonko-et-mimi-sont-en-train-de-faire-contre-macky-sall","status":"publish","type":"post","link":"https:\/\/www.nettali.com\/2024\/10\/20\/cheikh-yerim-seck-ce-que-diomaye-sonko-et-mimi-sont-en-train-de-faire-contre-macky-sall\/","title":{"rendered":"CHEIKH YERIM SECK : \"Ce que Diomaye, Sonko et Mimi sont en train de faire contre Macky Sall\""},"content":{"rendered":"<p class=\"firstp\"><strong>NETTALI.COM\u00a0 Il y a quelques jours, une p\u00e9tition initi\u00e9e par le mouvement Africa In Harlem a conduit \u00e0 l\u2019annonce de l\u2019absence de Macky Sall, ancien pr\u00e9sident du S\u00e9n\u00e9gal, \u00e0 la Conf\u00e9rence Africaine de Columbia pr\u00e9vue pour les 25 et 26 octobre 2024. Cet \u00e9v\u00e9nement a \u00e9t\u00e9 pr\u00e9sent\u00e9 par les p\u00e9titionnaires comme une victoire contre la participation de Macky Sall. Cependant, Cheikh Yerim Seck avance le contraire et soutient que cette absence est en r\u00e9alit\u00e9 due \u00e0 une d\u00e9cision personnelle de Macky Sall, li\u00e9e \u00e0 sa pr\u00e9paration pour les l\u00e9gislatives de novembre. Voici in extenso son texte.<\/strong><\/p>\n<div id=\"responsiveinpost\" class=\"homeAds\"><\/div>\n<p><em>\"Il y a quelques jours, Oumoul Diallo a orchestr\u00e9 une campagne m\u00e9diatique se f\u00e9licitant d\u2019avoir, via une p\u00e9tition du mouvement Africa In Harlem, obtenu l\u2019exclusion de Macky Sall, ancien pr\u00e9sident du S\u00e9n\u00e9gal, de la Conf\u00e9rence Africaine de Columbia pr\u00e9vue pour les 25 et 26 octobre 2024.<\/em><\/p>\n<p><em>Les organisateurs ont r\u00e9pondu aux p\u00e9titionnaires par un communiqu\u00e9 indiquant : \u00ab En raison de circonstances impr\u00e9vues, Macky Sall ne participera plus \u00e0 la Conf\u00e9rence Columbia Africa \u00bb, une formulation que les p\u00e9titionnaires ont peut-\u00eatre mal interpr\u00e9t\u00e9e.<\/em><\/p>\n<p><em>En r\u00e9alit\u00e9, c\u2019est Macky Sall lui-m\u00eame qui a d\u00e9clin\u00e9 cette invitation, tout comme il a poliment refus\u00e9 d\u2019autres engagements, tels que HEC Paris, en raison de la pr\u00e9paration des l\u00e9gislatives du 17 novembre 2024.<\/em><\/p>\n<div class=\"google-auto-placed ap_container\"><\/div>\n<p><em>Cet \u00e9pisode illustre toutefois les attaques r\u00e9p\u00e9t\u00e9es auxquelles Macky Sall fait face depuis son d\u00e9part du pouvoir. \u00c0 l\u2019origine de ces man\u0153uvres, on retrouve la ministre des Affaires \u00e9trang\u00e8res, Yassine Fall, soutenue par ses sup\u00e9rieurs. Consid\u00e9r\u00e9e comme l\u2019une des plus inefficaces depuis l\u2019ind\u00e9pendance, elle a notamment refus\u00e9 de r\u00e9diger les notes verbales n\u00e9cessaires aux d\u00e9placements de l\u2019ancien pr\u00e9sident.<\/em><\/p>\n<p><em>Aminata Tour\u00e9, surnomm\u00e9e Mimi, jadis fid\u00e8le alli\u00e9e de Macky Sall, est devenue l\u2019une de ses plus f\u00e9roces opposantes. Elle est accus\u00e9e de concevoir une strat\u00e9gie visant \u00e0 bloquer toute opportunit\u00e9 de rayonnement international pour Macky Sall, afin d\u2019emp\u00eacher son repositionnement politique au S\u00e9n\u00e9gal. Dans cette optique, il est priv\u00e9 des avantages auxquels son statut d\u2019ancien chef d\u2019\u00c9tat lui donne droit, tels que la r\u00e9mun\u00e9ration de son personnel ou la couverture m\u00e9dicale.<\/em><\/p>\n<p><em>M\u00eame lors de la derni\u00e8re Assembl\u00e9e g\u00e9n\u00e9rale des Nations Unies, Macky Sall a d\u00fb \u00eatre accr\u00e9dit\u00e9 par la pr\u00e9sidence fran\u00e7aise pour pr\u00e9sider une r\u00e9union de haut niveau, la mission s\u00e9n\u00e9galaise \u00e0 l\u2019ONU ayant re\u00e7u des consignes de Yassine Fall de refuser l\u2019accr\u00e9ditation. Une situation qui met en lumi\u00e8re une atteinte \u00e0 l\u2019image diplomatique du S\u00e9n\u00e9gal.<\/em><\/p>\n<p><em>Dans un contexte encore plus tendu, une r\u00e9union entre Bassirou Diomaye Faye, Ousmane Sonko et Mimi Tour\u00e9 aurait d\u00e9bouch\u00e9 sur des m\u00e9thodes extr\u00eames visant \u00e0 emp\u00eacher le retour de Macky Sall et \u00e0 fragiliser sa famille. Suite \u00e0 cette rencontre, Fadilou Keita a d\u00e9clar\u00e9 publiquement que le r\u00e9gime avait des dossiers pour poursuivre Macky Sall d\u00e8s son retour au S\u00e9n\u00e9gal.<\/em><\/p>\n<p><em>L\u2019ironie de cette situation r\u00e9side dans le fait que Fadilou Keita avait \u00e9t\u00e9 embauch\u00e9 \u00e0 l\u2019ARTP sur recommandation de Macky Sall, \u00e0 la demande d\u2019un parent de celui qui le menace aujourd\u2019hui. Mais comme le montre aussi le cas Mimi Tour\u00e9, la gratitude est une qualit\u00e9 rarement partag\u00e9e dans la sph\u00e8re politique s\u00e9n\u00e9galaise\".<\/em><\/p>\n<div class=\"homeAds\"><\/div>\n<p><strong>Par Cheikh Y\u00e9rim Seck<\/strong><\/p>\n<div class='share-to-whatsapp-wrapper'><div class='share-on-whsp'>PARTAGER SUR : <\/div><a data-text='CHEIKH YERIM SECK : \"Ce que Diomaye, Sonko et Mimi sont en train de faire contre Macky Sall\"' data-link='https:\/\/www.nettali.com\/2024\/10\/20\/cheikh-yerim-seck-ce-que-diomaye-sonko-et-mimi-sont-en-train-de-faire-contre-macky-sall\/' class='whatsapp-button whatsapp-share'>WhatsApp<\/a><div class='clear '><\/div><\/div>","protected":false},"excerpt":{"rendered":"<p>NETTALI.COM\u00a0 Il y a quelques jours, une p\u00e9tition initi\u00e9e par le mouvement Africa In Harlem a conduit \u00e0 l\u2019annonce de l\u2019absence de Macky Sall, ancien pr\u00e9sident du S\u00e9n\u00e9gal, \u00e0 la Conf\u00e9rence Africaine de Columbia pr\u00e9vue pour les 25 et 26 octobre 2024. Cet \u00e9v\u00e9nement a \u00e9t\u00e9 pr\u00e9sent\u00e9 par les p\u00e9titionnaires comme une victoire contre la [&hellip;]<\/p>\n","protected":false},"author":4,"featured_media":142385,"comment_status":"open","ping_status":"open","sticky":false,"template":"","format":"standard","meta":{"_et_pb_use_builder":"","_et_pb_old_content":""},"categories":[2],"tags":[],"yoast_head":"<!-- This site is optimized with the Yoast SEO Premium plugin v17.8 (Yoast SEO v17.8) - https:\/\/yoast.com\/wordpress\/plugins\/seo\/ -->\n<title>CHEIKH YERIM SECK : &quot;Ce que Diomaye, Sonko et Mimi sont en train de faire contre Macky Sall&quot; | Nettali.com<\/title>\n<meta name=\"robots\" content=\"index, follow, max-snippet:-1, max-image-preview:large, max-video-preview:-1\" \/>\n<link rel=\"canonical\" href=\"https:\/\/www.nettali.com\/2024\/10\/20\/cheikh-yerim-seck-ce-que-diomaye-sonko-et-mimi-sont-en-train-de-faire-contre-macky-sall\/\" \/>\n<meta property=\"og:locale\" content=\"fr_FR\" \/>\n<meta property=\"og:type\" content=\"article\" \/>\n<meta property=\"og:title\" content=\"CHEIKH YERIM SECK : &quot;Ce que Diomaye, Sonko et Mimi sont en train de faire contre Macky Sall&quot;\" \/>\n<meta property=\"og:description\" content=\"NETTALI.COM\u00a0 Il y a quelques jours, une p\u00e9tition initi\u00e9e par le mouvement Africa In Harlem a conduit \u00e0 l\u2019annonce de l\u2019absence de Macky Sall, ancien pr\u00e9sident du S\u00e9n\u00e9gal, \u00e0 la Conf\u00e9rence Africaine de Columbia pr\u00e9vue pour les 25 et 26 octobre 2024. Cet \u00e9v\u00e9nement a \u00e9t\u00e9 pr\u00e9sent\u00e9 par les p\u00e9titionnaires comme une victoire contre la [&hellip;]\" \/>\n<meta property=\"og:url\" content=\"https:\/\/www.nettali.com\/2024\/10\/20\/cheikh-yerim-seck-ce-que-diomaye-sonko-et-mimi-sont-en-train-de-faire-contre-macky-sall\/\" \/>\n<meta property=\"og:site_name\" content=\"Nettali.com\" \/>\n<meta property=\"article:publisher\" content=\"https:\/\/www.facebook.com\/nettalicom\" \/>\n<meta property=\"article:published_time\" content=\"2024-10-20T19:38:57+00:00\" \/>\n<meta property=\"article:modified_time\" content=\"2024-10-21T20:54:54+00:00\" \/>\n<meta property=\"og:image\" content=\"https:\/\/www.nettali.com\/wp-content\/uploads\/2024\/10\/Diomaye-Mimi-Sonko.jpg\" \/>\n\t<meta property=\"og:image:width\" content=\"686\" \/>\n\t<meta property=\"og:image:height\" content=\"386\" \/>\n<meta name=\"twitter:card\" content=\"summary_large_image\" \/>\n<meta name=\"twitter:label1\" content=\"\u00c9crit par\" \/>\n\t<meta name=\"twitter:data1\" content=\"Daouda\" \/>\n\t<meta name=\"twitter:label2\" content=\"Dur\u00e9e de lecture estim\u00e9e\" \/>\n\t<meta name=\"twitter:data2\" content=\"3 minutes\" \/>\n<script type=\"application\/ld+json\" class=\"yoast-schema-graph\">{\"@context\":\"https:\/\/schema.org\",\"@graph\":[{\"@type\":\"WebSite\",\"@id\":\"https:\/\/www.nettali.com\/#website\",\"url\":\"https:\/\/www.nettali.com\/\",\"name\":\"Nettali.com\",\"description\":\"Le rendez-vous critique du Net\",\"potentialAction\":[{\"@type\":\"SearchAction\",\"target\":{\"@type\":\"EntryPoint\",\"urlTemplate\":\"https:\/\/www.nettali.com\/?s={search_term_string}\"},\"query-input\":\"required name=search_term_string\"}],\"inLanguage\":\"fr-FR\"},{\"@type\":\"ImageObject\",\"@id\":\"https:\/\/www.nettali.com\/2024\/10\/20\/cheikh-yerim-seck-ce-que-diomaye-sonko-et-mimi-sont-en-train-de-faire-contre-macky-sall\/#primaryimage\",\"inLanguage\":\"fr-FR\",\"url\":\"https:\/\/www.nettali.com\/wp-content\/uploads\/2024\/10\/Diomaye-Mimi-Sonko.jpg\",\"contentUrl\":\"https:\/\/www.nettali.com\/wp-content\/uploads\/2024\/10\/Diomaye-Mimi-Sonko.jpg\",\"width\":686,\"height\":386},{\"@type\":\"WebPage\",\"@id\":\"https:\/\/www.nettali.com\/2024\/10\/20\/cheikh-yerim-seck-ce-que-diomaye-sonko-et-mimi-sont-en-train-de-faire-contre-macky-sall\/#webpage\",\"url\":\"https:\/\/www.nettali.com\/2024\/10\/20\/cheikh-yerim-seck-ce-que-diomaye-sonko-et-mimi-sont-en-train-de-faire-contre-macky-sall\/\",\"name\":\"CHEIKH YERIM SECK : \\\"Ce que Diomaye, Sonko et Mimi sont en train de faire contre Macky Sall\\\" | Nettali.com\",\"isPartOf\":{\"@id\":\"https:\/\/www.nettali.com\/#website\"},\"primaryImageOfPage\":{\"@id\":\"https:\/\/www.nettali.com\/2024\/10\/20\/cheikh-yerim-seck-ce-que-diomaye-sonko-et-mimi-sont-en-train-de-faire-contre-macky-sall\/#primaryimage\"},\"datePublished\":\"2024-10-20T19:38:57+00:00\",\"dateModified\":\"2024-10-21T20:54:54+00:00\",\"author\":{\"@id\":\"https:\/\/www.nettali.com\/#\/schema\/person\/3317e0bb3aa1da309fbf7b2780901bf4\"},\"breadcrumb\":{\"@id\":\"https:\/\/www.nettali.com\/2024\/10\/20\/cheikh-yerim-seck-ce-que-diomaye-sonko-et-mimi-sont-en-train-de-faire-contre-macky-sall\/#breadcrumb\"},\"inLanguage\":\"fr-FR\",\"potentialAction\":[{\"@type\":\"ReadAction\",\"target\":[\"https:\/\/www.nettali.com\/2024\/10\/20\/cheikh-yerim-seck-ce-que-diomaye-sonko-et-mimi-sont-en-train-de-faire-contre-macky-sall\/\"]}]},{\"@type\":\"BreadcrumbList\",\"@id\":\"https:\/\/www.nettali.com\/2024\/10\/20\/cheikh-yerim-seck-ce-que-diomaye-sonko-et-mimi-sont-en-train-de-faire-contre-macky-sall\/#breadcrumb\",\"itemListElement\":[{\"@type\":\"ListItem\",\"position\":1,\"name\":\"Accueil\",\"item\":\"https:\/\/www.nettali.com\/\"},{\"@type\":\"ListItem\",\"position\":2,\"name\":\"CHEIKH YERIM SECK : \\\"Ce que Diomaye, Sonko et Mimi sont en train de faire contre Macky Sall\\\"\"}]},{\"@type\":\"Person\",\"@id\":\"https:\/\/www.nettali.com\/#\/schema\/person\/3317e0bb3aa1da309fbf7b2780901bf4\",\"name\":\"Daouda\",\"image\":{\"@type\":\"ImageObject\",\"@id\":\"https:\/\/www.nettali.com\/#personlogo\",\"inLanguage\":\"fr-FR\",\"url\":\"https:\/\/secure.gravatar.com\/avatar\/8d143b5a49345098ddcfee1c49c2f47c?s=96&d=mm&r=g\",\"contentUrl\":\"https:\/\/secure.gravatar.com\/avatar\/8d143b5a49345098ddcfee1c49c2f47c?s=96&d=mm&r=g\",\"caption\":\"Daouda\"},\"sameAs\":[\"https:\/\/www.nettali.com\"]}]}<\/script>\n<!-- \/ Yoast SEO Premium plugin. -->","yoast_head_json":{"title":"CHEIKH YERIM SECK : \"Ce que Diomaye, Sonko et Mimi sont en train de faire contre Macky Sall\" | Nettali.com","robots":{"index":"index","follow":"follow","max-snippet":"max-snippet:-1","max-image-preview":"max-image-preview:large","max-video-preview":"max-video-preview:-1"},"canonical":"https:\/\/www.nettali.com\/2024\/10\/20\/cheikh-yerim-seck-ce-que-diomaye-sonko-et-mimi-sont-en-train-de-faire-contre-macky-sall\/","og_locale":"fr_FR","og_type":"article","og_title":"CHEIKH YERIM SECK : \"Ce que Diomaye, Sonko et Mimi sont en train de faire contre Macky Sall\"","og_description":"NETTALI.COM\u00a0 Il y a quelques jours, une p\u00e9tition initi\u00e9e par le mouvement Africa In Harlem a conduit \u00e0 l\u2019annonce de l\u2019absence de Macky Sall, ancien pr\u00e9sident du S\u00e9n\u00e9gal, \u00e0 la Conf\u00e9rence Africaine de Columbia pr\u00e9vue pour les 25 et 26 octobre 2024. Cet \u00e9v\u00e9nement a \u00e9t\u00e9 pr\u00e9sent\u00e9 par les p\u00e9titionnaires comme une victoire contre la [&hellip;]","og_url":"https:\/\/www.nettali.com\/2024\/10\/20\/cheikh-yerim-seck-ce-que-diomaye-sonko-et-mimi-sont-en-train-de-faire-contre-macky-sall\/","og_site_name":"Nettali.com","article_publisher":"https:\/\/www.facebook.com\/nettalicom","article_published_time":"2024-10-20T19:38:57+00:00","article_modified_time":"2024-10-21T20:54:54+00:00","og_image":[{"width":686,"height":386,"url":"https:\/\/www.nettali.com\/wp-content\/uploads\/2024\/10\/Diomaye-Mimi-Sonko.jpg","type":"image\/jpeg"}],"twitter_card":"summary_large_image","twitter_misc":{"\u00c9crit par":"Daouda","Dur\u00e9e de lecture estim\u00e9e":"3 minutes"},"schema":{"@context":"https:\/\/schema.org","@graph":[{"@type":"WebSite","@id":"https:\/\/www.nettali.com\/#website","url":"https:\/\/www.nettali.com\/","name":"Nettali.com","description":"Le rendez-vous critique du Net","potentialAction":[{"@type":"SearchAction","target":{"@type":"EntryPoint","urlTemplate":"https:\/\/www.nettali.com\/?s={search_term_string}"},"query-input":"required name=search_term_string"}],"inLanguage":"fr-FR"},{"@type":"ImageObject","@id":"https:\/\/www.nettali.com\/2024\/10\/20\/cheikh-yerim-seck-ce-que-diomaye-sonko-et-mimi-sont-en-train-de-faire-contre-macky-sall\/#primaryimage","inLanguage":"fr-FR","url":"https:\/\/www.nettali.com\/wp-content\/uploads\/2024\/10\/Diomaye-Mimi-Sonko.jpg","contentUrl":"https:\/\/www.nettali.com\/wp-content\/uploads\/2024\/10\/Diomaye-Mimi-Sonko.jpg","width":686,"height":386},{"@type":"WebPage","@id":"https:\/\/www.nettali.com\/2024\/10\/20\/cheikh-yerim-seck-ce-que-diomaye-sonko-et-mimi-sont-en-train-de-faire-contre-macky-sall\/#webpage","url":"https:\/\/www.nettali.com\/2024\/10\/20\/cheikh-yerim-seck-ce-que-diomaye-sonko-et-mimi-sont-en-train-de-faire-contre-macky-sall\/","name":"CHEIKH YERIM SECK : \"Ce que Diomaye, Sonko et Mimi sont en train de faire contre Macky Sall\" | Nettali.com","isPartOf":{"@id":"https:\/\/www.nettali.com\/#website"},"primaryImageOfPage":{"@id":"https:\/\/www.nettali.com\/2024\/10\/20\/cheikh-yerim-seck-ce-que-diomaye-sonko-et-mimi-sont-en-train-de-faire-contre-macky-sall\/#primaryimage"},"datePublished":"2024-10-20T19:38:57+00:00","dateModified":"2024-10-21T20:54:54+00:00","author":{"@id":"https:\/\/www.nettali.com\/#\/schema\/person\/3317e0bb3aa1da309fbf7b2780901bf4"},"breadcrumb":{"@id":"https:\/\/www.nettali.com\/2024\/10\/20\/cheikh-yerim-seck-ce-que-diomaye-sonko-et-mimi-sont-en-train-de-faire-contre-macky-sall\/#breadcrumb"},"inLanguage":"fr-FR","potentialAction":[{"@type":"ReadAction","target":["https:\/\/www.nettali.com\/2024\/10\/20\/cheikh-yerim-seck-ce-que-diomaye-sonko-et-mimi-sont-en-train-de-faire-contre-macky-sall\/"]}]},{"@type":"BreadcrumbList","@id":"https:\/\/www.nettali.com\/2024\/10\/20\/cheikh-yerim-seck-ce-que-diomaye-sonko-et-mimi-sont-en-train-de-faire-contre-macky-sall\/#breadcrumb","itemListElement":[{"@type":"ListItem","position":1,"name":"Accueil","item":"https:\/\/www.nettali.com\/"},{"@type":"ListItem","position":2,"name":"CHEIKH YERIM SECK : \"Ce que Diomaye, Sonko et Mimi sont en train de faire contre Macky Sall\""}]},{"@type":"Person","@id":"https:\/\/www.nettali.com\/#\/schema\/person\/3317e0bb3aa1da309fbf7b2780901bf4","name":"Daouda","image":{"@type":"ImageObject","@id":"https:\/\/www.nettali.com\/#personlogo","inLanguage":"fr-FR","url":"https:\/\/secure.gravatar.com\/avatar\/8d143b5a49345098ddcfee1c49c2f47c?s=96&d=mm&r=g","contentUrl":"https:\/\/secure.gravatar.com\/avatar\/8d143b5a49345098ddcfee1c49c2f47c?s=96&d=mm&r=g","caption":"Daouda"},"sameAs":["https:\/\/www.nettali.com"]}]}},"_links":{"self":[{"href":"https:\/\/www.nettali.com\/rest\/wp\/v2\/posts\/142379"}],"collection":[{"href":"https:\/\/www.nettali.com\/rest\/wp\/v2\/posts"}],"about":[{"href":"https:\/\/www.nettali.com\/rest\/wp\/v2\/types\/post"}],"author":[{"embeddable":true,"href":"https:\/\/www.nettali.com\/rest\/wp\/v2\/users\/4"}],"replies":[{"embeddable":true,"href":"https:\/\/www.nettali.com\/rest\/wp\/v2\/comments?post=142379"}],"version-history":[{"count":2,"href":"https:\/\/www.nettali.com\/rest\/wp\/v2\/posts\/142379\/revisions"}],"predecessor-version":[{"id":142387,"href":"https:\/\/www.nettali.com\/rest\/wp\/v2\/posts\/142379\/revisions\/142387"}],"wp:featuredmedia":[{"embeddable":true,"href":"https:\/\/www.nettali.com\/rest\/wp\/v2\/media\/142385"}],"wp:attachment":[{"href":"https:\/\/www.nettali.com\/rest\/wp\/v2\/media?parent=142379"}],"wp:term":[{"taxonomy":"category","embeddable":true,"href":"https:\/\/www.nettali.com\/rest\/wp\/v2\/categories?post=142379"},{"taxonomy":"post_tag","embeddable":true,"href":"https:\/\/www.nettali.com\/rest\/wp\/v2\/tags?post=142379"}],"curies":[{"name":"wp","href":"https:\/\/api.w.org\/{rel}","templated":true}]}}