{"id":142338,"date":"2024-10-19T23:22:39","date_gmt":"2024-10-19T23:22:39","guid":{"rendered":"https:\/\/www.nettali.com\/?p=142338"},"modified":"2024-10-19T23:22:39","modified_gmt":"2024-10-19T23:22:39","slug":"arrestation-de-bougane-gueye-amadou-ba-exprime-sa-solidarite-et-appelle-au-respect-des-libertes-fondamentales","status":"publish","type":"post","link":"https:\/\/www.nettali.com\/2024\/10\/19\/arrestation-de-bougane-gueye-amadou-ba-exprime-sa-solidarite-et-appelle-au-respect-des-libertes-fondamentales\/","title":{"rendered":"ARRESTATION DE BOUGANE GU\u00c8YE - Amadou Ba exprime sa solidarit\u00e9 et appelle au respect des libert\u00e9s fondamentales"},"content":{"rendered":"<p><strong>NETTALI.COM - Les messages de soutien affluent depuis l'arrestation du leader de Gueum Sa Bopp. Amadou Ba, pr\u00e9sident de la coalition Jamm Ak Njari\u00f1, a exprim\u00e9 sa solidarit\u00e9 envers Bougane Gu\u00e8ye Dany. L'ancien Premier ministre appelle les autorit\u00e9s au respect des libert\u00e9s d\u00e9mocratiques fondamentales.<\/strong><\/p>\n<p>\"<em>J\u2019exprime toute ma solidarit\u00e9 \u00e0 Bougane Gu\u00e8ye Dany et \u00e0 la d\u00e9l\u00e9gation de Samm Sa Kaddu, et j\u2019appelle les autorit\u00e9s \u00e0 respecter strictement les libert\u00e9s d\u00e9mocratiques fondamentales, notamment la libert\u00e9 de circuler sur tout le territoire national<\/em>\", a \u00e9crit Amadou Ba sur son compte Facebook.<\/p>\n<p>Le pr\u00e9sident de la coalition Jamm Ak Njari\u00f1 a exprim\u00e9 sa compassion \u00e0 toutes les populations sinistr\u00e9es \u00e0 l\u2019est et a deu nord du pays. \"<em>L\u2019organisation des secours doit \u00eatre mise en \u0153uvre de mani\u00e8re urgente<\/em>\", a exhort\u00e9 le candidat arriv\u00e9 2\u00e8me \u00e0 l'\u00e9lection pr\u00e9sidentielle de 2024.<\/p>\n<div class='share-to-whatsapp-wrapper'><div class='share-on-whsp'>PARTAGER SUR : <\/div><a data-text='ARRESTATION DE BOUGANE GU\u00c8YE - Amadou Ba exprime sa solidarit\u00e9 et appelle au respect des libert\u00e9s fondamentales' data-link='https:\/\/www.nettali.com\/2024\/10\/19\/arrestation-de-bougane-gueye-amadou-ba-exprime-sa-solidarite-et-appelle-au-respect-des-libertes-fondamentales\/' class='whatsapp-button whatsapp-share'>WhatsApp<\/a><div class='clear '><\/div><\/div>","protected":false},"excerpt":{"rendered":"<p>NETTALI.COM - Les messages de soutien affluent depuis l'arrestation du leader de Gueum Sa Bopp. Amadou Ba, pr\u00e9sident de la coalition Jamm Ak Njari\u00f1, a exprim\u00e9 sa solidarit\u00e9 envers Bougane Gu\u00e8ye Dany. L'ancien Premier ministre appelle les autorit\u00e9s au respect des libert\u00e9s d\u00e9mocratiques fondamentales. \"J\u2019exprime toute ma solidarit\u00e9 \u00e0 Bougane Gu\u00e8ye Dany et \u00e0 la [&hellip;]<\/p>\n","protected":false},"author":5,"featured_media":118885,"comment_status":"open","ping_status":"open","sticky":false,"template":"","format":"standard","meta":{"_et_pb_use_builder":"","_et_pb_old_content":""},"categories":[2],"tags":[],"yoast_head":"<!-- This site is optimized with the Yoast SEO Premium plugin v17.8 (Yoast SEO v17.8) - https:\/\/yoast.com\/wordpress\/plugins\/seo\/ -->\n<title>ARRESTATION DE BOUGANE GU\u00c8YE - Amadou Ba exprime sa solidarit\u00e9 et appelle au respect des libert\u00e9s fondamentales | Nettali.com<\/title>\n<meta name=\"robots\" content=\"index, follow, max-snippet:-1, max-image-preview:large, max-video-preview:-1\" \/>\n<link rel=\"canonical\" href=\"https:\/\/www.nettali.com\/2024\/10\/19\/arrestation-de-bougane-gueye-amadou-ba-exprime-sa-solidarite-et-appelle-au-respect-des-libertes-fondamentales\/\" \/>\n<meta property=\"og:locale\" content=\"fr_FR\" \/>\n<meta property=\"og:type\" content=\"article\" \/>\n<meta property=\"og:title\" content=\"ARRESTATION DE BOUGANE GU\u00c8YE - Amadou Ba exprime sa solidarit\u00e9 et appelle au respect des libert\u00e9s fondamentales\" \/>\n<meta property=\"og:description\" content=\"NETTALI.COM - Les messages de soutien affluent depuis l&#039;arrestation du leader de Gueum Sa Bopp. Amadou Ba, pr\u00e9sident de la coalition Jamm Ak Njari\u00f1, a exprim\u00e9 sa solidarit\u00e9 envers Bougane Gu\u00e8ye Dany. L&#039;ancien Premier ministre appelle les autorit\u00e9s au respect des libert\u00e9s d\u00e9mocratiques fondamentales. &quot;J\u2019exprime toute ma solidarit\u00e9 \u00e0 Bougane Gu\u00e8ye Dany et \u00e0 la [&hellip;]\" \/>\n<meta property=\"og:url\" content=\"https:\/\/www.nettali.com\/2024\/10\/19\/arrestation-de-bougane-gueye-amadou-ba-exprime-sa-solidarite-et-appelle-au-respect-des-libertes-fondamentales\/\" \/>\n<meta property=\"og:site_name\" content=\"Nettali.com\" \/>\n<meta property=\"article:publisher\" content=\"https:\/\/www.facebook.com\/nettalicom\" \/>\n<meta property=\"article:published_time\" content=\"2024-10-19T23:22:39+00:00\" \/>\n<meta property=\"og:image\" content=\"https:\/\/www.nettali.com\/wp-content\/uploads\/2023\/09\/Amadou-Ba-8-1080x900-1.png\" \/>\n\t<meta property=\"og:image:width\" content=\"1080\" \/>\n\t<meta property=\"og:image:height\" content=\"900\" \/>\n<meta name=\"twitter:card\" content=\"summary_large_image\" \/>\n<meta name=\"twitter:label1\" content=\"\u00c9crit par\" \/>\n\t<meta name=\"twitter:data1\" content=\"Ibrahima\" \/>\n\t<meta name=\"twitter:label2\" content=\"Dur\u00e9e de lecture estim\u00e9e\" \/>\n\t<meta name=\"twitter:data2\" content=\"1 minute\" \/>\n<script type=\"application\/ld+json\" class=\"yoast-schema-graph\">{\"@context\":\"https:\/\/schema.org\",\"@graph\":[{\"@type\":\"WebSite\",\"@id\":\"https:\/\/www.nettali.com\/#website\",\"url\":\"https:\/\/www.nettali.com\/\",\"name\":\"Nettali.com\",\"description\":\"Le rendez-vous critique du Net\",\"potentialAction\":[{\"@type\":\"SearchAction\",\"target\":{\"@type\":\"EntryPoint\",\"urlTemplate\":\"https:\/\/www.nettali.com\/?s={search_term_string}\"},\"query-input\":\"required name=search_term_string\"}],\"inLanguage\":\"fr-FR\"},{\"@type\":\"ImageObject\",\"@id\":\"https:\/\/www.nettali.com\/2024\/10\/19\/arrestation-de-bougane-gueye-amadou-ba-exprime-sa-solidarite-et-appelle-au-respect-des-libertes-fondamentales\/#primaryimage\",\"inLanguage\":\"fr-FR\",\"url\":\"https:\/\/www.nettali.com\/wp-content\/uploads\/2023\/09\/Amadou-Ba-8-1080x900-1.png\",\"contentUrl\":\"https:\/\/www.nettali.com\/wp-content\/uploads\/2023\/09\/Amadou-Ba-8-1080x900-1.png\",\"width\":1080,\"height\":900},{\"@type\":\"WebPage\",\"@id\":\"https:\/\/www.nettali.com\/2024\/10\/19\/arrestation-de-bougane-gueye-amadou-ba-exprime-sa-solidarite-et-appelle-au-respect-des-libertes-fondamentales\/#webpage\",\"url\":\"https:\/\/www.nettali.com\/2024\/10\/19\/arrestation-de-bougane-gueye-amadou-ba-exprime-sa-solidarite-et-appelle-au-respect-des-libertes-fondamentales\/\",\"name\":\"ARRESTATION DE BOUGANE GU\\u00c8YE - Amadou Ba exprime sa solidarit\\u00e9 et appelle au respect des libert\\u00e9s fondamentales | Nettali.com\",\"isPartOf\":{\"@id\":\"https:\/\/www.nettali.com\/#website\"},\"primaryImageOfPage\":{\"@id\":\"https:\/\/www.nettali.com\/2024\/10\/19\/arrestation-de-bougane-gueye-amadou-ba-exprime-sa-solidarite-et-appelle-au-respect-des-libertes-fondamentales\/#primaryimage\"},\"datePublished\":\"2024-10-19T23:22:39+00:00\",\"dateModified\":\"2024-10-19T23:22:39+00:00\",\"author\":{\"@id\":\"https:\/\/www.nettali.com\/#\/schema\/person\/bb147657c2986240405a608162b9bb23\"},\"breadcrumb\":{\"@id\":\"https:\/\/www.nettali.com\/2024\/10\/19\/arrestation-de-bougane-gueye-amadou-ba-exprime-sa-solidarite-et-appelle-au-respect-des-libertes-fondamentales\/#breadcrumb\"},\"inLanguage\":\"fr-FR\",\"potentialAction\":[{\"@type\":\"ReadAction\",\"target\":[\"https:\/\/www.nettali.com\/2024\/10\/19\/arrestation-de-bougane-gueye-amadou-ba-exprime-sa-solidarite-et-appelle-au-respect-des-libertes-fondamentales\/\"]}]},{\"@type\":\"BreadcrumbList\",\"@id\":\"https:\/\/www.nettali.com\/2024\/10\/19\/arrestation-de-bougane-gueye-amadou-ba-exprime-sa-solidarite-et-appelle-au-respect-des-libertes-fondamentales\/#breadcrumb\",\"itemListElement\":[{\"@type\":\"ListItem\",\"position\":1,\"name\":\"Accueil\",\"item\":\"https:\/\/www.nettali.com\/\"},{\"@type\":\"ListItem\",\"position\":2,\"name\":\"ARRESTATION DE BOUGANE GU\\u00c8YE - Amadou Ba exprime sa solidarit\\u00e9 et appelle au respect des libert\\u00e9s fondamentales\"}]},{\"@type\":\"Person\",\"@id\":\"https:\/\/www.nettali.com\/#\/schema\/person\/bb147657c2986240405a608162b9bb23\",\"name\":\"Ibrahima\",\"image\":{\"@type\":\"ImageObject\",\"@id\":\"https:\/\/www.nettali.com\/#personlogo\",\"inLanguage\":\"fr-FR\",\"url\":\"https:\/\/secure.gravatar.com\/avatar\/26a8a81f09f0dd7624c9d5c36c9ba3a2?s=96&d=mm&r=g\",\"contentUrl\":\"https:\/\/secure.gravatar.com\/avatar\/26a8a81f09f0dd7624c9d5c36c9ba3a2?s=96&d=mm&r=g\",\"caption\":\"Ibrahima\"},\"sameAs\":[\"https:\/\/www.nettali.com\"]}]}<\/script>\n<!-- \/ Yoast SEO Premium plugin. -->","yoast_head_json":{"title":"ARRESTATION DE BOUGANE GU\u00c8YE - Amadou Ba exprime sa solidarit\u00e9 et appelle au respect des libert\u00e9s fondamentales | Nettali.com","robots":{"index":"index","follow":"follow","max-snippet":"max-snippet:-1","max-image-preview":"max-image-preview:large","max-video-preview":"max-video-preview:-1"},"canonical":"https:\/\/www.nettali.com\/2024\/10\/19\/arrestation-de-bougane-gueye-amadou-ba-exprime-sa-solidarite-et-appelle-au-respect-des-libertes-fondamentales\/","og_locale":"fr_FR","og_type":"article","og_title":"ARRESTATION DE BOUGANE GU\u00c8YE - Amadou Ba exprime sa solidarit\u00e9 et appelle au respect des libert\u00e9s fondamentales","og_description":"NETTALI.COM - Les messages de soutien affluent depuis l'arrestation du leader de Gueum Sa Bopp. Amadou Ba, pr\u00e9sident de la coalition Jamm Ak Njari\u00f1, a exprim\u00e9 sa solidarit\u00e9 envers Bougane Gu\u00e8ye Dany. L'ancien Premier ministre appelle les autorit\u00e9s au respect des libert\u00e9s d\u00e9mocratiques fondamentales. \"J\u2019exprime toute ma solidarit\u00e9 \u00e0 Bougane Gu\u00e8ye Dany et \u00e0 la [&hellip;]","og_url":"https:\/\/www.nettali.com\/2024\/10\/19\/arrestation-de-bougane-gueye-amadou-ba-exprime-sa-solidarite-et-appelle-au-respect-des-libertes-fondamentales\/","og_site_name":"Nettali.com","article_publisher":"https:\/\/www.facebook.com\/nettalicom","article_published_time":"2024-10-19T23:22:39+00:00","og_image":[{"width":1080,"height":900,"url":"https:\/\/www.nettali.com\/wp-content\/uploads\/2023\/09\/Amadou-Ba-8-1080x900-1.png","type":"image\/png"}],"twitter_card":"summary_large_image","twitter_misc":{"\u00c9crit par":"Ibrahima","Dur\u00e9e de lecture estim\u00e9e":"1 minute"},"schema":{"@context":"https:\/\/schema.org","@graph":[{"@type":"WebSite","@id":"https:\/\/www.nettali.com\/#website","url":"https:\/\/www.nettali.com\/","name":"Nettali.com","description":"Le rendez-vous critique du Net","potentialAction":[{"@type":"SearchAction","target":{"@type":"EntryPoint","urlTemplate":"https:\/\/www.nettali.com\/?s={search_term_string}"},"query-input":"required name=search_term_string"}],"inLanguage":"fr-FR"},{"@type":"ImageObject","@id":"https:\/\/www.nettali.com\/2024\/10\/19\/arrestation-de-bougane-gueye-amadou-ba-exprime-sa-solidarite-et-appelle-au-respect-des-libertes-fondamentales\/#primaryimage","inLanguage":"fr-FR","url":"https:\/\/www.nettali.com\/wp-content\/uploads\/2023\/09\/Amadou-Ba-8-1080x900-1.png","contentUrl":"https:\/\/www.nettali.com\/wp-content\/uploads\/2023\/09\/Amadou-Ba-8-1080x900-1.png","width":1080,"height":900},{"@type":"WebPage","@id":"https:\/\/www.nettali.com\/2024\/10\/19\/arrestation-de-bougane-gueye-amadou-ba-exprime-sa-solidarite-et-appelle-au-respect-des-libertes-fondamentales\/#webpage","url":"https:\/\/www.nettali.com\/2024\/10\/19\/arrestation-de-bougane-gueye-amadou-ba-exprime-sa-solidarite-et-appelle-au-respect-des-libertes-fondamentales\/","name":"ARRESTATION DE BOUGANE GU\u00c8YE - Amadou Ba exprime sa solidarit\u00e9 et appelle au respect des libert\u00e9s fondamentales | Nettali.com","isPartOf":{"@id":"https:\/\/www.nettali.com\/#website"},"primaryImageOfPage":{"@id":"https:\/\/www.nettali.com\/2024\/10\/19\/arrestation-de-bougane-gueye-amadou-ba-exprime-sa-solidarite-et-appelle-au-respect-des-libertes-fondamentales\/#primaryimage"},"datePublished":"2024-10-19T23:22:39+00:00","dateModified":"2024-10-19T23:22:39+00:00","author":{"@id":"https:\/\/www.nettali.com\/#\/schema\/person\/bb147657c2986240405a608162b9bb23"},"breadcrumb":{"@id":"https:\/\/www.nettali.com\/2024\/10\/19\/arrestation-de-bougane-gueye-amadou-ba-exprime-sa-solidarite-et-appelle-au-respect-des-libertes-fondamentales\/#breadcrumb"},"inLanguage":"fr-FR","potentialAction":[{"@type":"ReadAction","target":["https:\/\/www.nettali.com\/2024\/10\/19\/arrestation-de-bougane-gueye-amadou-ba-exprime-sa-solidarite-et-appelle-au-respect-des-libertes-fondamentales\/"]}]},{"@type":"BreadcrumbList","@id":"https:\/\/www.nettali.com\/2024\/10\/19\/arrestation-de-bougane-gueye-amadou-ba-exprime-sa-solidarite-et-appelle-au-respect-des-libertes-fondamentales\/#breadcrumb","itemListElement":[{"@type":"ListItem","position":1,"name":"Accueil","item":"https:\/\/www.nettali.com\/"},{"@type":"ListItem","position":2,"name":"ARRESTATION DE BOUGANE GU\u00c8YE - Amadou Ba exprime sa solidarit\u00e9 et appelle au respect des libert\u00e9s fondamentales"}]},{"@type":"Person","@id":"https:\/\/www.nettali.com\/#\/schema\/person\/bb147657c2986240405a608162b9bb23","name":"Ibrahima","image":{"@type":"ImageObject","@id":"https:\/\/www.nettali.com\/#personlogo","inLanguage":"fr-FR","url":"https:\/\/secure.gravatar.com\/avatar\/26a8a81f09f0dd7624c9d5c36c9ba3a2?s=96&d=mm&r=g","contentUrl":"https:\/\/secure.gravatar.com\/avatar\/26a8a81f09f0dd7624c9d5c36c9ba3a2?s=96&d=mm&r=g","caption":"Ibrahima"},"sameAs":["https:\/\/www.nettali.com"]}]}},"_links":{"self":[{"href":"https:\/\/www.nettali.com\/rest\/wp\/v2\/posts\/142338"}],"collection":[{"href":"https:\/\/www.nettali.com\/rest\/wp\/v2\/posts"}],"about":[{"href":"https:\/\/www.nettali.com\/rest\/wp\/v2\/types\/post"}],"author":[{"embeddable":true,"href":"https:\/\/www.nettali.com\/rest\/wp\/v2\/users\/5"}],"replies":[{"embeddable":true,"href":"https:\/\/www.nettali.com\/rest\/wp\/v2\/comments?post=142338"}],"version-history":[{"count":2,"href":"https:\/\/www.nettali.com\/rest\/wp\/v2\/posts\/142338\/revisions"}],"predecessor-version":[{"id":142340,"href":"https:\/\/www.nettali.com\/rest\/wp\/v2\/posts\/142338\/revisions\/142340"}],"wp:featuredmedia":[{"embeddable":true,"href":"https:\/\/www.nettali.com\/rest\/wp\/v2\/media\/118885"}],"wp:attachment":[{"href":"https:\/\/www.nettali.com\/rest\/wp\/v2\/media?parent=142338"}],"wp:term":[{"taxonomy":"category","embeddable":true,"href":"https:\/\/www.nettali.com\/rest\/wp\/v2\/categories?post=142338"},{"taxonomy":"post_tag","embeddable":true,"href":"https:\/\/www.nettali.com\/rest\/wp\/v2\/tags?post=142338"}],"curies":[{"name":"wp","href":"https:\/\/api.w.org\/{rel}","templated":true}]}}