{"id":142212,"date":"2024-10-18T07:37:43","date_gmt":"2024-10-18T07:37:43","guid":{"rendered":"https:\/\/www.nettali.com\/?p=142212"},"modified":"2024-10-18T07:37:43","modified_gmt":"2024-10-18T07:37:43","slug":"attentat-a-la-pudeur-un-prof-de-maths-risque-2-ans-demprisonnement-ferme","status":"publish","type":"post","link":"https:\/\/www.nettali.com\/2024\/10\/18\/attentat-a-la-pudeur-un-prof-de-maths-risque-2-ans-demprisonnement-ferme\/","title":{"rendered":"ATTENTAT \u00c0 LA PUDEUR - Un prof de maths risque 2 ans d\u2019emprisonnement ferme"},"content":{"rendered":"<p><strong>NETTALI.COM - R. N. Faye encourt deux ans d\u2019emprisonnement ferme, si le tribunal des flagrants d\u00e9lits de Dakar suit le r\u00e9quisitoire du parquet. Ce professeur de math\u00e9matiques est attrait devant la barre de cette juridiction p\u00e9nale pour r\u00e9pondre du d\u00e9lit d\u2019attentat \u00e0 la pudeur commis avec violence. La partie civile, F. Seck, qui vient \u00e0 peine d\u2019avoir 18 ans, suivait des cours particuliers chez lui.<\/strong><\/p>\n<p>Pour assouvir ses pulsions sexuelles, R. N. Faye a commis l\u2019irr\u00e9parable. Ce qu\u2019il qualifie d\u2019erreur lui a valu sa comparution devant la barre du tribunal des flagrants d\u00e9lits de Dakar. L\u2019homme, professeur de maths de son \u00e9tat, voulait \u00e0 tout prix entretenir des rapports sexuels avec une \u00e9l\u00e8ve \u00e0 qui il dispense des cours particuliers. Il ressort de la proc\u00e9dure que dans la soir\u00e9e du 23 septembre, la partie civile, F. Seck, s\u2019est rendue chez le pr\u00e9venu pour des cours particuliers. Vers 22 h, le pr\u00e9venu a voulu avoir des rapports sexuels avec elle et a commenc\u00e9 \u00e0 la d\u00e9shabiller. Il a m\u00eame ab\u00eem\u00e9 la fermeture de son pantalon. Mais il n\u2019a pas pu la p\u00e9n\u00e9trer. C\u2019est ainsi qu\u2019il s\u2019est masturb\u00e9 jusqu\u2019\u00e0 \u00e9jaculation et s\u2019est ensuite essuy\u00e9 avec le foulard de la fille. Celle-ci, paniqu\u00e9e par ce qu\u2019elle venait de subir, s\u2019en est ouverte \u00e0 ses proches qui lui ont conseill\u00e9 de d\u00e9poser plainte.<\/p>\n<p>\u00c0 la barre, la jeune fille, fr\u00eale, du haut de ses 18 ans, n'a pas vari\u00e9 dans ses d\u00e9clarations. D\u2019apr\u00e8s elle, le pr\u00e9venu l\u2019a aid\u00e9e \u00e0 \u00eatre r\u00e9int\u00e9gr\u00e9e dans son \u00e9tablissement qui l\u2019avait exclue. En guise de remerciements, le prof, qui s\u2019attendait \u00e0 un paiement en nature, lui a demand\u00e9 de lui faire un massage. Par la suite, dit-elle, celui-ci l\u2019a d\u00e9shabill\u00e9e avant de commencer \u00e0 l\u2019embrasser. \u201c<em>Il caressait tout mon corps et a essay\u00e9 de me p\u00e9n\u00e9trer. Il a m\u00eame mis sa langue dans mon sexe<\/em>\u201d, a d\u00e9clar\u00e9 F. Seck qui dit s\u2019\u00eatre d\u00e9sist\u00e9e de son action.<\/p>\n<p>Le pr\u00e9venu, quant \u00e0 lui, a tent\u00e9, dans un premier temps, de contester le d\u00e9lit d\u2019attentat \u00e0 la pudeur qui lui est reproch\u00e9. \u00c2g\u00e9 de 44 ans, ce mari\u00e9 renseigne toutefois que sa femme \u00e9tant en voyage ; il a voulu assouvir son d\u00e9sir sexuel. C\u2019est ainsi, dit-il, qu\u2019il s\u2019est rendu dans les toilettes pour se masturber. D\u2019apr\u00e8s lui, si son sperme s\u2019est retrouv\u00e9 sur le foulard de la fille, c'est parce qu\u2019il s\u2019est assis dessus par m\u00e9garde. Il a avou\u00e9 \u00e9galement avoir embrass\u00e9 la demoiselle et a d\u00e9clar\u00e9 que c\u2019est une erreur qu\u2019il regrette. \u201cJ<em>e lui dispensais des cours sans rien attendre en retour. Je voulais juste l\u2019aider. J\u2019ai succomb\u00e9 \u00e0 mon d\u00e9sir charnel<\/em>\u201d, a d\u00e9clar\u00e9 le pr\u00e9venu.<\/p>\n<p>Selon le ma\u00eetre des poursuites, le d\u00e9lit d\u2019attentat \u00e0 la pudeur est constant. \u00c0 cet effet, il a requis deux ans d\u2019emprisonnement ferme contre R. N. Faye. L\u2019avocat de la d\u00e9fense, Me Daouda Ka, n\u2019est pas du m\u00eame avis que le parquet qui n\u2019a aucun doute sur la culpabilit\u00e9 de son client. M\u00eame s\u2019il a reconnu qu\u2019aucune des parties ne dit ce qui s\u2019est pass\u00e9 le jour des faits. \u201c<em>J\u2019ai l\u2019impression qu\u2019aucune des parties ne dit la v\u00e9rit\u00e9. Pourquoi il ne dit pas qu\u2019il sort avec la fille ? Pourquoi il se cache ? Il n\u2019y a m\u00eame pas de foulard scell\u00e9. D\u00e8s l\u2019enqu\u00eate pr\u00e9liminaire, la fille n\u2019a pas souhait\u00e9 porter plainte en demandant le classement sans suite du dossier. Elle a paniqu\u00e9 puisque M. Faye a franchi le premier pas. Elle a 18 ans. Elle sait ce qu\u2019elle a fait. Elle ne souhaite pas le voir en prison<\/em>\u201d, a d\u00e9clar\u00e9 l\u2019avocat qui a sollicit\u00e9 la relaxe pure et simple de son client \u00e0 titre principal et sa relaxe au b\u00e9n\u00e9fice du doute \u00e0 titre subsidiaire.<\/p>\n<p>L\u2019affaire mise en d\u00e9lib\u00e9r\u00e9, la d\u00e9cision sera rendue le 23 octobre prochain.<\/p>\n<div class='share-to-whatsapp-wrapper'><div class='share-on-whsp'>PARTAGER SUR : <\/div><a data-text='ATTENTAT \u00c0 LA PUDEUR - Un prof de maths risque 2 ans d\u2019emprisonnement ferme' data-link='https:\/\/www.nettali.com\/2024\/10\/18\/attentat-a-la-pudeur-un-prof-de-maths-risque-2-ans-demprisonnement-ferme\/' class='whatsapp-button whatsapp-share'>WhatsApp<\/a><div class='clear '><\/div><\/div>","protected":false},"excerpt":{"rendered":"<p>NETTALI.COM - R. N. Faye encourt deux ans d\u2019emprisonnement ferme, si le tribunal des flagrants d\u00e9lits de Dakar suit le r\u00e9quisitoire du parquet. Ce professeur de math\u00e9matiques est attrait devant la barre de cette juridiction p\u00e9nale pour r\u00e9pondre du d\u00e9lit d\u2019attentat \u00e0 la pudeur commis avec violence. La partie civile, F. Seck, qui vient \u00e0 [&hellip;]<\/p>\n","protected":false},"author":2,"featured_media":142213,"comment_status":"open","ping_status":"open","sticky":false,"template":"","format":"standard","meta":{"_et_pb_use_builder":"","_et_pb_old_content":""},"categories":[3],"tags":[],"yoast_head":"<!-- This site is optimized with the Yoast SEO Premium plugin v17.8 (Yoast SEO v17.8) - https:\/\/yoast.com\/wordpress\/plugins\/seo\/ -->\n<title>ATTENTAT \u00c0 LA PUDEUR - Un prof de maths risque 2 ans d\u2019emprisonnement ferme | Nettali.com<\/title>\n<meta name=\"robots\" content=\"index, follow, max-snippet:-1, max-image-preview:large, max-video-preview:-1\" \/>\n<link rel=\"canonical\" href=\"https:\/\/www.nettali.com\/2024\/10\/18\/attentat-a-la-pudeur-un-prof-de-maths-risque-2-ans-demprisonnement-ferme\/\" \/>\n<meta property=\"og:locale\" content=\"fr_FR\" \/>\n<meta property=\"og:type\" content=\"article\" \/>\n<meta property=\"og:title\" content=\"ATTENTAT \u00c0 LA PUDEUR - Un prof de maths risque 2 ans d\u2019emprisonnement ferme\" \/>\n<meta property=\"og:description\" content=\"NETTALI.COM - R. N. Faye encourt deux ans d\u2019emprisonnement ferme, si le tribunal des flagrants d\u00e9lits de Dakar suit le r\u00e9quisitoire du parquet. Ce professeur de math\u00e9matiques est attrait devant la barre de cette juridiction p\u00e9nale pour r\u00e9pondre du d\u00e9lit d\u2019attentat \u00e0 la pudeur commis avec violence. La partie civile, F. Seck, qui vient \u00e0 [&hellip;]\" \/>\n<meta property=\"og:url\" content=\"https:\/\/www.nettali.com\/2024\/10\/18\/attentat-a-la-pudeur-un-prof-de-maths-risque-2-ans-demprisonnement-ferme\/\" \/>\n<meta property=\"og:site_name\" content=\"Nettali.com\" \/>\n<meta property=\"article:publisher\" content=\"https:\/\/www.facebook.com\/nettalicom\" \/>\n<meta property=\"article:published_time\" content=\"2024-10-18T07:37:43+00:00\" \/>\n<meta property=\"og:image\" content=\"https:\/\/www.nettali.com\/wp-content\/uploads\/2024\/10\/Tribunal-de-Dakar-Senega.jpg\" \/>\n\t<meta property=\"og:image:width\" content=\"700\" \/>\n\t<meta property=\"og:image:height\" content=\"467\" \/>\n<meta name=\"twitter:card\" content=\"summary_large_image\" \/>\n<meta name=\"twitter:label1\" content=\"\u00c9crit par\" \/>\n\t<meta name=\"twitter:data1\" content=\"CK\" \/>\n\t<meta name=\"twitter:label2\" content=\"Dur\u00e9e de lecture estim\u00e9e\" \/>\n\t<meta name=\"twitter:data2\" content=\"4 minutes\" \/>\n<script type=\"application\/ld+json\" class=\"yoast-schema-graph\">{\"@context\":\"https:\/\/schema.org\",\"@graph\":[{\"@type\":\"WebSite\",\"@id\":\"https:\/\/www.nettali.com\/#website\",\"url\":\"https:\/\/www.nettali.com\/\",\"name\":\"Nettali.com\",\"description\":\"Le rendez-vous critique du Net\",\"potentialAction\":[{\"@type\":\"SearchAction\",\"target\":{\"@type\":\"EntryPoint\",\"urlTemplate\":\"https:\/\/www.nettali.com\/?s={search_term_string}\"},\"query-input\":\"required name=search_term_string\"}],\"inLanguage\":\"fr-FR\"},{\"@type\":\"ImageObject\",\"@id\":\"https:\/\/www.nettali.com\/2024\/10\/18\/attentat-a-la-pudeur-un-prof-de-maths-risque-2-ans-demprisonnement-ferme\/#primaryimage\",\"inLanguage\":\"fr-FR\",\"url\":\"https:\/\/www.nettali.com\/wp-content\/uploads\/2024\/10\/Tribunal-de-Dakar-Senega.jpg\",\"contentUrl\":\"https:\/\/www.nettali.com\/wp-content\/uploads\/2024\/10\/Tribunal-de-Dakar-Senega.jpg\",\"width\":700,\"height\":467},{\"@type\":\"WebPage\",\"@id\":\"https:\/\/www.nettali.com\/2024\/10\/18\/attentat-a-la-pudeur-un-prof-de-maths-risque-2-ans-demprisonnement-ferme\/#webpage\",\"url\":\"https:\/\/www.nettali.com\/2024\/10\/18\/attentat-a-la-pudeur-un-prof-de-maths-risque-2-ans-demprisonnement-ferme\/\",\"name\":\"ATTENTAT \\u00c0 LA PUDEUR - Un prof de maths risque 2 ans d\\u2019emprisonnement ferme | Nettali.com\",\"isPartOf\":{\"@id\":\"https:\/\/www.nettali.com\/#website\"},\"primaryImageOfPage\":{\"@id\":\"https:\/\/www.nettali.com\/2024\/10\/18\/attentat-a-la-pudeur-un-prof-de-maths-risque-2-ans-demprisonnement-ferme\/#primaryimage\"},\"datePublished\":\"2024-10-18T07:37:43+00:00\",\"dateModified\":\"2024-10-18T07:37:43+00:00\",\"author\":{\"@id\":\"https:\/\/www.nettali.com\/#\/schema\/person\/d8ac7b7e27ddad43f1c0d2ef090d7f71\"},\"breadcrumb\":{\"@id\":\"https:\/\/www.nettali.com\/2024\/10\/18\/attentat-a-la-pudeur-un-prof-de-maths-risque-2-ans-demprisonnement-ferme\/#breadcrumb\"},\"inLanguage\":\"fr-FR\",\"potentialAction\":[{\"@type\":\"ReadAction\",\"target\":[\"https:\/\/www.nettali.com\/2024\/10\/18\/attentat-a-la-pudeur-un-prof-de-maths-risque-2-ans-demprisonnement-ferme\/\"]}]},{\"@type\":\"BreadcrumbList\",\"@id\":\"https:\/\/www.nettali.com\/2024\/10\/18\/attentat-a-la-pudeur-un-prof-de-maths-risque-2-ans-demprisonnement-ferme\/#breadcrumb\",\"itemListElement\":[{\"@type\":\"ListItem\",\"position\":1,\"name\":\"Accueil\",\"item\":\"https:\/\/www.nettali.com\/\"},{\"@type\":\"ListItem\",\"position\":2,\"name\":\"ATTENTAT \\u00c0 LA PUDEUR - Un prof de maths risque 2 ans d\\u2019emprisonnement ferme\"}]},{\"@type\":\"Person\",\"@id\":\"https:\/\/www.nettali.com\/#\/schema\/person\/d8ac7b7e27ddad43f1c0d2ef090d7f71\",\"name\":\"CK\",\"image\":{\"@type\":\"ImageObject\",\"@id\":\"https:\/\/www.nettali.com\/#personlogo\",\"inLanguage\":\"fr-FR\",\"url\":\"https:\/\/secure.gravatar.com\/avatar\/1d8d5118b9327d94da7cd4ce7f17fec2?s=96&d=mm&r=g\",\"contentUrl\":\"https:\/\/secure.gravatar.com\/avatar\/1d8d5118b9327d94da7cd4ce7f17fec2?s=96&d=mm&r=g\",\"caption\":\"CK\"},\"sameAs\":[\"https:\/\/www.nettali.com\"]}]}<\/script>\n<!-- \/ Yoast SEO Premium plugin. -->","yoast_head_json":{"title":"ATTENTAT \u00c0 LA PUDEUR - Un prof de maths risque 2 ans d\u2019emprisonnement ferme | Nettali.com","robots":{"index":"index","follow":"follow","max-snippet":"max-snippet:-1","max-image-preview":"max-image-preview:large","max-video-preview":"max-video-preview:-1"},"canonical":"https:\/\/www.nettali.com\/2024\/10\/18\/attentat-a-la-pudeur-un-prof-de-maths-risque-2-ans-demprisonnement-ferme\/","og_locale":"fr_FR","og_type":"article","og_title":"ATTENTAT \u00c0 LA PUDEUR - Un prof de maths risque 2 ans d\u2019emprisonnement ferme","og_description":"NETTALI.COM - R. N. Faye encourt deux ans d\u2019emprisonnement ferme, si le tribunal des flagrants d\u00e9lits de Dakar suit le r\u00e9quisitoire du parquet. Ce professeur de math\u00e9matiques est attrait devant la barre de cette juridiction p\u00e9nale pour r\u00e9pondre du d\u00e9lit d\u2019attentat \u00e0 la pudeur commis avec violence. La partie civile, F. Seck, qui vient \u00e0 [&hellip;]","og_url":"https:\/\/www.nettali.com\/2024\/10\/18\/attentat-a-la-pudeur-un-prof-de-maths-risque-2-ans-demprisonnement-ferme\/","og_site_name":"Nettali.com","article_publisher":"https:\/\/www.facebook.com\/nettalicom","article_published_time":"2024-10-18T07:37:43+00:00","og_image":[{"width":700,"height":467,"url":"https:\/\/www.nettali.com\/wp-content\/uploads\/2024\/10\/Tribunal-de-Dakar-Senega.jpg","type":"image\/jpeg"}],"twitter_card":"summary_large_image","twitter_misc":{"\u00c9crit par":"CK","Dur\u00e9e de lecture estim\u00e9e":"4 minutes"},"schema":{"@context":"https:\/\/schema.org","@graph":[{"@type":"WebSite","@id":"https:\/\/www.nettali.com\/#website","url":"https:\/\/www.nettali.com\/","name":"Nettali.com","description":"Le rendez-vous critique du Net","potentialAction":[{"@type":"SearchAction","target":{"@type":"EntryPoint","urlTemplate":"https:\/\/www.nettali.com\/?s={search_term_string}"},"query-input":"required name=search_term_string"}],"inLanguage":"fr-FR"},{"@type":"ImageObject","@id":"https:\/\/www.nettali.com\/2024\/10\/18\/attentat-a-la-pudeur-un-prof-de-maths-risque-2-ans-demprisonnement-ferme\/#primaryimage","inLanguage":"fr-FR","url":"https:\/\/www.nettali.com\/wp-content\/uploads\/2024\/10\/Tribunal-de-Dakar-Senega.jpg","contentUrl":"https:\/\/www.nettali.com\/wp-content\/uploads\/2024\/10\/Tribunal-de-Dakar-Senega.jpg","width":700,"height":467},{"@type":"WebPage","@id":"https:\/\/www.nettali.com\/2024\/10\/18\/attentat-a-la-pudeur-un-prof-de-maths-risque-2-ans-demprisonnement-ferme\/#webpage","url":"https:\/\/www.nettali.com\/2024\/10\/18\/attentat-a-la-pudeur-un-prof-de-maths-risque-2-ans-demprisonnement-ferme\/","name":"ATTENTAT \u00c0 LA PUDEUR - Un prof de maths risque 2 ans d\u2019emprisonnement ferme | Nettali.com","isPartOf":{"@id":"https:\/\/www.nettali.com\/#website"},"primaryImageOfPage":{"@id":"https:\/\/www.nettali.com\/2024\/10\/18\/attentat-a-la-pudeur-un-prof-de-maths-risque-2-ans-demprisonnement-ferme\/#primaryimage"},"datePublished":"2024-10-18T07:37:43+00:00","dateModified":"2024-10-18T07:37:43+00:00","author":{"@id":"https:\/\/www.nettali.com\/#\/schema\/person\/d8ac7b7e27ddad43f1c0d2ef090d7f71"},"breadcrumb":{"@id":"https:\/\/www.nettali.com\/2024\/10\/18\/attentat-a-la-pudeur-un-prof-de-maths-risque-2-ans-demprisonnement-ferme\/#breadcrumb"},"inLanguage":"fr-FR","potentialAction":[{"@type":"ReadAction","target":["https:\/\/www.nettali.com\/2024\/10\/18\/attentat-a-la-pudeur-un-prof-de-maths-risque-2-ans-demprisonnement-ferme\/"]}]},{"@type":"BreadcrumbList","@id":"https:\/\/www.nettali.com\/2024\/10\/18\/attentat-a-la-pudeur-un-prof-de-maths-risque-2-ans-demprisonnement-ferme\/#breadcrumb","itemListElement":[{"@type":"ListItem","position":1,"name":"Accueil","item":"https:\/\/www.nettali.com\/"},{"@type":"ListItem","position":2,"name":"ATTENTAT \u00c0 LA PUDEUR - Un prof de maths risque 2 ans d\u2019emprisonnement ferme"}]},{"@type":"Person","@id":"https:\/\/www.nettali.com\/#\/schema\/person\/d8ac7b7e27ddad43f1c0d2ef090d7f71","name":"CK","image":{"@type":"ImageObject","@id":"https:\/\/www.nettali.com\/#personlogo","inLanguage":"fr-FR","url":"https:\/\/secure.gravatar.com\/avatar\/1d8d5118b9327d94da7cd4ce7f17fec2?s=96&d=mm&r=g","contentUrl":"https:\/\/secure.gravatar.com\/avatar\/1d8d5118b9327d94da7cd4ce7f17fec2?s=96&d=mm&r=g","caption":"CK"},"sameAs":["https:\/\/www.nettali.com"]}]}},"_links":{"self":[{"href":"https:\/\/www.nettali.com\/rest\/wp\/v2\/posts\/142212"}],"collection":[{"href":"https:\/\/www.nettali.com\/rest\/wp\/v2\/posts"}],"about":[{"href":"https:\/\/www.nettali.com\/rest\/wp\/v2\/types\/post"}],"author":[{"embeddable":true,"href":"https:\/\/www.nettali.com\/rest\/wp\/v2\/users\/2"}],"replies":[{"embeddable":true,"href":"https:\/\/www.nettali.com\/rest\/wp\/v2\/comments?post=142212"}],"version-history":[{"count":1,"href":"https:\/\/www.nettali.com\/rest\/wp\/v2\/posts\/142212\/revisions"}],"predecessor-version":[{"id":142214,"href":"https:\/\/www.nettali.com\/rest\/wp\/v2\/posts\/142212\/revisions\/142214"}],"wp:featuredmedia":[{"embeddable":true,"href":"https:\/\/www.nettali.com\/rest\/wp\/v2\/media\/142213"}],"wp:attachment":[{"href":"https:\/\/www.nettali.com\/rest\/wp\/v2\/media?parent=142212"}],"wp:term":[{"taxonomy":"category","embeddable":true,"href":"https:\/\/www.nettali.com\/rest\/wp\/v2\/categories?post=142212"},{"taxonomy":"post_tag","embeddable":true,"href":"https:\/\/www.nettali.com\/rest\/wp\/v2\/tags?post=142212"}],"curies":[{"name":"wp","href":"https:\/\/api.w.org\/{rel}","templated":true}]}}