{"id":142205,"date":"2024-10-18T07:21:25","date_gmt":"2024-10-18T07:21:25","guid":{"rendered":"https:\/\/www.nettali.com\/?p=142205"},"modified":"2024-10-19T07:59:10","modified_gmt":"2024-10-19T07:59:10","slug":"agenda-national-de-transformation-2050-senegal-kesse-dechire-le-projet","status":"publish","type":"post","link":"https:\/\/www.nettali.com\/2024\/10\/18\/agenda-national-de-transformation-2050-senegal-kesse-dechire-le-projet\/","title":{"rendered":"AGENDA NATIONAL DE TRANSFORMATION 2050 - S\u00e9n\u00e9gal Kesse d\u00e9chire le \"Projet\""},"content":{"rendered":"<p><strong>NETTALI.COM - La coalition S\u00e9n\u00e9gal Kesse Am\u00e9rique du Nord n\u2019est pas convaincue par le r\u00e9f\u00e9rentiel de d\u00e9veloppement S\u00e9n\u00e9gal 2050. Selon ces challengers des prochaines L\u00e9gislatives, la pr\u00e9sentation d\u2019un tel document r\u00e9v\u00e8le que le fameux \u201cProjet\u201d \u00e9tait une \u201cchim\u00e8re\u201d. Sans oublier les \u201cincongruit\u00e9s et incoh\u00e9rences\u201d contenues dans cet \u201cAgenda national de transformation\u201d.<\/strong><\/p>\n<p>\u201cLe \u2018Projet\u2019 ou Plan de radotage pour obnubiler la jeunesse, les \u00e9lecteurs et de tromperie (Projet)\u201d. Par cette d\u00e9finition qui fr\u00f4le le sarcasme, la section Am\u00e9rique du Nord de la coalition S\u00e9n\u00e9gal Kesse n\u2019y va pas par quatre chemins. On estime tout simplement que le programme Vision S\u00e9n\u00e9gal 2050 est du toc. En d\u2019autres termes, la montagne aurait accouch\u00e9 d\u2019une souris. \u201c<em>Pendant 10 ans, comme une ritournelle, le \u2018Projet\u2019, pr\u00eat \u00e0 l\u2019emploi, r\u00e9dig\u00e9 par plus de 4 000 experts, allait \u00eatre la potion magique qui permettrait au Pastef, aussit\u00f4t arriv\u00e9 au pouvoir, de faire dispara\u00eetre, illico presto, tous les maux, calamit\u00e9s et pr\u00e9varications dont souffre le S\u00e9n\u00e9gal. Notamment le ch\u00f4mage end\u00e9mique des jeunes, la chert\u00e9 du co\u00fbt de la vie, les inondations r\u00e9currentes, la d\u00e9gradation du syst\u00e8me \u00e9ducatif, le pillage des ressources naturelles, le bradage des ressources mini\u00e8res, etc<\/em>.\u201d.<\/p>\n<p>Selon la coalition dirig\u00e9e notamment par Thierno Alassane Sall et Abdoul Mbaye, l\u2019autre \u201ctrahison\u201d r\u00e9side dans la \u201c<em>disparition de cette pl\u00e9thore<\/em>\u201d de cadres du Pastef qui auraient \u00e9crit le document de r\u00e9f\u00e9rence. \u201c<em>Nombreux ont \u00e9t\u00e9 les S\u00e9n\u00e9galais surpris et interloqu\u00e9s de voir le responsable de ce cabinet de strat\u00e9gies et de conseils pr\u00e9senter les grandes lignes du \u2018Projet\u2019, en lieu et place du repr\u00e9sentant ou du coordonnateur des 4 000 cadres qui l\u2019auraient \u00e9labor\u00e9. Plusieurs militants et souteneurs inconditionnels du gouvernement n\u2019ont pu cacher leur d\u00e9sappointement et leurs d\u00e9sillusions<\/em>\u201d.<\/p>\n<p>En outre, selon les repr\u00e9sentants nord-am\u00e9ricains de la coalition S\u00e9n\u00e9gal Kesse, tout ceci aurait \u00e9t\u00e9 orchestr\u00e9 pour sauver la peau du Premier ministre lui-m\u00eame. \u201c<em>La pr\u00e9sentation du projet S\u00e9n\u00e9gal 2050, plus d\u2019un mois apr\u00e8s la dissolution de l\u2019Assembl\u00e9e nationale, confirme, a posteriori, que derri\u00e8re tout le cirque m\u00e9diatique et politique, volontairement orchestr\u00e9 autour de la d\u00e9claration de politique g\u00e9n\u00e9rale (DPG) que devait effectuer le Premier ministre, n\u2019\u00e9tait qu\u2019un simple bluff pour soustraire celui-ci \u00e0 une obligation constitutionnelle, car, en v\u00e9rit\u00e9, il n\u2019\u00e9tait pas pr\u00eat<\/em>\u201d.<\/p>\n<p><strong>Entre impr\u00e9paration et incongruit\u00e9s <\/strong><\/p>\n<p>Ces opposants au r\u00e9gime de Bassirou Diomaye Diakhar Faye estiment avoir relev\u00e9 \u201c<em>plusieurs incongruit\u00e9s et incoh\u00e9rences, et pas des moindres, dans la pr\u00e9sentation de la vision S\u00e9n\u00e9gal 2050, tant il manque de coh\u00e9rence entre l\u2019objectif vis\u00e9, \u00e0 savoir la transformation syst\u00e9mique du pays, et les voies que compte prendre le gouvernement pour y arriver<\/em>\u201d.<\/p>\n<p>Ce que la bande \u00e0 Abdoul Mbaye fustige \u00e9galement, c'est la r\u00e9cente sortie du gouvernement sur la situation \u00e9conomique et les cons\u00e9quences constat\u00e9es \u00e0 la suite de cette communication. Il y a quelques semaines, le gouvernement pr\u00e9sentait la situation de l\u2019\u00e9conomie s\u00e9n\u00e9galaise \u00e0 l\u2019aide de chiffres provisoires. Ce qui a valu au S\u00e9n\u00e9gal une d\u00e9gradation de sa note de cr\u00e9dit par l'agence de notation Moody's, qui l\u2019a fait passer de Ba3 (perspective stable) \u00e0 B1 (sous surveillance). Cela constitue une atteinte \u00e0 la r\u00e9putation financi\u00e8re du pays, avec son cort\u00e8ge de cons\u00e9quences n\u00e9gatives dans l\u2019imm\u00e9diat.<\/p>\n<p>Enfin, pour ces partisans de TAS, le document en question ne manque pas de pr\u00e9senter des traces de plagiat. Ils soutiennent \u00e9galement que cette publication \u00e0 ce moment pr\u00e9cis est tout sauf anodine dans un contexte \u00e9lectoral. \u201c<em>Il serait illusoire de croire \u00e0 des r\u00e9sultats diff\u00e9rents tout en utilisant les m\u00eames vieilles recettes qui ont toutes \u00e9chou\u00e9, de surcro\u00eet avec moins de talent qu\u2019auparavant. Nous ne sommes pas condamn\u00e9s \u00e0 la m\u00e9diocrit\u00e9. En d\u00e9finitive, ce nouveau r\u00e9f\u00e9rentiel \u2018provisoire\u2019, pr\u00e9sent\u00e9 en grande pompe, n\u2019avait pour seul objectif que de faire miroiter aux populations un semblant de changement<\/em>\u201d<\/p>\n<div class='share-to-whatsapp-wrapper'><div class='share-on-whsp'>PARTAGER SUR : <\/div><a data-text='AGENDA NATIONAL DE TRANSFORMATION 2050 - S\u00e9n\u00e9gal Kesse d\u00e9chire le \"Projet\"' data-link='https:\/\/www.nettali.com\/2024\/10\/18\/agenda-national-de-transformation-2050-senegal-kesse-dechire-le-projet\/' class='whatsapp-button whatsapp-share'>WhatsApp<\/a><div class='clear '><\/div><\/div>","protected":false},"excerpt":{"rendered":"<p>NETTALI.COM - La coalition S\u00e9n\u00e9gal Kesse Am\u00e9rique du Nord n\u2019est pas convaincue par le r\u00e9f\u00e9rentiel de d\u00e9veloppement S\u00e9n\u00e9gal 2050. Selon ces challengers des prochaines L\u00e9gislatives, la pr\u00e9sentation d\u2019un tel document r\u00e9v\u00e8le que le fameux \u201cProjet\u201d \u00e9tait une \u201cchim\u00e8re\u201d. Sans oublier les \u201cincongruit\u00e9s et incoh\u00e9rences\u201d contenues dans cet \u201cAgenda national de transformation\u201d. \u201cLe \u2018Projet\u2019 ou Plan [&hellip;]<\/p>\n","protected":false},"author":2,"featured_media":142206,"comment_status":"open","ping_status":"open","sticky":false,"template":"","format":"standard","meta":{"_et_pb_use_builder":"","_et_pb_old_content":""},"categories":[2],"tags":[],"yoast_head":"<!-- This site is optimized with the Yoast SEO Premium plugin v17.8 (Yoast SEO v17.8) - https:\/\/yoast.com\/wordpress\/plugins\/seo\/ -->\n<title>AGENDA NATIONAL DE TRANSFORMATION 2050 - S\u00e9n\u00e9gal Kesse d\u00e9chire le &quot;Projet&quot; | Nettali.com<\/title>\n<meta name=\"robots\" content=\"index, follow, max-snippet:-1, max-image-preview:large, max-video-preview:-1\" \/>\n<link rel=\"canonical\" href=\"https:\/\/www.nettali.com\/2024\/10\/18\/agenda-national-de-transformation-2050-senegal-kesse-dechire-le-projet\/\" \/>\n<meta property=\"og:locale\" content=\"fr_FR\" \/>\n<meta property=\"og:type\" content=\"article\" \/>\n<meta property=\"og:title\" content=\"AGENDA NATIONAL DE TRANSFORMATION 2050 - S\u00e9n\u00e9gal Kesse d\u00e9chire le &quot;Projet&quot;\" \/>\n<meta property=\"og:description\" content=\"NETTALI.COM - La coalition S\u00e9n\u00e9gal Kesse Am\u00e9rique du Nord n\u2019est pas convaincue par le r\u00e9f\u00e9rentiel de d\u00e9veloppement S\u00e9n\u00e9gal 2050. Selon ces challengers des prochaines L\u00e9gislatives, la pr\u00e9sentation d\u2019un tel document r\u00e9v\u00e8le que le fameux \u201cProjet\u201d \u00e9tait une \u201cchim\u00e8re\u201d. Sans oublier les \u201cincongruit\u00e9s et incoh\u00e9rences\u201d contenues dans cet \u201cAgenda national de transformation\u201d. \u201cLe \u2018Projet\u2019 ou Plan [&hellip;]\" \/>\n<meta property=\"og:url\" content=\"https:\/\/www.nettali.com\/2024\/10\/18\/agenda-national-de-transformation-2050-senegal-kesse-dechire-le-projet\/\" \/>\n<meta property=\"og:site_name\" content=\"Nettali.com\" \/>\n<meta property=\"article:publisher\" content=\"https:\/\/www.facebook.com\/nettalicom\" \/>\n<meta property=\"article:published_time\" content=\"2024-10-18T07:21:25+00:00\" \/>\n<meta property=\"article:modified_time\" content=\"2024-10-19T07:59:10+00:00\" \/>\n<meta property=\"og:image\" content=\"https:\/\/www.nettali.com\/wp-content\/uploads\/2024\/10\/WhatsApp-Image-2024-09-01-at-18.17.03.jpeg\" \/>\n\t<meta property=\"og:image:width\" content=\"1280\" \/>\n\t<meta property=\"og:image:height\" content=\"960\" \/>\n<meta name=\"twitter:card\" content=\"summary_large_image\" \/>\n<meta name=\"twitter:label1\" content=\"\u00c9crit par\" \/>\n\t<meta name=\"twitter:data1\" content=\"CK\" \/>\n\t<meta name=\"twitter:label2\" content=\"Dur\u00e9e de lecture estim\u00e9e\" \/>\n\t<meta name=\"twitter:data2\" content=\"4 minutes\" \/>\n<script type=\"application\/ld+json\" class=\"yoast-schema-graph\">{\"@context\":\"https:\/\/schema.org\",\"@graph\":[{\"@type\":\"WebSite\",\"@id\":\"https:\/\/www.nettali.com\/#website\",\"url\":\"https:\/\/www.nettali.com\/\",\"name\":\"Nettali.com\",\"description\":\"Le rendez-vous critique du Net\",\"potentialAction\":[{\"@type\":\"SearchAction\",\"target\":{\"@type\":\"EntryPoint\",\"urlTemplate\":\"https:\/\/www.nettali.com\/?s={search_term_string}\"},\"query-input\":\"required name=search_term_string\"}],\"inLanguage\":\"fr-FR\"},{\"@type\":\"ImageObject\",\"@id\":\"https:\/\/www.nettali.com\/2024\/10\/18\/agenda-national-de-transformation-2050-senegal-kesse-dechire-le-projet\/#primaryimage\",\"inLanguage\":\"fr-FR\",\"url\":\"https:\/\/www.nettali.com\/wp-content\/uploads\/2024\/10\/WhatsApp-Image-2024-09-01-at-18.17.03.jpeg\",\"contentUrl\":\"https:\/\/www.nettali.com\/wp-content\/uploads\/2024\/10\/WhatsApp-Image-2024-09-01-at-18.17.03.jpeg\",\"width\":1280,\"height\":960},{\"@type\":\"WebPage\",\"@id\":\"https:\/\/www.nettali.com\/2024\/10\/18\/agenda-national-de-transformation-2050-senegal-kesse-dechire-le-projet\/#webpage\",\"url\":\"https:\/\/www.nettali.com\/2024\/10\/18\/agenda-national-de-transformation-2050-senegal-kesse-dechire-le-projet\/\",\"name\":\"AGENDA NATIONAL DE TRANSFORMATION 2050 - S\\u00e9n\\u00e9gal Kesse d\\u00e9chire le \\\"Projet\\\" | Nettali.com\",\"isPartOf\":{\"@id\":\"https:\/\/www.nettali.com\/#website\"},\"primaryImageOfPage\":{\"@id\":\"https:\/\/www.nettali.com\/2024\/10\/18\/agenda-national-de-transformation-2050-senegal-kesse-dechire-le-projet\/#primaryimage\"},\"datePublished\":\"2024-10-18T07:21:25+00:00\",\"dateModified\":\"2024-10-19T07:59:10+00:00\",\"author\":{\"@id\":\"https:\/\/www.nettali.com\/#\/schema\/person\/d8ac7b7e27ddad43f1c0d2ef090d7f71\"},\"breadcrumb\":{\"@id\":\"https:\/\/www.nettali.com\/2024\/10\/18\/agenda-national-de-transformation-2050-senegal-kesse-dechire-le-projet\/#breadcrumb\"},\"inLanguage\":\"fr-FR\",\"potentialAction\":[{\"@type\":\"ReadAction\",\"target\":[\"https:\/\/www.nettali.com\/2024\/10\/18\/agenda-national-de-transformation-2050-senegal-kesse-dechire-le-projet\/\"]}]},{\"@type\":\"BreadcrumbList\",\"@id\":\"https:\/\/www.nettali.com\/2024\/10\/18\/agenda-national-de-transformation-2050-senegal-kesse-dechire-le-projet\/#breadcrumb\",\"itemListElement\":[{\"@type\":\"ListItem\",\"position\":1,\"name\":\"Accueil\",\"item\":\"https:\/\/www.nettali.com\/\"},{\"@type\":\"ListItem\",\"position\":2,\"name\":\"AGENDA NATIONAL DE TRANSFORMATION 2050 - S\\u00e9n\\u00e9gal Kesse d\\u00e9chire le \\\"Projet\\\"\"}]},{\"@type\":\"Person\",\"@id\":\"https:\/\/www.nettali.com\/#\/schema\/person\/d8ac7b7e27ddad43f1c0d2ef090d7f71\",\"name\":\"CK\",\"image\":{\"@type\":\"ImageObject\",\"@id\":\"https:\/\/www.nettali.com\/#personlogo\",\"inLanguage\":\"fr-FR\",\"url\":\"https:\/\/secure.gravatar.com\/avatar\/1d8d5118b9327d94da7cd4ce7f17fec2?s=96&d=mm&r=g\",\"contentUrl\":\"https:\/\/secure.gravatar.com\/avatar\/1d8d5118b9327d94da7cd4ce7f17fec2?s=96&d=mm&r=g\",\"caption\":\"CK\"},\"sameAs\":[\"https:\/\/www.nettali.com\"]}]}<\/script>\n<!-- \/ Yoast SEO Premium plugin. -->","yoast_head_json":{"title":"AGENDA NATIONAL DE TRANSFORMATION 2050 - S\u00e9n\u00e9gal Kesse d\u00e9chire le \"Projet\" | Nettali.com","robots":{"index":"index","follow":"follow","max-snippet":"max-snippet:-1","max-image-preview":"max-image-preview:large","max-video-preview":"max-video-preview:-1"},"canonical":"https:\/\/www.nettali.com\/2024\/10\/18\/agenda-national-de-transformation-2050-senegal-kesse-dechire-le-projet\/","og_locale":"fr_FR","og_type":"article","og_title":"AGENDA NATIONAL DE TRANSFORMATION 2050 - S\u00e9n\u00e9gal Kesse d\u00e9chire le \"Projet\"","og_description":"NETTALI.COM - La coalition S\u00e9n\u00e9gal Kesse Am\u00e9rique du Nord n\u2019est pas convaincue par le r\u00e9f\u00e9rentiel de d\u00e9veloppement S\u00e9n\u00e9gal 2050. Selon ces challengers des prochaines L\u00e9gislatives, la pr\u00e9sentation d\u2019un tel document r\u00e9v\u00e8le que le fameux \u201cProjet\u201d \u00e9tait une \u201cchim\u00e8re\u201d. Sans oublier les \u201cincongruit\u00e9s et incoh\u00e9rences\u201d contenues dans cet \u201cAgenda national de transformation\u201d. \u201cLe \u2018Projet\u2019 ou Plan [&hellip;]","og_url":"https:\/\/www.nettali.com\/2024\/10\/18\/agenda-national-de-transformation-2050-senegal-kesse-dechire-le-projet\/","og_site_name":"Nettali.com","article_publisher":"https:\/\/www.facebook.com\/nettalicom","article_published_time":"2024-10-18T07:21:25+00:00","article_modified_time":"2024-10-19T07:59:10+00:00","og_image":[{"width":1280,"height":960,"url":"https:\/\/www.nettali.com\/wp-content\/uploads\/2024\/10\/WhatsApp-Image-2024-09-01-at-18.17.03.jpeg","type":"image\/jpeg"}],"twitter_card":"summary_large_image","twitter_misc":{"\u00c9crit par":"CK","Dur\u00e9e de lecture estim\u00e9e":"4 minutes"},"schema":{"@context":"https:\/\/schema.org","@graph":[{"@type":"WebSite","@id":"https:\/\/www.nettali.com\/#website","url":"https:\/\/www.nettali.com\/","name":"Nettali.com","description":"Le rendez-vous critique du Net","potentialAction":[{"@type":"SearchAction","target":{"@type":"EntryPoint","urlTemplate":"https:\/\/www.nettali.com\/?s={search_term_string}"},"query-input":"required name=search_term_string"}],"inLanguage":"fr-FR"},{"@type":"ImageObject","@id":"https:\/\/www.nettali.com\/2024\/10\/18\/agenda-national-de-transformation-2050-senegal-kesse-dechire-le-projet\/#primaryimage","inLanguage":"fr-FR","url":"https:\/\/www.nettali.com\/wp-content\/uploads\/2024\/10\/WhatsApp-Image-2024-09-01-at-18.17.03.jpeg","contentUrl":"https:\/\/www.nettali.com\/wp-content\/uploads\/2024\/10\/WhatsApp-Image-2024-09-01-at-18.17.03.jpeg","width":1280,"height":960},{"@type":"WebPage","@id":"https:\/\/www.nettali.com\/2024\/10\/18\/agenda-national-de-transformation-2050-senegal-kesse-dechire-le-projet\/#webpage","url":"https:\/\/www.nettali.com\/2024\/10\/18\/agenda-national-de-transformation-2050-senegal-kesse-dechire-le-projet\/","name":"AGENDA NATIONAL DE TRANSFORMATION 2050 - S\u00e9n\u00e9gal Kesse d\u00e9chire le \"Projet\" | Nettali.com","isPartOf":{"@id":"https:\/\/www.nettali.com\/#website"},"primaryImageOfPage":{"@id":"https:\/\/www.nettali.com\/2024\/10\/18\/agenda-national-de-transformation-2050-senegal-kesse-dechire-le-projet\/#primaryimage"},"datePublished":"2024-10-18T07:21:25+00:00","dateModified":"2024-10-19T07:59:10+00:00","author":{"@id":"https:\/\/www.nettali.com\/#\/schema\/person\/d8ac7b7e27ddad43f1c0d2ef090d7f71"},"breadcrumb":{"@id":"https:\/\/www.nettali.com\/2024\/10\/18\/agenda-national-de-transformation-2050-senegal-kesse-dechire-le-projet\/#breadcrumb"},"inLanguage":"fr-FR","potentialAction":[{"@type":"ReadAction","target":["https:\/\/www.nettali.com\/2024\/10\/18\/agenda-national-de-transformation-2050-senegal-kesse-dechire-le-projet\/"]}]},{"@type":"BreadcrumbList","@id":"https:\/\/www.nettali.com\/2024\/10\/18\/agenda-national-de-transformation-2050-senegal-kesse-dechire-le-projet\/#breadcrumb","itemListElement":[{"@type":"ListItem","position":1,"name":"Accueil","item":"https:\/\/www.nettali.com\/"},{"@type":"ListItem","position":2,"name":"AGENDA NATIONAL DE TRANSFORMATION 2050 - S\u00e9n\u00e9gal Kesse d\u00e9chire le \"Projet\""}]},{"@type":"Person","@id":"https:\/\/www.nettali.com\/#\/schema\/person\/d8ac7b7e27ddad43f1c0d2ef090d7f71","name":"CK","image":{"@type":"ImageObject","@id":"https:\/\/www.nettali.com\/#personlogo","inLanguage":"fr-FR","url":"https:\/\/secure.gravatar.com\/avatar\/1d8d5118b9327d94da7cd4ce7f17fec2?s=96&d=mm&r=g","contentUrl":"https:\/\/secure.gravatar.com\/avatar\/1d8d5118b9327d94da7cd4ce7f17fec2?s=96&d=mm&r=g","caption":"CK"},"sameAs":["https:\/\/www.nettali.com"]}]}},"_links":{"self":[{"href":"https:\/\/www.nettali.com\/rest\/wp\/v2\/posts\/142205"}],"collection":[{"href":"https:\/\/www.nettali.com\/rest\/wp\/v2\/posts"}],"about":[{"href":"https:\/\/www.nettali.com\/rest\/wp\/v2\/types\/post"}],"author":[{"embeddable":true,"href":"https:\/\/www.nettali.com\/rest\/wp\/v2\/users\/2"}],"replies":[{"embeddable":true,"href":"https:\/\/www.nettali.com\/rest\/wp\/v2\/comments?post=142205"}],"version-history":[{"count":1,"href":"https:\/\/www.nettali.com\/rest\/wp\/v2\/posts\/142205\/revisions"}],"predecessor-version":[{"id":142207,"href":"https:\/\/www.nettali.com\/rest\/wp\/v2\/posts\/142205\/revisions\/142207"}],"wp:featuredmedia":[{"embeddable":true,"href":"https:\/\/www.nettali.com\/rest\/wp\/v2\/media\/142206"}],"wp:attachment":[{"href":"https:\/\/www.nettali.com\/rest\/wp\/v2\/media?parent=142205"}],"wp:term":[{"taxonomy":"category","embeddable":true,"href":"https:\/\/www.nettali.com\/rest\/wp\/v2\/categories?post=142205"},{"taxonomy":"post_tag","embeddable":true,"href":"https:\/\/www.nettali.com\/rest\/wp\/v2\/tags?post=142205"}],"curies":[{"name":"wp","href":"https:\/\/api.w.org\/{rel}","templated":true}]}}