{"id":142104,"date":"2024-10-17T06:56:31","date_gmt":"2024-10-17T06:56:31","guid":{"rendered":"https:\/\/www.nettali.com\/?p=142104"},"modified":"2024-10-17T06:57:29","modified_gmt":"2024-10-17T06:57:29","slug":"securite-sanitaire-des-aliments-vers-la-tenue-dun-conseil-national-de-lalimentation","status":"publish","type":"post","link":"https:\/\/www.nettali.com\/2024\/10\/17\/securite-sanitaire-des-aliments-vers-la-tenue-dun-conseil-national-de-lalimentation\/","title":{"rendered":"SECURITE SANITAIRE DES ALIMENTS \u2013 Vers la cr\u00e9ation d'un Conseil national de l\u2019alimentation"},"content":{"rendered":"<p><strong>NETTALI.COM - Le pr\u00e9sident de la R\u00e9publique demande au gouvernement de mettre en place un conseil national de l\u2019alimentation afin de mieux contribuer \u00e0 la s\u00e9curit\u00e9 sanitaire des aliments et \u00e0 la qualit\u00e9 de la consommation nationale.<\/strong><\/p>\n<p>La journ\u00e9e mondiale de l\u2019alimentation est c\u00e9l\u00e9br\u00e9e ce 16 octobre. Occasion pour le pr\u00e9sident de la R\u00e9publique d'insister sur l\u2019imp\u00e9ratif d\u2019asseoir une souverainet\u00e9 alimentaire \u00e0 travers notamment \"<em>l\u2019acc\u00e9l\u00e9ration de la mise en \u0153uvre d\u2019une politique agricole r\u00e9nov\u00e9e et ambitieuse<\/em>\". Bassirou Diomaye Faye l'a dit mercredi en r\u00e9union de Conseil des ministres. Il a soulign\u00e9 \"<em>l\u2019urgence de red\u00e9finir les objectifs d\u2019am\u00e9nagements hydroagricoles, particuli\u00e8rement au niveau des vall\u00e9es du fleuve S\u00e9n\u00e9gal et de l\u2019Anamb\u00e9, pour accroitre de <\/em>\u00a0<em>fa\u00e7on significative les surfaces emblav\u00e9es, de m\u00eame que les productions rizicoles, avec le <\/em><em>d\u00e9veloppement de la m\u00e9canisation et l\u2019accroissement des syst\u00e8mes de maitrise de l\u2019eau<\/em>\".<\/p>\n<p>\"<em>Le pr\u00e9sident de la R\u00e9publique a demand\u00e9 au Premier ministre de prendre les mesures <\/em><em>urgentes pour r\u00e9viser, en fonction des nouveaux objectifs d\u2019am\u00e9nagement et de production <\/em><em>fix\u00e9s, les lettres de mission et les moyens d\u2019intervention de la Soci\u00e9t\u00e9 nationale d\u2019Am\u00e9nagement et d\u2019Exploitation des Terres du Delta du Fleuve S\u00e9n\u00e9gal (SAED) et de la <\/em><br \/>\n<em>Soci\u00e9t\u00e9 de D\u00e9veloppement agricole et industrielle (SODAGRI) en particulier<\/em>\", note le communiqu\u00e9 du Conseil des ministres.<\/p>\n<p>Le pr\u00e9sident de la R\u00e9publique a, en outre, demand\u00e9 au Premier ministre d\u2019engager la r\u00e9flexion pour la cr\u00e9ation, \u00e0 terme, d\u2019un \"<em>Conseil national de l\u2019Alimentation<\/em>\". \"<em>Ce cadre strat\u00e9gique <\/em><em>\u00a0permettra de mieux consolider les politiques, programmes, projets et structures <\/em><em>concourant au renforcement des productions nationales c\u00e9r\u00e9ali\u00e8res, animales et halieutiques, <\/em><em>mais \u00e9galement \u00e0 la surveillance des approvisionnements, \u00e0 la s\u00e9curit\u00e9 sanitaire des aliments <\/em>\u00a0<em>et \u00e0 la qualit\u00e9 de la consommation nationale<\/em>\", souligne le texte.<\/p>\n<p>Par ailleurs, le chef de l'Etat a rappel\u00e9 au ministre de l\u2019Agriculture, l\u2019urgence de s\u00e9curiser les assiettes fonci\u00e8res des Domaines agricoles communautaires et de l\u2019ISRA en vue d\u2019intensifier le rythme de production des semences certifi\u00e9es en quantit\u00e9 suffisante. Aussi a-t-il relev\u00e9 \"<em>la n\u00e9cessit\u00e9 de faire la situation et de pr\u00e9senter les perspectives de d\u00e9veloppement des centres polyvalents de \u00a0formation en Agricultur<\/em>e\".<\/p>\n<div class='share-to-whatsapp-wrapper'><div class='share-on-whsp'>PARTAGER SUR : <\/div><a data-text='SECURITE SANITAIRE DES ALIMENTS \u2013 Vers la cr\u00e9ation d'un Conseil national de l\u2019alimentation' data-link='https:\/\/www.nettali.com\/2024\/10\/17\/securite-sanitaire-des-aliments-vers-la-tenue-dun-conseil-national-de-lalimentation\/' class='whatsapp-button whatsapp-share'>WhatsApp<\/a><div class='clear '><\/div><\/div>","protected":false},"excerpt":{"rendered":"<p>NETTALI.COM - Le pr\u00e9sident de la R\u00e9publique demande au gouvernement de mettre en place un conseil national de l\u2019alimentation afin de mieux contribuer \u00e0 la s\u00e9curit\u00e9 sanitaire des aliments et \u00e0 la qualit\u00e9 de la consommation nationale. La journ\u00e9e mondiale de l\u2019alimentation est c\u00e9l\u00e9br\u00e9e ce 16 octobre. Occasion pour le pr\u00e9sident de la R\u00e9publique d'insister [&hellip;]<\/p>\n","protected":false},"author":6,"featured_media":136736,"comment_status":"open","ping_status":"open","sticky":false,"template":"","format":"standard","meta":{"_et_pb_use_builder":"","_et_pb_old_content":""},"categories":[3],"tags":[],"yoast_head":"<!-- This site is optimized with the Yoast SEO Premium plugin v17.8 (Yoast SEO v17.8) - https:\/\/yoast.com\/wordpress\/plugins\/seo\/ -->\n<title>SECURITE SANITAIRE DES ALIMENTS \u2013 Vers la cr\u00e9ation d&#039;un Conseil national de l\u2019alimentation | Nettali.com<\/title>\n<meta name=\"robots\" content=\"index, follow, max-snippet:-1, max-image-preview:large, max-video-preview:-1\" \/>\n<link rel=\"canonical\" href=\"https:\/\/www.nettali.com\/2024\/10\/17\/securite-sanitaire-des-aliments-vers-la-tenue-dun-conseil-national-de-lalimentation\/\" \/>\n<meta property=\"og:locale\" content=\"fr_FR\" \/>\n<meta property=\"og:type\" content=\"article\" \/>\n<meta property=\"og:title\" content=\"SECURITE SANITAIRE DES ALIMENTS \u2013 Vers la cr\u00e9ation d&#039;un Conseil national de l\u2019alimentation\" \/>\n<meta property=\"og:description\" content=\"NETTALI.COM - Le pr\u00e9sident de la R\u00e9publique demande au gouvernement de mettre en place un conseil national de l\u2019alimentation afin de mieux contribuer \u00e0 la s\u00e9curit\u00e9 sanitaire des aliments et \u00e0 la qualit\u00e9 de la consommation nationale. La journ\u00e9e mondiale de l\u2019alimentation est c\u00e9l\u00e9br\u00e9e ce 16 octobre. Occasion pour le pr\u00e9sident de la R\u00e9publique d&#039;insister [&hellip;]\" \/>\n<meta property=\"og:url\" content=\"https:\/\/www.nettali.com\/2024\/10\/17\/securite-sanitaire-des-aliments-vers-la-tenue-dun-conseil-national-de-lalimentation\/\" \/>\n<meta property=\"og:site_name\" content=\"Nettali.com\" \/>\n<meta property=\"article:publisher\" content=\"https:\/\/www.facebook.com\/nettalicom\" \/>\n<meta property=\"article:published_time\" content=\"2024-10-17T06:56:31+00:00\" \/>\n<meta property=\"article:modified_time\" content=\"2024-10-17T06:57:29+00:00\" \/>\n<meta property=\"og:image\" content=\"https:\/\/www.nettali.com\/wp-content\/uploads\/2024\/07\/Senegal-Bassirou-Diomaye-Faye-un-president-qui-revolutionne-la-gouvernance-depuis-mars-2024_thumbnail.jpg\" \/>\n\t<meta property=\"og:image:width\" content=\"800\" \/>\n\t<meta property=\"og:image:height\" content=\"470\" \/>\n<meta name=\"twitter:card\" content=\"summary_large_image\" \/>\n<meta name=\"twitter:label1\" content=\"\u00c9crit par\" \/>\n\t<meta name=\"twitter:data1\" content=\"Fatou\" \/>\n\t<meta name=\"twitter:label2\" content=\"Dur\u00e9e de lecture estim\u00e9e\" \/>\n\t<meta name=\"twitter:data2\" content=\"2 minutes\" \/>\n<script type=\"application\/ld+json\" class=\"yoast-schema-graph\">{\"@context\":\"https:\/\/schema.org\",\"@graph\":[{\"@type\":\"WebSite\",\"@id\":\"https:\/\/www.nettali.com\/#website\",\"url\":\"https:\/\/www.nettali.com\/\",\"name\":\"Nettali.com\",\"description\":\"Le rendez-vous critique du Net\",\"potentialAction\":[{\"@type\":\"SearchAction\",\"target\":{\"@type\":\"EntryPoint\",\"urlTemplate\":\"https:\/\/www.nettali.com\/?s={search_term_string}\"},\"query-input\":\"required name=search_term_string\"}],\"inLanguage\":\"fr-FR\"},{\"@type\":\"ImageObject\",\"@id\":\"https:\/\/www.nettali.com\/2024\/10\/17\/securite-sanitaire-des-aliments-vers-la-tenue-dun-conseil-national-de-lalimentation\/#primaryimage\",\"inLanguage\":\"fr-FR\",\"url\":\"https:\/\/www.nettali.com\/wp-content\/uploads\/2024\/07\/Senegal-Bassirou-Diomaye-Faye-un-president-qui-revolutionne-la-gouvernance-depuis-mars-2024_thumbnail.jpg\",\"contentUrl\":\"https:\/\/www.nettali.com\/wp-content\/uploads\/2024\/07\/Senegal-Bassirou-Diomaye-Faye-un-president-qui-revolutionne-la-gouvernance-depuis-mars-2024_thumbnail.jpg\",\"width\":800,\"height\":470},{\"@type\":\"WebPage\",\"@id\":\"https:\/\/www.nettali.com\/2024\/10\/17\/securite-sanitaire-des-aliments-vers-la-tenue-dun-conseil-national-de-lalimentation\/#webpage\",\"url\":\"https:\/\/www.nettali.com\/2024\/10\/17\/securite-sanitaire-des-aliments-vers-la-tenue-dun-conseil-national-de-lalimentation\/\",\"name\":\"SECURITE SANITAIRE DES ALIMENTS \\u2013 Vers la cr\\u00e9ation d'un Conseil national de l\\u2019alimentation | Nettali.com\",\"isPartOf\":{\"@id\":\"https:\/\/www.nettali.com\/#website\"},\"primaryImageOfPage\":{\"@id\":\"https:\/\/www.nettali.com\/2024\/10\/17\/securite-sanitaire-des-aliments-vers-la-tenue-dun-conseil-national-de-lalimentation\/#primaryimage\"},\"datePublished\":\"2024-10-17T06:56:31+00:00\",\"dateModified\":\"2024-10-17T06:57:29+00:00\",\"author\":{\"@id\":\"https:\/\/www.nettali.com\/#\/schema\/person\/418274a86bdf87caff7a3ef476bd0bbf\"},\"breadcrumb\":{\"@id\":\"https:\/\/www.nettali.com\/2024\/10\/17\/securite-sanitaire-des-aliments-vers-la-tenue-dun-conseil-national-de-lalimentation\/#breadcrumb\"},\"inLanguage\":\"fr-FR\",\"potentialAction\":[{\"@type\":\"ReadAction\",\"target\":[\"https:\/\/www.nettali.com\/2024\/10\/17\/securite-sanitaire-des-aliments-vers-la-tenue-dun-conseil-national-de-lalimentation\/\"]}]},{\"@type\":\"BreadcrumbList\",\"@id\":\"https:\/\/www.nettali.com\/2024\/10\/17\/securite-sanitaire-des-aliments-vers-la-tenue-dun-conseil-national-de-lalimentation\/#breadcrumb\",\"itemListElement\":[{\"@type\":\"ListItem\",\"position\":1,\"name\":\"Accueil\",\"item\":\"https:\/\/www.nettali.com\/\"},{\"@type\":\"ListItem\",\"position\":2,\"name\":\"SECURITE SANITAIRE DES ALIMENTS \\u2013 Vers la cr\\u00e9ation d'un Conseil national de l\\u2019alimentation\"}]},{\"@type\":\"Person\",\"@id\":\"https:\/\/www.nettali.com\/#\/schema\/person\/418274a86bdf87caff7a3ef476bd0bbf\",\"name\":\"Fatou\",\"image\":{\"@type\":\"ImageObject\",\"@id\":\"https:\/\/www.nettali.com\/#personlogo\",\"inLanguage\":\"fr-FR\",\"url\":\"https:\/\/secure.gravatar.com\/avatar\/5a9442a2bee7b4dcf167cab035858e9a?s=96&d=mm&r=g\",\"contentUrl\":\"https:\/\/secure.gravatar.com\/avatar\/5a9442a2bee7b4dcf167cab035858e9a?s=96&d=mm&r=g\",\"caption\":\"Fatou\"},\"sameAs\":[\"https:\/\/www.nettali.com\"]}]}<\/script>\n<!-- \/ Yoast SEO Premium plugin. -->","yoast_head_json":{"title":"SECURITE SANITAIRE DES ALIMENTS \u2013 Vers la cr\u00e9ation d'un Conseil national de l\u2019alimentation | Nettali.com","robots":{"index":"index","follow":"follow","max-snippet":"max-snippet:-1","max-image-preview":"max-image-preview:large","max-video-preview":"max-video-preview:-1"},"canonical":"https:\/\/www.nettali.com\/2024\/10\/17\/securite-sanitaire-des-aliments-vers-la-tenue-dun-conseil-national-de-lalimentation\/","og_locale":"fr_FR","og_type":"article","og_title":"SECURITE SANITAIRE DES ALIMENTS \u2013 Vers la cr\u00e9ation d'un Conseil national de l\u2019alimentation","og_description":"NETTALI.COM - Le pr\u00e9sident de la R\u00e9publique demande au gouvernement de mettre en place un conseil national de l\u2019alimentation afin de mieux contribuer \u00e0 la s\u00e9curit\u00e9 sanitaire des aliments et \u00e0 la qualit\u00e9 de la consommation nationale. La journ\u00e9e mondiale de l\u2019alimentation est c\u00e9l\u00e9br\u00e9e ce 16 octobre. Occasion pour le pr\u00e9sident de la R\u00e9publique d'insister [&hellip;]","og_url":"https:\/\/www.nettali.com\/2024\/10\/17\/securite-sanitaire-des-aliments-vers-la-tenue-dun-conseil-national-de-lalimentation\/","og_site_name":"Nettali.com","article_publisher":"https:\/\/www.facebook.com\/nettalicom","article_published_time":"2024-10-17T06:56:31+00:00","article_modified_time":"2024-10-17T06:57:29+00:00","og_image":[{"width":800,"height":470,"url":"https:\/\/www.nettali.com\/wp-content\/uploads\/2024\/07\/Senegal-Bassirou-Diomaye-Faye-un-president-qui-revolutionne-la-gouvernance-depuis-mars-2024_thumbnail.jpg","type":"image\/jpeg"}],"twitter_card":"summary_large_image","twitter_misc":{"\u00c9crit par":"Fatou","Dur\u00e9e de lecture estim\u00e9e":"2 minutes"},"schema":{"@context":"https:\/\/schema.org","@graph":[{"@type":"WebSite","@id":"https:\/\/www.nettali.com\/#website","url":"https:\/\/www.nettali.com\/","name":"Nettali.com","description":"Le rendez-vous critique du Net","potentialAction":[{"@type":"SearchAction","target":{"@type":"EntryPoint","urlTemplate":"https:\/\/www.nettali.com\/?s={search_term_string}"},"query-input":"required name=search_term_string"}],"inLanguage":"fr-FR"},{"@type":"ImageObject","@id":"https:\/\/www.nettali.com\/2024\/10\/17\/securite-sanitaire-des-aliments-vers-la-tenue-dun-conseil-national-de-lalimentation\/#primaryimage","inLanguage":"fr-FR","url":"https:\/\/www.nettali.com\/wp-content\/uploads\/2024\/07\/Senegal-Bassirou-Diomaye-Faye-un-president-qui-revolutionne-la-gouvernance-depuis-mars-2024_thumbnail.jpg","contentUrl":"https:\/\/www.nettali.com\/wp-content\/uploads\/2024\/07\/Senegal-Bassirou-Diomaye-Faye-un-president-qui-revolutionne-la-gouvernance-depuis-mars-2024_thumbnail.jpg","width":800,"height":470},{"@type":"WebPage","@id":"https:\/\/www.nettali.com\/2024\/10\/17\/securite-sanitaire-des-aliments-vers-la-tenue-dun-conseil-national-de-lalimentation\/#webpage","url":"https:\/\/www.nettali.com\/2024\/10\/17\/securite-sanitaire-des-aliments-vers-la-tenue-dun-conseil-national-de-lalimentation\/","name":"SECURITE SANITAIRE DES ALIMENTS \u2013 Vers la cr\u00e9ation d'un Conseil national de l\u2019alimentation | Nettali.com","isPartOf":{"@id":"https:\/\/www.nettali.com\/#website"},"primaryImageOfPage":{"@id":"https:\/\/www.nettali.com\/2024\/10\/17\/securite-sanitaire-des-aliments-vers-la-tenue-dun-conseil-national-de-lalimentation\/#primaryimage"},"datePublished":"2024-10-17T06:56:31+00:00","dateModified":"2024-10-17T06:57:29+00:00","author":{"@id":"https:\/\/www.nettali.com\/#\/schema\/person\/418274a86bdf87caff7a3ef476bd0bbf"},"breadcrumb":{"@id":"https:\/\/www.nettali.com\/2024\/10\/17\/securite-sanitaire-des-aliments-vers-la-tenue-dun-conseil-national-de-lalimentation\/#breadcrumb"},"inLanguage":"fr-FR","potentialAction":[{"@type":"ReadAction","target":["https:\/\/www.nettali.com\/2024\/10\/17\/securite-sanitaire-des-aliments-vers-la-tenue-dun-conseil-national-de-lalimentation\/"]}]},{"@type":"BreadcrumbList","@id":"https:\/\/www.nettali.com\/2024\/10\/17\/securite-sanitaire-des-aliments-vers-la-tenue-dun-conseil-national-de-lalimentation\/#breadcrumb","itemListElement":[{"@type":"ListItem","position":1,"name":"Accueil","item":"https:\/\/www.nettali.com\/"},{"@type":"ListItem","position":2,"name":"SECURITE SANITAIRE DES ALIMENTS \u2013 Vers la cr\u00e9ation d'un Conseil national de l\u2019alimentation"}]},{"@type":"Person","@id":"https:\/\/www.nettali.com\/#\/schema\/person\/418274a86bdf87caff7a3ef476bd0bbf","name":"Fatou","image":{"@type":"ImageObject","@id":"https:\/\/www.nettali.com\/#personlogo","inLanguage":"fr-FR","url":"https:\/\/secure.gravatar.com\/avatar\/5a9442a2bee7b4dcf167cab035858e9a?s=96&d=mm&r=g","contentUrl":"https:\/\/secure.gravatar.com\/avatar\/5a9442a2bee7b4dcf167cab035858e9a?s=96&d=mm&r=g","caption":"Fatou"},"sameAs":["https:\/\/www.nettali.com"]}]}},"_links":{"self":[{"href":"https:\/\/www.nettali.com\/rest\/wp\/v2\/posts\/142104"}],"collection":[{"href":"https:\/\/www.nettali.com\/rest\/wp\/v2\/posts"}],"about":[{"href":"https:\/\/www.nettali.com\/rest\/wp\/v2\/types\/post"}],"author":[{"embeddable":true,"href":"https:\/\/www.nettali.com\/rest\/wp\/v2\/users\/6"}],"replies":[{"embeddable":true,"href":"https:\/\/www.nettali.com\/rest\/wp\/v2\/comments?post=142104"}],"version-history":[{"count":5,"href":"https:\/\/www.nettali.com\/rest\/wp\/v2\/posts\/142104\/revisions"}],"predecessor-version":[{"id":142126,"href":"https:\/\/www.nettali.com\/rest\/wp\/v2\/posts\/142104\/revisions\/142126"}],"wp:featuredmedia":[{"embeddable":true,"href":"https:\/\/www.nettali.com\/rest\/wp\/v2\/media\/136736"}],"wp:attachment":[{"href":"https:\/\/www.nettali.com\/rest\/wp\/v2\/media?parent=142104"}],"wp:term":[{"taxonomy":"category","embeddable":true,"href":"https:\/\/www.nettali.com\/rest\/wp\/v2\/categories?post=142104"},{"taxonomy":"post_tag","embeddable":true,"href":"https:\/\/www.nettali.com\/rest\/wp\/v2\/tags?post=142104"}],"curies":[{"name":"wp","href":"https:\/\/api.w.org\/{rel}","templated":true}]}}