{"id":142071,"date":"2024-10-16T12:30:12","date_gmt":"2024-10-16T12:30:12","guid":{"rendered":"https:\/\/www.nettali.com\/?p=142071"},"modified":"2024-10-17T07:00:51","modified_gmt":"2024-10-17T07:00:51","slug":"adama-barrow-je-serai-candidat-en-2026","status":"publish","type":"post","link":"https:\/\/www.nettali.com\/2024\/10\/16\/adama-barrow-je-serai-candidat-en-2026\/","title":{"rendered":"ADAMA BARROW : \"Je serai candidat en 2026...\""},"content":{"rendered":"<h3 data-v-aa0a4534=\"\">NETTALI.COM - Sans suspens et \u00e0 quelques 18 mois de la pr\u00e9sidentielle de f\u00e9vrier 2026 en Gambie, le successeur de Yahya Jammeh a mis les points sur les \u00ab i \u00bb en se d\u00e9clarant publiquement candidat \u00e0 la pr\u00e9sidentielle \u00e0 venir.<\/h3>\n<div class=\"fulldesc\" data-v-aa0a4534=\"\">\n<p>Adama Barrow se dit pr\u00eat \u00e0 briguer un troisi\u00e8me mandat en 2026 malgr\u00e9 les restrictions qu\u2019imposent les textes de la CEDEAO. Pire, Le pr\u00e9sident gambien,\u00a0Adama Barrow, ne veut surtout pas entendre parler de limitation du nombre de mandats dans son pays.<\/p>\n<h2><strong>Pas question de limitation de mandat<\/strong><\/h2>\n<p>Lors d\u2019une r\u00e9cente interview accord\u00e9e aux m\u00e9dias de son parti, le NPP, il a rappel\u00e9 que la Constitution gambienne n\u2019en fait pas cas.\u00a0 Ceux qui parlent de limitation du nombre de mandats, ce sont les opposants de l\u2019UDP, a accus\u00e9 le dirigeant.\u00a0\u00ab\u00a0<i>Fort heureusement, il ne leur revient pas de d\u00e9signer le candidat du NPP, \u00e0 la prochaine \u00e9lection pr\u00e9sidentielle<\/i> \u00bb, s\u2019est r\u00e9joui Adama Barrow.<\/p>\n<blockquote><p>\u00ab\u00a0<i>Je veux leur dire<\/i>\u00a0(\u00e0 l\u2019UDP)\u00a0<i>que je serai candidat en 2026. Qu\u2019ils viennent me battre. Les Gambiens ne sont pas stupides, ils savent qui travaille et qui ne travaille pas<\/i>\u00a0\u00bb, a l\u00e2ch\u00e9 Adama Barrow,\u00a0<em>visiblement impatient d\u2019affronter l\u2019opposant historique Ousainou Darboe dans les urnes.<\/em><\/p><\/blockquote>\n<p>\u00ab\u00a0<i>Cette responsabilit\u00e9 est entre les mains des membres de (mon) parti\u00a0<\/i>\u00bb, assure l\u2019occupant de la State House, avant d\u2019annoncer sa candidature pour 2026. Apparemment, celui qui avait d\u00e9cid\u00e9 d\u2019\u00e9couter les conseils de sa femme, a pris la r\u00e9solution de faire comme son successeur, Yahya Jammeh. Le polygame a du r\u00e9\u00e9couter une seconde fois, sa deuxi\u00e8me \u00e9pouse avant de se d\u00e9cider \u00e0 se maintenir \u00e0 la magistrature supr\u00eame.<\/p>\n<p>\u00ab\u00a0<i>Je veux leur dire<\/i>\u00a0(\u00e0 l\u2019UDP)\u00a0<i>que je serai candidat en 2026. Qu\u2019ils viennent me battre. Les Gambiens ne sont pas stupides, ils savent qui travaille et qui ne travaille pas<\/i>\u00a0\u00bb, a l\u00e2ch\u00e9 Adama Barrow, visiblement impatient d\u2019affronter l\u2019opposant historique Ousainou Darboe dans les urnes. \u00ab\u00a0<i>Je veux le rassurer. Quand j\u2019en aurai fini avec lui cette fois-ci, il ne rebondira pas<\/i>\u00a0\u00bb, a d\u00e9clar\u00e9 Barrow un peu comme une promesse au vieil avocat de 76 ans.\u00a0Les propos du pr\u00e9sident Barrow ont \u00e9t\u00e9 rapport\u00e9s par le journal Gambien en ligne \u00ab\u00a0<em>The Standard<\/em>\u00a0\u00bb.<\/p>\n<\/div>\n<div class='share-to-whatsapp-wrapper'><div class='share-on-whsp'>PARTAGER SUR : <\/div><a data-text='ADAMA BARROW : \"Je serai candidat en 2026...\"' data-link='https:\/\/www.nettali.com\/2024\/10\/16\/adama-barrow-je-serai-candidat-en-2026\/' class='whatsapp-button whatsapp-share'>WhatsApp<\/a><div class='clear '><\/div><\/div>","protected":false},"excerpt":{"rendered":"<p>NETTALI.COM - Sans suspens et \u00e0 quelques 18 mois de la pr\u00e9sidentielle de f\u00e9vrier 2026 en Gambie, le successeur de Yahya Jammeh a mis les points sur les \u00ab i \u00bb en se d\u00e9clarant publiquement candidat \u00e0 la pr\u00e9sidentielle \u00e0 venir. Adama Barrow se dit pr\u00eat \u00e0 briguer un troisi\u00e8me mandat en 2026 malgr\u00e9 les [&hellip;]<\/p>\n","protected":false},"author":4,"featured_media":46520,"comment_status":"open","ping_status":"open","sticky":false,"template":"","format":"standard","meta":{"_et_pb_use_builder":"","_et_pb_old_content":""},"categories":[2],"tags":[],"yoast_head":"<!-- This site is optimized with the Yoast SEO Premium plugin v17.8 (Yoast SEO v17.8) - https:\/\/yoast.com\/wordpress\/plugins\/seo\/ -->\n<title>ADAMA BARROW : &quot;Je serai candidat en 2026...&quot; | Nettali.com<\/title>\n<meta name=\"robots\" content=\"index, follow, max-snippet:-1, max-image-preview:large, max-video-preview:-1\" \/>\n<link rel=\"canonical\" href=\"https:\/\/www.nettali.com\/2024\/10\/16\/adama-barrow-je-serai-candidat-en-2026\/\" \/>\n<meta property=\"og:locale\" content=\"fr_FR\" \/>\n<meta property=\"og:type\" content=\"article\" \/>\n<meta property=\"og:title\" content=\"ADAMA BARROW : &quot;Je serai candidat en 2026...&quot;\" \/>\n<meta property=\"og:description\" content=\"NETTALI.COM - Sans suspens et \u00e0 quelques 18 mois de la pr\u00e9sidentielle de f\u00e9vrier 2026 en Gambie, le successeur de Yahya Jammeh a mis les points sur les \u00ab i \u00bb en se d\u00e9clarant publiquement candidat \u00e0 la pr\u00e9sidentielle \u00e0 venir. Adama Barrow se dit pr\u00eat \u00e0 briguer un troisi\u00e8me mandat en 2026 malgr\u00e9 les [&hellip;]\" \/>\n<meta property=\"og:url\" content=\"https:\/\/www.nettali.com\/2024\/10\/16\/adama-barrow-je-serai-candidat-en-2026\/\" \/>\n<meta property=\"og:site_name\" content=\"Nettali.com\" \/>\n<meta property=\"article:publisher\" content=\"https:\/\/www.facebook.com\/nettalicom\" \/>\n<meta property=\"article:published_time\" content=\"2024-10-16T12:30:12+00:00\" \/>\n<meta property=\"article:modified_time\" content=\"2024-10-17T07:00:51+00:00\" \/>\n<meta property=\"og:image\" content=\"https:\/\/www.nettali.com\/wp-content\/uploads\/2020\/09\/securite-Barrow-e1600627505758.jpg\" \/>\n\t<meta property=\"og:image:width\" content=\"572\" \/>\n\t<meta property=\"og:image:height\" content=\"363\" \/>\n<meta name=\"twitter:card\" content=\"summary_large_image\" \/>\n<meta name=\"twitter:label1\" content=\"\u00c9crit par\" \/>\n\t<meta name=\"twitter:data1\" content=\"Daouda\" \/>\n\t<meta name=\"twitter:label2\" content=\"Dur\u00e9e de lecture estim\u00e9e\" \/>\n\t<meta name=\"twitter:data2\" content=\"2 minutes\" \/>\n<script type=\"application\/ld+json\" class=\"yoast-schema-graph\">{\"@context\":\"https:\/\/schema.org\",\"@graph\":[{\"@type\":\"WebSite\",\"@id\":\"https:\/\/www.nettali.com\/#website\",\"url\":\"https:\/\/www.nettali.com\/\",\"name\":\"Nettali.com\",\"description\":\"Le rendez-vous critique du Net\",\"potentialAction\":[{\"@type\":\"SearchAction\",\"target\":{\"@type\":\"EntryPoint\",\"urlTemplate\":\"https:\/\/www.nettali.com\/?s={search_term_string}\"},\"query-input\":\"required name=search_term_string\"}],\"inLanguage\":\"fr-FR\"},{\"@type\":\"ImageObject\",\"@id\":\"https:\/\/www.nettali.com\/2024\/10\/16\/adama-barrow-je-serai-candidat-en-2026\/#primaryimage\",\"inLanguage\":\"fr-FR\",\"url\":\"https:\/\/www.nettali.com\/wp-content\/uploads\/2020\/09\/securite-Barrow-e1600627505758.jpg\",\"contentUrl\":\"https:\/\/www.nettali.com\/wp-content\/uploads\/2020\/09\/securite-Barrow-e1600627505758.jpg\",\"width\":572,\"height\":363},{\"@type\":\"WebPage\",\"@id\":\"https:\/\/www.nettali.com\/2024\/10\/16\/adama-barrow-je-serai-candidat-en-2026\/#webpage\",\"url\":\"https:\/\/www.nettali.com\/2024\/10\/16\/adama-barrow-je-serai-candidat-en-2026\/\",\"name\":\"ADAMA BARROW : \\\"Je serai candidat en 2026...\\\" | Nettali.com\",\"isPartOf\":{\"@id\":\"https:\/\/www.nettali.com\/#website\"},\"primaryImageOfPage\":{\"@id\":\"https:\/\/www.nettali.com\/2024\/10\/16\/adama-barrow-je-serai-candidat-en-2026\/#primaryimage\"},\"datePublished\":\"2024-10-16T12:30:12+00:00\",\"dateModified\":\"2024-10-17T07:00:51+00:00\",\"author\":{\"@id\":\"https:\/\/www.nettali.com\/#\/schema\/person\/3317e0bb3aa1da309fbf7b2780901bf4\"},\"breadcrumb\":{\"@id\":\"https:\/\/www.nettali.com\/2024\/10\/16\/adama-barrow-je-serai-candidat-en-2026\/#breadcrumb\"},\"inLanguage\":\"fr-FR\",\"potentialAction\":[{\"@type\":\"ReadAction\",\"target\":[\"https:\/\/www.nettali.com\/2024\/10\/16\/adama-barrow-je-serai-candidat-en-2026\/\"]}]},{\"@type\":\"BreadcrumbList\",\"@id\":\"https:\/\/www.nettali.com\/2024\/10\/16\/adama-barrow-je-serai-candidat-en-2026\/#breadcrumb\",\"itemListElement\":[{\"@type\":\"ListItem\",\"position\":1,\"name\":\"Accueil\",\"item\":\"https:\/\/www.nettali.com\/\"},{\"@type\":\"ListItem\",\"position\":2,\"name\":\"ADAMA BARROW : \\\"Je serai candidat en 2026...\\\"\"}]},{\"@type\":\"Person\",\"@id\":\"https:\/\/www.nettali.com\/#\/schema\/person\/3317e0bb3aa1da309fbf7b2780901bf4\",\"name\":\"Daouda\",\"image\":{\"@type\":\"ImageObject\",\"@id\":\"https:\/\/www.nettali.com\/#personlogo\",\"inLanguage\":\"fr-FR\",\"url\":\"https:\/\/secure.gravatar.com\/avatar\/8d143b5a49345098ddcfee1c49c2f47c?s=96&d=mm&r=g\",\"contentUrl\":\"https:\/\/secure.gravatar.com\/avatar\/8d143b5a49345098ddcfee1c49c2f47c?s=96&d=mm&r=g\",\"caption\":\"Daouda\"},\"sameAs\":[\"https:\/\/www.nettali.com\"]}]}<\/script>\n<!-- \/ Yoast SEO Premium plugin. -->","yoast_head_json":{"title":"ADAMA BARROW : \"Je serai candidat en 2026...\" | Nettali.com","robots":{"index":"index","follow":"follow","max-snippet":"max-snippet:-1","max-image-preview":"max-image-preview:large","max-video-preview":"max-video-preview:-1"},"canonical":"https:\/\/www.nettali.com\/2024\/10\/16\/adama-barrow-je-serai-candidat-en-2026\/","og_locale":"fr_FR","og_type":"article","og_title":"ADAMA BARROW : \"Je serai candidat en 2026...\"","og_description":"NETTALI.COM - Sans suspens et \u00e0 quelques 18 mois de la pr\u00e9sidentielle de f\u00e9vrier 2026 en Gambie, le successeur de Yahya Jammeh a mis les points sur les \u00ab i \u00bb en se d\u00e9clarant publiquement candidat \u00e0 la pr\u00e9sidentielle \u00e0 venir. Adama Barrow se dit pr\u00eat \u00e0 briguer un troisi\u00e8me mandat en 2026 malgr\u00e9 les [&hellip;]","og_url":"https:\/\/www.nettali.com\/2024\/10\/16\/adama-barrow-je-serai-candidat-en-2026\/","og_site_name":"Nettali.com","article_publisher":"https:\/\/www.facebook.com\/nettalicom","article_published_time":"2024-10-16T12:30:12+00:00","article_modified_time":"2024-10-17T07:00:51+00:00","og_image":[{"width":572,"height":363,"url":"https:\/\/www.nettali.com\/wp-content\/uploads\/2020\/09\/securite-Barrow-e1600627505758.jpg","type":"image\/jpeg"}],"twitter_card":"summary_large_image","twitter_misc":{"\u00c9crit par":"Daouda","Dur\u00e9e de lecture estim\u00e9e":"2 minutes"},"schema":{"@context":"https:\/\/schema.org","@graph":[{"@type":"WebSite","@id":"https:\/\/www.nettali.com\/#website","url":"https:\/\/www.nettali.com\/","name":"Nettali.com","description":"Le rendez-vous critique du Net","potentialAction":[{"@type":"SearchAction","target":{"@type":"EntryPoint","urlTemplate":"https:\/\/www.nettali.com\/?s={search_term_string}"},"query-input":"required name=search_term_string"}],"inLanguage":"fr-FR"},{"@type":"ImageObject","@id":"https:\/\/www.nettali.com\/2024\/10\/16\/adama-barrow-je-serai-candidat-en-2026\/#primaryimage","inLanguage":"fr-FR","url":"https:\/\/www.nettali.com\/wp-content\/uploads\/2020\/09\/securite-Barrow-e1600627505758.jpg","contentUrl":"https:\/\/www.nettali.com\/wp-content\/uploads\/2020\/09\/securite-Barrow-e1600627505758.jpg","width":572,"height":363},{"@type":"WebPage","@id":"https:\/\/www.nettali.com\/2024\/10\/16\/adama-barrow-je-serai-candidat-en-2026\/#webpage","url":"https:\/\/www.nettali.com\/2024\/10\/16\/adama-barrow-je-serai-candidat-en-2026\/","name":"ADAMA BARROW : \"Je serai candidat en 2026...\" | Nettali.com","isPartOf":{"@id":"https:\/\/www.nettali.com\/#website"},"primaryImageOfPage":{"@id":"https:\/\/www.nettali.com\/2024\/10\/16\/adama-barrow-je-serai-candidat-en-2026\/#primaryimage"},"datePublished":"2024-10-16T12:30:12+00:00","dateModified":"2024-10-17T07:00:51+00:00","author":{"@id":"https:\/\/www.nettali.com\/#\/schema\/person\/3317e0bb3aa1da309fbf7b2780901bf4"},"breadcrumb":{"@id":"https:\/\/www.nettali.com\/2024\/10\/16\/adama-barrow-je-serai-candidat-en-2026\/#breadcrumb"},"inLanguage":"fr-FR","potentialAction":[{"@type":"ReadAction","target":["https:\/\/www.nettali.com\/2024\/10\/16\/adama-barrow-je-serai-candidat-en-2026\/"]}]},{"@type":"BreadcrumbList","@id":"https:\/\/www.nettali.com\/2024\/10\/16\/adama-barrow-je-serai-candidat-en-2026\/#breadcrumb","itemListElement":[{"@type":"ListItem","position":1,"name":"Accueil","item":"https:\/\/www.nettali.com\/"},{"@type":"ListItem","position":2,"name":"ADAMA BARROW : \"Je serai candidat en 2026...\""}]},{"@type":"Person","@id":"https:\/\/www.nettali.com\/#\/schema\/person\/3317e0bb3aa1da309fbf7b2780901bf4","name":"Daouda","image":{"@type":"ImageObject","@id":"https:\/\/www.nettali.com\/#personlogo","inLanguage":"fr-FR","url":"https:\/\/secure.gravatar.com\/avatar\/8d143b5a49345098ddcfee1c49c2f47c?s=96&d=mm&r=g","contentUrl":"https:\/\/secure.gravatar.com\/avatar\/8d143b5a49345098ddcfee1c49c2f47c?s=96&d=mm&r=g","caption":"Daouda"},"sameAs":["https:\/\/www.nettali.com"]}]}},"_links":{"self":[{"href":"https:\/\/www.nettali.com\/rest\/wp\/v2\/posts\/142071"}],"collection":[{"href":"https:\/\/www.nettali.com\/rest\/wp\/v2\/posts"}],"about":[{"href":"https:\/\/www.nettali.com\/rest\/wp\/v2\/types\/post"}],"author":[{"embeddable":true,"href":"https:\/\/www.nettali.com\/rest\/wp\/v2\/users\/4"}],"replies":[{"embeddable":true,"href":"https:\/\/www.nettali.com\/rest\/wp\/v2\/comments?post=142071"}],"version-history":[{"count":2,"href":"https:\/\/www.nettali.com\/rest\/wp\/v2\/posts\/142071\/revisions"}],"predecessor-version":[{"id":142131,"href":"https:\/\/www.nettali.com\/rest\/wp\/v2\/posts\/142071\/revisions\/142131"}],"wp:featuredmedia":[{"embeddable":true,"href":"https:\/\/www.nettali.com\/rest\/wp\/v2\/media\/46520"}],"wp:attachment":[{"href":"https:\/\/www.nettali.com\/rest\/wp\/v2\/media?parent=142071"}],"wp:term":[{"taxonomy":"category","embeddable":true,"href":"https:\/\/www.nettali.com\/rest\/wp\/v2\/categories?post=142071"},{"taxonomy":"post_tag","embeddable":true,"href":"https:\/\/www.nettali.com\/rest\/wp\/v2\/tags?post=142071"}],"curies":[{"name":"wp","href":"https:\/\/api.w.org\/{rel}","templated":true}]}}