{"id":142066,"date":"2024-10-16T12:00:21","date_gmt":"2024-10-16T12:00:21","guid":{"rendered":"https:\/\/www.nettali.com\/?p=142066"},"modified":"2024-10-17T07:01:17","modified_gmt":"2024-10-17T07:01:17","slug":"dieguy-diop-je-ne-souhaite-a-mon-pire-ennemi-un-passage-a-la-cave","status":"publish","type":"post","link":"https:\/\/www.nettali.com\/2024\/10\/16\/dieguy-diop-je-ne-souhaite-a-mon-pire-ennemi-un-passage-a-la-cave\/","title":{"rendered":"\"DIEGUY DIOP : \"Je ne souhaite \u00e0 mon pire ennemi un passage \u00e0 la cave...\""},"content":{"rendered":"<div class=\"texte\">\n<div class=\"access firstletter\">\n<div>\n<p><em><strong>NETTALI.COM -<\/strong> Lib\u00e9r\u00e9e lundi apr\u00e8s un s\u00e9jour derri\u00e8re les verrous pour des accusations d\u2019escroquerie sur fonds publics, Dieguy Diop, ex-Directrice de la Promotion de l\u2019\u00e9conomie sociale et solidaire, s\u2019est confi\u00e9e \u00e0 L\u2019Observateur sur son exp\u00e9rience et son combat pour r\u00e9tablir la v\u00e9rit\u00e9. Bien qu\u2019elle b\u00e9n\u00e9ficie d\u2019une libert\u00e9 provisoire, Diop clame son innocence et exprime sa d\u00e9termination \u00e0 faire face \u00e0 la justice.<\/em><\/p>\n<p>Interrog\u00e9e sur son arrestation, elle d\u00e9clare : <em>\u201cJ\u2019ai eu des probl\u00e8mes, non pas avec la justice de mon pays, mais avec une partie des S\u00e9n\u00e9galais. C\u2019est le ministre Alioune Dione qui a port\u00e9 plainte contre moi.\u201d<\/em><\/p>\n<p>Face \u00e0 un avis de recherche la visant, Diop avait d\u00e9cid\u00e9 de se pr\u00e9senter \u00e0 la Division des investigations criminelles (DIC), o\u00f9 elle a \u00e9t\u00e9 entendue pendant plus de 12 heures avant d\u2019\u00eatre plac\u00e9e en garde \u00e0 vue.<\/p>\n<p>Ses premi\u00e8res nuits en d\u00e9tention ont \u00e9t\u00e9 marqu\u00e9es par une introspection : <em>\u201cJe les ai v\u00e9cues avec dignit\u00e9\u2026 Dans la vie, il y a trois \u00eatres qui ne seront jamais emprisonn\u00e9s : le fou, le chien et le tra\u00eetre. Et moi, je ne suis pas une tra\u00eetresse.\u201d<\/em> Elle a \u00e9galement soulign\u00e9 avoir \u00e9t\u00e9 trait\u00e9e correctement durant son incarc\u00e9ration, ajoutant : <em>\u201cJ\u2019ai \u00e9t\u00e9 bien trait\u00e9e, comme une bonne citoyenne.\u201d<\/em><\/p>\n<p>Concernant les conditions de d\u00e9tention, elle exprime sa compassion : <em>\u201cJe ne souhaite \u00e0 personne, pas m\u00eame \u00e0 mon pire ennemi, un passage \u00e0 la cave. C\u2019est une restriction de libert\u00e9 d\u00e9gradante.\u201d<\/em> Ce passage \u00e0 la cave, qu\u2019elle d\u00e9crit comme un <em>\u201cmonde nouveau\u201d<\/em>, a suscit\u00e9 chez elle un m\u00e9lange de fiert\u00e9 et de col\u00e8re face \u00e0 l\u2019utilisation de la justice \u00e0 des fins politiques.<\/p>\n<p>La somme en jeu dans cette affaire s\u2019\u00e9l\u00e8ve \u00e0 27 millions 800 000 FCFA, pour laquelle elle a vers\u00e9 une caution de 28 millions FCFA. Elle insiste sur le fait que ce versement ne constitue pas une admission de culpabilit\u00e9, mais une mesure de garantie pour sa libert\u00e9 provisoire.<\/p>\n<p>Aujourd\u2019hui, Dieguy attend que la justice respecte ses droits et que la v\u00e9rit\u00e9 \u00e9clate : <em>\u201cNous devons \u00eatre libres de mener notre campagne \u00e9lectorale et de d\u00e9fendre la liste \u00abTakku Wallu\u00bb.\u201d<\/em> Elle affirme avoir confiance en ses avocats et dans le syst\u00e8me judiciaire, malgr\u00e9 les menaces prof\u00e9r\u00e9es par le ministre Dione.<\/p>\n<p>Pour conclure, Dieguy Diop s\u2019engage \u00e0 poursuivre son combat : <em>\u201cNous n\u2019avons pas peur de nous engager ni de faire face \u00e0 la justice, car nous sommes dans un \u00c9tat de droit.\u201d<\/em> Sa d\u00e9termination \u00e0 se d\u00e9fendre et \u00e0 restaurer son honneur semble in\u00e9branlable.<\/p>\n<\/div>\n<\/div>\n<\/div>\n<div class=\"hide_module_inside\">\n<div id=\"mod_4047092\" class=\"mod_4047092 wm-module fullbackground module-article_connexe\">\n<div class=\"entete\"><\/div>\n<\/div>\n<\/div>\n<div class='share-to-whatsapp-wrapper'><div class='share-on-whsp'>PARTAGER SUR : <\/div><a data-text='\"DIEGUY DIOP : \"Je ne souhaite \u00e0 mon pire ennemi un passage \u00e0 la cave...\"' data-link='https:\/\/www.nettali.com\/2024\/10\/16\/dieguy-diop-je-ne-souhaite-a-mon-pire-ennemi-un-passage-a-la-cave\/' class='whatsapp-button whatsapp-share'>WhatsApp<\/a><div class='clear '><\/div><\/div>","protected":false},"excerpt":{"rendered":"<p>NETTALI.COM - Lib\u00e9r\u00e9e lundi apr\u00e8s un s\u00e9jour derri\u00e8re les verrous pour des accusations d\u2019escroquerie sur fonds publics, Dieguy Diop, ex-Directrice de la Promotion de l\u2019\u00e9conomie sociale et solidaire, s\u2019est confi\u00e9e \u00e0 L\u2019Observateur sur son exp\u00e9rience et son combat pour r\u00e9tablir la v\u00e9rit\u00e9. Bien qu\u2019elle b\u00e9n\u00e9ficie d\u2019une libert\u00e9 provisoire, Diop clame son innocence et exprime sa [&hellip;]<\/p>\n","protected":false},"author":4,"featured_media":141964,"comment_status":"open","ping_status":"open","sticky":false,"template":"","format":"standard","meta":{"_et_pb_use_builder":"","_et_pb_old_content":""},"categories":[3],"tags":[],"yoast_head":"<!-- This site is optimized with the Yoast SEO Premium plugin v17.8 (Yoast SEO v17.8) - https:\/\/yoast.com\/wordpress\/plugins\/seo\/ -->\n<title>&quot;DIEGUY DIOP : &quot;Je ne souhaite \u00e0 mon pire ennemi un passage \u00e0 la cave...&quot; | Nettali.com<\/title>\n<meta name=\"robots\" content=\"index, follow, max-snippet:-1, max-image-preview:large, max-video-preview:-1\" \/>\n<link rel=\"canonical\" href=\"https:\/\/www.nettali.com\/2024\/10\/16\/dieguy-diop-je-ne-souhaite-a-mon-pire-ennemi-un-passage-a-la-cave\/\" \/>\n<meta property=\"og:locale\" content=\"fr_FR\" \/>\n<meta property=\"og:type\" content=\"article\" \/>\n<meta property=\"og:title\" content=\"&quot;DIEGUY DIOP : &quot;Je ne souhaite \u00e0 mon pire ennemi un passage \u00e0 la cave...&quot;\" \/>\n<meta property=\"og:description\" content=\"NETTALI.COM - Lib\u00e9r\u00e9e lundi apr\u00e8s un s\u00e9jour derri\u00e8re les verrous pour des accusations d\u2019escroquerie sur fonds publics, Dieguy Diop, ex-Directrice de la Promotion de l\u2019\u00e9conomie sociale et solidaire, s\u2019est confi\u00e9e \u00e0 L\u2019Observateur sur son exp\u00e9rience et son combat pour r\u00e9tablir la v\u00e9rit\u00e9. Bien qu\u2019elle b\u00e9n\u00e9ficie d\u2019une libert\u00e9 provisoire, Diop clame son innocence et exprime sa [&hellip;]\" \/>\n<meta property=\"og:url\" content=\"https:\/\/www.nettali.com\/2024\/10\/16\/dieguy-diop-je-ne-souhaite-a-mon-pire-ennemi-un-passage-a-la-cave\/\" \/>\n<meta property=\"og:site_name\" content=\"Nettali.com\" \/>\n<meta property=\"article:publisher\" content=\"https:\/\/www.facebook.com\/nettalicom\" \/>\n<meta property=\"article:published_time\" content=\"2024-10-16T12:00:21+00:00\" \/>\n<meta property=\"article:modified_time\" content=\"2024-10-17T07:01:17+00:00\" \/>\n<meta property=\"og:image\" content=\"https:\/\/www.nettali.com\/wp-content\/uploads\/2024\/10\/mme-dieguy-diop-fall_1.jpeg\" \/>\n\t<meta property=\"og:image:width\" content=\"1280\" \/>\n\t<meta property=\"og:image:height\" content=\"822\" \/>\n<meta name=\"twitter:card\" content=\"summary_large_image\" \/>\n<meta name=\"twitter:label1\" content=\"\u00c9crit par\" \/>\n\t<meta name=\"twitter:data1\" content=\"Daouda\" \/>\n\t<meta name=\"twitter:label2\" content=\"Dur\u00e9e de lecture estim\u00e9e\" \/>\n\t<meta name=\"twitter:data2\" content=\"3 minutes\" \/>\n<script type=\"application\/ld+json\" class=\"yoast-schema-graph\">{\"@context\":\"https:\/\/schema.org\",\"@graph\":[{\"@type\":\"WebSite\",\"@id\":\"https:\/\/www.nettali.com\/#website\",\"url\":\"https:\/\/www.nettali.com\/\",\"name\":\"Nettali.com\",\"description\":\"Le rendez-vous critique du Net\",\"potentialAction\":[{\"@type\":\"SearchAction\",\"target\":{\"@type\":\"EntryPoint\",\"urlTemplate\":\"https:\/\/www.nettali.com\/?s={search_term_string}\"},\"query-input\":\"required name=search_term_string\"}],\"inLanguage\":\"fr-FR\"},{\"@type\":\"ImageObject\",\"@id\":\"https:\/\/www.nettali.com\/2024\/10\/16\/dieguy-diop-je-ne-souhaite-a-mon-pire-ennemi-un-passage-a-la-cave\/#primaryimage\",\"inLanguage\":\"fr-FR\",\"url\":\"https:\/\/www.nettali.com\/wp-content\/uploads\/2024\/10\/mme-dieguy-diop-fall_1.jpeg\",\"contentUrl\":\"https:\/\/www.nettali.com\/wp-content\/uploads\/2024\/10\/mme-dieguy-diop-fall_1.jpeg\",\"width\":1280,\"height\":822},{\"@type\":\"WebPage\",\"@id\":\"https:\/\/www.nettali.com\/2024\/10\/16\/dieguy-diop-je-ne-souhaite-a-mon-pire-ennemi-un-passage-a-la-cave\/#webpage\",\"url\":\"https:\/\/www.nettali.com\/2024\/10\/16\/dieguy-diop-je-ne-souhaite-a-mon-pire-ennemi-un-passage-a-la-cave\/\",\"name\":\"\\\"DIEGUY DIOP : \\\"Je ne souhaite \\u00e0 mon pire ennemi un passage \\u00e0 la cave...\\\" | Nettali.com\",\"isPartOf\":{\"@id\":\"https:\/\/www.nettali.com\/#website\"},\"primaryImageOfPage\":{\"@id\":\"https:\/\/www.nettali.com\/2024\/10\/16\/dieguy-diop-je-ne-souhaite-a-mon-pire-ennemi-un-passage-a-la-cave\/#primaryimage\"},\"datePublished\":\"2024-10-16T12:00:21+00:00\",\"dateModified\":\"2024-10-17T07:01:17+00:00\",\"author\":{\"@id\":\"https:\/\/www.nettali.com\/#\/schema\/person\/3317e0bb3aa1da309fbf7b2780901bf4\"},\"breadcrumb\":{\"@id\":\"https:\/\/www.nettali.com\/2024\/10\/16\/dieguy-diop-je-ne-souhaite-a-mon-pire-ennemi-un-passage-a-la-cave\/#breadcrumb\"},\"inLanguage\":\"fr-FR\",\"potentialAction\":[{\"@type\":\"ReadAction\",\"target\":[\"https:\/\/www.nettali.com\/2024\/10\/16\/dieguy-diop-je-ne-souhaite-a-mon-pire-ennemi-un-passage-a-la-cave\/\"]}]},{\"@type\":\"BreadcrumbList\",\"@id\":\"https:\/\/www.nettali.com\/2024\/10\/16\/dieguy-diop-je-ne-souhaite-a-mon-pire-ennemi-un-passage-a-la-cave\/#breadcrumb\",\"itemListElement\":[{\"@type\":\"ListItem\",\"position\":1,\"name\":\"Accueil\",\"item\":\"https:\/\/www.nettali.com\/\"},{\"@type\":\"ListItem\",\"position\":2,\"name\":\"\\\"DIEGUY DIOP : \\\"Je ne souhaite \\u00e0 mon pire ennemi un passage \\u00e0 la cave...\\\"\"}]},{\"@type\":\"Person\",\"@id\":\"https:\/\/www.nettali.com\/#\/schema\/person\/3317e0bb3aa1da309fbf7b2780901bf4\",\"name\":\"Daouda\",\"image\":{\"@type\":\"ImageObject\",\"@id\":\"https:\/\/www.nettali.com\/#personlogo\",\"inLanguage\":\"fr-FR\",\"url\":\"https:\/\/secure.gravatar.com\/avatar\/8d143b5a49345098ddcfee1c49c2f47c?s=96&d=mm&r=g\",\"contentUrl\":\"https:\/\/secure.gravatar.com\/avatar\/8d143b5a49345098ddcfee1c49c2f47c?s=96&d=mm&r=g\",\"caption\":\"Daouda\"},\"sameAs\":[\"https:\/\/www.nettali.com\"]}]}<\/script>\n<!-- \/ Yoast SEO Premium plugin. -->","yoast_head_json":{"title":"\"DIEGUY DIOP : \"Je ne souhaite \u00e0 mon pire ennemi un passage \u00e0 la cave...\" | Nettali.com","robots":{"index":"index","follow":"follow","max-snippet":"max-snippet:-1","max-image-preview":"max-image-preview:large","max-video-preview":"max-video-preview:-1"},"canonical":"https:\/\/www.nettali.com\/2024\/10\/16\/dieguy-diop-je-ne-souhaite-a-mon-pire-ennemi-un-passage-a-la-cave\/","og_locale":"fr_FR","og_type":"article","og_title":"\"DIEGUY DIOP : \"Je ne souhaite \u00e0 mon pire ennemi un passage \u00e0 la cave...\"","og_description":"NETTALI.COM - Lib\u00e9r\u00e9e lundi apr\u00e8s un s\u00e9jour derri\u00e8re les verrous pour des accusations d\u2019escroquerie sur fonds publics, Dieguy Diop, ex-Directrice de la Promotion de l\u2019\u00e9conomie sociale et solidaire, s\u2019est confi\u00e9e \u00e0 L\u2019Observateur sur son exp\u00e9rience et son combat pour r\u00e9tablir la v\u00e9rit\u00e9. Bien qu\u2019elle b\u00e9n\u00e9ficie d\u2019une libert\u00e9 provisoire, Diop clame son innocence et exprime sa [&hellip;]","og_url":"https:\/\/www.nettali.com\/2024\/10\/16\/dieguy-diop-je-ne-souhaite-a-mon-pire-ennemi-un-passage-a-la-cave\/","og_site_name":"Nettali.com","article_publisher":"https:\/\/www.facebook.com\/nettalicom","article_published_time":"2024-10-16T12:00:21+00:00","article_modified_time":"2024-10-17T07:01:17+00:00","og_image":[{"width":1280,"height":822,"url":"https:\/\/www.nettali.com\/wp-content\/uploads\/2024\/10\/mme-dieguy-diop-fall_1.jpeg","type":"image\/jpeg"}],"twitter_card":"summary_large_image","twitter_misc":{"\u00c9crit par":"Daouda","Dur\u00e9e de lecture estim\u00e9e":"3 minutes"},"schema":{"@context":"https:\/\/schema.org","@graph":[{"@type":"WebSite","@id":"https:\/\/www.nettali.com\/#website","url":"https:\/\/www.nettali.com\/","name":"Nettali.com","description":"Le rendez-vous critique du Net","potentialAction":[{"@type":"SearchAction","target":{"@type":"EntryPoint","urlTemplate":"https:\/\/www.nettali.com\/?s={search_term_string}"},"query-input":"required name=search_term_string"}],"inLanguage":"fr-FR"},{"@type":"ImageObject","@id":"https:\/\/www.nettali.com\/2024\/10\/16\/dieguy-diop-je-ne-souhaite-a-mon-pire-ennemi-un-passage-a-la-cave\/#primaryimage","inLanguage":"fr-FR","url":"https:\/\/www.nettali.com\/wp-content\/uploads\/2024\/10\/mme-dieguy-diop-fall_1.jpeg","contentUrl":"https:\/\/www.nettali.com\/wp-content\/uploads\/2024\/10\/mme-dieguy-diop-fall_1.jpeg","width":1280,"height":822},{"@type":"WebPage","@id":"https:\/\/www.nettali.com\/2024\/10\/16\/dieguy-diop-je-ne-souhaite-a-mon-pire-ennemi-un-passage-a-la-cave\/#webpage","url":"https:\/\/www.nettali.com\/2024\/10\/16\/dieguy-diop-je-ne-souhaite-a-mon-pire-ennemi-un-passage-a-la-cave\/","name":"\"DIEGUY DIOP : \"Je ne souhaite \u00e0 mon pire ennemi un passage \u00e0 la cave...\" | Nettali.com","isPartOf":{"@id":"https:\/\/www.nettali.com\/#website"},"primaryImageOfPage":{"@id":"https:\/\/www.nettali.com\/2024\/10\/16\/dieguy-diop-je-ne-souhaite-a-mon-pire-ennemi-un-passage-a-la-cave\/#primaryimage"},"datePublished":"2024-10-16T12:00:21+00:00","dateModified":"2024-10-17T07:01:17+00:00","author":{"@id":"https:\/\/www.nettali.com\/#\/schema\/person\/3317e0bb3aa1da309fbf7b2780901bf4"},"breadcrumb":{"@id":"https:\/\/www.nettali.com\/2024\/10\/16\/dieguy-diop-je-ne-souhaite-a-mon-pire-ennemi-un-passage-a-la-cave\/#breadcrumb"},"inLanguage":"fr-FR","potentialAction":[{"@type":"ReadAction","target":["https:\/\/www.nettali.com\/2024\/10\/16\/dieguy-diop-je-ne-souhaite-a-mon-pire-ennemi-un-passage-a-la-cave\/"]}]},{"@type":"BreadcrumbList","@id":"https:\/\/www.nettali.com\/2024\/10\/16\/dieguy-diop-je-ne-souhaite-a-mon-pire-ennemi-un-passage-a-la-cave\/#breadcrumb","itemListElement":[{"@type":"ListItem","position":1,"name":"Accueil","item":"https:\/\/www.nettali.com\/"},{"@type":"ListItem","position":2,"name":"\"DIEGUY DIOP : \"Je ne souhaite \u00e0 mon pire ennemi un passage \u00e0 la cave...\""}]},{"@type":"Person","@id":"https:\/\/www.nettali.com\/#\/schema\/person\/3317e0bb3aa1da309fbf7b2780901bf4","name":"Daouda","image":{"@type":"ImageObject","@id":"https:\/\/www.nettali.com\/#personlogo","inLanguage":"fr-FR","url":"https:\/\/secure.gravatar.com\/avatar\/8d143b5a49345098ddcfee1c49c2f47c?s=96&d=mm&r=g","contentUrl":"https:\/\/secure.gravatar.com\/avatar\/8d143b5a49345098ddcfee1c49c2f47c?s=96&d=mm&r=g","caption":"Daouda"},"sameAs":["https:\/\/www.nettali.com"]}]}},"_links":{"self":[{"href":"https:\/\/www.nettali.com\/rest\/wp\/v2\/posts\/142066"}],"collection":[{"href":"https:\/\/www.nettali.com\/rest\/wp\/v2\/posts"}],"about":[{"href":"https:\/\/www.nettali.com\/rest\/wp\/v2\/types\/post"}],"author":[{"embeddable":true,"href":"https:\/\/www.nettali.com\/rest\/wp\/v2\/users\/4"}],"replies":[{"embeddable":true,"href":"https:\/\/www.nettali.com\/rest\/wp\/v2\/comments?post=142066"}],"version-history":[{"count":4,"href":"https:\/\/www.nettali.com\/rest\/wp\/v2\/posts\/142066\/revisions"}],"predecessor-version":[{"id":142132,"href":"https:\/\/www.nettali.com\/rest\/wp\/v2\/posts\/142066\/revisions\/142132"}],"wp:featuredmedia":[{"embeddable":true,"href":"https:\/\/www.nettali.com\/rest\/wp\/v2\/media\/141964"}],"wp:attachment":[{"href":"https:\/\/www.nettali.com\/rest\/wp\/v2\/media?parent=142066"}],"wp:term":[{"taxonomy":"category","embeddable":true,"href":"https:\/\/www.nettali.com\/rest\/wp\/v2\/categories?post=142066"},{"taxonomy":"post_tag","embeddable":true,"href":"https:\/\/www.nettali.com\/rest\/wp\/v2\/tags?post=142066"}],"curies":[{"name":"wp","href":"https:\/\/api.w.org\/{rel}","templated":true}]}}