{"id":142050,"date":"2024-10-16T08:11:41","date_gmt":"2024-10-16T08:11:41","guid":{"rendered":"https:\/\/www.nettali.com\/?p=142050"},"modified":"2024-10-16T08:11:41","modified_gmt":"2024-10-16T08:11:41","slug":"passation-de-service-au-cnra-mamadou-oumar-ndiaye-ne-veut-pas-etre-le-gendarme-de-laudiovisuel","status":"publish","type":"post","link":"https:\/\/www.nettali.com\/2024\/10\/16\/passation-de-service-au-cnra-mamadou-oumar-ndiaye-ne-veut-pas-etre-le-gendarme-de-laudiovisuel\/","title":{"rendered":"PASSATION DE SERVICE AU CNRA - Mamadou Oumar Ndiaye ne veut \"pas \u00eatre le gendarme de l\u2019audiovisuel\""},"content":{"rendered":"<p><strong>NETTALI.COM -<\/strong> Hier mardi 15 octobre \u00e0 Dakar, le Conseil national de r\u00e9gulation de l'audiovisuel (CNRA) a accueilli son nouveau pr\u00e9sident lors d'une c\u00e9r\u00e9monie de passation de service.<\/p>\n<p>Marqu\u00e9 par l'\u00e9motion et le respect mutuel, le pr\u00e9sident sortant, Babacar Diagne, a transmis le flambeau \u00e0 Mamadou Oumar Ndiaye, nouveau pr\u00e9sident du CNRA. \"<em>Je ne serai pas le gendarme de l'audiovisuel. Je privil\u00e9gierai la pr\u00e9vention, la sensibilisation et la p\u00e9dagogie<\/em>\u201d, a d\u00e9clar\u00e9 le nouveau pr\u00e9sident du Conseil national de r\u00e9gulation de l'audiovisuel (CNRA) Mamadou Oumar Ndiaye, en pr\u00e9cisant que la sanction ne serait utilis\u00e9e qu'en dernier recours. \u201c<em>Si la sanction doit intervenir, elle n'interviendra vraiment qu'en dernier ressort. Quand toutes les autres voies de r\u00e8glement de contentieux auront \u00e9t\u00e9 \u00e9puis\u00e9es. Mais j'esp\u00e8re que je n'en arriverai pas l\u00e0<\/em>\u201d, a-t-il pr\u00e9cis\u00e9.<\/p>\n<p>L'une des priorit\u00e9s du pr\u00e9sident entrant, est d\u2019adapter la r\u00e9gulation aux \u00e9volutions technologiques, notamment face \u00e0 l'essor du num\u00e9rique et \u00e0 l'\u00e9mergence de l'intelligence artificielle.<\/p>\n<p>\u201c<em>La presse \u00e9crite vit ses derniers jours. Elle est bouscul\u00e9e par le num\u00e9rique. Il s'agira donc de r\u00e9cup\u00e9rer et de r\u00e9guler. Je connais bien la presse \u00e9crite pour y avoir pass\u00e9 44 ans<\/em>\u201d, a-t-il fait remarquer.<\/p>\n<p>Mamadou Oumar Ndiaye a ainsi insist\u00e9 sur la n\u00e9cessit\u00e9 de r\u00e9former les textes l\u00e9gislatifs pour mieux encadrer ces nouveaux d\u00e9fis. \u201c<em>Il va falloir que le l\u00e9gislateur adapte les textes qu\u2019on int\u00e9grera dans notre mani\u00e8re de r\u00e9guler, car c'est un tr\u00e8s vaste chantier<\/em>\u201d.<\/p>\n<p>Ndiaye mesure toutefois le poids de la t\u00e2che qui l'attend. \u201c<em>Remplacer une personnalit\u00e9 telle que Babacar Diagne, ainsi que son pr\u00e9d\u00e9cesseur Babacar Tour\u00e9, est pour moi un d\u00e9fi de taille. (\u2026) Il n'est pas facile de remplacer des g\u00e9ants. Car les deux derniers pr\u00e9sidents du CNRA sont v\u00e9ritablement des g\u00e9ants, des monuments de la presse. Je veux parler de Babacar Tour\u00e9 avec qui j'ai men\u00e9 des combats<\/em>\u201d.<\/p>\n<p>D\u2019apr\u00e8s le nouveau pr\u00e9sident du CNRA, les combats tels que la pr\u00e9sidence du CNRA autrefois sous tutelle des magistrats, ont \u00e9t\u00e9 remport\u00e9s. \u201c<em>On a dit qu'il est hors de question que les journalistes soient sous tutelle de qui que ce soit et ces combats ont abouti<\/em>\u201d, dit-il.<\/p>\n<p>Au-del\u00e0 de ses appr\u00e9hensions, il s'est dit rassur\u00e9 par l'\u00e9quipe \u201crod\u00e9e\u201d du CNRA bien qu\u2019il prenne le train en marche. \u201c<em>Je suis rassur\u00e9, parce que je vais pouvoir compter sur une \u00e9quipe rod\u00e9e, sur une machine huil\u00e9e qui a l'habitude (\u2026) d'organiser des \u00e9lections et avec tr\u00e8s peu de moyens. J\u2019ai \u00e9t\u00e9 surpris par la modicit\u00e9 du budget, mais surtout par le tr\u00e8s petit nombre de collaborateurs qui fait ce travail extraordinaire<\/em>\u201d, a-t-il confi\u00e9.<\/p>\n<p>Selon lui, cette \u00e9quipe est pr\u00eate \u00e0 aborder les enjeux critiques \u00e0 venir, notamment avec les \u00e9lections l\u00e9gislatives anticip\u00e9es du 17 novembre prochain.<\/p>\n<p><strong>Une exhortation \u00e0 d\u00e9fendre la libert\u00e9 responsable de la presse. <\/strong><\/p>\n<p>Quant au pr\u00e9sident sortant Babacar Diagne, il a rendu hommage \u00e0 ses collaborateurs, exprim\u00e9 sa gratitude envers l'\u00e9quipe qui l'a accompagn\u00e9 durant ses six ann\u00e9es \u00e0 la t\u00eate du CNRA, tout en rappelant par la m\u00eame occasion, \u00e0 son successeur Mamadou Oumar Ndiaye, les d\u00e9fis qu\u2019il devra relever, notamment en mati\u00e8re de libert\u00e9 de la presse et de r\u00e9gulation audiovisuelle. \u201c<em>La presse doit \u00eatre libre, mais elle doit aussi \u00eatre responsable. Dans votre mission de r\u00e9gulation, il s'agira de prot\u00e9ger cette libert\u00e9 avec, en ligne de mire, la responsabilit\u00e9 qui doit faire corps avec son expression. C'est ma conviction. Il lui incombe cependant d'\u00eatre responsable<\/em>\u201d, a-t-il affirm\u00e9.<\/p>\n<p>Soulignant l'importance d'un \u00e9quilibre d\u00e9licat entre libert\u00e9 d'expression et responsabilit\u00e9. \u201c<em>Il incombe toujours aux acteurs de travailler \u00e0 le maintenir et l\u00e0 r\u00e9side tout le challenge<\/em>\u201d, a-t-il dit.<\/p>\n<p>Diagne a \u00e9galement \u00e9voqu\u00e9 les enjeux du paysage m\u00e9diatique domin\u00e9 par des changements technologiques et des influences financi\u00e8res.<\/p>\n<p>\u201c<em>L\u2019autre raison essentielle est qu\u2019aujourd\u2019hui, nous vivons dans un paysage m\u00e9diatique min\u00e9 par les tensions financi\u00e8res<\/em>\u201d. C\u2019est dans cette optique que l\u2019ex-pr\u00e9sident Diagne a exprim\u00e9 sa confiance en son successeur Mamadou Oumar Ndiaye, qu'il consid\u00e8re comme l'homme de la situation pour poursuivre la mission du CNRA. \u201c<em>Vous \u00eates l'homme qu'il faut \u00e0 la place qu'il faut<\/em>\u201d, a-t-il d\u00e9clar\u00e9.<\/p>\n<div class='share-to-whatsapp-wrapper'><div class='share-on-whsp'>PARTAGER SUR : <\/div><a data-text='PASSATION DE SERVICE AU CNRA - Mamadou Oumar Ndiaye ne veut \"pas \u00eatre le gendarme de l\u2019audiovisuel\"' data-link='https:\/\/www.nettali.com\/2024\/10\/16\/passation-de-service-au-cnra-mamadou-oumar-ndiaye-ne-veut-pas-etre-le-gendarme-de-laudiovisuel\/' class='whatsapp-button whatsapp-share'>WhatsApp<\/a><div class='clear '><\/div><\/div>","protected":false},"excerpt":{"rendered":"<p>NETTALI.COM - Hier mardi 15 octobre \u00e0 Dakar, le Conseil national de r\u00e9gulation de l'audiovisuel (CNRA) a accueilli son nouveau pr\u00e9sident lors d'une c\u00e9r\u00e9monie de passation de service. Marqu\u00e9 par l'\u00e9motion et le respect mutuel, le pr\u00e9sident sortant, Babacar Diagne, a transmis le flambeau \u00e0 Mamadou Oumar Ndiaye, nouveau pr\u00e9sident du CNRA. \"Je ne serai [&hellip;]<\/p>\n","protected":false},"author":2,"featured_media":142051,"comment_status":"open","ping_status":"open","sticky":false,"template":"","format":"standard","meta":{"_et_pb_use_builder":"","_et_pb_old_content":""},"categories":[34945],"tags":[],"yoast_head":"<!-- This site is optimized with the Yoast SEO Premium plugin v17.8 (Yoast SEO v17.8) - https:\/\/yoast.com\/wordpress\/plugins\/seo\/ -->\n<title>PASSATION DE SERVICE AU CNRA - Mamadou Oumar Ndiaye ne veut &quot;pas \u00eatre le gendarme de l\u2019audiovisuel&quot; | Nettali.com<\/title>\n<meta name=\"robots\" content=\"index, follow, max-snippet:-1, max-image-preview:large, max-video-preview:-1\" \/>\n<link rel=\"canonical\" href=\"https:\/\/www.nettali.com\/2024\/10\/16\/passation-de-service-au-cnra-mamadou-oumar-ndiaye-ne-veut-pas-etre-le-gendarme-de-laudiovisuel\/\" \/>\n<meta property=\"og:locale\" content=\"fr_FR\" \/>\n<meta property=\"og:type\" content=\"article\" \/>\n<meta property=\"og:title\" content=\"PASSATION DE SERVICE AU CNRA - Mamadou Oumar Ndiaye ne veut &quot;pas \u00eatre le gendarme de l\u2019audiovisuel&quot;\" \/>\n<meta property=\"og:description\" content=\"NETTALI.COM - Hier mardi 15 octobre \u00e0 Dakar, le Conseil national de r\u00e9gulation de l&#039;audiovisuel (CNRA) a accueilli son nouveau pr\u00e9sident lors d&#039;une c\u00e9r\u00e9monie de passation de service. Marqu\u00e9 par l&#039;\u00e9motion et le respect mutuel, le pr\u00e9sident sortant, Babacar Diagne, a transmis le flambeau \u00e0 Mamadou Oumar Ndiaye, nouveau pr\u00e9sident du CNRA. &quot;Je ne serai [&hellip;]\" \/>\n<meta property=\"og:url\" content=\"https:\/\/www.nettali.com\/2024\/10\/16\/passation-de-service-au-cnra-mamadou-oumar-ndiaye-ne-veut-pas-etre-le-gendarme-de-laudiovisuel\/\" \/>\n<meta property=\"og:site_name\" content=\"Nettali.com\" \/>\n<meta property=\"article:publisher\" content=\"https:\/\/www.facebook.com\/nettalicom\" \/>\n<meta property=\"article:published_time\" content=\"2024-10-16T08:11:41+00:00\" \/>\n<meta property=\"og:image\" content=\"https:\/\/www.nettali.com\/wp-content\/uploads\/2024\/10\/Capture.PNG-3-1024x596.png\" \/>\n\t<meta property=\"og:image:width\" content=\"1024\" \/>\n\t<meta property=\"og:image:height\" content=\"596\" \/>\n<meta name=\"twitter:card\" content=\"summary_large_image\" \/>\n<meta name=\"twitter:label1\" content=\"\u00c9crit par\" \/>\n\t<meta name=\"twitter:data1\" content=\"CK\" \/>\n\t<meta name=\"twitter:label2\" content=\"Dur\u00e9e de lecture estim\u00e9e\" \/>\n\t<meta name=\"twitter:data2\" content=\"4 minutes\" \/>\n<script type=\"application\/ld+json\" class=\"yoast-schema-graph\">{\"@context\":\"https:\/\/schema.org\",\"@graph\":[{\"@type\":\"WebSite\",\"@id\":\"https:\/\/www.nettali.com\/#website\",\"url\":\"https:\/\/www.nettali.com\/\",\"name\":\"Nettali.com\",\"description\":\"Le rendez-vous critique du Net\",\"potentialAction\":[{\"@type\":\"SearchAction\",\"target\":{\"@type\":\"EntryPoint\",\"urlTemplate\":\"https:\/\/www.nettali.com\/?s={search_term_string}\"},\"query-input\":\"required name=search_term_string\"}],\"inLanguage\":\"fr-FR\"},{\"@type\":\"ImageObject\",\"@id\":\"https:\/\/www.nettali.com\/2024\/10\/16\/passation-de-service-au-cnra-mamadou-oumar-ndiaye-ne-veut-pas-etre-le-gendarme-de-laudiovisuel\/#primaryimage\",\"inLanguage\":\"fr-FR\",\"url\":\"https:\/\/www.nettali.com\/wp-content\/uploads\/2024\/10\/Capture.PNG-3.png\",\"contentUrl\":\"https:\/\/www.nettali.com\/wp-content\/uploads\/2024\/10\/Capture.PNG-3.png\",\"width\":1615,\"height\":940},{\"@type\":\"WebPage\",\"@id\":\"https:\/\/www.nettali.com\/2024\/10\/16\/passation-de-service-au-cnra-mamadou-oumar-ndiaye-ne-veut-pas-etre-le-gendarme-de-laudiovisuel\/#webpage\",\"url\":\"https:\/\/www.nettali.com\/2024\/10\/16\/passation-de-service-au-cnra-mamadou-oumar-ndiaye-ne-veut-pas-etre-le-gendarme-de-laudiovisuel\/\",\"name\":\"PASSATION DE SERVICE AU CNRA - Mamadou Oumar Ndiaye ne veut \\\"pas \\u00eatre le gendarme de l\\u2019audiovisuel\\\" | Nettali.com\",\"isPartOf\":{\"@id\":\"https:\/\/www.nettali.com\/#website\"},\"primaryImageOfPage\":{\"@id\":\"https:\/\/www.nettali.com\/2024\/10\/16\/passation-de-service-au-cnra-mamadou-oumar-ndiaye-ne-veut-pas-etre-le-gendarme-de-laudiovisuel\/#primaryimage\"},\"datePublished\":\"2024-10-16T08:11:41+00:00\",\"dateModified\":\"2024-10-16T08:11:41+00:00\",\"author\":{\"@id\":\"https:\/\/www.nettali.com\/#\/schema\/person\/d8ac7b7e27ddad43f1c0d2ef090d7f71\"},\"breadcrumb\":{\"@id\":\"https:\/\/www.nettali.com\/2024\/10\/16\/passation-de-service-au-cnra-mamadou-oumar-ndiaye-ne-veut-pas-etre-le-gendarme-de-laudiovisuel\/#breadcrumb\"},\"inLanguage\":\"fr-FR\",\"potentialAction\":[{\"@type\":\"ReadAction\",\"target\":[\"https:\/\/www.nettali.com\/2024\/10\/16\/passation-de-service-au-cnra-mamadou-oumar-ndiaye-ne-veut-pas-etre-le-gendarme-de-laudiovisuel\/\"]}]},{\"@type\":\"BreadcrumbList\",\"@id\":\"https:\/\/www.nettali.com\/2024\/10\/16\/passation-de-service-au-cnra-mamadou-oumar-ndiaye-ne-veut-pas-etre-le-gendarme-de-laudiovisuel\/#breadcrumb\",\"itemListElement\":[{\"@type\":\"ListItem\",\"position\":1,\"name\":\"Accueil\",\"item\":\"https:\/\/www.nettali.com\/\"},{\"@type\":\"ListItem\",\"position\":2,\"name\":\"PASSATION DE SERVICE AU CNRA - Mamadou Oumar Ndiaye ne veut \\\"pas \\u00eatre le gendarme de l\\u2019audiovisuel\\\"\"}]},{\"@type\":\"Person\",\"@id\":\"https:\/\/www.nettali.com\/#\/schema\/person\/d8ac7b7e27ddad43f1c0d2ef090d7f71\",\"name\":\"CK\",\"image\":{\"@type\":\"ImageObject\",\"@id\":\"https:\/\/www.nettali.com\/#personlogo\",\"inLanguage\":\"fr-FR\",\"url\":\"https:\/\/secure.gravatar.com\/avatar\/1d8d5118b9327d94da7cd4ce7f17fec2?s=96&d=mm&r=g\",\"contentUrl\":\"https:\/\/secure.gravatar.com\/avatar\/1d8d5118b9327d94da7cd4ce7f17fec2?s=96&d=mm&r=g\",\"caption\":\"CK\"},\"sameAs\":[\"https:\/\/www.nettali.com\"]}]}<\/script>\n<!-- \/ Yoast SEO Premium plugin. -->","yoast_head_json":{"title":"PASSATION DE SERVICE AU CNRA - Mamadou Oumar Ndiaye ne veut \"pas \u00eatre le gendarme de l\u2019audiovisuel\" | Nettali.com","robots":{"index":"index","follow":"follow","max-snippet":"max-snippet:-1","max-image-preview":"max-image-preview:large","max-video-preview":"max-video-preview:-1"},"canonical":"https:\/\/www.nettali.com\/2024\/10\/16\/passation-de-service-au-cnra-mamadou-oumar-ndiaye-ne-veut-pas-etre-le-gendarme-de-laudiovisuel\/","og_locale":"fr_FR","og_type":"article","og_title":"PASSATION DE SERVICE AU CNRA - Mamadou Oumar Ndiaye ne veut \"pas \u00eatre le gendarme de l\u2019audiovisuel\"","og_description":"NETTALI.COM - Hier mardi 15 octobre \u00e0 Dakar, le Conseil national de r\u00e9gulation de l'audiovisuel (CNRA) a accueilli son nouveau pr\u00e9sident lors d'une c\u00e9r\u00e9monie de passation de service. Marqu\u00e9 par l'\u00e9motion et le respect mutuel, le pr\u00e9sident sortant, Babacar Diagne, a transmis le flambeau \u00e0 Mamadou Oumar Ndiaye, nouveau pr\u00e9sident du CNRA. \"Je ne serai [&hellip;]","og_url":"https:\/\/www.nettali.com\/2024\/10\/16\/passation-de-service-au-cnra-mamadou-oumar-ndiaye-ne-veut-pas-etre-le-gendarme-de-laudiovisuel\/","og_site_name":"Nettali.com","article_publisher":"https:\/\/www.facebook.com\/nettalicom","article_published_time":"2024-10-16T08:11:41+00:00","og_image":[{"width":1024,"height":596,"url":"https:\/\/www.nettali.com\/wp-content\/uploads\/2024\/10\/Capture.PNG-3-1024x596.png","type":"image\/png"}],"twitter_card":"summary_large_image","twitter_misc":{"\u00c9crit par":"CK","Dur\u00e9e de lecture estim\u00e9e":"4 minutes"},"schema":{"@context":"https:\/\/schema.org","@graph":[{"@type":"WebSite","@id":"https:\/\/www.nettali.com\/#website","url":"https:\/\/www.nettali.com\/","name":"Nettali.com","description":"Le rendez-vous critique du Net","potentialAction":[{"@type":"SearchAction","target":{"@type":"EntryPoint","urlTemplate":"https:\/\/www.nettali.com\/?s={search_term_string}"},"query-input":"required name=search_term_string"}],"inLanguage":"fr-FR"},{"@type":"ImageObject","@id":"https:\/\/www.nettali.com\/2024\/10\/16\/passation-de-service-au-cnra-mamadou-oumar-ndiaye-ne-veut-pas-etre-le-gendarme-de-laudiovisuel\/#primaryimage","inLanguage":"fr-FR","url":"https:\/\/www.nettali.com\/wp-content\/uploads\/2024\/10\/Capture.PNG-3.png","contentUrl":"https:\/\/www.nettali.com\/wp-content\/uploads\/2024\/10\/Capture.PNG-3.png","width":1615,"height":940},{"@type":"WebPage","@id":"https:\/\/www.nettali.com\/2024\/10\/16\/passation-de-service-au-cnra-mamadou-oumar-ndiaye-ne-veut-pas-etre-le-gendarme-de-laudiovisuel\/#webpage","url":"https:\/\/www.nettali.com\/2024\/10\/16\/passation-de-service-au-cnra-mamadou-oumar-ndiaye-ne-veut-pas-etre-le-gendarme-de-laudiovisuel\/","name":"PASSATION DE SERVICE AU CNRA - Mamadou Oumar Ndiaye ne veut \"pas \u00eatre le gendarme de l\u2019audiovisuel\" | Nettali.com","isPartOf":{"@id":"https:\/\/www.nettali.com\/#website"},"primaryImageOfPage":{"@id":"https:\/\/www.nettali.com\/2024\/10\/16\/passation-de-service-au-cnra-mamadou-oumar-ndiaye-ne-veut-pas-etre-le-gendarme-de-laudiovisuel\/#primaryimage"},"datePublished":"2024-10-16T08:11:41+00:00","dateModified":"2024-10-16T08:11:41+00:00","author":{"@id":"https:\/\/www.nettali.com\/#\/schema\/person\/d8ac7b7e27ddad43f1c0d2ef090d7f71"},"breadcrumb":{"@id":"https:\/\/www.nettali.com\/2024\/10\/16\/passation-de-service-au-cnra-mamadou-oumar-ndiaye-ne-veut-pas-etre-le-gendarme-de-laudiovisuel\/#breadcrumb"},"inLanguage":"fr-FR","potentialAction":[{"@type":"ReadAction","target":["https:\/\/www.nettali.com\/2024\/10\/16\/passation-de-service-au-cnra-mamadou-oumar-ndiaye-ne-veut-pas-etre-le-gendarme-de-laudiovisuel\/"]}]},{"@type":"BreadcrumbList","@id":"https:\/\/www.nettali.com\/2024\/10\/16\/passation-de-service-au-cnra-mamadou-oumar-ndiaye-ne-veut-pas-etre-le-gendarme-de-laudiovisuel\/#breadcrumb","itemListElement":[{"@type":"ListItem","position":1,"name":"Accueil","item":"https:\/\/www.nettali.com\/"},{"@type":"ListItem","position":2,"name":"PASSATION DE SERVICE AU CNRA - Mamadou Oumar Ndiaye ne veut \"pas \u00eatre le gendarme de l\u2019audiovisuel\""}]},{"@type":"Person","@id":"https:\/\/www.nettali.com\/#\/schema\/person\/d8ac7b7e27ddad43f1c0d2ef090d7f71","name":"CK","image":{"@type":"ImageObject","@id":"https:\/\/www.nettali.com\/#personlogo","inLanguage":"fr-FR","url":"https:\/\/secure.gravatar.com\/avatar\/1d8d5118b9327d94da7cd4ce7f17fec2?s=96&d=mm&r=g","contentUrl":"https:\/\/secure.gravatar.com\/avatar\/1d8d5118b9327d94da7cd4ce7f17fec2?s=96&d=mm&r=g","caption":"CK"},"sameAs":["https:\/\/www.nettali.com"]}]}},"_links":{"self":[{"href":"https:\/\/www.nettali.com\/rest\/wp\/v2\/posts\/142050"}],"collection":[{"href":"https:\/\/www.nettali.com\/rest\/wp\/v2\/posts"}],"about":[{"href":"https:\/\/www.nettali.com\/rest\/wp\/v2\/types\/post"}],"author":[{"embeddable":true,"href":"https:\/\/www.nettali.com\/rest\/wp\/v2\/users\/2"}],"replies":[{"embeddable":true,"href":"https:\/\/www.nettali.com\/rest\/wp\/v2\/comments?post=142050"}],"version-history":[{"count":1,"href":"https:\/\/www.nettali.com\/rest\/wp\/v2\/posts\/142050\/revisions"}],"predecessor-version":[{"id":142052,"href":"https:\/\/www.nettali.com\/rest\/wp\/v2\/posts\/142050\/revisions\/142052"}],"wp:featuredmedia":[{"embeddable":true,"href":"https:\/\/www.nettali.com\/rest\/wp\/v2\/media\/142051"}],"wp:attachment":[{"href":"https:\/\/www.nettali.com\/rest\/wp\/v2\/media?parent=142050"}],"wp:term":[{"taxonomy":"category","embeddable":true,"href":"https:\/\/www.nettali.com\/rest\/wp\/v2\/categories?post=142050"},{"taxonomy":"post_tag","embeddable":true,"href":"https:\/\/www.nettali.com\/rest\/wp\/v2\/tags?post=142050"}],"curies":[{"name":"wp","href":"https:\/\/api.w.org\/{rel}","templated":true}]}}