{"id":142035,"date":"2024-10-16T07:27:14","date_gmt":"2024-10-16T07:27:14","guid":{"rendered":"https:\/\/www.nettali.com\/?p=142035"},"modified":"2024-10-16T07:27:14","modified_gmt":"2024-10-16T07:27:14","slug":"greve-du-collectif-des-medecins-pharmaciens-et-chirurgiens-dentistes-72-heures-renouvelable-decretees-a-partir-de-ce-mercredi","status":"publish","type":"post","link":"https:\/\/www.nettali.com\/2024\/10\/16\/greve-du-collectif-des-medecins-pharmaciens-et-chirurgiens-dentistes-72-heures-renouvelable-decretees-a-partir-de-ce-mercredi\/","title":{"rendered":"GREVE DU COLLECTIF DES MEDECINS, PHARMACIENS ET CHIRURGIENS-DENTISTES \u2013 72 heures renouvelable d\u00e9cr\u00e9t\u00e9es \u00e0 partir de ce mercredi"},"content":{"rendered":"<p><strong>NETTALI.COM - Le Collectif des m\u00e9decins, pharmaciens et chirurgiens-dentistes en sp\u00e9cialisation du S\u00e9n\u00e9gal (COMES) a annonc\u00e9 dans un communiqu\u00e9, une gr\u00e8ve de 72 heures renouvelable avec arr\u00eat de toutes ses activit\u00e9s hospitali\u00e8res, \u00e0 compter du 16 octobre 2024.<\/strong><\/p>\n<p>Outr\u00e9 par le non respect des engagements pris lors d\u2019une rencontre tenue le 27 septembre 2024 entre le Collectif des m\u00e9decins, pharmaciens et chirurgiens-dentistes en sp\u00e9cialisation du S\u00e9n\u00e9gal (COMES), le Syndicat autonome des m\u00e9decins \u00a0du S\u00e9n\u00e9gal (SAMES), et les autorit\u00e9s du minist\u00e8re de la Sant\u00e9 et de l\u2019Action sociale, le Collectif des m\u00e9decins, pharmaciens et chirurgiens-dentistes en sp\u00e9cialisation du S\u00e9n\u00e9gal (COMES) a d\u00e9cid\u00e9 d\u2019agir.<\/p>\n<p>Il a d\u00e9cr\u00e9t\u00e9 une gr\u00e8ve de 72 heures renouvelable avec arr\u00eat de toutes ces activit\u00e9s hospitali\u00e8res, \u00e0 compter du 16 octobre 2024. \u00ab<em> Le Minist\u00e8re de la Sant\u00e9 et de l\u2019Action sociale n\u2019a entrepris aucune action concr\u00e8te pour r\u00e9pondre \u00e0 nos revendications, malgr\u00e9 les promesses faites<\/em> \u00bb justifie \u00a0le \u00a0collectif avant d'inviter au suivi du mot d'ordre.<\/p>\n<p>\u00ab <em>Nous appelons tous les Docteurs en Sp\u00e9cialisation \u00e0 rester unis et solidaires. La coh\u00e9sion dans cette p\u00e9riode cruciale est essentielle. Seule une mobilisation forte et collective permettra d\u2019obtenir des r\u00e9sultats tangibles. Nous tenons \u00e0 rappeler que cette gr\u00e8ve concerne l\u2019ensemble des activit\u00e9s hospitali\u00e8res, incluant les consultations, les gardes, les interventions et toute autre prestation m\u00e9dicale. Il est primordial que chaque DES respecte cette consigne et participe activement \u00e0 la lutte. Nous restons ouverts au dialogue, mais r\u00e9affirmons notre d\u00e9termination \u00e0 aller jusqu\u2019au bout pour d\u00e9fendre nos droits et am\u00e9liorer nos conditions de travail. Nous esp\u00e9rons que les autorit\u00e9s prendront enfin la mesure de l\u2019urgence de la situation et r\u00e9pondront favorablement \u00e0 nos revendications<\/em> \u00bb, lit-on dans \u00a0le communiqu\u00e9.<\/p>\n<p>Revenant sur les engagements, le \u00a0Comes renseigne qu'il s\u2019agit : \u00ab <em>de l\u2019harmonisation des primes de garde (minimum de 15 000 FCFA en semaine et 20 000 FCFA les week-ends et jours f\u00e9ri\u00e9s), la r\u00e9solution de la prise en charge m\u00e9dicale des Docteurs en Sp\u00e9cialisation (DES) et de leurs familles, des solutions p\u00e9rennes pour la r\u00e9mun\u00e9ration et les motivations des DES, la r\u00e9solution des cong\u00e9s de maternit\u00e9, la cr\u00e9ation d\u2019une commission pour traiter la question du statut des DES, avec une \u00e9ch\u00e9ance fix\u00e9e au 15 octobre 2024, le paiement r\u00e9gulier des bourses de sp\u00e9cialisation avant le 10 de chaque mois<\/em> \u00bb .<\/p>\n<div class='share-to-whatsapp-wrapper'><div class='share-on-whsp'>PARTAGER SUR : <\/div><a data-text='GREVE DU COLLECTIF DES MEDECINS, PHARMACIENS ET CHIRURGIENS-DENTISTES \u2013 72 heures renouvelable d\u00e9cr\u00e9t\u00e9es \u00e0 partir de ce mercredi' data-link='https:\/\/www.nettali.com\/2024\/10\/16\/greve-du-collectif-des-medecins-pharmaciens-et-chirurgiens-dentistes-72-heures-renouvelable-decretees-a-partir-de-ce-mercredi\/' class='whatsapp-button whatsapp-share'>WhatsApp<\/a><div class='clear '><\/div><\/div>","protected":false},"excerpt":{"rendered":"<p>NETTALI.COM - Le Collectif des m\u00e9decins, pharmaciens et chirurgiens-dentistes en sp\u00e9cialisation du S\u00e9n\u00e9gal (COMES) a annonc\u00e9 dans un communiqu\u00e9, une gr\u00e8ve de 72 heures renouvelable avec arr\u00eat de toutes ses activit\u00e9s hospitali\u00e8res, \u00e0 compter du 16 octobre 2024. Outr\u00e9 par le non respect des engagements pris lors d\u2019une rencontre tenue le 27 septembre 2024 entre [&hellip;]<\/p>\n","protected":false},"author":6,"featured_media":94556,"comment_status":"open","ping_status":"open","sticky":false,"template":"","format":"standard","meta":{"_et_pb_use_builder":"","_et_pb_old_content":""},"categories":[22],"tags":[],"yoast_head":"<!-- This site is optimized with the Yoast SEO Premium plugin v17.8 (Yoast SEO v17.8) - https:\/\/yoast.com\/wordpress\/plugins\/seo\/ -->\n<title>GREVE DU COLLECTIF DES MEDECINS, PHARMACIENS ET CHIRURGIENS-DENTISTES \u2013 72 heures renouvelable d\u00e9cr\u00e9t\u00e9es \u00e0 partir de ce mercredi | Nettali.com<\/title>\n<meta name=\"robots\" content=\"index, follow, max-snippet:-1, max-image-preview:large, max-video-preview:-1\" \/>\n<link rel=\"canonical\" href=\"https:\/\/www.nettali.com\/2024\/10\/16\/greve-du-collectif-des-medecins-pharmaciens-et-chirurgiens-dentistes-72-heures-renouvelable-decretees-a-partir-de-ce-mercredi\/\" \/>\n<meta property=\"og:locale\" content=\"fr_FR\" \/>\n<meta property=\"og:type\" content=\"article\" \/>\n<meta property=\"og:title\" content=\"GREVE DU COLLECTIF DES MEDECINS, PHARMACIENS ET CHIRURGIENS-DENTISTES \u2013 72 heures renouvelable d\u00e9cr\u00e9t\u00e9es \u00e0 partir de ce mercredi\" \/>\n<meta property=\"og:description\" content=\"NETTALI.COM - Le Collectif des m\u00e9decins, pharmaciens et chirurgiens-dentistes en sp\u00e9cialisation du S\u00e9n\u00e9gal (COMES) a annonc\u00e9 dans un communiqu\u00e9, une gr\u00e8ve de 72 heures renouvelable avec arr\u00eat de toutes ses activit\u00e9s hospitali\u00e8res, \u00e0 compter du 16 octobre 2024. Outr\u00e9 par le non respect des engagements pris lors d\u2019une rencontre tenue le 27 septembre 2024 entre [&hellip;]\" \/>\n<meta property=\"og:url\" content=\"https:\/\/www.nettali.com\/2024\/10\/16\/greve-du-collectif-des-medecins-pharmaciens-et-chirurgiens-dentistes-72-heures-renouvelable-decretees-a-partir-de-ce-mercredi\/\" \/>\n<meta property=\"og:site_name\" content=\"Nettali.com\" \/>\n<meta property=\"article:publisher\" content=\"https:\/\/www.facebook.com\/nettalicom\" \/>\n<meta property=\"article:published_time\" content=\"2024-10-16T07:27:14+00:00\" \/>\n<meta property=\"og:image\" content=\"https:\/\/www.nettali.com\/wp-content\/uploads\/2022\/09\/sante_greve_4.jpg\" \/>\n\t<meta property=\"og:image:width\" content=\"691\" \/>\n\t<meta property=\"og:image:height\" content=\"421\" \/>\n<meta name=\"twitter:card\" content=\"summary_large_image\" \/>\n<meta name=\"twitter:label1\" content=\"\u00c9crit par\" \/>\n\t<meta name=\"twitter:data1\" content=\"Fatou\" \/>\n\t<meta name=\"twitter:label2\" content=\"Dur\u00e9e de lecture estim\u00e9e\" \/>\n\t<meta name=\"twitter:data2\" content=\"2 minutes\" \/>\n<script type=\"application\/ld+json\" class=\"yoast-schema-graph\">{\"@context\":\"https:\/\/schema.org\",\"@graph\":[{\"@type\":\"WebSite\",\"@id\":\"https:\/\/www.nettali.com\/#website\",\"url\":\"https:\/\/www.nettali.com\/\",\"name\":\"Nettali.com\",\"description\":\"Le rendez-vous critique du Net\",\"potentialAction\":[{\"@type\":\"SearchAction\",\"target\":{\"@type\":\"EntryPoint\",\"urlTemplate\":\"https:\/\/www.nettali.com\/?s={search_term_string}\"},\"query-input\":\"required name=search_term_string\"}],\"inLanguage\":\"fr-FR\"},{\"@type\":\"ImageObject\",\"@id\":\"https:\/\/www.nettali.com\/2024\/10\/16\/greve-du-collectif-des-medecins-pharmaciens-et-chirurgiens-dentistes-72-heures-renouvelable-decretees-a-partir-de-ce-mercredi\/#primaryimage\",\"inLanguage\":\"fr-FR\",\"url\":\"https:\/\/www.nettali.com\/wp-content\/uploads\/2022\/09\/sante_greve_4.jpg\",\"contentUrl\":\"https:\/\/www.nettali.com\/wp-content\/uploads\/2022\/09\/sante_greve_4.jpg\",\"width\":691,\"height\":421},{\"@type\":\"WebPage\",\"@id\":\"https:\/\/www.nettali.com\/2024\/10\/16\/greve-du-collectif-des-medecins-pharmaciens-et-chirurgiens-dentistes-72-heures-renouvelable-decretees-a-partir-de-ce-mercredi\/#webpage\",\"url\":\"https:\/\/www.nettali.com\/2024\/10\/16\/greve-du-collectif-des-medecins-pharmaciens-et-chirurgiens-dentistes-72-heures-renouvelable-decretees-a-partir-de-ce-mercredi\/\",\"name\":\"GREVE DU COLLECTIF DES MEDECINS, PHARMACIENS ET CHIRURGIENS-DENTISTES \\u2013 72 heures renouvelable d\\u00e9cr\\u00e9t\\u00e9es \\u00e0 partir de ce mercredi | Nettali.com\",\"isPartOf\":{\"@id\":\"https:\/\/www.nettali.com\/#website\"},\"primaryImageOfPage\":{\"@id\":\"https:\/\/www.nettali.com\/2024\/10\/16\/greve-du-collectif-des-medecins-pharmaciens-et-chirurgiens-dentistes-72-heures-renouvelable-decretees-a-partir-de-ce-mercredi\/#primaryimage\"},\"datePublished\":\"2024-10-16T07:27:14+00:00\",\"dateModified\":\"2024-10-16T07:27:14+00:00\",\"author\":{\"@id\":\"https:\/\/www.nettali.com\/#\/schema\/person\/418274a86bdf87caff7a3ef476bd0bbf\"},\"breadcrumb\":{\"@id\":\"https:\/\/www.nettali.com\/2024\/10\/16\/greve-du-collectif-des-medecins-pharmaciens-et-chirurgiens-dentistes-72-heures-renouvelable-decretees-a-partir-de-ce-mercredi\/#breadcrumb\"},\"inLanguage\":\"fr-FR\",\"potentialAction\":[{\"@type\":\"ReadAction\",\"target\":[\"https:\/\/www.nettali.com\/2024\/10\/16\/greve-du-collectif-des-medecins-pharmaciens-et-chirurgiens-dentistes-72-heures-renouvelable-decretees-a-partir-de-ce-mercredi\/\"]}]},{\"@type\":\"BreadcrumbList\",\"@id\":\"https:\/\/www.nettali.com\/2024\/10\/16\/greve-du-collectif-des-medecins-pharmaciens-et-chirurgiens-dentistes-72-heures-renouvelable-decretees-a-partir-de-ce-mercredi\/#breadcrumb\",\"itemListElement\":[{\"@type\":\"ListItem\",\"position\":1,\"name\":\"Accueil\",\"item\":\"https:\/\/www.nettali.com\/\"},{\"@type\":\"ListItem\",\"position\":2,\"name\":\"GREVE DU COLLECTIF DES MEDECINS, PHARMACIENS ET CHIRURGIENS-DENTISTES \\u2013 72 heures renouvelable d\\u00e9cr\\u00e9t\\u00e9es \\u00e0 partir de ce mercredi\"}]},{\"@type\":\"Person\",\"@id\":\"https:\/\/www.nettali.com\/#\/schema\/person\/418274a86bdf87caff7a3ef476bd0bbf\",\"name\":\"Fatou\",\"image\":{\"@type\":\"ImageObject\",\"@id\":\"https:\/\/www.nettali.com\/#personlogo\",\"inLanguage\":\"fr-FR\",\"url\":\"https:\/\/secure.gravatar.com\/avatar\/5a9442a2bee7b4dcf167cab035858e9a?s=96&d=mm&r=g\",\"contentUrl\":\"https:\/\/secure.gravatar.com\/avatar\/5a9442a2bee7b4dcf167cab035858e9a?s=96&d=mm&r=g\",\"caption\":\"Fatou\"},\"sameAs\":[\"https:\/\/www.nettali.com\"]}]}<\/script>\n<!-- \/ Yoast SEO Premium plugin. -->","yoast_head_json":{"title":"GREVE DU COLLECTIF DES MEDECINS, PHARMACIENS ET CHIRURGIENS-DENTISTES \u2013 72 heures renouvelable d\u00e9cr\u00e9t\u00e9es \u00e0 partir de ce mercredi | Nettali.com","robots":{"index":"index","follow":"follow","max-snippet":"max-snippet:-1","max-image-preview":"max-image-preview:large","max-video-preview":"max-video-preview:-1"},"canonical":"https:\/\/www.nettali.com\/2024\/10\/16\/greve-du-collectif-des-medecins-pharmaciens-et-chirurgiens-dentistes-72-heures-renouvelable-decretees-a-partir-de-ce-mercredi\/","og_locale":"fr_FR","og_type":"article","og_title":"GREVE DU COLLECTIF DES MEDECINS, PHARMACIENS ET CHIRURGIENS-DENTISTES \u2013 72 heures renouvelable d\u00e9cr\u00e9t\u00e9es \u00e0 partir de ce mercredi","og_description":"NETTALI.COM - Le Collectif des m\u00e9decins, pharmaciens et chirurgiens-dentistes en sp\u00e9cialisation du S\u00e9n\u00e9gal (COMES) a annonc\u00e9 dans un communiqu\u00e9, une gr\u00e8ve de 72 heures renouvelable avec arr\u00eat de toutes ses activit\u00e9s hospitali\u00e8res, \u00e0 compter du 16 octobre 2024. Outr\u00e9 par le non respect des engagements pris lors d\u2019une rencontre tenue le 27 septembre 2024 entre [&hellip;]","og_url":"https:\/\/www.nettali.com\/2024\/10\/16\/greve-du-collectif-des-medecins-pharmaciens-et-chirurgiens-dentistes-72-heures-renouvelable-decretees-a-partir-de-ce-mercredi\/","og_site_name":"Nettali.com","article_publisher":"https:\/\/www.facebook.com\/nettalicom","article_published_time":"2024-10-16T07:27:14+00:00","og_image":[{"width":691,"height":421,"url":"https:\/\/www.nettali.com\/wp-content\/uploads\/2022\/09\/sante_greve_4.jpg","type":"image\/jpeg"}],"twitter_card":"summary_large_image","twitter_misc":{"\u00c9crit par":"Fatou","Dur\u00e9e de lecture estim\u00e9e":"2 minutes"},"schema":{"@context":"https:\/\/schema.org","@graph":[{"@type":"WebSite","@id":"https:\/\/www.nettali.com\/#website","url":"https:\/\/www.nettali.com\/","name":"Nettali.com","description":"Le rendez-vous critique du Net","potentialAction":[{"@type":"SearchAction","target":{"@type":"EntryPoint","urlTemplate":"https:\/\/www.nettali.com\/?s={search_term_string}"},"query-input":"required name=search_term_string"}],"inLanguage":"fr-FR"},{"@type":"ImageObject","@id":"https:\/\/www.nettali.com\/2024\/10\/16\/greve-du-collectif-des-medecins-pharmaciens-et-chirurgiens-dentistes-72-heures-renouvelable-decretees-a-partir-de-ce-mercredi\/#primaryimage","inLanguage":"fr-FR","url":"https:\/\/www.nettali.com\/wp-content\/uploads\/2022\/09\/sante_greve_4.jpg","contentUrl":"https:\/\/www.nettali.com\/wp-content\/uploads\/2022\/09\/sante_greve_4.jpg","width":691,"height":421},{"@type":"WebPage","@id":"https:\/\/www.nettali.com\/2024\/10\/16\/greve-du-collectif-des-medecins-pharmaciens-et-chirurgiens-dentistes-72-heures-renouvelable-decretees-a-partir-de-ce-mercredi\/#webpage","url":"https:\/\/www.nettali.com\/2024\/10\/16\/greve-du-collectif-des-medecins-pharmaciens-et-chirurgiens-dentistes-72-heures-renouvelable-decretees-a-partir-de-ce-mercredi\/","name":"GREVE DU COLLECTIF DES MEDECINS, PHARMACIENS ET CHIRURGIENS-DENTISTES \u2013 72 heures renouvelable d\u00e9cr\u00e9t\u00e9es \u00e0 partir de ce mercredi | Nettali.com","isPartOf":{"@id":"https:\/\/www.nettali.com\/#website"},"primaryImageOfPage":{"@id":"https:\/\/www.nettali.com\/2024\/10\/16\/greve-du-collectif-des-medecins-pharmaciens-et-chirurgiens-dentistes-72-heures-renouvelable-decretees-a-partir-de-ce-mercredi\/#primaryimage"},"datePublished":"2024-10-16T07:27:14+00:00","dateModified":"2024-10-16T07:27:14+00:00","author":{"@id":"https:\/\/www.nettali.com\/#\/schema\/person\/418274a86bdf87caff7a3ef476bd0bbf"},"breadcrumb":{"@id":"https:\/\/www.nettali.com\/2024\/10\/16\/greve-du-collectif-des-medecins-pharmaciens-et-chirurgiens-dentistes-72-heures-renouvelable-decretees-a-partir-de-ce-mercredi\/#breadcrumb"},"inLanguage":"fr-FR","potentialAction":[{"@type":"ReadAction","target":["https:\/\/www.nettali.com\/2024\/10\/16\/greve-du-collectif-des-medecins-pharmaciens-et-chirurgiens-dentistes-72-heures-renouvelable-decretees-a-partir-de-ce-mercredi\/"]}]},{"@type":"BreadcrumbList","@id":"https:\/\/www.nettali.com\/2024\/10\/16\/greve-du-collectif-des-medecins-pharmaciens-et-chirurgiens-dentistes-72-heures-renouvelable-decretees-a-partir-de-ce-mercredi\/#breadcrumb","itemListElement":[{"@type":"ListItem","position":1,"name":"Accueil","item":"https:\/\/www.nettali.com\/"},{"@type":"ListItem","position":2,"name":"GREVE DU COLLECTIF DES MEDECINS, PHARMACIENS ET CHIRURGIENS-DENTISTES \u2013 72 heures renouvelable d\u00e9cr\u00e9t\u00e9es \u00e0 partir de ce mercredi"}]},{"@type":"Person","@id":"https:\/\/www.nettali.com\/#\/schema\/person\/418274a86bdf87caff7a3ef476bd0bbf","name":"Fatou","image":{"@type":"ImageObject","@id":"https:\/\/www.nettali.com\/#personlogo","inLanguage":"fr-FR","url":"https:\/\/secure.gravatar.com\/avatar\/5a9442a2bee7b4dcf167cab035858e9a?s=96&d=mm&r=g","contentUrl":"https:\/\/secure.gravatar.com\/avatar\/5a9442a2bee7b4dcf167cab035858e9a?s=96&d=mm&r=g","caption":"Fatou"},"sameAs":["https:\/\/www.nettali.com"]}]}},"_links":{"self":[{"href":"https:\/\/www.nettali.com\/rest\/wp\/v2\/posts\/142035"}],"collection":[{"href":"https:\/\/www.nettali.com\/rest\/wp\/v2\/posts"}],"about":[{"href":"https:\/\/www.nettali.com\/rest\/wp\/v2\/types\/post"}],"author":[{"embeddable":true,"href":"https:\/\/www.nettali.com\/rest\/wp\/v2\/users\/6"}],"replies":[{"embeddable":true,"href":"https:\/\/www.nettali.com\/rest\/wp\/v2\/comments?post=142035"}],"version-history":[{"count":3,"href":"https:\/\/www.nettali.com\/rest\/wp\/v2\/posts\/142035\/revisions"}],"predecessor-version":[{"id":142040,"href":"https:\/\/www.nettali.com\/rest\/wp\/v2\/posts\/142035\/revisions\/142040"}],"wp:featuredmedia":[{"embeddable":true,"href":"https:\/\/www.nettali.com\/rest\/wp\/v2\/media\/94556"}],"wp:attachment":[{"href":"https:\/\/www.nettali.com\/rest\/wp\/v2\/media?parent=142035"}],"wp:term":[{"taxonomy":"category","embeddable":true,"href":"https:\/\/www.nettali.com\/rest\/wp\/v2\/categories?post=142035"},{"taxonomy":"post_tag","embeddable":true,"href":"https:\/\/www.nettali.com\/rest\/wp\/v2\/tags?post=142035"}],"curies":[{"name":"wp","href":"https:\/\/api.w.org\/{rel}","templated":true}]}}