{"id":142012,"date":"2024-10-15T19:02:35","date_gmt":"2024-10-15T19:02:35","guid":{"rendered":"https:\/\/www.nettali.com\/?p=142012"},"modified":"2024-10-15T19:02:35","modified_gmt":"2024-10-15T19:02:35","slug":"nouveau-referentiel-de-la-politique-economique-et-sociale-du-senegal-les-questions-les-plus-frequemment-posees","status":"publish","type":"post","link":"https:\/\/www.nettali.com\/2024\/10\/15\/nouveau-referentiel-de-la-politique-economique-et-sociale-du-senegal-les-questions-les-plus-frequemment-posees\/","title":{"rendered":"Nouveau r\u00e9f\u00e9rentiel de la politique \u00e9conomique et sociale du S\u00e9n\u00e9gal : les questions les plus fr\u00e9quemment pos\u00e9es"},"content":{"rendered":"<p><strong>CONTRIBUTION -<\/strong> Les questions les plus fr\u00e9quemment pos\u00e9es, qu\u2019on appelle FAQ en anglais (frequently asked questions) constituent une rubrique qui aide le lecteur \u00e0 comprendre en toute autonomie.<\/p>\n<p>Sans avoir fait partie de ceux qui ont travaill\u00e9 sur le document, je partage mon angle de lecture du nouveau r\u00e9f\u00e9rentiel.<\/p>\n<p><strong>Qu\u2019est-ce qui remplace le Plan S\u00e9n\u00e9gal emergent (PSE) ?<\/strong><\/p>\n<p>Depuis 2014, tout le monde savait que le r\u00e9f\u00e9rentiel s\u2019appelait \u00ab PSE \u00bb mais depuis hier certains parlent encore de \u00ab <em>projet<\/em> \u00bb, d\u2019autres disent \u00ab <em>S\u00e9n\u00e9gal 2050<\/em> \u00bb ou \u00ab <em>strat\u00e9gie de transformation syst\u00e9mique<\/em> \u00bb.<\/p>\n<p>C\u2019est l\u2019agenda national de transformation qui remplace le PSE. Ce n\u2019est pas simple \u00e0 dire pour la majorit\u00e9 des s\u00e9n\u00e9galais mais on peut dire \u00ab ANT \u00bb. C\u2019est pourquoi j\u2019avais propos\u00e9 sur ma page (il y a 6 mois) qu\u2019on mette un contenu \u00e0 \u00ab PROJET \u00bb pour garder l\u2019appellation, avec \u00ab <em>Programme de r\u00e9formes op\u00e9rationnelles pour la justice \u00e9conomique et territoriale<\/em> \u00bb.<\/p>\n<p><strong>\u270d\ufe0f Quelle diff\u00e9rence entre le PSE et l\u2019agenda national de transformation ?<\/strong><\/p>\n<p>Il y a des points communs (heureusement) et des diff\u00e9rences.<\/p>\n<p>\u2705La vison: \u00ab S\u00e9n\u00e9gal souverain, juste et prosp\u00e8re \u00bb met en exergue la souverainet\u00e9 et c\u2019est un marqueur important du nouveau r\u00e9f\u00e9rentiel. La vision du PSE c\u2019\u00e9tait \u00ab<em> un S\u00e9n\u00e9gal emergent en 2035 avec une soci\u00e9t\u00e9 solidaire dans un \u00c9tat de droit<\/em> \u00bb.<\/p>\n<p>\u2705L\u2019agenda national de transformation comporte 4 axes contre 3 pour le PSE. C\u2019est le d\u00e9veloppement durable qui a \u00e9t\u00e9 \u00e9rig\u00e9 en axe avec l\u2019am\u00e9nagement du territoire. Dans le PSE, ce volet \u00e9tait dans l\u2019axe2 avec le capital humain et la protection sociale.<\/p>\n<p>\u2705La r\u00e9partition des financements est relativement plus \u00e9quilibr\u00e9e entre les axes. Pour le PSE les 3 axes b\u00e9n\u00e9ficiaient respectivement de 64,7% , 25,2% et 10,1%.<br \/>\nDans le PAP 2025-2029, l\u2019axe1 (\u00e9conomie comp\u00e9titive) recueille 33,7%, l\u2019axe2 (capital humain de qualit\u00e9 et \u00e9quit\u00e9 sociale) b\u00e9n\u00e9fice de 35,1%, l\u2019axe3 (am\u00e9nagement et d\u00e9veloppement durables), 13,4% et l\u2019axe4 (gouvernance et engagement africain), 17,7%.<\/p>\n<p>\u2705Le montant global du financement sur 5 ans a baiss\u00e9 . En effet il avoisine 18.500 milliards de FCFA dans le nouveau PAP (2025-2029) alors qu\u2019il \u00e9tait de 27.000 milliards dans le PAP3 du PSE sur la p\u00e9riode 2024-2028. C\u2019est certainement parce que l\u2019objectif affich\u00e9 est de faire des r\u00e9sultats avec moins d\u2019endettement. L\u2019Etat va apporter 12.800 milliards et le secteur priv\u00e9 5.700 milliards.<\/p>\n<p><strong>\u270d\ufe0f Pourquoi le passage de \u00ab Plan \u00bb \u00e0 \u00ab Agenda \u00bb ?<\/strong><\/p>\n<p>D\u2019abord le r\u00e9gime actuel, se r\u00e9clamant du panafricanisme, a voulu s\u2019aligner sur l\u2019appellation \u00ab <em>Agenda 2063<\/em> \u00bb de l\u2019Union africaine qui vise la transformation de l\u2019Afrique en une puissance mondiale; d\u2019o\u00f9 le choix \u00ab agenda national de transformation \u00bb.<\/p>\n<p>Ensuite , l\u2019appellation \u00ab agenda \u00bb renvoie davantage \u00e0 une id\u00e9e pr\u00e9cise de ce qu\u2019on veut faire et de la programmation (le timing) comparativement au plan (marketing).<\/p>\n<p><strong>Pr Abou KANE<\/strong><br \/>\n<strong>FASEG\/UCAD<\/strong><\/p>\n<div class='share-to-whatsapp-wrapper'><div class='share-on-whsp'>PARTAGER SUR : <\/div><a data-text='Nouveau r\u00e9f\u00e9rentiel de la politique \u00e9conomique et sociale du S\u00e9n\u00e9gal : les questions les plus fr\u00e9quemment pos\u00e9es' data-link='https:\/\/www.nettali.com\/2024\/10\/15\/nouveau-referentiel-de-la-politique-economique-et-sociale-du-senegal-les-questions-les-plus-frequemment-posees\/' class='whatsapp-button whatsapp-share'>WhatsApp<\/a><div class='clear '><\/div><\/div>","protected":false},"excerpt":{"rendered":"<p>CONTRIBUTION - Les questions les plus fr\u00e9quemment pos\u00e9es, qu\u2019on appelle FAQ en anglais (frequently asked questions) constituent une rubrique qui aide le lecteur \u00e0 comprendre en toute autonomie. Sans avoir fait partie de ceux qui ont travaill\u00e9 sur le document, je partage mon angle de lecture du nouveau r\u00e9f\u00e9rentiel. Qu\u2019est-ce qui remplace le Plan S\u00e9n\u00e9gal [&hellip;]<\/p>\n","protected":false},"author":2,"featured_media":142014,"comment_status":"open","ping_status":"open","sticky":false,"template":"","format":"standard","meta":{"_et_pb_use_builder":"","_et_pb_old_content":""},"categories":[4],"tags":[],"yoast_head":"<!-- This site is optimized with the Yoast SEO Premium plugin v17.8 (Yoast SEO v17.8) - https:\/\/yoast.com\/wordpress\/plugins\/seo\/ -->\n<title>Nouveau r\u00e9f\u00e9rentiel de la politique \u00e9conomique et sociale du S\u00e9n\u00e9gal : les questions les plus fr\u00e9quemment pos\u00e9es | Nettali.com<\/title>\n<meta name=\"robots\" content=\"index, follow, max-snippet:-1, max-image-preview:large, max-video-preview:-1\" \/>\n<link rel=\"canonical\" href=\"https:\/\/www.nettali.com\/2024\/10\/15\/nouveau-referentiel-de-la-politique-economique-et-sociale-du-senegal-les-questions-les-plus-frequemment-posees\/\" \/>\n<meta property=\"og:locale\" content=\"fr_FR\" \/>\n<meta property=\"og:type\" content=\"article\" \/>\n<meta property=\"og:title\" content=\"Nouveau r\u00e9f\u00e9rentiel de la politique \u00e9conomique et sociale du S\u00e9n\u00e9gal : les questions les plus fr\u00e9quemment pos\u00e9es\" \/>\n<meta property=\"og:description\" content=\"CONTRIBUTION - Les questions les plus fr\u00e9quemment pos\u00e9es, qu\u2019on appelle FAQ en anglais (frequently asked questions) constituent une rubrique qui aide le lecteur \u00e0 comprendre en toute autonomie. Sans avoir fait partie de ceux qui ont travaill\u00e9 sur le document, je partage mon angle de lecture du nouveau r\u00e9f\u00e9rentiel. Qu\u2019est-ce qui remplace le Plan S\u00e9n\u00e9gal [&hellip;]\" \/>\n<meta property=\"og:url\" content=\"https:\/\/www.nettali.com\/2024\/10\/15\/nouveau-referentiel-de-la-politique-economique-et-sociale-du-senegal-les-questions-les-plus-frequemment-posees\/\" \/>\n<meta property=\"og:site_name\" content=\"Nettali.com\" \/>\n<meta property=\"article:publisher\" content=\"https:\/\/www.facebook.com\/nettalicom\" \/>\n<meta property=\"article:published_time\" content=\"2024-10-15T19:02:35+00:00\" \/>\n<meta property=\"og:image\" content=\"https:\/\/www.nettali.com\/wp-content\/uploads\/2024\/10\/Pr-Abou-Kane-economiste-1080x900-1.png\" \/>\n\t<meta property=\"og:image:width\" content=\"1080\" \/>\n\t<meta property=\"og:image:height\" content=\"900\" \/>\n<meta name=\"twitter:card\" content=\"summary_large_image\" \/>\n<meta name=\"twitter:label1\" content=\"\u00c9crit par\" \/>\n\t<meta name=\"twitter:data1\" content=\"CK\" \/>\n\t<meta name=\"twitter:label2\" content=\"Dur\u00e9e de lecture estim\u00e9e\" \/>\n\t<meta name=\"twitter:data2\" content=\"2 minutes\" \/>\n<script type=\"application\/ld+json\" class=\"yoast-schema-graph\">{\"@context\":\"https:\/\/schema.org\",\"@graph\":[{\"@type\":\"WebSite\",\"@id\":\"https:\/\/www.nettali.com\/#website\",\"url\":\"https:\/\/www.nettali.com\/\",\"name\":\"Nettali.com\",\"description\":\"Le rendez-vous critique du Net\",\"potentialAction\":[{\"@type\":\"SearchAction\",\"target\":{\"@type\":\"EntryPoint\",\"urlTemplate\":\"https:\/\/www.nettali.com\/?s={search_term_string}\"},\"query-input\":\"required name=search_term_string\"}],\"inLanguage\":\"fr-FR\"},{\"@type\":\"ImageObject\",\"@id\":\"https:\/\/www.nettali.com\/2024\/10\/15\/nouveau-referentiel-de-la-politique-economique-et-sociale-du-senegal-les-questions-les-plus-frequemment-posees\/#primaryimage\",\"inLanguage\":\"fr-FR\",\"url\":\"https:\/\/www.nettali.com\/wp-content\/uploads\/2024\/10\/Pr-Abou-Kane-economiste-1080x900-1.png\",\"contentUrl\":\"https:\/\/www.nettali.com\/wp-content\/uploads\/2024\/10\/Pr-Abou-Kane-economiste-1080x900-1.png\",\"width\":1080,\"height\":900},{\"@type\":\"WebPage\",\"@id\":\"https:\/\/www.nettali.com\/2024\/10\/15\/nouveau-referentiel-de-la-politique-economique-et-sociale-du-senegal-les-questions-les-plus-frequemment-posees\/#webpage\",\"url\":\"https:\/\/www.nettali.com\/2024\/10\/15\/nouveau-referentiel-de-la-politique-economique-et-sociale-du-senegal-les-questions-les-plus-frequemment-posees\/\",\"name\":\"Nouveau r\\u00e9f\\u00e9rentiel de la politique \\u00e9conomique et sociale du S\\u00e9n\\u00e9gal : les questions les plus fr\\u00e9quemment pos\\u00e9es | Nettali.com\",\"isPartOf\":{\"@id\":\"https:\/\/www.nettali.com\/#website\"},\"primaryImageOfPage\":{\"@id\":\"https:\/\/www.nettali.com\/2024\/10\/15\/nouveau-referentiel-de-la-politique-economique-et-sociale-du-senegal-les-questions-les-plus-frequemment-posees\/#primaryimage\"},\"datePublished\":\"2024-10-15T19:02:35+00:00\",\"dateModified\":\"2024-10-15T19:02:35+00:00\",\"author\":{\"@id\":\"https:\/\/www.nettali.com\/#\/schema\/person\/d8ac7b7e27ddad43f1c0d2ef090d7f71\"},\"breadcrumb\":{\"@id\":\"https:\/\/www.nettali.com\/2024\/10\/15\/nouveau-referentiel-de-la-politique-economique-et-sociale-du-senegal-les-questions-les-plus-frequemment-posees\/#breadcrumb\"},\"inLanguage\":\"fr-FR\",\"potentialAction\":[{\"@type\":\"ReadAction\",\"target\":[\"https:\/\/www.nettali.com\/2024\/10\/15\/nouveau-referentiel-de-la-politique-economique-et-sociale-du-senegal-les-questions-les-plus-frequemment-posees\/\"]}]},{\"@type\":\"BreadcrumbList\",\"@id\":\"https:\/\/www.nettali.com\/2024\/10\/15\/nouveau-referentiel-de-la-politique-economique-et-sociale-du-senegal-les-questions-les-plus-frequemment-posees\/#breadcrumb\",\"itemListElement\":[{\"@type\":\"ListItem\",\"position\":1,\"name\":\"Accueil\",\"item\":\"https:\/\/www.nettali.com\/\"},{\"@type\":\"ListItem\",\"position\":2,\"name\":\"Nouveau r\\u00e9f\\u00e9rentiel de la politique \\u00e9conomique et sociale du S\\u00e9n\\u00e9gal : les questions les plus fr\\u00e9quemment pos\\u00e9es\"}]},{\"@type\":\"Person\",\"@id\":\"https:\/\/www.nettali.com\/#\/schema\/person\/d8ac7b7e27ddad43f1c0d2ef090d7f71\",\"name\":\"CK\",\"image\":{\"@type\":\"ImageObject\",\"@id\":\"https:\/\/www.nettali.com\/#personlogo\",\"inLanguage\":\"fr-FR\",\"url\":\"https:\/\/secure.gravatar.com\/avatar\/1d8d5118b9327d94da7cd4ce7f17fec2?s=96&d=mm&r=g\",\"contentUrl\":\"https:\/\/secure.gravatar.com\/avatar\/1d8d5118b9327d94da7cd4ce7f17fec2?s=96&d=mm&r=g\",\"caption\":\"CK\"},\"sameAs\":[\"https:\/\/www.nettali.com\"]}]}<\/script>\n<!-- \/ Yoast SEO Premium plugin. -->","yoast_head_json":{"title":"Nouveau r\u00e9f\u00e9rentiel de la politique \u00e9conomique et sociale du S\u00e9n\u00e9gal : les questions les plus fr\u00e9quemment pos\u00e9es | Nettali.com","robots":{"index":"index","follow":"follow","max-snippet":"max-snippet:-1","max-image-preview":"max-image-preview:large","max-video-preview":"max-video-preview:-1"},"canonical":"https:\/\/www.nettali.com\/2024\/10\/15\/nouveau-referentiel-de-la-politique-economique-et-sociale-du-senegal-les-questions-les-plus-frequemment-posees\/","og_locale":"fr_FR","og_type":"article","og_title":"Nouveau r\u00e9f\u00e9rentiel de la politique \u00e9conomique et sociale du S\u00e9n\u00e9gal : les questions les plus fr\u00e9quemment pos\u00e9es","og_description":"CONTRIBUTION - Les questions les plus fr\u00e9quemment pos\u00e9es, qu\u2019on appelle FAQ en anglais (frequently asked questions) constituent une rubrique qui aide le lecteur \u00e0 comprendre en toute autonomie. Sans avoir fait partie de ceux qui ont travaill\u00e9 sur le document, je partage mon angle de lecture du nouveau r\u00e9f\u00e9rentiel. Qu\u2019est-ce qui remplace le Plan S\u00e9n\u00e9gal [&hellip;]","og_url":"https:\/\/www.nettali.com\/2024\/10\/15\/nouveau-referentiel-de-la-politique-economique-et-sociale-du-senegal-les-questions-les-plus-frequemment-posees\/","og_site_name":"Nettali.com","article_publisher":"https:\/\/www.facebook.com\/nettalicom","article_published_time":"2024-10-15T19:02:35+00:00","og_image":[{"width":1080,"height":900,"url":"https:\/\/www.nettali.com\/wp-content\/uploads\/2024\/10\/Pr-Abou-Kane-economiste-1080x900-1.png","type":"image\/png"}],"twitter_card":"summary_large_image","twitter_misc":{"\u00c9crit par":"CK","Dur\u00e9e de lecture estim\u00e9e":"2 minutes"},"schema":{"@context":"https:\/\/schema.org","@graph":[{"@type":"WebSite","@id":"https:\/\/www.nettali.com\/#website","url":"https:\/\/www.nettali.com\/","name":"Nettali.com","description":"Le rendez-vous critique du Net","potentialAction":[{"@type":"SearchAction","target":{"@type":"EntryPoint","urlTemplate":"https:\/\/www.nettali.com\/?s={search_term_string}"},"query-input":"required name=search_term_string"}],"inLanguage":"fr-FR"},{"@type":"ImageObject","@id":"https:\/\/www.nettali.com\/2024\/10\/15\/nouveau-referentiel-de-la-politique-economique-et-sociale-du-senegal-les-questions-les-plus-frequemment-posees\/#primaryimage","inLanguage":"fr-FR","url":"https:\/\/www.nettali.com\/wp-content\/uploads\/2024\/10\/Pr-Abou-Kane-economiste-1080x900-1.png","contentUrl":"https:\/\/www.nettali.com\/wp-content\/uploads\/2024\/10\/Pr-Abou-Kane-economiste-1080x900-1.png","width":1080,"height":900},{"@type":"WebPage","@id":"https:\/\/www.nettali.com\/2024\/10\/15\/nouveau-referentiel-de-la-politique-economique-et-sociale-du-senegal-les-questions-les-plus-frequemment-posees\/#webpage","url":"https:\/\/www.nettali.com\/2024\/10\/15\/nouveau-referentiel-de-la-politique-economique-et-sociale-du-senegal-les-questions-les-plus-frequemment-posees\/","name":"Nouveau r\u00e9f\u00e9rentiel de la politique \u00e9conomique et sociale du S\u00e9n\u00e9gal : les questions les plus fr\u00e9quemment pos\u00e9es | Nettali.com","isPartOf":{"@id":"https:\/\/www.nettali.com\/#website"},"primaryImageOfPage":{"@id":"https:\/\/www.nettali.com\/2024\/10\/15\/nouveau-referentiel-de-la-politique-economique-et-sociale-du-senegal-les-questions-les-plus-frequemment-posees\/#primaryimage"},"datePublished":"2024-10-15T19:02:35+00:00","dateModified":"2024-10-15T19:02:35+00:00","author":{"@id":"https:\/\/www.nettali.com\/#\/schema\/person\/d8ac7b7e27ddad43f1c0d2ef090d7f71"},"breadcrumb":{"@id":"https:\/\/www.nettali.com\/2024\/10\/15\/nouveau-referentiel-de-la-politique-economique-et-sociale-du-senegal-les-questions-les-plus-frequemment-posees\/#breadcrumb"},"inLanguage":"fr-FR","potentialAction":[{"@type":"ReadAction","target":["https:\/\/www.nettali.com\/2024\/10\/15\/nouveau-referentiel-de-la-politique-economique-et-sociale-du-senegal-les-questions-les-plus-frequemment-posees\/"]}]},{"@type":"BreadcrumbList","@id":"https:\/\/www.nettali.com\/2024\/10\/15\/nouveau-referentiel-de-la-politique-economique-et-sociale-du-senegal-les-questions-les-plus-frequemment-posees\/#breadcrumb","itemListElement":[{"@type":"ListItem","position":1,"name":"Accueil","item":"https:\/\/www.nettali.com\/"},{"@type":"ListItem","position":2,"name":"Nouveau r\u00e9f\u00e9rentiel de la politique \u00e9conomique et sociale du S\u00e9n\u00e9gal : les questions les plus fr\u00e9quemment pos\u00e9es"}]},{"@type":"Person","@id":"https:\/\/www.nettali.com\/#\/schema\/person\/d8ac7b7e27ddad43f1c0d2ef090d7f71","name":"CK","image":{"@type":"ImageObject","@id":"https:\/\/www.nettali.com\/#personlogo","inLanguage":"fr-FR","url":"https:\/\/secure.gravatar.com\/avatar\/1d8d5118b9327d94da7cd4ce7f17fec2?s=96&d=mm&r=g","contentUrl":"https:\/\/secure.gravatar.com\/avatar\/1d8d5118b9327d94da7cd4ce7f17fec2?s=96&d=mm&r=g","caption":"CK"},"sameAs":["https:\/\/www.nettali.com"]}]}},"_links":{"self":[{"href":"https:\/\/www.nettali.com\/rest\/wp\/v2\/posts\/142012"}],"collection":[{"href":"https:\/\/www.nettali.com\/rest\/wp\/v2\/posts"}],"about":[{"href":"https:\/\/www.nettali.com\/rest\/wp\/v2\/types\/post"}],"author":[{"embeddable":true,"href":"https:\/\/www.nettali.com\/rest\/wp\/v2\/users\/2"}],"replies":[{"embeddable":true,"href":"https:\/\/www.nettali.com\/rest\/wp\/v2\/comments?post=142012"}],"version-history":[{"count":1,"href":"https:\/\/www.nettali.com\/rest\/wp\/v2\/posts\/142012\/revisions"}],"predecessor-version":[{"id":142015,"href":"https:\/\/www.nettali.com\/rest\/wp\/v2\/posts\/142012\/revisions\/142015"}],"wp:featuredmedia":[{"embeddable":true,"href":"https:\/\/www.nettali.com\/rest\/wp\/v2\/media\/142014"}],"wp:attachment":[{"href":"https:\/\/www.nettali.com\/rest\/wp\/v2\/media?parent=142012"}],"wp:term":[{"taxonomy":"category","embeddable":true,"href":"https:\/\/www.nettali.com\/rest\/wp\/v2\/categories?post=142012"},{"taxonomy":"post_tag","embeddable":true,"href":"https:\/\/www.nettali.com\/rest\/wp\/v2\/tags?post=142012"}],"curies":[{"name":"wp","href":"https:\/\/api.w.org\/{rel}","templated":true}]}}