{"id":141971,"date":"2024-10-15T07:52:09","date_gmt":"2024-10-15T07:52:09","guid":{"rendered":"https:\/\/www.nettali.com\/?p=141971"},"modified":"2024-10-15T21:10:43","modified_gmt":"2024-10-15T21:10:43","slug":"en-conference-de-presse-lundi-bougane-demonte-le-projet-de-sonko","status":"publish","type":"post","link":"https:\/\/www.nettali.com\/2024\/10\/15\/en-conference-de-presse-lundi-bougane-demonte-le-projet-de-sonko\/","title":{"rendered":"EN CONF\u00c9RENCE DE PRESSE, LUNDI - Bougane d\u00e9monte le Projet de Sonko"},"content":{"rendered":"<p><strong>NETTALI.COM - Le leader du mouvement Gueum Sa Bopp a fait face \u00e0 la presse, le lundi 14 octobre, en s'attaquant au nouveau r\u00e9f\u00e9rentiel S\u00e9n\u00e9gal Vision 2050 du gouvernement Sonko. Selon Bougane Gu\u00e8ye Dany, le document d'une vingtaine de pages n'est qu\u2019un \u201ccocktail d\u2019esbroufe, de r\u00e9chauff\u00e9 et de plagiat\u201d.<\/strong><\/p>\n<p>L'homme politique, par ailleurs homme d\u2019affaires, s'est donn\u00e9 \u00e0 coeur joie pour d\u00e9monter pi\u00e8ce par pi\u00e8ce le r\u00e9f\u00e9rentiel pr\u00e9sent\u00e9 au Centre international de conf\u00e9rences Abdou Diouf (Cicad) hier par le pr\u00e9sident de la R\u00e9publique Bassirou Diomaye Faye et le Premier ministre Ousmane Sonko. \u201c<em>Le premier constat, sur la forme, c\u2019est d\u2019abord la continuit\u00e9 manifeste entre S\u00e9n\u00e9gal Vision 2050 et le Plan S\u00e9n\u00e9gal \u00e9mergent (PSE). Ce sont les hommes du PSE, les documents du PSE et l\u2019approche du PSE. Les m\u00eames documents \u00e9labor\u00e9s sous le PSE \u2013 cf. Anat, cf. strat\u00e9gie nationale de d\u00e9veloppement du secteur priv\u00e9 (SNDSP) qui ont \u00e9t\u00e9 plagi\u00e9s et recopi\u00e9s tels quels. Rien n\u2019a chang\u00e9, m\u00eame les d\u00e9clinaisons quinquennales et d\u00e9cennales<\/em>\u201d, assure Bougane Gu\u00e8ye Dany.<\/p>\n<p>\u201c<em>L\u2019heure n\u2019est pas \u00e0 la rigolade, le moment est grave. Non seulement notre cher pays est entre des mains \u20183I\u2019 inexpertes, incomp\u00e9tentes et irr\u00e9fl\u00e9chies. La vision de l\u2019\u00c9tat \u2018pastefensis\u2019, qui vient d\u2019\u00eatre pr\u00e9sent\u00e9e aux militants, est le produit d\u2019un parti politique et non des S\u00e9n\u00e9galais<\/em>\u201d, a analys\u00e9 le leader de Gueum Sa Bopp.<\/p>\n<p>Selon le candidat de la liste Samm sa Kaddu pour les prochaines l\u00e9gislatives, la vision d\u00e9clin\u00e9e ce lundi, \u201c<em>n\u2019en est pas une, juste une litanie de voeux pieux sans colonne vert\u00e9brale, avec surtout aucun engagement clairement identifi\u00e9 sur les \u00e9tapes cl\u00e9s<\/em>\u201d.<\/p>\n<p>Lors de son grand oral, Bougane a \u00e9galement fustig\u00e9 l'utilisation future des moyens qui seront d\u00e9caiss\u00e9s afin de mat\u00e9rialiser la vision. Pour lui, cette approche manque de pertinence. Il s'explique : \u201c<em>La strat\u00e9gie nationale 2025-2029 pr\u00e9voit un financement d\u2019environ 18 000 milliards F CFA, avec 6 000 milliards r\u00e9serv\u00e9s au secteur priv\u00e9 national, pas s\u00e9n\u00e9galais. Sur ces engagements, on r\u00e9serve au secteur primaire, c\u2019est-\u00e0-dire agriculture, \u00e9levage et p\u00eache, qui emploie pr\u00e8s de 70 % des S\u00e9n\u00e9galais, mais ne contribue qu\u2019\u00e0 hauteur de 15 % du PIB, 10 %, soit 1 800 milliards.<\/em>\u201d<\/p>\n<p>\u00c0 en croire M. Bougane, entour\u00e9 de ses partisans ce lundi face \u00e0 la presse, le document en question constitue pour le PM Ousmane Sonko un pr\u00e9texte pour \u00e9luder l'\u00e9preuve \u201cfatidique\u201d de la d\u00e9claration de politique g\u00e9n\u00e9rale. \u201c<em>L\u2019histoire retiendra que le Projet de Pastef n\u2019a jamais exist\u00e9 et que le Premier ministre est entr\u00e9 dans le livre Guinness en qualit\u00e9 de seul Premier ministre incapable de produire une d\u00e9claration de politique g\u00e9n\u00e9rale et de coordonner l\u2019\u00e9laboration d\u2019une strat\u00e9gie nationale de d\u00e9veloppement. C\u2019est sa strat\u00e9gie et pas celle du S\u00e9n\u00e9gal. Il n\u2019a ni m\u00e9thode et ignore royalement les approches, standards, principes et r\u00e8gles de planification strat\u00e9gique et d\u2019\u00e9laboration des politiques publiques<\/em>\u201d, a-t-il dit.<\/p>\n<p>Bougane Gu\u00e8ye s'est aussi attard\u00e9 sur \u201c<em>la fin des subventions dans le secteur de l'\u00e9nergie<\/em>\u201d.<\/p>\n<p>In fine, un peu plus tendre, Bougane Gu\u00e8ye Dany a donn\u00e9 rendez-vous \u00e0 ses challengers aux prochaines \u00e9lections l\u00e9gislatives. Le leader de Gueum Sa Bopp est persuad\u00e9 que les sanctions vont tomber sur le nouveau r\u00e9gime, au soir du 17 novembre.<\/p>\n<p>\u201c<em>Apr\u00e8s sept mois d\u2019attente, apr\u00e8s avoir repouss\u00e9 maintes fois ce rendez-vous \u00f4 combien important avec le peuple s\u00e9n\u00e9galais, apr\u00e8s avoir fui l\u2019Assembl\u00e9e nationale pour ne pas faire sa DPG, vous avez certes r\u00e9ussi \u00e0 \u00e9viter la motion de censure. Mais vous n\u2019\u00e9chapperez pas \u00e0 la sanction populaire du 17 novembre prochain<\/em>\u201d.<\/p>\n<div class='share-to-whatsapp-wrapper'><div class='share-on-whsp'>PARTAGER SUR : <\/div><a data-text='EN CONF\u00c9RENCE DE PRESSE, LUNDI - Bougane d\u00e9monte le Projet de Sonko' data-link='https:\/\/www.nettali.com\/2024\/10\/15\/en-conference-de-presse-lundi-bougane-demonte-le-projet-de-sonko\/' class='whatsapp-button whatsapp-share'>WhatsApp<\/a><div class='clear '><\/div><\/div>","protected":false},"excerpt":{"rendered":"<p>NETTALI.COM - Le leader du mouvement Gueum Sa Bopp a fait face \u00e0 la presse, le lundi 14 octobre, en s'attaquant au nouveau r\u00e9f\u00e9rentiel S\u00e9n\u00e9gal Vision 2050 du gouvernement Sonko. Selon Bougane Gu\u00e8ye Dany, le document d'une vingtaine de pages n'est qu\u2019un \u201ccocktail d\u2019esbroufe, de r\u00e9chauff\u00e9 et de plagiat\u201d. L'homme politique, par ailleurs homme d\u2019affaires, [&hellip;]<\/p>\n","protected":false},"author":2,"featured_media":141972,"comment_status":"open","ping_status":"open","sticky":false,"template":"","format":"standard","meta":{"_et_pb_use_builder":"","_et_pb_old_content":""},"categories":[2],"tags":[],"yoast_head":"<!-- This site is optimized with the Yoast SEO Premium plugin v17.8 (Yoast SEO v17.8) - https:\/\/yoast.com\/wordpress\/plugins\/seo\/ -->\n<title>EN CONF\u00c9RENCE DE PRESSE, LUNDI - Bougane d\u00e9monte le Projet de Sonko | Nettali.com<\/title>\n<meta name=\"robots\" content=\"index, follow, max-snippet:-1, max-image-preview:large, max-video-preview:-1\" \/>\n<link rel=\"canonical\" href=\"https:\/\/www.nettali.com\/2024\/10\/15\/en-conference-de-presse-lundi-bougane-demonte-le-projet-de-sonko\/\" \/>\n<meta property=\"og:locale\" content=\"fr_FR\" \/>\n<meta property=\"og:type\" content=\"article\" \/>\n<meta property=\"og:title\" content=\"EN CONF\u00c9RENCE DE PRESSE, LUNDI - Bougane d\u00e9monte le Projet de Sonko\" \/>\n<meta property=\"og:description\" content=\"NETTALI.COM - Le leader du mouvement Gueum Sa Bopp a fait face \u00e0 la presse, le lundi 14 octobre, en s&#039;attaquant au nouveau r\u00e9f\u00e9rentiel S\u00e9n\u00e9gal Vision 2050 du gouvernement Sonko. Selon Bougane Gu\u00e8ye Dany, le document d&#039;une vingtaine de pages n&#039;est qu\u2019un \u201ccocktail d\u2019esbroufe, de r\u00e9chauff\u00e9 et de plagiat\u201d. L&#039;homme politique, par ailleurs homme d\u2019affaires, [&hellip;]\" \/>\n<meta property=\"og:url\" content=\"https:\/\/www.nettali.com\/2024\/10\/15\/en-conference-de-presse-lundi-bougane-demonte-le-projet-de-sonko\/\" \/>\n<meta property=\"og:site_name\" content=\"Nettali.com\" \/>\n<meta property=\"article:publisher\" content=\"https:\/\/www.facebook.com\/nettalicom\" \/>\n<meta property=\"article:published_time\" content=\"2024-10-15T07:52:09+00:00\" \/>\n<meta property=\"article:modified_time\" content=\"2024-10-15T21:10:43+00:00\" \/>\n<meta property=\"og:image\" content=\"https:\/\/www.nettali.com\/wp-content\/uploads\/2024\/10\/hqdefault.jpg\" \/>\n\t<meta property=\"og:image:width\" content=\"480\" \/>\n\t<meta property=\"og:image:height\" content=\"360\" \/>\n<meta name=\"twitter:card\" content=\"summary_large_image\" \/>\n<meta name=\"twitter:label1\" content=\"\u00c9crit par\" \/>\n\t<meta name=\"twitter:data1\" content=\"CK\" \/>\n\t<meta name=\"twitter:label2\" content=\"Dur\u00e9e de lecture estim\u00e9e\" \/>\n\t<meta name=\"twitter:data2\" content=\"3 minutes\" \/>\n<script type=\"application\/ld+json\" class=\"yoast-schema-graph\">{\"@context\":\"https:\/\/schema.org\",\"@graph\":[{\"@type\":\"WebSite\",\"@id\":\"https:\/\/www.nettali.com\/#website\",\"url\":\"https:\/\/www.nettali.com\/\",\"name\":\"Nettali.com\",\"description\":\"Le rendez-vous critique du Net\",\"potentialAction\":[{\"@type\":\"SearchAction\",\"target\":{\"@type\":\"EntryPoint\",\"urlTemplate\":\"https:\/\/www.nettali.com\/?s={search_term_string}\"},\"query-input\":\"required name=search_term_string\"}],\"inLanguage\":\"fr-FR\"},{\"@type\":\"ImageObject\",\"@id\":\"https:\/\/www.nettali.com\/2024\/10\/15\/en-conference-de-presse-lundi-bougane-demonte-le-projet-de-sonko\/#primaryimage\",\"inLanguage\":\"fr-FR\",\"url\":\"https:\/\/www.nettali.com\/wp-content\/uploads\/2024\/10\/hqdefault.jpg\",\"contentUrl\":\"https:\/\/www.nettali.com\/wp-content\/uploads\/2024\/10\/hqdefault.jpg\",\"width\":480,\"height\":360},{\"@type\":\"WebPage\",\"@id\":\"https:\/\/www.nettali.com\/2024\/10\/15\/en-conference-de-presse-lundi-bougane-demonte-le-projet-de-sonko\/#webpage\",\"url\":\"https:\/\/www.nettali.com\/2024\/10\/15\/en-conference-de-presse-lundi-bougane-demonte-le-projet-de-sonko\/\",\"name\":\"EN CONF\\u00c9RENCE DE PRESSE, LUNDI - Bougane d\\u00e9monte le Projet de Sonko | Nettali.com\",\"isPartOf\":{\"@id\":\"https:\/\/www.nettali.com\/#website\"},\"primaryImageOfPage\":{\"@id\":\"https:\/\/www.nettali.com\/2024\/10\/15\/en-conference-de-presse-lundi-bougane-demonte-le-projet-de-sonko\/#primaryimage\"},\"datePublished\":\"2024-10-15T07:52:09+00:00\",\"dateModified\":\"2024-10-15T21:10:43+00:00\",\"author\":{\"@id\":\"https:\/\/www.nettali.com\/#\/schema\/person\/d8ac7b7e27ddad43f1c0d2ef090d7f71\"},\"breadcrumb\":{\"@id\":\"https:\/\/www.nettali.com\/2024\/10\/15\/en-conference-de-presse-lundi-bougane-demonte-le-projet-de-sonko\/#breadcrumb\"},\"inLanguage\":\"fr-FR\",\"potentialAction\":[{\"@type\":\"ReadAction\",\"target\":[\"https:\/\/www.nettali.com\/2024\/10\/15\/en-conference-de-presse-lundi-bougane-demonte-le-projet-de-sonko\/\"]}]},{\"@type\":\"BreadcrumbList\",\"@id\":\"https:\/\/www.nettali.com\/2024\/10\/15\/en-conference-de-presse-lundi-bougane-demonte-le-projet-de-sonko\/#breadcrumb\",\"itemListElement\":[{\"@type\":\"ListItem\",\"position\":1,\"name\":\"Accueil\",\"item\":\"https:\/\/www.nettali.com\/\"},{\"@type\":\"ListItem\",\"position\":2,\"name\":\"EN CONF\\u00c9RENCE DE PRESSE, LUNDI - Bougane d\\u00e9monte le Projet de Sonko\"}]},{\"@type\":\"Person\",\"@id\":\"https:\/\/www.nettali.com\/#\/schema\/person\/d8ac7b7e27ddad43f1c0d2ef090d7f71\",\"name\":\"CK\",\"image\":{\"@type\":\"ImageObject\",\"@id\":\"https:\/\/www.nettali.com\/#personlogo\",\"inLanguage\":\"fr-FR\",\"url\":\"https:\/\/secure.gravatar.com\/avatar\/1d8d5118b9327d94da7cd4ce7f17fec2?s=96&d=mm&r=g\",\"contentUrl\":\"https:\/\/secure.gravatar.com\/avatar\/1d8d5118b9327d94da7cd4ce7f17fec2?s=96&d=mm&r=g\",\"caption\":\"CK\"},\"sameAs\":[\"https:\/\/www.nettali.com\"]}]}<\/script>\n<!-- \/ Yoast SEO Premium plugin. -->","yoast_head_json":{"title":"EN CONF\u00c9RENCE DE PRESSE, LUNDI - Bougane d\u00e9monte le Projet de Sonko | Nettali.com","robots":{"index":"index","follow":"follow","max-snippet":"max-snippet:-1","max-image-preview":"max-image-preview:large","max-video-preview":"max-video-preview:-1"},"canonical":"https:\/\/www.nettali.com\/2024\/10\/15\/en-conference-de-presse-lundi-bougane-demonte-le-projet-de-sonko\/","og_locale":"fr_FR","og_type":"article","og_title":"EN CONF\u00c9RENCE DE PRESSE, LUNDI - Bougane d\u00e9monte le Projet de Sonko","og_description":"NETTALI.COM - Le leader du mouvement Gueum Sa Bopp a fait face \u00e0 la presse, le lundi 14 octobre, en s'attaquant au nouveau r\u00e9f\u00e9rentiel S\u00e9n\u00e9gal Vision 2050 du gouvernement Sonko. Selon Bougane Gu\u00e8ye Dany, le document d'une vingtaine de pages n'est qu\u2019un \u201ccocktail d\u2019esbroufe, de r\u00e9chauff\u00e9 et de plagiat\u201d. L'homme politique, par ailleurs homme d\u2019affaires, [&hellip;]","og_url":"https:\/\/www.nettali.com\/2024\/10\/15\/en-conference-de-presse-lundi-bougane-demonte-le-projet-de-sonko\/","og_site_name":"Nettali.com","article_publisher":"https:\/\/www.facebook.com\/nettalicom","article_published_time":"2024-10-15T07:52:09+00:00","article_modified_time":"2024-10-15T21:10:43+00:00","og_image":[{"width":480,"height":360,"url":"https:\/\/www.nettali.com\/wp-content\/uploads\/2024\/10\/hqdefault.jpg","type":"image\/jpeg"}],"twitter_card":"summary_large_image","twitter_misc":{"\u00c9crit par":"CK","Dur\u00e9e de lecture estim\u00e9e":"3 minutes"},"schema":{"@context":"https:\/\/schema.org","@graph":[{"@type":"WebSite","@id":"https:\/\/www.nettali.com\/#website","url":"https:\/\/www.nettali.com\/","name":"Nettali.com","description":"Le rendez-vous critique du Net","potentialAction":[{"@type":"SearchAction","target":{"@type":"EntryPoint","urlTemplate":"https:\/\/www.nettali.com\/?s={search_term_string}"},"query-input":"required name=search_term_string"}],"inLanguage":"fr-FR"},{"@type":"ImageObject","@id":"https:\/\/www.nettali.com\/2024\/10\/15\/en-conference-de-presse-lundi-bougane-demonte-le-projet-de-sonko\/#primaryimage","inLanguage":"fr-FR","url":"https:\/\/www.nettali.com\/wp-content\/uploads\/2024\/10\/hqdefault.jpg","contentUrl":"https:\/\/www.nettali.com\/wp-content\/uploads\/2024\/10\/hqdefault.jpg","width":480,"height":360},{"@type":"WebPage","@id":"https:\/\/www.nettali.com\/2024\/10\/15\/en-conference-de-presse-lundi-bougane-demonte-le-projet-de-sonko\/#webpage","url":"https:\/\/www.nettali.com\/2024\/10\/15\/en-conference-de-presse-lundi-bougane-demonte-le-projet-de-sonko\/","name":"EN CONF\u00c9RENCE DE PRESSE, LUNDI - Bougane d\u00e9monte le Projet de Sonko | Nettali.com","isPartOf":{"@id":"https:\/\/www.nettali.com\/#website"},"primaryImageOfPage":{"@id":"https:\/\/www.nettali.com\/2024\/10\/15\/en-conference-de-presse-lundi-bougane-demonte-le-projet-de-sonko\/#primaryimage"},"datePublished":"2024-10-15T07:52:09+00:00","dateModified":"2024-10-15T21:10:43+00:00","author":{"@id":"https:\/\/www.nettali.com\/#\/schema\/person\/d8ac7b7e27ddad43f1c0d2ef090d7f71"},"breadcrumb":{"@id":"https:\/\/www.nettali.com\/2024\/10\/15\/en-conference-de-presse-lundi-bougane-demonte-le-projet-de-sonko\/#breadcrumb"},"inLanguage":"fr-FR","potentialAction":[{"@type":"ReadAction","target":["https:\/\/www.nettali.com\/2024\/10\/15\/en-conference-de-presse-lundi-bougane-demonte-le-projet-de-sonko\/"]}]},{"@type":"BreadcrumbList","@id":"https:\/\/www.nettali.com\/2024\/10\/15\/en-conference-de-presse-lundi-bougane-demonte-le-projet-de-sonko\/#breadcrumb","itemListElement":[{"@type":"ListItem","position":1,"name":"Accueil","item":"https:\/\/www.nettali.com\/"},{"@type":"ListItem","position":2,"name":"EN CONF\u00c9RENCE DE PRESSE, LUNDI - Bougane d\u00e9monte le Projet de Sonko"}]},{"@type":"Person","@id":"https:\/\/www.nettali.com\/#\/schema\/person\/d8ac7b7e27ddad43f1c0d2ef090d7f71","name":"CK","image":{"@type":"ImageObject","@id":"https:\/\/www.nettali.com\/#personlogo","inLanguage":"fr-FR","url":"https:\/\/secure.gravatar.com\/avatar\/1d8d5118b9327d94da7cd4ce7f17fec2?s=96&d=mm&r=g","contentUrl":"https:\/\/secure.gravatar.com\/avatar\/1d8d5118b9327d94da7cd4ce7f17fec2?s=96&d=mm&r=g","caption":"CK"},"sameAs":["https:\/\/www.nettali.com"]}]}},"_links":{"self":[{"href":"https:\/\/www.nettali.com\/rest\/wp\/v2\/posts\/141971"}],"collection":[{"href":"https:\/\/www.nettali.com\/rest\/wp\/v2\/posts"}],"about":[{"href":"https:\/\/www.nettali.com\/rest\/wp\/v2\/types\/post"}],"author":[{"embeddable":true,"href":"https:\/\/www.nettali.com\/rest\/wp\/v2\/users\/2"}],"replies":[{"embeddable":true,"href":"https:\/\/www.nettali.com\/rest\/wp\/v2\/comments?post=141971"}],"version-history":[{"count":1,"href":"https:\/\/www.nettali.com\/rest\/wp\/v2\/posts\/141971\/revisions"}],"predecessor-version":[{"id":141973,"href":"https:\/\/www.nettali.com\/rest\/wp\/v2\/posts\/141971\/revisions\/141973"}],"wp:featuredmedia":[{"embeddable":true,"href":"https:\/\/www.nettali.com\/rest\/wp\/v2\/media\/141972"}],"wp:attachment":[{"href":"https:\/\/www.nettali.com\/rest\/wp\/v2\/media?parent=141971"}],"wp:term":[{"taxonomy":"category","embeddable":true,"href":"https:\/\/www.nettali.com\/rest\/wp\/v2\/categories?post=141971"},{"taxonomy":"post_tag","embeddable":true,"href":"https:\/\/www.nettali.com\/rest\/wp\/v2\/tags?post=141971"}],"curies":[{"name":"wp","href":"https:\/\/api.w.org\/{rel}","templated":true}]}}