{"id":141969,"date":"2024-10-15T07:43:46","date_gmt":"2024-10-15T07:43:46","guid":{"rendered":"https:\/\/www.nettali.com\/?p=141969"},"modified":"2024-10-17T07:02:45","modified_gmt":"2024-10-17T07:02:45","slug":"le-projet-senegal-2050-lopposition-et-la-societe-civile-entre-critiques-et-doutes","status":"publish","type":"post","link":"https:\/\/www.nettali.com\/2024\/10\/15\/le-projet-senegal-2050-lopposition-et-la-societe-civile-entre-critiques-et-doutes\/","title":{"rendered":"LE PROJET S\u00c9N\u00c9GAL 2050 - L\u2019opposition et la soci\u00e9t\u00e9 civile entre critiques et doutes"},"content":{"rendered":"<p><strong>NETTALI.COM - Le 14 octobre 2024, le pr\u00e9sident s\u00e9n\u00e9galais Bassirou Diomaye Faye a officiellement lanc\u00e9 le R\u00e9f\u00e9rentiel S\u00e9n\u00e9gal 2050, un plan de transformation \u00e9conomique et politique pour les 25 prochaines ann\u00e9es. Pr\u00e9sent\u00e9 comme un tournant d\u00e9cisif dans la trajectoire du d\u00e9veloppement du pays, ce projet vise \u00e0 b\u00e2tir un S\u00e9n\u00e9gal plus souverain, \u00e9quitable et prosp\u00e8re, avec un accent particulier sur la jeunesse, la lutte contre la corruption, la r\u00e9forme des institutions et la coop\u00e9ration panafricaine. Toutefois, ce plan audacieux n\u2019a pas tard\u00e9 \u00e0 susciter des r\u00e9actions mitig\u00e9es, tant de la part de l\u2019opposition politique que d\u2019une partie de la soci\u00e9t\u00e9 civile.<\/strong><\/p>\n<p>Lors du lancement du R\u00e9f\u00e9rentiel S\u00e9n\u00e9gal 2050 au Centre international de conf\u00e9rences Abdou Diouf de Diamniadio, le pr\u00e9sident Bassirou Diomaye Faye a soulign\u00e9 que S\u00e9n\u00e9gal 2050 sera le pilier fondamental du d\u00e9veloppement futur du pays. L\u2019un des points forts de son discours est l'importance qu'il accorde \u00e0 la jeunesse s\u00e9n\u00e9galaise, qu'il consid\u00e8re comme le moteur de cette transformation. \u201c<em>Le S\u00e9n\u00e9gal de 2050 sera port\u00e9 par une jeunesse comp\u00e9tente, dynamique et pr\u00e9par\u00e9e \u00e0 r\u00e9pondre aux d\u00e9fis du monde moderne<\/em>\u201d, a d\u00e9clar\u00e9 le chef de l\u2019\u00c9tat.<\/p>\n<p>Selon lui, une jeunesse bien form\u00e9e et engag\u00e9e est essentielle pour moderniser le pays et en assurer la prosp\u00e9rit\u00e9 \u00e0 long terme.<\/p>\n<p>Outre l'accent mis sur la jeunesse, Diomaye Faye a \u00e9voqu\u00e9 la n\u00e9cessit\u00e9 de repenser les institutions s\u00e9n\u00e9galaises afin de les adapter aux aspirations de la population. La refonte institutionnelle vise \u00e0 instaurer une administration plus efficace, capable de soutenir les ambitions de d\u00e9veloppement du pays. La lutte contre la corruption a \u00e9galement \u00e9t\u00e9 pr\u00e9sent\u00e9e comme une priorit\u00e9 absolue. \u201c<em>Nous combattrons fermement la corruption et nous r\u00e9formerons l\u2019Administration pour en faire un levier puissant au service du d\u00e9veloppement<\/em>\u201d, a-t-il annonc\u00e9.<\/p>\n<p>Enfin, le pr\u00e9sident a r\u00e9it\u00e9r\u00e9 l'engagement panafricain du S\u00e9n\u00e9gal, insistant sur la coop\u00e9ration avec les pays africains dans une optique de solidarit\u00e9 r\u00e9gionale et continentale. Cette vision s\u2019inscrit dans un cadre o\u00f9 le S\u00e9n\u00e9gal ambitionne de jouer un r\u00f4le cl\u00e9 dans l\u2019int\u00e9gration africaine tout en promouvant la souverainet\u00e9 nationale.<\/p>\n<p><strong>Sonko : \u201cUne nouvelle trajectoire pour le S\u00e9n\u00e9gal.\u201d<\/strong><\/p>\n<p>Le Premier ministre Ousmane Sonko a, quant \u00e0 lui, pr\u00e9sent\u00e9 S\u00e9n\u00e9gal 2050 comme une rupture avec les approches politiques et \u00e9conomiques du pass\u00e9. Pour M. Sonko, ce plan repr\u00e9sente une r\u00e9ponse aux erreurs des gouvernements pr\u00e9c\u00e9dents, souvent accus\u00e9s de prioriser des objectifs \u00e0 court terme. Il a promis que ce programme offrira une vision \u00e0 long terme, pla\u00e7ant le capital humain et l'\u00e9quit\u00e9 sociale au coeur du d\u00e9veloppement.<\/p>\n<p>Selon Sonko, la mise en oeuvre de ce document strat\u00e9gique est le fruit d'une d\u00e9cennie de lutte politique, marquant ainsi une nouvelle \u00e8re pour le S\u00e9n\u00e9gal. Il a mis en avant l'implication d\u2019experts locaux dans la conception du projet, affirmant que cela refl\u00e8te l\u2019engagement des autorit\u00e9s \u00e0 promouvoir les comp\u00e9tences locales. Il a \u00e9galement soulign\u00e9 que ce plan ne se limite pas \u00e0 des r\u00e9formes institutionnelles, mais inclut aussi la transformation agricole, l'industrialisation et la souverainet\u00e9 alimentaire pour garantir un d\u00e9veloppement inclusif et durable.<\/p>\n<p><strong>Amadou Ba demande \u201cune critique constructive de l\u2019opposition\u201d<\/strong><\/p>\n<p>Dans ce contexte de r\u00e9formes ambitieuses, l'opposition s\u00e9n\u00e9galaise doit \u00eatre au rendez-vous, selon Amadou Ba, d\u00e9put\u00e9 du parti Pastef. Il a appel\u00e9 \u00e0 une critique scientifique du R\u00e9f\u00e9rentiel S\u00e9n\u00e9gal 2050. Selon lui, la critique doit porter sur les aspects techniques et strat\u00e9giques du plan, plut\u00f4t que sur des consid\u00e9rations superflues. \u201c<em>Nous esp\u00e9rons que les pol\u00e9miques sur le sac \u00e0 main, le tapis rouge et la couleur des costumes seront d\u00e9finitivement bannies du d\u00e9bat public<\/em>\u201d, a-t-il d\u00e9clar\u00e9.<\/p>\n<p>Monsieur Ba souligne qu\u2019une \u00e9valuation comparative avec les pr\u00e9c\u00e9dents plans, notamment le Plan S\u00e9n\u00e9gal \u00e9mergent (PSE), est n\u00e9cessaire pour mieux comprendre les paradigmes distincts entre les deux projets.<\/p>\n<p><strong>Bougane Gu\u00e8ye Dany : \u201cUn t\u00e2tonnement inqui\u00e9tant.\u201d<\/strong><\/p>\n<p>Cependant, tous ne partagent pas cet optimisme. Le leader de l'opposition, Bougane Gu\u00e8ye Dany, pr\u00e9sident du mouvement Guem Sa Bopp, a exprim\u00e9 des r\u00e9serves importantes \u00e0 l'\u00e9gard de l'Agenda S\u00e9n\u00e9gal 2050.<\/p>\n<p>Selon lui, le plan manque de clart\u00e9 et repose sur des bases fragiles. Bougane a notamment remis en question la fiabilit\u00e9 des donn\u00e9es \u00e9conomiques utilis\u00e9es pour \u00e9laborer ce plan, laissant entendre que le gouvernement s\u2019appuierait sur des chiffres non confirm\u00e9s par la Cour des comptes. \u201c<em>Je reste sur ma faim. Je ne vois toujours pas de nouveaut\u00e9s par rapport \u00e0 ce qui \u00e9tait propos\u00e9 par l\u2019ancien r\u00e9gime<\/em>\u201d, a-t-il d\u00e9plor\u00e9.<\/p>\n<p><strong>Thierno Alassane Sall : \u201cUn plan d\u00e9connect\u00e9 de la r\u00e9alit\u00e9.\u201d <\/strong><\/p>\n<p>Pour Thierno Alassane Sall, ancien ministre et critique acerbe du gouvernement, S\u00e9n\u00e9gal 2050 est d\u00e9connect\u00e9 des r\u00e9alit\u00e9s quotidiennes des S\u00e9n\u00e9galais. Dans un contexte o\u00f9 la population souffre de la hausse des prix et de l\u2019inflation, il d\u00e9nonce un projet qui promet des r\u00e9sultats \u00e0 long terme sans proposer des solutions imm\u00e9diates. \u201c<em>Diomaye et Sonko demandent aux S\u00e9n\u00e9galais de patienter encore 25 ans, alors que les m\u00e9nages peinent \u00e0 joindre les deux bouts<\/em>\u201d, a-t-il affirm\u00e9.<\/p>\n<p>Selon lui, le gouvernement se concentre sur des promesses de prosp\u00e9rit\u00e9 future sans aborder la n\u00e9cessit\u00e9 de soulager les souffrances actuelles des citoyens.<\/p>\n<p><strong>\u00c9limane Kane : \u201cUne d\u00e9marche non participative.\u201d<\/strong><\/p>\n<p>La critique la plus vive est venue d'\u00c9limane Kane, membre de l\u2019ONG Legs Africa. Pour lui, le plus grand probl\u00e8me avec l'Agenda S\u00e9n\u00e9gal 2050 est l\u2019absence d\u2019implication de la soci\u00e9t\u00e9 civile dans sa conception. Il regrette que ce projet ait \u00e9t\u00e9 \u00e9labor\u00e9 sans consultation des principaux acteurs sociaux, qui auraient pu contribuer \u00e0 une meilleure d\u00e9finition des priorit\u00e9s. \u201c<em>La soci\u00e9t\u00e9 civile n\u2019a pas \u00e9t\u00e9 consult\u00e9e, alors qu\u2019elle est essentielle pour la r\u00e9ussite d\u2019un projet d\u2019une telle envergure<\/em>\u201d, a-t-il d\u00e9clar\u00e9.<\/p>\n<p>S\u00e9n\u00e9gal 2050 est un projet ambitieux qui promet de transformer le pays sur les 25 prochaines ann\u00e9es. Si les objectifs affich\u00e9s sont prometteurs, notamment en ce qui concerne la souverainet\u00e9 \u00e9conomique, la lutte contre la corruption et la modernisation des institutions, il reste des d\u00e9fis majeurs \u00e0 surmonter. L\u2019opposition politique et la soci\u00e9t\u00e9 civile appellent \u00e0 plus de clart\u00e9, de transparence et \u00e0 une implication accrue des diff\u00e9rents acteurs du pays. Le succ\u00e8s de ce r\u00e9f\u00e9rentiel d\u00e9pendra de la capacit\u00e9 du gouvernement \u00e0 mobiliser non seulement des ressources financi\u00e8res, mais aussi la confiance et la participation active de la population<\/p>\n<div class='share-to-whatsapp-wrapper'><div class='share-on-whsp'>PARTAGER SUR : <\/div><a data-text='LE PROJET S\u00c9N\u00c9GAL 2050 - L\u2019opposition et la soci\u00e9t\u00e9 civile entre critiques et doutes' data-link='https:\/\/www.nettali.com\/2024\/10\/15\/le-projet-senegal-2050-lopposition-et-la-societe-civile-entre-critiques-et-doutes\/' class='whatsapp-button whatsapp-share'>WhatsApp<\/a><div class='clear '><\/div><\/div>","protected":false},"excerpt":{"rendered":"<p>NETTALI.COM - Le 14 octobre 2024, le pr\u00e9sident s\u00e9n\u00e9galais Bassirou Diomaye Faye a officiellement lanc\u00e9 le R\u00e9f\u00e9rentiel S\u00e9n\u00e9gal 2050, un plan de transformation \u00e9conomique et politique pour les 25 prochaines ann\u00e9es. Pr\u00e9sent\u00e9 comme un tournant d\u00e9cisif dans la trajectoire du d\u00e9veloppement du pays, ce projet vise \u00e0 b\u00e2tir un S\u00e9n\u00e9gal plus souverain, \u00e9quitable et prosp\u00e8re, [&hellip;]<\/p>\n","protected":false},"author":2,"featured_media":141923,"comment_status":"open","ping_status":"open","sticky":false,"template":"","format":"standard","meta":{"_et_pb_use_builder":"","_et_pb_old_content":""},"categories":[2],"tags":[],"yoast_head":"<!-- This site is optimized with the Yoast SEO Premium plugin v17.8 (Yoast SEO v17.8) - https:\/\/yoast.com\/wordpress\/plugins\/seo\/ -->\n<title>LE PROJET S\u00c9N\u00c9GAL 2050 - L\u2019opposition et la soci\u00e9t\u00e9 civile entre critiques et doutes | Nettali.com<\/title>\n<meta name=\"robots\" content=\"index, follow, max-snippet:-1, max-image-preview:large, max-video-preview:-1\" \/>\n<link rel=\"canonical\" href=\"https:\/\/www.nettali.com\/2024\/10\/15\/le-projet-senegal-2050-lopposition-et-la-societe-civile-entre-critiques-et-doutes\/\" \/>\n<meta property=\"og:locale\" content=\"fr_FR\" \/>\n<meta property=\"og:type\" content=\"article\" \/>\n<meta property=\"og:title\" content=\"LE PROJET S\u00c9N\u00c9GAL 2050 - L\u2019opposition et la soci\u00e9t\u00e9 civile entre critiques et doutes\" \/>\n<meta property=\"og:description\" content=\"NETTALI.COM - Le 14 octobre 2024, le pr\u00e9sident s\u00e9n\u00e9galais Bassirou Diomaye Faye a officiellement lanc\u00e9 le R\u00e9f\u00e9rentiel S\u00e9n\u00e9gal 2050, un plan de transformation \u00e9conomique et politique pour les 25 prochaines ann\u00e9es. Pr\u00e9sent\u00e9 comme un tournant d\u00e9cisif dans la trajectoire du d\u00e9veloppement du pays, ce projet vise \u00e0 b\u00e2tir un S\u00e9n\u00e9gal plus souverain, \u00e9quitable et prosp\u00e8re, [&hellip;]\" \/>\n<meta property=\"og:url\" content=\"https:\/\/www.nettali.com\/2024\/10\/15\/le-projet-senegal-2050-lopposition-et-la-societe-civile-entre-critiques-et-doutes\/\" \/>\n<meta property=\"og:site_name\" content=\"Nettali.com\" \/>\n<meta property=\"article:publisher\" content=\"https:\/\/www.facebook.com\/nettalicom\" \/>\n<meta property=\"article:published_time\" content=\"2024-10-15T07:43:46+00:00\" \/>\n<meta property=\"article:modified_time\" content=\"2024-10-17T07:02:45+00:00\" \/>\n<meta property=\"og:image\" content=\"https:\/\/www.nettali.com\/wp-content\/uploads\/2024\/10\/Sonko-Diomaye.jpg\" \/>\n\t<meta property=\"og:image:width\" content=\"1280\" \/>\n\t<meta property=\"og:image:height\" content=\"853\" \/>\n<meta name=\"twitter:card\" content=\"summary_large_image\" \/>\n<meta name=\"twitter:label1\" content=\"\u00c9crit par\" \/>\n\t<meta name=\"twitter:data1\" content=\"CK\" \/>\n\t<meta name=\"twitter:label2\" content=\"Dur\u00e9e de lecture estim\u00e9e\" \/>\n\t<meta name=\"twitter:data2\" content=\"6 minutes\" \/>\n<script type=\"application\/ld+json\" class=\"yoast-schema-graph\">{\"@context\":\"https:\/\/schema.org\",\"@graph\":[{\"@type\":\"WebSite\",\"@id\":\"https:\/\/www.nettali.com\/#website\",\"url\":\"https:\/\/www.nettali.com\/\",\"name\":\"Nettali.com\",\"description\":\"Le rendez-vous critique du Net\",\"potentialAction\":[{\"@type\":\"SearchAction\",\"target\":{\"@type\":\"EntryPoint\",\"urlTemplate\":\"https:\/\/www.nettali.com\/?s={search_term_string}\"},\"query-input\":\"required name=search_term_string\"}],\"inLanguage\":\"fr-FR\"},{\"@type\":\"ImageObject\",\"@id\":\"https:\/\/www.nettali.com\/2024\/10\/15\/le-projet-senegal-2050-lopposition-et-la-societe-civile-entre-critiques-et-doutes\/#primaryimage\",\"inLanguage\":\"fr-FR\",\"url\":\"https:\/\/www.nettali.com\/wp-content\/uploads\/2024\/10\/Sonko-Diomaye.jpg\",\"contentUrl\":\"https:\/\/www.nettali.com\/wp-content\/uploads\/2024\/10\/Sonko-Diomaye.jpg\",\"width\":1280,\"height\":853},{\"@type\":\"WebPage\",\"@id\":\"https:\/\/www.nettali.com\/2024\/10\/15\/le-projet-senegal-2050-lopposition-et-la-societe-civile-entre-critiques-et-doutes\/#webpage\",\"url\":\"https:\/\/www.nettali.com\/2024\/10\/15\/le-projet-senegal-2050-lopposition-et-la-societe-civile-entre-critiques-et-doutes\/\",\"name\":\"LE PROJET S\\u00c9N\\u00c9GAL 2050 - L\\u2019opposition et la soci\\u00e9t\\u00e9 civile entre critiques et doutes | Nettali.com\",\"isPartOf\":{\"@id\":\"https:\/\/www.nettali.com\/#website\"},\"primaryImageOfPage\":{\"@id\":\"https:\/\/www.nettali.com\/2024\/10\/15\/le-projet-senegal-2050-lopposition-et-la-societe-civile-entre-critiques-et-doutes\/#primaryimage\"},\"datePublished\":\"2024-10-15T07:43:46+00:00\",\"dateModified\":\"2024-10-17T07:02:45+00:00\",\"author\":{\"@id\":\"https:\/\/www.nettali.com\/#\/schema\/person\/d8ac7b7e27ddad43f1c0d2ef090d7f71\"},\"breadcrumb\":{\"@id\":\"https:\/\/www.nettali.com\/2024\/10\/15\/le-projet-senegal-2050-lopposition-et-la-societe-civile-entre-critiques-et-doutes\/#breadcrumb\"},\"inLanguage\":\"fr-FR\",\"potentialAction\":[{\"@type\":\"ReadAction\",\"target\":[\"https:\/\/www.nettali.com\/2024\/10\/15\/le-projet-senegal-2050-lopposition-et-la-societe-civile-entre-critiques-et-doutes\/\"]}]},{\"@type\":\"BreadcrumbList\",\"@id\":\"https:\/\/www.nettali.com\/2024\/10\/15\/le-projet-senegal-2050-lopposition-et-la-societe-civile-entre-critiques-et-doutes\/#breadcrumb\",\"itemListElement\":[{\"@type\":\"ListItem\",\"position\":1,\"name\":\"Accueil\",\"item\":\"https:\/\/www.nettali.com\/\"},{\"@type\":\"ListItem\",\"position\":2,\"name\":\"LE PROJET S\\u00c9N\\u00c9GAL 2050 - L\\u2019opposition et la soci\\u00e9t\\u00e9 civile entre critiques et doutes\"}]},{\"@type\":\"Person\",\"@id\":\"https:\/\/www.nettali.com\/#\/schema\/person\/d8ac7b7e27ddad43f1c0d2ef090d7f71\",\"name\":\"CK\",\"image\":{\"@type\":\"ImageObject\",\"@id\":\"https:\/\/www.nettali.com\/#personlogo\",\"inLanguage\":\"fr-FR\",\"url\":\"https:\/\/secure.gravatar.com\/avatar\/1d8d5118b9327d94da7cd4ce7f17fec2?s=96&d=mm&r=g\",\"contentUrl\":\"https:\/\/secure.gravatar.com\/avatar\/1d8d5118b9327d94da7cd4ce7f17fec2?s=96&d=mm&r=g\",\"caption\":\"CK\"},\"sameAs\":[\"https:\/\/www.nettali.com\"]}]}<\/script>\n<!-- \/ Yoast SEO Premium plugin. -->","yoast_head_json":{"title":"LE PROJET S\u00c9N\u00c9GAL 2050 - L\u2019opposition et la soci\u00e9t\u00e9 civile entre critiques et doutes | Nettali.com","robots":{"index":"index","follow":"follow","max-snippet":"max-snippet:-1","max-image-preview":"max-image-preview:large","max-video-preview":"max-video-preview:-1"},"canonical":"https:\/\/www.nettali.com\/2024\/10\/15\/le-projet-senegal-2050-lopposition-et-la-societe-civile-entre-critiques-et-doutes\/","og_locale":"fr_FR","og_type":"article","og_title":"LE PROJET S\u00c9N\u00c9GAL 2050 - L\u2019opposition et la soci\u00e9t\u00e9 civile entre critiques et doutes","og_description":"NETTALI.COM - Le 14 octobre 2024, le pr\u00e9sident s\u00e9n\u00e9galais Bassirou Diomaye Faye a officiellement lanc\u00e9 le R\u00e9f\u00e9rentiel S\u00e9n\u00e9gal 2050, un plan de transformation \u00e9conomique et politique pour les 25 prochaines ann\u00e9es. Pr\u00e9sent\u00e9 comme un tournant d\u00e9cisif dans la trajectoire du d\u00e9veloppement du pays, ce projet vise \u00e0 b\u00e2tir un S\u00e9n\u00e9gal plus souverain, \u00e9quitable et prosp\u00e8re, [&hellip;]","og_url":"https:\/\/www.nettali.com\/2024\/10\/15\/le-projet-senegal-2050-lopposition-et-la-societe-civile-entre-critiques-et-doutes\/","og_site_name":"Nettali.com","article_publisher":"https:\/\/www.facebook.com\/nettalicom","article_published_time":"2024-10-15T07:43:46+00:00","article_modified_time":"2024-10-17T07:02:45+00:00","og_image":[{"width":1280,"height":853,"url":"https:\/\/www.nettali.com\/wp-content\/uploads\/2024\/10\/Sonko-Diomaye.jpg","type":"image\/jpeg"}],"twitter_card":"summary_large_image","twitter_misc":{"\u00c9crit par":"CK","Dur\u00e9e de lecture estim\u00e9e":"6 minutes"},"schema":{"@context":"https:\/\/schema.org","@graph":[{"@type":"WebSite","@id":"https:\/\/www.nettali.com\/#website","url":"https:\/\/www.nettali.com\/","name":"Nettali.com","description":"Le rendez-vous critique du Net","potentialAction":[{"@type":"SearchAction","target":{"@type":"EntryPoint","urlTemplate":"https:\/\/www.nettali.com\/?s={search_term_string}"},"query-input":"required name=search_term_string"}],"inLanguage":"fr-FR"},{"@type":"ImageObject","@id":"https:\/\/www.nettali.com\/2024\/10\/15\/le-projet-senegal-2050-lopposition-et-la-societe-civile-entre-critiques-et-doutes\/#primaryimage","inLanguage":"fr-FR","url":"https:\/\/www.nettali.com\/wp-content\/uploads\/2024\/10\/Sonko-Diomaye.jpg","contentUrl":"https:\/\/www.nettali.com\/wp-content\/uploads\/2024\/10\/Sonko-Diomaye.jpg","width":1280,"height":853},{"@type":"WebPage","@id":"https:\/\/www.nettali.com\/2024\/10\/15\/le-projet-senegal-2050-lopposition-et-la-societe-civile-entre-critiques-et-doutes\/#webpage","url":"https:\/\/www.nettali.com\/2024\/10\/15\/le-projet-senegal-2050-lopposition-et-la-societe-civile-entre-critiques-et-doutes\/","name":"LE PROJET S\u00c9N\u00c9GAL 2050 - L\u2019opposition et la soci\u00e9t\u00e9 civile entre critiques et doutes | Nettali.com","isPartOf":{"@id":"https:\/\/www.nettali.com\/#website"},"primaryImageOfPage":{"@id":"https:\/\/www.nettali.com\/2024\/10\/15\/le-projet-senegal-2050-lopposition-et-la-societe-civile-entre-critiques-et-doutes\/#primaryimage"},"datePublished":"2024-10-15T07:43:46+00:00","dateModified":"2024-10-17T07:02:45+00:00","author":{"@id":"https:\/\/www.nettali.com\/#\/schema\/person\/d8ac7b7e27ddad43f1c0d2ef090d7f71"},"breadcrumb":{"@id":"https:\/\/www.nettali.com\/2024\/10\/15\/le-projet-senegal-2050-lopposition-et-la-societe-civile-entre-critiques-et-doutes\/#breadcrumb"},"inLanguage":"fr-FR","potentialAction":[{"@type":"ReadAction","target":["https:\/\/www.nettali.com\/2024\/10\/15\/le-projet-senegal-2050-lopposition-et-la-societe-civile-entre-critiques-et-doutes\/"]}]},{"@type":"BreadcrumbList","@id":"https:\/\/www.nettali.com\/2024\/10\/15\/le-projet-senegal-2050-lopposition-et-la-societe-civile-entre-critiques-et-doutes\/#breadcrumb","itemListElement":[{"@type":"ListItem","position":1,"name":"Accueil","item":"https:\/\/www.nettali.com\/"},{"@type":"ListItem","position":2,"name":"LE PROJET S\u00c9N\u00c9GAL 2050 - L\u2019opposition et la soci\u00e9t\u00e9 civile entre critiques et doutes"}]},{"@type":"Person","@id":"https:\/\/www.nettali.com\/#\/schema\/person\/d8ac7b7e27ddad43f1c0d2ef090d7f71","name":"CK","image":{"@type":"ImageObject","@id":"https:\/\/www.nettali.com\/#personlogo","inLanguage":"fr-FR","url":"https:\/\/secure.gravatar.com\/avatar\/1d8d5118b9327d94da7cd4ce7f17fec2?s=96&d=mm&r=g","contentUrl":"https:\/\/secure.gravatar.com\/avatar\/1d8d5118b9327d94da7cd4ce7f17fec2?s=96&d=mm&r=g","caption":"CK"},"sameAs":["https:\/\/www.nettali.com"]}]}},"_links":{"self":[{"href":"https:\/\/www.nettali.com\/rest\/wp\/v2\/posts\/141969"}],"collection":[{"href":"https:\/\/www.nettali.com\/rest\/wp\/v2\/posts"}],"about":[{"href":"https:\/\/www.nettali.com\/rest\/wp\/v2\/types\/post"}],"author":[{"embeddable":true,"href":"https:\/\/www.nettali.com\/rest\/wp\/v2\/users\/2"}],"replies":[{"embeddable":true,"href":"https:\/\/www.nettali.com\/rest\/wp\/v2\/comments?post=141969"}],"version-history":[{"count":1,"href":"https:\/\/www.nettali.com\/rest\/wp\/v2\/posts\/141969\/revisions"}],"predecessor-version":[{"id":141970,"href":"https:\/\/www.nettali.com\/rest\/wp\/v2\/posts\/141969\/revisions\/141970"}],"wp:featuredmedia":[{"embeddable":true,"href":"https:\/\/www.nettali.com\/rest\/wp\/v2\/media\/141923"}],"wp:attachment":[{"href":"https:\/\/www.nettali.com\/rest\/wp\/v2\/media?parent=141969"}],"wp:term":[{"taxonomy":"category","embeddable":true,"href":"https:\/\/www.nettali.com\/rest\/wp\/v2\/categories?post=141969"},{"taxonomy":"post_tag","embeddable":true,"href":"https:\/\/www.nettali.com\/rest\/wp\/v2\/tags?post=141969"}],"curies":[{"name":"wp","href":"https:\/\/api.w.org\/{rel}","templated":true}]}}