{"id":141925,"date":"2024-10-14T17:51:26","date_gmt":"2024-10-14T17:51:26","guid":{"rendered":"https:\/\/www.nettali.com\/?p=141925"},"modified":"2024-10-15T08:31:21","modified_gmt":"2024-10-15T08:31:21","slug":"vision-senegal-2050-la-fondation-dune-nouvelle-ere-pour-notre-pays-selon-diomaye-faye","status":"publish","type":"post","link":"https:\/\/www.nettali.com\/2024\/10\/14\/vision-senegal-2050-la-fondation-dune-nouvelle-ere-pour-notre-pays-selon-diomaye-faye\/","title":{"rendered":"VISION SENEGAL 2050 - La \"fondation d\u2019une nouvelle \u00e8re pour notre pays\", selon Diomaye Faye"},"content":{"rendered":"<div class=\"xdj266r x11i5rnm xat24cr x1mh8g0r x1vvkbs x126k92a\">\n<div dir=\"auto\"><strong>NETTALI.COM - Le Pr\u00e9sident de la R\u00e9publique, Son Excellence <span class=\"html-span xdj266r x11i5rnm xat24cr x1mh8g0r xexx8yu x4uap5 x18d9i69 xkhd6sd x1hl2dhg x16tdsg8 x1vvkbs\"><span class=\"xt0psk2\">Bassirou Diomaye Faye<\/span><\/span> a cl\u00f4tur\u00e9 la journ\u00e9e de pr\u00e9sentation du \u00ab S\u00e9n\u00e9gal 2050 : Agenda National de Transformation \u00bb, ce lundi, avec un discours empreint de d\u00e9termination et d\u2019espoir. Cet agenda, qui se veut une r\u00e9ponse structur\u00e9e aux d\u00e9fis \u00e9conomiques et sociaux du pays, a pour ambition de b\u00e2tir un S\u00e9n\u00e9gal souverain, juste et prosp\u00e8re.<\/strong><\/div>\n<div dir=\"auto\"><\/div>\n<\/div>\n<div class=\"x11i5rnm xat24cr x1mh8g0r x1vvkbs xtlvy1s x126k92a\">\n<div dir=\"auto\">Dans son allocution, le Pr\u00e9sident Faye a soulign\u00e9 l'importance de ce document, le qualifiant de <em>\u00ab fondation d\u2019une nouvelle \u00e8re pour notre pays \u00bb<\/em>. Il a insist\u00e9 sur la n\u00e9cessit\u00e9 de rompre avec un pass\u00e9 marqu\u00e9 par la d\u00e9pendance \u00e9conomique et la faiblesse du tissu social. <em>\u00ab Pendant trop longtemps, notre \u00e9conomie a \u00e9t\u00e9 prisonni\u00e8re d\u2019un mod\u00e8le d\u2019exploitation de mati\u00e8res premi\u00e8res brutes, sans valorisation ni transformation locale \u00bb<\/em>, a-t-il d\u00e9clar\u00e9, appelant \u00e0 une r\u00e9\u00e9valuation de la mani\u00e8re dont le S\u00e9n\u00e9gal exploite ses ressources naturelles.<\/div>\n<\/div>\n<div class=\"x11i5rnm xat24cr x1mh8g0r x1vvkbs xtlvy1s x126k92a\">\n<div dir=\"auto\">Le Pr\u00e9sident a \u00e9galement profit\u00e9 de cette occasion pour adresser ses f\u00e9licitations \u00e0 <span class=\"html-span xdj266r x11i5rnm xat24cr x1mh8g0r xexx8yu x4uap5 x18d9i69 xkhd6sd x1hl2dhg x16tdsg8 x1vvkbs\"><span class=\"xt0psk2\">Ousmane SONKO<\/span><\/span> , le Premier ministre, pour son travail de qualit\u00e9 et \u00e0 son gouvernement. Il a salu\u00e9 les efforts du gouvernement dans la mise en \u0153uvre des strat\u00e9gies qui sous-tendent l'Agenda 2050, soulignant l'importance de l'engagement collectif de l'\u00e9quipe gouvernementale pour r\u00e9aliser cette vision.<\/div>\n<\/div>\n<div class=\"x11i5rnm xat24cr x1mh8g0r x1vvkbs xtlvy1s x126k92a\">\n<div dir=\"auto\">L\u2019Agenda 2050 repose sur quatre grands axes strat\u00e9giques. Le premier axe concerne la cr\u00e9ation d\u2019une \u00e9conomie comp\u00e9titive, avec un cadre macro\u00e9conomique stable et l\u2019\u00e9mergence de fili\u00e8res industrielles viables. \u00ab<em> Nous transformerons nos richesses sur place et diversifierons notre \u00e9conomie pour en faire un v\u00e9ritable moteur de croissance \u00bb<\/em>, a expliqu\u00e9 le Pr\u00e9sident.<\/div>\n<\/div>\n<div class=\"x11i5rnm xat24cr x1mh8g0r x1vvkbs xtlvy1s x126k92a\">\n<div dir=\"auto\">Le deuxi\u00e8me axe met l\u2019accent sur la durabilit\u00e9. Le Pr\u00e9sident a affirm\u00e9 que le d\u00e9veloppement \u00e9conomique du S\u00e9n\u00e9gal doit se faire dans le respect de l'environnement, en int\u00e9grant l'\u00e9conomie circulaire et en pr\u00e9servant la biodiversit\u00e9. L\u2019am\u00e9nagement durable du territoire est \u00e9galement une priorit\u00e9 pour garantir un \u00e9quilibre entre les zones rurales et urbaines.<\/div>\n<\/div>\n<div class=\"x11i5rnm xat24cr x1mh8g0r x1vvkbs xtlvy1s x126k92a\">\n<div dir=\"auto\">Le renforcement du capital humain et l'\u00e9quit\u00e9 sociale constituent le troisi\u00e8me axe. Le Pr\u00e9sident a promis un acc\u00e8s universel \u00e0 une \u00e9ducation de qualit\u00e9 et \u00e0 des services de sant\u00e9 performants, ainsi qu'une r\u00e9forme du foncier pour une meilleure r\u00e9partition des terres. <em>\u00ab La jeunesse sera au c\u0153ur de notre transformation \u00bb<\/em>, a-t-il ajout\u00e9, soulignant l'importance d'une formation ad\u00e9quate pour pr\u00e9parer les jeunes aux d\u00e9fis du monde moderne.<\/div>\n<\/div>\n<div class=\"x11i5rnm xat24cr x1mh8g0r x1vvkbs xtlvy1s x126k92a\">\n<div dir=\"auto\">Enfin, le quatri\u00e8me axe aborde la gouvernance et l\u2019engagement africain. <em>\u00ab Nous devons refonder nos institutions pour qu\u2019elles servent au mieux les aspirations de notre peuple \u00bb<\/em>, a soulign\u00e9 le Pr\u00e9sident Faye. Il a \u00e9galement affirm\u00e9 que le S\u00e9n\u00e9gal devra jouer un r\u00f4le actif dans l\u2019int\u00e9gration r\u00e9gionale et la solidarit\u00e9 africaine, convaincu que l'avenir du continent repose sur ces principes.<\/div>\n<\/div>\n<div class=\"x11i5rnm xat24cr x1mh8g0r x1vvkbs xtlvy1s x126k92a\">\n<div dir=\"auto\">Le Pr\u00e9sident a conclu son discours en appelant chaque S\u00e9n\u00e9galais \u00e0 s'engager dans ce projet collectif. <em>\u00ab Notre souverainet\u00e9 ne pourra \u00eatre compl\u00e8te que si nous avons les moyens de notre autonomie \u00e9conomique, \u00e9nerg\u00e9tique, alimentaire, mais aussi sociale et culturelle \u00bb,<\/em> a-t-il d\u00e9clar\u00e9.<\/div>\n<\/div>\n<div class=\"x11i5rnm xat24cr x1mh8g0r x1vvkbs xtlvy1s x126k92a\">\n<div dir=\"auto\">Cet agenda ambitieux se veut une boussole pour les 25 prochaines ann\u00e9es, dessinant un avenir o\u00f9 le S\u00e9n\u00e9gal aspire non seulement \u00e0 participer au monde, mais \u00e0 y jouer un r\u00f4le majeur, devenant ainsi un mod\u00e8le de d\u00e9veloppement pour l\u2019Afrique. Le chemin est exigeant, mais il est le seul qui garantisse le succ\u00e8s durable du S\u00e9n\u00e9gal.<\/div>\n<\/div>\n<div class=\"x11i5rnm xat24cr x1mh8g0r x1vvkbs xtlvy1s x126k92a\">\n<div dir=\"auto\">Il a conclu en f\u00e9licitant de nouveau le Premier ministre Ousmane Sonko et son gouvernement pour leur engagement envers la r\u00e9ussite de cet agenda.<\/div>\n<\/div>\n<div class='share-to-whatsapp-wrapper'><div class='share-on-whsp'>PARTAGER SUR : <\/div><a data-text='VISION SENEGAL 2050 - La \"fondation d\u2019une nouvelle \u00e8re pour notre pays\", selon Diomaye Faye' data-link='https:\/\/www.nettali.com\/2024\/10\/14\/vision-senegal-2050-la-fondation-dune-nouvelle-ere-pour-notre-pays-selon-diomaye-faye\/' class='whatsapp-button whatsapp-share'>WhatsApp<\/a><div class='clear '><\/div><\/div>","protected":false},"excerpt":{"rendered":"<p>NETTALI.COM - Le Pr\u00e9sident de la R\u00e9publique, Son Excellence Bassirou Diomaye Faye a cl\u00f4tur\u00e9 la journ\u00e9e de pr\u00e9sentation du \u00ab S\u00e9n\u00e9gal 2050 : Agenda National de Transformation \u00bb, ce lundi, avec un discours empreint de d\u00e9termination et d\u2019espoir. Cet agenda, qui se veut une r\u00e9ponse structur\u00e9e aux d\u00e9fis \u00e9conomiques et sociaux du pays, a pour [&hellip;]<\/p>\n","protected":false},"author":4,"featured_media":141923,"comment_status":"open","ping_status":"open","sticky":false,"template":"","format":"standard","meta":{"_et_pb_use_builder":"","_et_pb_old_content":""},"categories":[2],"tags":[],"yoast_head":"<!-- This site is optimized with the Yoast SEO Premium plugin v17.8 (Yoast SEO v17.8) - https:\/\/yoast.com\/wordpress\/plugins\/seo\/ -->\n<title>VISION SENEGAL 2050 - La &quot;fondation d\u2019une nouvelle \u00e8re pour notre pays&quot;, selon Diomaye Faye | Nettali.com<\/title>\n<meta name=\"robots\" content=\"index, follow, max-snippet:-1, max-image-preview:large, max-video-preview:-1\" \/>\n<link rel=\"canonical\" href=\"https:\/\/www.nettali.com\/2024\/10\/14\/vision-senegal-2050-la-fondation-dune-nouvelle-ere-pour-notre-pays-selon-diomaye-faye\/\" \/>\n<meta property=\"og:locale\" content=\"fr_FR\" \/>\n<meta property=\"og:type\" content=\"article\" \/>\n<meta property=\"og:title\" content=\"VISION SENEGAL 2050 - La &quot;fondation d\u2019une nouvelle \u00e8re pour notre pays&quot;, selon Diomaye Faye\" \/>\n<meta property=\"og:description\" content=\"NETTALI.COM - Le Pr\u00e9sident de la R\u00e9publique, Son Excellence Bassirou Diomaye Faye a cl\u00f4tur\u00e9 la journ\u00e9e de pr\u00e9sentation du \u00ab S\u00e9n\u00e9gal 2050 : Agenda National de Transformation \u00bb, ce lundi, avec un discours empreint de d\u00e9termination et d\u2019espoir. Cet agenda, qui se veut une r\u00e9ponse structur\u00e9e aux d\u00e9fis \u00e9conomiques et sociaux du pays, a pour [&hellip;]\" \/>\n<meta property=\"og:url\" content=\"https:\/\/www.nettali.com\/2024\/10\/14\/vision-senegal-2050-la-fondation-dune-nouvelle-ere-pour-notre-pays-selon-diomaye-faye\/\" \/>\n<meta property=\"og:site_name\" content=\"Nettali.com\" \/>\n<meta property=\"article:publisher\" content=\"https:\/\/www.facebook.com\/nettalicom\" \/>\n<meta property=\"article:published_time\" content=\"2024-10-14T17:51:26+00:00\" \/>\n<meta property=\"article:modified_time\" content=\"2024-10-15T08:31:21+00:00\" \/>\n<meta property=\"og:image\" content=\"https:\/\/www.nettali.com\/wp-content\/uploads\/2024\/10\/Sonko-Diomaye.jpg\" \/>\n\t<meta property=\"og:image:width\" content=\"1280\" \/>\n\t<meta property=\"og:image:height\" content=\"853\" \/>\n<meta name=\"twitter:card\" content=\"summary_large_image\" \/>\n<meta name=\"twitter:label1\" content=\"\u00c9crit par\" \/>\n\t<meta name=\"twitter:data1\" content=\"Daouda\" \/>\n\t<meta name=\"twitter:label2\" content=\"Dur\u00e9e de lecture estim\u00e9e\" \/>\n\t<meta name=\"twitter:data2\" content=\"3 minutes\" \/>\n<script type=\"application\/ld+json\" class=\"yoast-schema-graph\">{\"@context\":\"https:\/\/schema.org\",\"@graph\":[{\"@type\":\"WebSite\",\"@id\":\"https:\/\/www.nettali.com\/#website\",\"url\":\"https:\/\/www.nettali.com\/\",\"name\":\"Nettali.com\",\"description\":\"Le rendez-vous critique du Net\",\"potentialAction\":[{\"@type\":\"SearchAction\",\"target\":{\"@type\":\"EntryPoint\",\"urlTemplate\":\"https:\/\/www.nettali.com\/?s={search_term_string}\"},\"query-input\":\"required name=search_term_string\"}],\"inLanguage\":\"fr-FR\"},{\"@type\":\"ImageObject\",\"@id\":\"https:\/\/www.nettali.com\/2024\/10\/14\/vision-senegal-2050-la-fondation-dune-nouvelle-ere-pour-notre-pays-selon-diomaye-faye\/#primaryimage\",\"inLanguage\":\"fr-FR\",\"url\":\"https:\/\/www.nettali.com\/wp-content\/uploads\/2024\/10\/Sonko-Diomaye.jpg\",\"contentUrl\":\"https:\/\/www.nettali.com\/wp-content\/uploads\/2024\/10\/Sonko-Diomaye.jpg\",\"width\":1280,\"height\":853},{\"@type\":\"WebPage\",\"@id\":\"https:\/\/www.nettali.com\/2024\/10\/14\/vision-senegal-2050-la-fondation-dune-nouvelle-ere-pour-notre-pays-selon-diomaye-faye\/#webpage\",\"url\":\"https:\/\/www.nettali.com\/2024\/10\/14\/vision-senegal-2050-la-fondation-dune-nouvelle-ere-pour-notre-pays-selon-diomaye-faye\/\",\"name\":\"VISION SENEGAL 2050 - La \\\"fondation d\\u2019une nouvelle \\u00e8re pour notre pays\\\", selon Diomaye Faye | Nettali.com\",\"isPartOf\":{\"@id\":\"https:\/\/www.nettali.com\/#website\"},\"primaryImageOfPage\":{\"@id\":\"https:\/\/www.nettali.com\/2024\/10\/14\/vision-senegal-2050-la-fondation-dune-nouvelle-ere-pour-notre-pays-selon-diomaye-faye\/#primaryimage\"},\"datePublished\":\"2024-10-14T17:51:26+00:00\",\"dateModified\":\"2024-10-15T08:31:21+00:00\",\"author\":{\"@id\":\"https:\/\/www.nettali.com\/#\/schema\/person\/3317e0bb3aa1da309fbf7b2780901bf4\"},\"breadcrumb\":{\"@id\":\"https:\/\/www.nettali.com\/2024\/10\/14\/vision-senegal-2050-la-fondation-dune-nouvelle-ere-pour-notre-pays-selon-diomaye-faye\/#breadcrumb\"},\"inLanguage\":\"fr-FR\",\"potentialAction\":[{\"@type\":\"ReadAction\",\"target\":[\"https:\/\/www.nettali.com\/2024\/10\/14\/vision-senegal-2050-la-fondation-dune-nouvelle-ere-pour-notre-pays-selon-diomaye-faye\/\"]}]},{\"@type\":\"BreadcrumbList\",\"@id\":\"https:\/\/www.nettali.com\/2024\/10\/14\/vision-senegal-2050-la-fondation-dune-nouvelle-ere-pour-notre-pays-selon-diomaye-faye\/#breadcrumb\",\"itemListElement\":[{\"@type\":\"ListItem\",\"position\":1,\"name\":\"Accueil\",\"item\":\"https:\/\/www.nettali.com\/\"},{\"@type\":\"ListItem\",\"position\":2,\"name\":\"VISION SENEGAL 2050 - La \\\"fondation d\\u2019une nouvelle \\u00e8re pour notre pays\\\", selon Diomaye Faye\"}]},{\"@type\":\"Person\",\"@id\":\"https:\/\/www.nettali.com\/#\/schema\/person\/3317e0bb3aa1da309fbf7b2780901bf4\",\"name\":\"Daouda\",\"image\":{\"@type\":\"ImageObject\",\"@id\":\"https:\/\/www.nettali.com\/#personlogo\",\"inLanguage\":\"fr-FR\",\"url\":\"https:\/\/secure.gravatar.com\/avatar\/8d143b5a49345098ddcfee1c49c2f47c?s=96&d=mm&r=g\",\"contentUrl\":\"https:\/\/secure.gravatar.com\/avatar\/8d143b5a49345098ddcfee1c49c2f47c?s=96&d=mm&r=g\",\"caption\":\"Daouda\"},\"sameAs\":[\"https:\/\/www.nettali.com\"]}]}<\/script>\n<!-- \/ Yoast SEO Premium plugin. -->","yoast_head_json":{"title":"VISION SENEGAL 2050 - La \"fondation d\u2019une nouvelle \u00e8re pour notre pays\", selon Diomaye Faye | Nettali.com","robots":{"index":"index","follow":"follow","max-snippet":"max-snippet:-1","max-image-preview":"max-image-preview:large","max-video-preview":"max-video-preview:-1"},"canonical":"https:\/\/www.nettali.com\/2024\/10\/14\/vision-senegal-2050-la-fondation-dune-nouvelle-ere-pour-notre-pays-selon-diomaye-faye\/","og_locale":"fr_FR","og_type":"article","og_title":"VISION SENEGAL 2050 - La \"fondation d\u2019une nouvelle \u00e8re pour notre pays\", selon Diomaye Faye","og_description":"NETTALI.COM - Le Pr\u00e9sident de la R\u00e9publique, Son Excellence Bassirou Diomaye Faye a cl\u00f4tur\u00e9 la journ\u00e9e de pr\u00e9sentation du \u00ab S\u00e9n\u00e9gal 2050 : Agenda National de Transformation \u00bb, ce lundi, avec un discours empreint de d\u00e9termination et d\u2019espoir. Cet agenda, qui se veut une r\u00e9ponse structur\u00e9e aux d\u00e9fis \u00e9conomiques et sociaux du pays, a pour [&hellip;]","og_url":"https:\/\/www.nettali.com\/2024\/10\/14\/vision-senegal-2050-la-fondation-dune-nouvelle-ere-pour-notre-pays-selon-diomaye-faye\/","og_site_name":"Nettali.com","article_publisher":"https:\/\/www.facebook.com\/nettalicom","article_published_time":"2024-10-14T17:51:26+00:00","article_modified_time":"2024-10-15T08:31:21+00:00","og_image":[{"width":1280,"height":853,"url":"https:\/\/www.nettali.com\/wp-content\/uploads\/2024\/10\/Sonko-Diomaye.jpg","type":"image\/jpeg"}],"twitter_card":"summary_large_image","twitter_misc":{"\u00c9crit par":"Daouda","Dur\u00e9e de lecture estim\u00e9e":"3 minutes"},"schema":{"@context":"https:\/\/schema.org","@graph":[{"@type":"WebSite","@id":"https:\/\/www.nettali.com\/#website","url":"https:\/\/www.nettali.com\/","name":"Nettali.com","description":"Le rendez-vous critique du Net","potentialAction":[{"@type":"SearchAction","target":{"@type":"EntryPoint","urlTemplate":"https:\/\/www.nettali.com\/?s={search_term_string}"},"query-input":"required name=search_term_string"}],"inLanguage":"fr-FR"},{"@type":"ImageObject","@id":"https:\/\/www.nettali.com\/2024\/10\/14\/vision-senegal-2050-la-fondation-dune-nouvelle-ere-pour-notre-pays-selon-diomaye-faye\/#primaryimage","inLanguage":"fr-FR","url":"https:\/\/www.nettali.com\/wp-content\/uploads\/2024\/10\/Sonko-Diomaye.jpg","contentUrl":"https:\/\/www.nettali.com\/wp-content\/uploads\/2024\/10\/Sonko-Diomaye.jpg","width":1280,"height":853},{"@type":"WebPage","@id":"https:\/\/www.nettali.com\/2024\/10\/14\/vision-senegal-2050-la-fondation-dune-nouvelle-ere-pour-notre-pays-selon-diomaye-faye\/#webpage","url":"https:\/\/www.nettali.com\/2024\/10\/14\/vision-senegal-2050-la-fondation-dune-nouvelle-ere-pour-notre-pays-selon-diomaye-faye\/","name":"VISION SENEGAL 2050 - La \"fondation d\u2019une nouvelle \u00e8re pour notre pays\", selon Diomaye Faye | Nettali.com","isPartOf":{"@id":"https:\/\/www.nettali.com\/#website"},"primaryImageOfPage":{"@id":"https:\/\/www.nettali.com\/2024\/10\/14\/vision-senegal-2050-la-fondation-dune-nouvelle-ere-pour-notre-pays-selon-diomaye-faye\/#primaryimage"},"datePublished":"2024-10-14T17:51:26+00:00","dateModified":"2024-10-15T08:31:21+00:00","author":{"@id":"https:\/\/www.nettali.com\/#\/schema\/person\/3317e0bb3aa1da309fbf7b2780901bf4"},"breadcrumb":{"@id":"https:\/\/www.nettali.com\/2024\/10\/14\/vision-senegal-2050-la-fondation-dune-nouvelle-ere-pour-notre-pays-selon-diomaye-faye\/#breadcrumb"},"inLanguage":"fr-FR","potentialAction":[{"@type":"ReadAction","target":["https:\/\/www.nettali.com\/2024\/10\/14\/vision-senegal-2050-la-fondation-dune-nouvelle-ere-pour-notre-pays-selon-diomaye-faye\/"]}]},{"@type":"BreadcrumbList","@id":"https:\/\/www.nettali.com\/2024\/10\/14\/vision-senegal-2050-la-fondation-dune-nouvelle-ere-pour-notre-pays-selon-diomaye-faye\/#breadcrumb","itemListElement":[{"@type":"ListItem","position":1,"name":"Accueil","item":"https:\/\/www.nettali.com\/"},{"@type":"ListItem","position":2,"name":"VISION SENEGAL 2050 - La \"fondation d\u2019une nouvelle \u00e8re pour notre pays\", selon Diomaye Faye"}]},{"@type":"Person","@id":"https:\/\/www.nettali.com\/#\/schema\/person\/3317e0bb3aa1da309fbf7b2780901bf4","name":"Daouda","image":{"@type":"ImageObject","@id":"https:\/\/www.nettali.com\/#personlogo","inLanguage":"fr-FR","url":"https:\/\/secure.gravatar.com\/avatar\/8d143b5a49345098ddcfee1c49c2f47c?s=96&d=mm&r=g","contentUrl":"https:\/\/secure.gravatar.com\/avatar\/8d143b5a49345098ddcfee1c49c2f47c?s=96&d=mm&r=g","caption":"Daouda"},"sameAs":["https:\/\/www.nettali.com"]}]}},"_links":{"self":[{"href":"https:\/\/www.nettali.com\/rest\/wp\/v2\/posts\/141925"}],"collection":[{"href":"https:\/\/www.nettali.com\/rest\/wp\/v2\/posts"}],"about":[{"href":"https:\/\/www.nettali.com\/rest\/wp\/v2\/types\/post"}],"author":[{"embeddable":true,"href":"https:\/\/www.nettali.com\/rest\/wp\/v2\/users\/4"}],"replies":[{"embeddable":true,"href":"https:\/\/www.nettali.com\/rest\/wp\/v2\/comments?post=141925"}],"version-history":[{"count":3,"href":"https:\/\/www.nettali.com\/rest\/wp\/v2\/posts\/141925\/revisions"}],"predecessor-version":[{"id":141955,"href":"https:\/\/www.nettali.com\/rest\/wp\/v2\/posts\/141925\/revisions\/141955"}],"wp:featuredmedia":[{"embeddable":true,"href":"https:\/\/www.nettali.com\/rest\/wp\/v2\/media\/141923"}],"wp:attachment":[{"href":"https:\/\/www.nettali.com\/rest\/wp\/v2\/media?parent=141925"}],"wp:term":[{"taxonomy":"category","embeddable":true,"href":"https:\/\/www.nettali.com\/rest\/wp\/v2\/categories?post=141925"},{"taxonomy":"post_tag","embeddable":true,"href":"https:\/\/www.nettali.com\/rest\/wp\/v2\/tags?post=141925"}],"curies":[{"name":"wp","href":"https:\/\/api.w.org\/{rel}","templated":true}]}}