{"id":141917,"date":"2024-10-14T17:48:15","date_gmt":"2024-10-14T17:48:15","guid":{"rendered":"https:\/\/www.nettali.com\/?p=141917"},"modified":"2024-10-15T07:32:36","modified_gmt":"2024-10-15T07:32:36","slug":"document-de-reference-l-etat-stratege-va-cohabiter-avec-un-secteur-prive-fort","status":"publish","type":"post","link":"https:\/\/www.nettali.com\/2024\/10\/14\/document-de-reference-l-etat-stratege-va-cohabiter-avec-un-secteur-prive-fort\/","title":{"rendered":"DOCUMENT DE REFERENCE -  \"L'\u00c9tat strat\u00e8ge\" va cohabiter avec \"un secteur priv\u00e9 fort\""},"content":{"rendered":"<p><strong>NETTALI.COM - Le nouveau document de politique nationale de d\u00e9veloppement sera utilis\u00e9 par les pouvoirs publics pour promouvoir un \"\u00c9tat strat\u00e8ge\", qui planifie son d\u00e9veloppement en faisant appel en m\u00eame temps \u00e0 un secteur priv\u00e9 fort, a assur\u00e9 Victor Ndiaye, le pr\u00e9sident-fondateur du cabinet Performances Group, lequel a contribu\u00e9 \u00e0 son \u00e9laboration.<\/strong><\/p>\n<p>Le S\u00e9n\u00e9gal va, avec ce document, partir d\u2019une <em>\"\u00e9conomie d\u00e9sarticul\u00e9e et \u00e0 faible valeur ajout\u00e9e, pour b\u00e2tir une \u00e9conomie int\u00e9gr\u00e9e et \u00e0 forte valeur ajout\u00e9e\"<\/em>, a assur\u00e9 M. Ndiaye.<\/p>\n<p>Les \"atouts\" dont dispose le pays en mati\u00e8re de capital humain, mat\u00e9riel et immat\u00e9riel pour b\u00e2tir son d\u00e9veloppement seront valoris\u00e9s, a-t-il dit en intervenant \u00e0 la pr\u00e9sentation du nouveau document de politique nationale de d\u00e9veloppement \"S\u00e9n\u00e9gal 2050\", \u00e0 Diamniadio (ouest), en pr\u00e9sence du pr\u00e9sident de la R\u00e9publique, Bassirou Diomaye Faye.<\/p>\n<p>La nouvelle politique de d\u00e9veloppement va promouvoir un <em>\"Etat strat\u00e8ge, qui planifie son d\u00e9veloppement\"<\/em>, a soulign\u00e9 Victor Ndiaye.<\/p>\n<p>Cette politique va renforcer l\u2019industrialisation, a-t-il assur\u00e9, affirmant que le document de politique nationale \"S\u00e9n\u00e9gal 2050\" servira \u00e0 <em>\"mettre de l\u2019ordre\"<\/em> dans plusieurs secteurs d\u2019activit\u00e9 et \u00e0 <em>\"ma\u00eetriser les importations\"<\/em> s\u00e9n\u00e9galaises.<\/p>\n<p>Le nouveau programme de d\u00e9veloppement du pays sera utilis\u00e9 en m\u00eame temps pour \"s\u00e9curiser, bancariser et connecter l\u2019agriculteur s\u00e9n\u00e9galais de demain au march\u00e9\" mondial, a poursuivi M. Ndiaye.<\/p>\n<p>Les pouvoirs publics vont recourir au num\u00e9rique pour <em>\"am\u00e9liorer la vie quotidienne des S\u00e9n\u00e9galais et la bonne gouvernance, par la digitalisation des services\"<\/em>, a-t-il dit.<\/p>\n<p>Selon Victor Ndiaye, la promotion des industries culturelles et cr\u00e9atives est \u00e9galement prise en compte dans la conception du document.<\/p>\n<p>Huit p\u00f4les \u00e9conomiques r\u00e9gionaux seront promus en vue d\u2019un <em>\"d\u00e9veloppement territorial \u00e9quilibr\u00e9\"<\/em> du pays, par la mise en valeur des potentialit\u00e9s agricoles, mini\u00e8res et touristiques de chaque partie du pays, a-t-il ajout\u00e9.<\/p>\n<div class='share-to-whatsapp-wrapper'><div class='share-on-whsp'>PARTAGER SUR : <\/div><a data-text='DOCUMENT DE REFERENCE -  \"L'\u00c9tat strat\u00e8ge\" va cohabiter avec \"un secteur priv\u00e9 fort\"' data-link='https:\/\/www.nettali.com\/2024\/10\/14\/document-de-reference-l-etat-stratege-va-cohabiter-avec-un-secteur-prive-fort\/' class='whatsapp-button whatsapp-share'>WhatsApp<\/a><div class='clear '><\/div><\/div>","protected":false},"excerpt":{"rendered":"<p>NETTALI.COM - Le nouveau document de politique nationale de d\u00e9veloppement sera utilis\u00e9 par les pouvoirs publics pour promouvoir un \"\u00c9tat strat\u00e8ge\", qui planifie son d\u00e9veloppement en faisant appel en m\u00eame temps \u00e0 un secteur priv\u00e9 fort, a assur\u00e9 Victor Ndiaye, le pr\u00e9sident-fondateur du cabinet Performances Group, lequel a contribu\u00e9 \u00e0 son \u00e9laboration. Le S\u00e9n\u00e9gal va, [&hellip;]<\/p>\n","protected":false},"author":4,"featured_media":141924,"comment_status":"open","ping_status":"open","sticky":false,"template":"","format":"standard","meta":{"_et_pb_use_builder":"","_et_pb_old_content":""},"categories":[2],"tags":[],"yoast_head":"<!-- This site is optimized with the Yoast SEO Premium plugin v17.8 (Yoast SEO v17.8) - https:\/\/yoast.com\/wordpress\/plugins\/seo\/ -->\n<title>DOCUMENT DE REFERENCE - &quot;L&#039;\u00c9tat strat\u00e8ge&quot; va cohabiter avec &quot;un secteur priv\u00e9 fort&quot; | Nettali.com<\/title>\n<meta name=\"robots\" content=\"index, follow, max-snippet:-1, max-image-preview:large, max-video-preview:-1\" \/>\n<link rel=\"canonical\" href=\"https:\/\/www.nettali.com\/2024\/10\/14\/document-de-reference-l-etat-stratege-va-cohabiter-avec-un-secteur-prive-fort\/\" \/>\n<meta property=\"og:locale\" content=\"fr_FR\" \/>\n<meta property=\"og:type\" content=\"article\" \/>\n<meta property=\"og:title\" content=\"DOCUMENT DE REFERENCE - &quot;L&#039;\u00c9tat strat\u00e8ge&quot; va cohabiter avec &quot;un secteur priv\u00e9 fort&quot;\" \/>\n<meta property=\"og:description\" content=\"NETTALI.COM - Le nouveau document de politique nationale de d\u00e9veloppement sera utilis\u00e9 par les pouvoirs publics pour promouvoir un &quot;\u00c9tat strat\u00e8ge&quot;, qui planifie son d\u00e9veloppement en faisant appel en m\u00eame temps \u00e0 un secteur priv\u00e9 fort, a assur\u00e9 Victor Ndiaye, le pr\u00e9sident-fondateur du cabinet Performances Group, lequel a contribu\u00e9 \u00e0 son \u00e9laboration. Le S\u00e9n\u00e9gal va, [&hellip;]\" \/>\n<meta property=\"og:url\" content=\"https:\/\/www.nettali.com\/2024\/10\/14\/document-de-reference-l-etat-stratege-va-cohabiter-avec-un-secteur-prive-fort\/\" \/>\n<meta property=\"og:site_name\" content=\"Nettali.com\" \/>\n<meta property=\"article:publisher\" content=\"https:\/\/www.facebook.com\/nettalicom\" \/>\n<meta property=\"article:published_time\" content=\"2024-10-14T17:48:15+00:00\" \/>\n<meta property=\"article:modified_time\" content=\"2024-10-15T07:32:36+00:00\" \/>\n<meta property=\"og:image\" content=\"https:\/\/www.nettali.com\/wp-content\/uploads\/2024\/10\/Le-Projet.jpg\" \/>\n\t<meta property=\"og:image:width\" content=\"1080\" \/>\n\t<meta property=\"og:image:height\" content=\"810\" \/>\n<meta name=\"twitter:card\" content=\"summary_large_image\" \/>\n<meta name=\"twitter:label1\" content=\"\u00c9crit par\" \/>\n\t<meta name=\"twitter:data1\" content=\"Daouda\" \/>\n\t<meta name=\"twitter:label2\" content=\"Dur\u00e9e de lecture estim\u00e9e\" \/>\n\t<meta name=\"twitter:data2\" content=\"2 minutes\" \/>\n<script type=\"application\/ld+json\" class=\"yoast-schema-graph\">{\"@context\":\"https:\/\/schema.org\",\"@graph\":[{\"@type\":\"WebSite\",\"@id\":\"https:\/\/www.nettali.com\/#website\",\"url\":\"https:\/\/www.nettali.com\/\",\"name\":\"Nettali.com\",\"description\":\"Le rendez-vous critique du Net\",\"potentialAction\":[{\"@type\":\"SearchAction\",\"target\":{\"@type\":\"EntryPoint\",\"urlTemplate\":\"https:\/\/www.nettali.com\/?s={search_term_string}\"},\"query-input\":\"required name=search_term_string\"}],\"inLanguage\":\"fr-FR\"},{\"@type\":\"ImageObject\",\"@id\":\"https:\/\/www.nettali.com\/2024\/10\/14\/document-de-reference-l-etat-stratege-va-cohabiter-avec-un-secteur-prive-fort\/#primaryimage\",\"inLanguage\":\"fr-FR\",\"url\":\"https:\/\/www.nettali.com\/wp-content\/uploads\/2024\/10\/Le-Projet.jpg\",\"contentUrl\":\"https:\/\/www.nettali.com\/wp-content\/uploads\/2024\/10\/Le-Projet.jpg\",\"width\":1080,\"height\":810},{\"@type\":\"WebPage\",\"@id\":\"https:\/\/www.nettali.com\/2024\/10\/14\/document-de-reference-l-etat-stratege-va-cohabiter-avec-un-secteur-prive-fort\/#webpage\",\"url\":\"https:\/\/www.nettali.com\/2024\/10\/14\/document-de-reference-l-etat-stratege-va-cohabiter-avec-un-secteur-prive-fort\/\",\"name\":\"DOCUMENT DE REFERENCE - \\\"L'\\u00c9tat strat\\u00e8ge\\\" va cohabiter avec \\\"un secteur priv\\u00e9 fort\\\" | Nettali.com\",\"isPartOf\":{\"@id\":\"https:\/\/www.nettali.com\/#website\"},\"primaryImageOfPage\":{\"@id\":\"https:\/\/www.nettali.com\/2024\/10\/14\/document-de-reference-l-etat-stratege-va-cohabiter-avec-un-secteur-prive-fort\/#primaryimage\"},\"datePublished\":\"2024-10-14T17:48:15+00:00\",\"dateModified\":\"2024-10-15T07:32:36+00:00\",\"author\":{\"@id\":\"https:\/\/www.nettali.com\/#\/schema\/person\/3317e0bb3aa1da309fbf7b2780901bf4\"},\"breadcrumb\":{\"@id\":\"https:\/\/www.nettali.com\/2024\/10\/14\/document-de-reference-l-etat-stratege-va-cohabiter-avec-un-secteur-prive-fort\/#breadcrumb\"},\"inLanguage\":\"fr-FR\",\"potentialAction\":[{\"@type\":\"ReadAction\",\"target\":[\"https:\/\/www.nettali.com\/2024\/10\/14\/document-de-reference-l-etat-stratege-va-cohabiter-avec-un-secteur-prive-fort\/\"]}]},{\"@type\":\"BreadcrumbList\",\"@id\":\"https:\/\/www.nettali.com\/2024\/10\/14\/document-de-reference-l-etat-stratege-va-cohabiter-avec-un-secteur-prive-fort\/#breadcrumb\",\"itemListElement\":[{\"@type\":\"ListItem\",\"position\":1,\"name\":\"Accueil\",\"item\":\"https:\/\/www.nettali.com\/\"},{\"@type\":\"ListItem\",\"position\":2,\"name\":\"DOCUMENT DE REFERENCE - \\\"L'\\u00c9tat strat\\u00e8ge\\\" va cohabiter avec \\\"un secteur priv\\u00e9 fort\\\"\"}]},{\"@type\":\"Person\",\"@id\":\"https:\/\/www.nettali.com\/#\/schema\/person\/3317e0bb3aa1da309fbf7b2780901bf4\",\"name\":\"Daouda\",\"image\":{\"@type\":\"ImageObject\",\"@id\":\"https:\/\/www.nettali.com\/#personlogo\",\"inLanguage\":\"fr-FR\",\"url\":\"https:\/\/secure.gravatar.com\/avatar\/8d143b5a49345098ddcfee1c49c2f47c?s=96&d=mm&r=g\",\"contentUrl\":\"https:\/\/secure.gravatar.com\/avatar\/8d143b5a49345098ddcfee1c49c2f47c?s=96&d=mm&r=g\",\"caption\":\"Daouda\"},\"sameAs\":[\"https:\/\/www.nettali.com\"]}]}<\/script>\n<!-- \/ Yoast SEO Premium plugin. -->","yoast_head_json":{"title":"DOCUMENT DE REFERENCE - \"L'\u00c9tat strat\u00e8ge\" va cohabiter avec \"un secteur priv\u00e9 fort\" | Nettali.com","robots":{"index":"index","follow":"follow","max-snippet":"max-snippet:-1","max-image-preview":"max-image-preview:large","max-video-preview":"max-video-preview:-1"},"canonical":"https:\/\/www.nettali.com\/2024\/10\/14\/document-de-reference-l-etat-stratege-va-cohabiter-avec-un-secteur-prive-fort\/","og_locale":"fr_FR","og_type":"article","og_title":"DOCUMENT DE REFERENCE - \"L'\u00c9tat strat\u00e8ge\" va cohabiter avec \"un secteur priv\u00e9 fort\"","og_description":"NETTALI.COM - Le nouveau document de politique nationale de d\u00e9veloppement sera utilis\u00e9 par les pouvoirs publics pour promouvoir un \"\u00c9tat strat\u00e8ge\", qui planifie son d\u00e9veloppement en faisant appel en m\u00eame temps \u00e0 un secteur priv\u00e9 fort, a assur\u00e9 Victor Ndiaye, le pr\u00e9sident-fondateur du cabinet Performances Group, lequel a contribu\u00e9 \u00e0 son \u00e9laboration. Le S\u00e9n\u00e9gal va, [&hellip;]","og_url":"https:\/\/www.nettali.com\/2024\/10\/14\/document-de-reference-l-etat-stratege-va-cohabiter-avec-un-secteur-prive-fort\/","og_site_name":"Nettali.com","article_publisher":"https:\/\/www.facebook.com\/nettalicom","article_published_time":"2024-10-14T17:48:15+00:00","article_modified_time":"2024-10-15T07:32:36+00:00","og_image":[{"width":1080,"height":810,"url":"https:\/\/www.nettali.com\/wp-content\/uploads\/2024\/10\/Le-Projet.jpg","type":"image\/jpeg"}],"twitter_card":"summary_large_image","twitter_misc":{"\u00c9crit par":"Daouda","Dur\u00e9e de lecture estim\u00e9e":"2 minutes"},"schema":{"@context":"https:\/\/schema.org","@graph":[{"@type":"WebSite","@id":"https:\/\/www.nettali.com\/#website","url":"https:\/\/www.nettali.com\/","name":"Nettali.com","description":"Le rendez-vous critique du Net","potentialAction":[{"@type":"SearchAction","target":{"@type":"EntryPoint","urlTemplate":"https:\/\/www.nettali.com\/?s={search_term_string}"},"query-input":"required name=search_term_string"}],"inLanguage":"fr-FR"},{"@type":"ImageObject","@id":"https:\/\/www.nettali.com\/2024\/10\/14\/document-de-reference-l-etat-stratege-va-cohabiter-avec-un-secteur-prive-fort\/#primaryimage","inLanguage":"fr-FR","url":"https:\/\/www.nettali.com\/wp-content\/uploads\/2024\/10\/Le-Projet.jpg","contentUrl":"https:\/\/www.nettali.com\/wp-content\/uploads\/2024\/10\/Le-Projet.jpg","width":1080,"height":810},{"@type":"WebPage","@id":"https:\/\/www.nettali.com\/2024\/10\/14\/document-de-reference-l-etat-stratege-va-cohabiter-avec-un-secteur-prive-fort\/#webpage","url":"https:\/\/www.nettali.com\/2024\/10\/14\/document-de-reference-l-etat-stratege-va-cohabiter-avec-un-secteur-prive-fort\/","name":"DOCUMENT DE REFERENCE - \"L'\u00c9tat strat\u00e8ge\" va cohabiter avec \"un secteur priv\u00e9 fort\" | Nettali.com","isPartOf":{"@id":"https:\/\/www.nettali.com\/#website"},"primaryImageOfPage":{"@id":"https:\/\/www.nettali.com\/2024\/10\/14\/document-de-reference-l-etat-stratege-va-cohabiter-avec-un-secteur-prive-fort\/#primaryimage"},"datePublished":"2024-10-14T17:48:15+00:00","dateModified":"2024-10-15T07:32:36+00:00","author":{"@id":"https:\/\/www.nettali.com\/#\/schema\/person\/3317e0bb3aa1da309fbf7b2780901bf4"},"breadcrumb":{"@id":"https:\/\/www.nettali.com\/2024\/10\/14\/document-de-reference-l-etat-stratege-va-cohabiter-avec-un-secteur-prive-fort\/#breadcrumb"},"inLanguage":"fr-FR","potentialAction":[{"@type":"ReadAction","target":["https:\/\/www.nettali.com\/2024\/10\/14\/document-de-reference-l-etat-stratege-va-cohabiter-avec-un-secteur-prive-fort\/"]}]},{"@type":"BreadcrumbList","@id":"https:\/\/www.nettali.com\/2024\/10\/14\/document-de-reference-l-etat-stratege-va-cohabiter-avec-un-secteur-prive-fort\/#breadcrumb","itemListElement":[{"@type":"ListItem","position":1,"name":"Accueil","item":"https:\/\/www.nettali.com\/"},{"@type":"ListItem","position":2,"name":"DOCUMENT DE REFERENCE - \"L'\u00c9tat strat\u00e8ge\" va cohabiter avec \"un secteur priv\u00e9 fort\""}]},{"@type":"Person","@id":"https:\/\/www.nettali.com\/#\/schema\/person\/3317e0bb3aa1da309fbf7b2780901bf4","name":"Daouda","image":{"@type":"ImageObject","@id":"https:\/\/www.nettali.com\/#personlogo","inLanguage":"fr-FR","url":"https:\/\/secure.gravatar.com\/avatar\/8d143b5a49345098ddcfee1c49c2f47c?s=96&d=mm&r=g","contentUrl":"https:\/\/secure.gravatar.com\/avatar\/8d143b5a49345098ddcfee1c49c2f47c?s=96&d=mm&r=g","caption":"Daouda"},"sameAs":["https:\/\/www.nettali.com"]}]}},"_links":{"self":[{"href":"https:\/\/www.nettali.com\/rest\/wp\/v2\/posts\/141917"}],"collection":[{"href":"https:\/\/www.nettali.com\/rest\/wp\/v2\/posts"}],"about":[{"href":"https:\/\/www.nettali.com\/rest\/wp\/v2\/types\/post"}],"author":[{"embeddable":true,"href":"https:\/\/www.nettali.com\/rest\/wp\/v2\/users\/4"}],"replies":[{"embeddable":true,"href":"https:\/\/www.nettali.com\/rest\/wp\/v2\/comments?post=141917"}],"version-history":[{"count":2,"href":"https:\/\/www.nettali.com\/rest\/wp\/v2\/posts\/141917\/revisions"}],"predecessor-version":[{"id":141954,"href":"https:\/\/www.nettali.com\/rest\/wp\/v2\/posts\/141917\/revisions\/141954"}],"wp:featuredmedia":[{"embeddable":true,"href":"https:\/\/www.nettali.com\/rest\/wp\/v2\/media\/141924"}],"wp:attachment":[{"href":"https:\/\/www.nettali.com\/rest\/wp\/v2\/media?parent=141917"}],"wp:term":[{"taxonomy":"category","embeddable":true,"href":"https:\/\/www.nettali.com\/rest\/wp\/v2\/categories?post=141917"},{"taxonomy":"post_tag","embeddable":true,"href":"https:\/\/www.nettali.com\/rest\/wp\/v2\/tags?post=141917"}],"curies":[{"name":"wp","href":"https:\/\/api.w.org\/{rel}","templated":true}]}}