{"id":141877,"date":"2024-10-14T07:28:47","date_gmt":"2024-10-14T07:28:47","guid":{"rendered":"https:\/\/www.nettali.com\/?p=141877"},"modified":"2024-10-14T07:28:47","modified_gmt":"2024-10-14T07:28:47","slug":"lapr-sen-prend-a-ousmane-sonko-et-a-mimi-toure","status":"publish","type":"post","link":"https:\/\/www.nettali.com\/2024\/10\/14\/lapr-sen-prend-a-ousmane-sonko-et-a-mimi-toure\/","title":{"rendered":"L'APR s'en prend \u00e0 Ousmane Sonko et \u00e0 Mimi Tour\u00e9"},"content":{"rendered":"<p><strong>NETTALI.COM -<\/strong> Macky Sall est investi t\u00eate de liste pour les \u00e9lections l\u00e9gislatives anticip\u00e9es du 17 novembre 2024 de la coalition de l\u2019APR. Une d\u00e9cision qui a suscit\u00e9 des r\u00e9actions du c\u00f4t\u00e9 du camp d\u2019Ousmane Sonko, qualifi\u00e9e de \u201c<em>divagation extr\u00eame<\/em>\u201d par les soutiens de Macky Sall dans un communiqu\u00e9 re\u00e7u \u00e0 \u201cNettali.com\u201d.<\/p>\n<p>\u201c<em>Le camp du Premier ministre Ousmane Sonko ne sait plus o\u00f9 donner de la langue<\/em>\u201d, affirme la coalition dans un communiqu\u00e9 sign\u00e9 par le Secr\u00e9tariat ex\u00e9cutif national de l\u2019APR.<\/p>\n<p>Les partisans de Macky Sall soulignent que la campagne s'annonce difficile pour leurs adversaires, en raison du \u201c<em>discr\u00e9dit des S\u00e9n\u00e9galais \u00e0 leur endroit<\/em>\u201d et de la situation \u00e9conomique pr\u00e9caire du pays sous la gouvernance actuelle. Selon eux, les \u00e9lecteurs \u201c<em>ont bien l'intention de corriger l'erreur du 24 mars<\/em>\u201d, en ne permettant pas \u00e0 Ousmane Sonko d'obtenir la majorit\u00e9 \u00e0 l'Assembl\u00e9e nationale.<\/p>\n<p>Le communiqu\u00e9 \u00e9voque \u00e9galement les r\u00e9centes d\u00e9cisions du Premier ministre, notamment les \u201c<em>menaces<\/em>\u201d et \u201c<em>arrestations<\/em>\u201d de ceux qui s'opposent \u00e0 ses politiques ainsi que des mesures qualifi\u00e9es de d\u00e9risoires, comme \u201c<em>l'interdiction des machines \u00e0 caf\u00e9 dans les bureaux de l'Administration<\/em>\u201d.<\/p>\n<p>Pour les partisans de Macky Sall, ces actes d\u00e9montrent une \u201c<em>dictature rampante<\/em>\u201d contre la-quelle leur chef se dresse en rempart.<\/p>\n<p>D\u2019autre part, la coalition reproche \u00e0 Sonko de vouloir faire de la \u201c<em>reddition des comptes<\/em>\u201d le seul th\u00e8me de campagne pour d\u00e9tourner l\u2019attention des scandales tels que celui de l'Agence s\u00e9n\u00e9galaise d'\u00e9lectrification rurale (Aser) o\u00f9 ils affirment que la gestion du dossier a conduit \u00e0 des limogeages arbitraires.<\/p>\n<p>\u201c<em>Les S\u00e9n\u00e9galais se sont r\u00e9veill\u00e9s de leur torpeur<\/em>\u201d, indique le communiqu\u00e9, avant de rappeler que cette affaire a profond\u00e9ment choqu\u00e9 l'opinion publique. Les attaques ne s\u2019arr\u00eatent pas l\u00e0. Le soutien du pouvoir \u00e0 une figure qualifi\u00e9e d\u201d\u2019hyst\u00e9rique\u201d pour avoir trait\u00e9 Macky Sall d\u201d\u2019<em>assassin de nos enfants<\/em>\u201d est \u00e9galement d\u00e9nonc\u00e9.<\/p>\n<p>La coalition critique par ailleurs Aminata Tour\u00e9, ancienne Premi\u00e8re ministre, pour ses d\u00e9clarations accusant Macky Sall d\u2019\u00eatre responsable des 80 morts survenus lors des r\u00e9centes \u00e9meutes. Ils rappellent que Mme Tour\u00e9 avait, par le pass\u00e9, accus\u00e9 Ousmane Sonko d\u2019avoir \u201c<em>infiltr\u00e9 des tireurs dans les foules<\/em>\u201d pour discr\u00e9diter les forces de s\u00e9curit\u00e9.<\/p>\n<p>La coalition appelle enfin les S\u00e9n\u00e9galais \u00e0 se mobiliser le 17 novembre pour \u201c<em>faire barrage \u00e0 ceux qui veulent faire du S\u00e9n\u00e9gal un pays sous dictature<\/em>\u201d. Ils encouragent \u00e0 soutenir leur candidat, Macky Sall, qu\u2019ils consid\u00e8rent comme la meilleure protection contre les \u201cforces obscures\u201d qui, selon eux, menacent la coh\u00e9sion nationale.<\/p>\n<div class='share-to-whatsapp-wrapper'><div class='share-on-whsp'>PARTAGER SUR : <\/div><a data-text='L'APR s'en prend \u00e0 Ousmane Sonko et \u00e0 Mimi Tour\u00e9' data-link='https:\/\/www.nettali.com\/2024\/10\/14\/lapr-sen-prend-a-ousmane-sonko-et-a-mimi-toure\/' class='whatsapp-button whatsapp-share'>WhatsApp<\/a><div class='clear '><\/div><\/div>","protected":false},"excerpt":{"rendered":"<p>NETTALI.COM - Macky Sall est investi t\u00eate de liste pour les \u00e9lections l\u00e9gislatives anticip\u00e9es du 17 novembre 2024 de la coalition de l\u2019APR. Une d\u00e9cision qui a suscit\u00e9 des r\u00e9actions du c\u00f4t\u00e9 du camp d\u2019Ousmane Sonko, qualifi\u00e9e de \u201cdivagation extr\u00eame\u201d par les soutiens de Macky Sall dans un communiqu\u00e9 re\u00e7u \u00e0 \u201cNettali.com\u201d. \u201cLe camp du [&hellip;]<\/p>\n","protected":false},"author":2,"featured_media":141878,"comment_status":"open","ping_status":"open","sticky":false,"template":"","format":"standard","meta":{"_et_pb_use_builder":"","_et_pb_old_content":""},"categories":[34945],"tags":[],"yoast_head":"<!-- This site is optimized with the Yoast SEO Premium plugin v17.8 (Yoast SEO v17.8) - https:\/\/yoast.com\/wordpress\/plugins\/seo\/ -->\n<title>L&#039;APR s&#039;en prend \u00e0 Ousmane Sonko et \u00e0 Mimi Tour\u00e9 | Nettali.com<\/title>\n<meta name=\"robots\" content=\"index, follow, max-snippet:-1, max-image-preview:large, max-video-preview:-1\" \/>\n<link rel=\"canonical\" href=\"https:\/\/www.nettali.com\/2024\/10\/14\/lapr-sen-prend-a-ousmane-sonko-et-a-mimi-toure\/\" \/>\n<meta property=\"og:locale\" content=\"fr_FR\" \/>\n<meta property=\"og:type\" content=\"article\" \/>\n<meta property=\"og:title\" content=\"L&#039;APR s&#039;en prend \u00e0 Ousmane Sonko et \u00e0 Mimi Tour\u00e9\" \/>\n<meta property=\"og:description\" content=\"NETTALI.COM - Macky Sall est investi t\u00eate de liste pour les \u00e9lections l\u00e9gislatives anticip\u00e9es du 17 novembre 2024 de la coalition de l\u2019APR. Une d\u00e9cision qui a suscit\u00e9 des r\u00e9actions du c\u00f4t\u00e9 du camp d\u2019Ousmane Sonko, qualifi\u00e9e de \u201cdivagation extr\u00eame\u201d par les soutiens de Macky Sall dans un communiqu\u00e9 re\u00e7u \u00e0 \u201cNettali.com\u201d. \u201cLe camp du [&hellip;]\" \/>\n<meta property=\"og:url\" content=\"https:\/\/www.nettali.com\/2024\/10\/14\/lapr-sen-prend-a-ousmane-sonko-et-a-mimi-toure\/\" \/>\n<meta property=\"og:site_name\" content=\"Nettali.com\" \/>\n<meta property=\"article:publisher\" content=\"https:\/\/www.facebook.com\/nettalicom\" \/>\n<meta property=\"article:published_time\" content=\"2024-10-14T07:28:47+00:00\" \/>\n<meta property=\"og:image\" content=\"https:\/\/www.nettali.com\/wp-content\/uploads\/2024\/10\/FB_IMG_1678823404504_1.jpg\" \/>\n\t<meta property=\"og:image:width\" content=\"932\" \/>\n\t<meta property=\"og:image:height\" content=\"594\" \/>\n<meta name=\"twitter:card\" content=\"summary_large_image\" \/>\n<meta name=\"twitter:label1\" content=\"\u00c9crit par\" \/>\n\t<meta name=\"twitter:data1\" content=\"CK\" \/>\n\t<meta name=\"twitter:label2\" content=\"Dur\u00e9e de lecture estim\u00e9e\" \/>\n\t<meta name=\"twitter:data2\" content=\"3 minutes\" \/>\n<script type=\"application\/ld+json\" class=\"yoast-schema-graph\">{\"@context\":\"https:\/\/schema.org\",\"@graph\":[{\"@type\":\"WebSite\",\"@id\":\"https:\/\/www.nettali.com\/#website\",\"url\":\"https:\/\/www.nettali.com\/\",\"name\":\"Nettali.com\",\"description\":\"Le rendez-vous critique du Net\",\"potentialAction\":[{\"@type\":\"SearchAction\",\"target\":{\"@type\":\"EntryPoint\",\"urlTemplate\":\"https:\/\/www.nettali.com\/?s={search_term_string}\"},\"query-input\":\"required name=search_term_string\"}],\"inLanguage\":\"fr-FR\"},{\"@type\":\"ImageObject\",\"@id\":\"https:\/\/www.nettali.com\/2024\/10\/14\/lapr-sen-prend-a-ousmane-sonko-et-a-mimi-toure\/#primaryimage\",\"inLanguage\":\"fr-FR\",\"url\":\"https:\/\/www.nettali.com\/wp-content\/uploads\/2024\/10\/FB_IMG_1678823404504_1.jpg\",\"contentUrl\":\"https:\/\/www.nettali.com\/wp-content\/uploads\/2024\/10\/FB_IMG_1678823404504_1.jpg\",\"width\":932,\"height\":594},{\"@type\":\"WebPage\",\"@id\":\"https:\/\/www.nettali.com\/2024\/10\/14\/lapr-sen-prend-a-ousmane-sonko-et-a-mimi-toure\/#webpage\",\"url\":\"https:\/\/www.nettali.com\/2024\/10\/14\/lapr-sen-prend-a-ousmane-sonko-et-a-mimi-toure\/\",\"name\":\"L'APR s'en prend \\u00e0 Ousmane Sonko et \\u00e0 Mimi Tour\\u00e9 | Nettali.com\",\"isPartOf\":{\"@id\":\"https:\/\/www.nettali.com\/#website\"},\"primaryImageOfPage\":{\"@id\":\"https:\/\/www.nettali.com\/2024\/10\/14\/lapr-sen-prend-a-ousmane-sonko-et-a-mimi-toure\/#primaryimage\"},\"datePublished\":\"2024-10-14T07:28:47+00:00\",\"dateModified\":\"2024-10-14T07:28:47+00:00\",\"author\":{\"@id\":\"https:\/\/www.nettali.com\/#\/schema\/person\/d8ac7b7e27ddad43f1c0d2ef090d7f71\"},\"breadcrumb\":{\"@id\":\"https:\/\/www.nettali.com\/2024\/10\/14\/lapr-sen-prend-a-ousmane-sonko-et-a-mimi-toure\/#breadcrumb\"},\"inLanguage\":\"fr-FR\",\"potentialAction\":[{\"@type\":\"ReadAction\",\"target\":[\"https:\/\/www.nettali.com\/2024\/10\/14\/lapr-sen-prend-a-ousmane-sonko-et-a-mimi-toure\/\"]}]},{\"@type\":\"BreadcrumbList\",\"@id\":\"https:\/\/www.nettali.com\/2024\/10\/14\/lapr-sen-prend-a-ousmane-sonko-et-a-mimi-toure\/#breadcrumb\",\"itemListElement\":[{\"@type\":\"ListItem\",\"position\":1,\"name\":\"Accueil\",\"item\":\"https:\/\/www.nettali.com\/\"},{\"@type\":\"ListItem\",\"position\":2,\"name\":\"L'APR s'en prend \\u00e0 Ousmane Sonko et \\u00e0 Mimi Tour\\u00e9\"}]},{\"@type\":\"Person\",\"@id\":\"https:\/\/www.nettali.com\/#\/schema\/person\/d8ac7b7e27ddad43f1c0d2ef090d7f71\",\"name\":\"CK\",\"image\":{\"@type\":\"ImageObject\",\"@id\":\"https:\/\/www.nettali.com\/#personlogo\",\"inLanguage\":\"fr-FR\",\"url\":\"https:\/\/secure.gravatar.com\/avatar\/1d8d5118b9327d94da7cd4ce7f17fec2?s=96&d=mm&r=g\",\"contentUrl\":\"https:\/\/secure.gravatar.com\/avatar\/1d8d5118b9327d94da7cd4ce7f17fec2?s=96&d=mm&r=g\",\"caption\":\"CK\"},\"sameAs\":[\"https:\/\/www.nettali.com\"]}]}<\/script>\n<!-- \/ Yoast SEO Premium plugin. -->","yoast_head_json":{"title":"L'APR s'en prend \u00e0 Ousmane Sonko et \u00e0 Mimi Tour\u00e9 | Nettali.com","robots":{"index":"index","follow":"follow","max-snippet":"max-snippet:-1","max-image-preview":"max-image-preview:large","max-video-preview":"max-video-preview:-1"},"canonical":"https:\/\/www.nettali.com\/2024\/10\/14\/lapr-sen-prend-a-ousmane-sonko-et-a-mimi-toure\/","og_locale":"fr_FR","og_type":"article","og_title":"L'APR s'en prend \u00e0 Ousmane Sonko et \u00e0 Mimi Tour\u00e9","og_description":"NETTALI.COM - Macky Sall est investi t\u00eate de liste pour les \u00e9lections l\u00e9gislatives anticip\u00e9es du 17 novembre 2024 de la coalition de l\u2019APR. Une d\u00e9cision qui a suscit\u00e9 des r\u00e9actions du c\u00f4t\u00e9 du camp d\u2019Ousmane Sonko, qualifi\u00e9e de \u201cdivagation extr\u00eame\u201d par les soutiens de Macky Sall dans un communiqu\u00e9 re\u00e7u \u00e0 \u201cNettali.com\u201d. \u201cLe camp du [&hellip;]","og_url":"https:\/\/www.nettali.com\/2024\/10\/14\/lapr-sen-prend-a-ousmane-sonko-et-a-mimi-toure\/","og_site_name":"Nettali.com","article_publisher":"https:\/\/www.facebook.com\/nettalicom","article_published_time":"2024-10-14T07:28:47+00:00","og_image":[{"width":932,"height":594,"url":"https:\/\/www.nettali.com\/wp-content\/uploads\/2024\/10\/FB_IMG_1678823404504_1.jpg","type":"image\/jpeg"}],"twitter_card":"summary_large_image","twitter_misc":{"\u00c9crit par":"CK","Dur\u00e9e de lecture estim\u00e9e":"3 minutes"},"schema":{"@context":"https:\/\/schema.org","@graph":[{"@type":"WebSite","@id":"https:\/\/www.nettali.com\/#website","url":"https:\/\/www.nettali.com\/","name":"Nettali.com","description":"Le rendez-vous critique du Net","potentialAction":[{"@type":"SearchAction","target":{"@type":"EntryPoint","urlTemplate":"https:\/\/www.nettali.com\/?s={search_term_string}"},"query-input":"required name=search_term_string"}],"inLanguage":"fr-FR"},{"@type":"ImageObject","@id":"https:\/\/www.nettali.com\/2024\/10\/14\/lapr-sen-prend-a-ousmane-sonko-et-a-mimi-toure\/#primaryimage","inLanguage":"fr-FR","url":"https:\/\/www.nettali.com\/wp-content\/uploads\/2024\/10\/FB_IMG_1678823404504_1.jpg","contentUrl":"https:\/\/www.nettali.com\/wp-content\/uploads\/2024\/10\/FB_IMG_1678823404504_1.jpg","width":932,"height":594},{"@type":"WebPage","@id":"https:\/\/www.nettali.com\/2024\/10\/14\/lapr-sen-prend-a-ousmane-sonko-et-a-mimi-toure\/#webpage","url":"https:\/\/www.nettali.com\/2024\/10\/14\/lapr-sen-prend-a-ousmane-sonko-et-a-mimi-toure\/","name":"L'APR s'en prend \u00e0 Ousmane Sonko et \u00e0 Mimi Tour\u00e9 | Nettali.com","isPartOf":{"@id":"https:\/\/www.nettali.com\/#website"},"primaryImageOfPage":{"@id":"https:\/\/www.nettali.com\/2024\/10\/14\/lapr-sen-prend-a-ousmane-sonko-et-a-mimi-toure\/#primaryimage"},"datePublished":"2024-10-14T07:28:47+00:00","dateModified":"2024-10-14T07:28:47+00:00","author":{"@id":"https:\/\/www.nettali.com\/#\/schema\/person\/d8ac7b7e27ddad43f1c0d2ef090d7f71"},"breadcrumb":{"@id":"https:\/\/www.nettali.com\/2024\/10\/14\/lapr-sen-prend-a-ousmane-sonko-et-a-mimi-toure\/#breadcrumb"},"inLanguage":"fr-FR","potentialAction":[{"@type":"ReadAction","target":["https:\/\/www.nettali.com\/2024\/10\/14\/lapr-sen-prend-a-ousmane-sonko-et-a-mimi-toure\/"]}]},{"@type":"BreadcrumbList","@id":"https:\/\/www.nettali.com\/2024\/10\/14\/lapr-sen-prend-a-ousmane-sonko-et-a-mimi-toure\/#breadcrumb","itemListElement":[{"@type":"ListItem","position":1,"name":"Accueil","item":"https:\/\/www.nettali.com\/"},{"@type":"ListItem","position":2,"name":"L'APR s'en prend \u00e0 Ousmane Sonko et \u00e0 Mimi Tour\u00e9"}]},{"@type":"Person","@id":"https:\/\/www.nettali.com\/#\/schema\/person\/d8ac7b7e27ddad43f1c0d2ef090d7f71","name":"CK","image":{"@type":"ImageObject","@id":"https:\/\/www.nettali.com\/#personlogo","inLanguage":"fr-FR","url":"https:\/\/secure.gravatar.com\/avatar\/1d8d5118b9327d94da7cd4ce7f17fec2?s=96&d=mm&r=g","contentUrl":"https:\/\/secure.gravatar.com\/avatar\/1d8d5118b9327d94da7cd4ce7f17fec2?s=96&d=mm&r=g","caption":"CK"},"sameAs":["https:\/\/www.nettali.com"]}]}},"_links":{"self":[{"href":"https:\/\/www.nettali.com\/rest\/wp\/v2\/posts\/141877"}],"collection":[{"href":"https:\/\/www.nettali.com\/rest\/wp\/v2\/posts"}],"about":[{"href":"https:\/\/www.nettali.com\/rest\/wp\/v2\/types\/post"}],"author":[{"embeddable":true,"href":"https:\/\/www.nettali.com\/rest\/wp\/v2\/users\/2"}],"replies":[{"embeddable":true,"href":"https:\/\/www.nettali.com\/rest\/wp\/v2\/comments?post=141877"}],"version-history":[{"count":1,"href":"https:\/\/www.nettali.com\/rest\/wp\/v2\/posts\/141877\/revisions"}],"predecessor-version":[{"id":141879,"href":"https:\/\/www.nettali.com\/rest\/wp\/v2\/posts\/141877\/revisions\/141879"}],"wp:featuredmedia":[{"embeddable":true,"href":"https:\/\/www.nettali.com\/rest\/wp\/v2\/media\/141878"}],"wp:attachment":[{"href":"https:\/\/www.nettali.com\/rest\/wp\/v2\/media?parent=141877"}],"wp:term":[{"taxonomy":"category","embeddable":true,"href":"https:\/\/www.nettali.com\/rest\/wp\/v2\/categories?post=141877"},{"taxonomy":"post_tag","embeddable":true,"href":"https:\/\/www.nettali.com\/rest\/wp\/v2\/tags?post=141877"}],"curies":[{"name":"wp","href":"https:\/\/api.w.org\/{rel}","templated":true}]}}