{"id":141766,"date":"2024-10-11T08:55:09","date_gmt":"2024-10-11T08:55:09","guid":{"rendered":"https:\/\/www.nettali.com\/?p=141766"},"modified":"2024-10-12T06:12:07","modified_gmt":"2024-10-12T06:12:07","slug":"election-legislatives-pourquoi-le-conseil-constitutionnel-a-rejete-les-requetes-contre-sonko-et-barthelemy-dias","status":"publish","type":"post","link":"https:\/\/www.nettali.com\/2024\/10\/11\/election-legislatives-pourquoi-le-conseil-constitutionnel-a-rejete-les-requetes-contre-sonko-et-barthelemy-dias\/","title":{"rendered":"ELECTION LEGISLATIVES \u2013 Pourquoi le Conseil constitutionnel a rejet\u00e9 les requ\u00eates contre Sonko et Barth\u00e9l\u00e9my Dias"},"content":{"rendered":"<p><strong>NETTALI.COM - Le Conseil constitutionnel a finalement rejet\u00e9 les requ\u00eates d\u00e9pos\u00e9es contre Ousmane Sonko et Barth\u00e9l\u00e9my Dias. Dans leur d\u00e9cision, les \u00ab7 sages \u00bb ont d\u00e9clar\u00e9 irrecevables les requ\u00eates, estimant que seul le minist\u00e8re de l\u2019Int\u00e9rieur pouvait saisir le Conseil constitutionnel contre l\u2019in\u00e9ligibilit\u00e9 d\u2019un candidat aux \u00e9lections l\u00e9gislatives.<\/strong><\/p>\n<p>Dans sa d\u00e9cision 72\/E\/24 du 10 octobre 2024 relative \u00e0 la requ\u00eate de Serigne Modou DIEYE pour l\u2019annulation de la candidature de Barth\u00e9l\u00e9my Dias, le conseil constitutionnel a consid\u00e9r\u00e9 que pour soutenir la recevabilit\u00e9 de son recours, le requ\u00e9rant s\u2019est fond\u00e9 sur les dispositions de l'article LO. 184 du Code \u00e9lectoral aux termes desquelles: \u00abEn cas de contestation d'un acte du Ministre charg\u00e9 des \u00e9lections pris en application des articles L.179, L.180 et LO. 183, les mandataires des listes de candidats peuvent, dans les vingt-quatre (24) heures suivant la notification de la d\u00e9cision ou sa publication, se pourvoir devant le Conseil constitutionnel qui statue dans les trois (03) jours qui suivent celui de l'enregistrement de la requ\u00eate\u00bb.<\/p>\n<p>En r\u00e9ponse, les \u00ab7 sages\u00bb rappellent que la question de l'in\u00e9ligibilit\u00e9 d'un candidat aux \u00e9lections l\u00e9gislatives est pr\u00e9vue par l'article LO. 182 du Code \u00e9lectoral et non l\u2019article LO 184. Ils rappellent que l'article LO. 182 du Code \u00e9lectoral, qui est une disposition sp\u00e9cifique aux \u00e9lections l\u00e9gislatives, dispose que seul le minist\u00e8re de l\u2019int\u00e9rieur en charge des \u00e9lections peut saisir le Conseil constitutionnel \u00a0sur l'in\u00e9ligibilit\u00e9 d\u2019un candidat \u00e0 ce scrutin.<\/p>\n<p>Le m\u00eame sort a \u00e9t\u00e9 r\u00e9serv\u00e9 \u00e0 la requ\u00eate d\u00e9pos\u00e9e par Magatte Sy contre la candidature d\u2019Ousmane Sonko.<\/p>\n<p>Le conseil constitutionnel a d\u00e9clar\u00e9 irrecevable la requ\u00eate de la coalition de Macky Sall et Cie en leur signifiant que l'article LO. 182 du Code \u00e9lectoral attribue exclusivement au ministre charg\u00e9 des \u00c9lections le pouvoir de saisir, le cas \u00e9ch\u00e9ant, le conseil constitutionnel pour statuer sur l'in\u00e9ligibilit\u00e9 d\u2019un candidat \u00e0 ce scrutin. Et qu'\u00e0 d\u00e9faut d'une telle saisine par l'autorit\u00e9 comp\u00e9tente dans le d\u00e9lai pr\u00e9vu par la loi, la candidature est re\u00e7ue.<\/p>\n<p>&nbsp;<\/p>\n<p>&nbsp;<\/p>\n<div class='share-to-whatsapp-wrapper'><div class='share-on-whsp'>PARTAGER SUR : <\/div><a data-text='ELECTION LEGISLATIVES \u2013 Pourquoi le Conseil constitutionnel a rejet\u00e9 les requ\u00eates contre Sonko et Barth\u00e9l\u00e9my Dias' data-link='https:\/\/www.nettali.com\/2024\/10\/11\/election-legislatives-pourquoi-le-conseil-constitutionnel-a-rejete-les-requetes-contre-sonko-et-barthelemy-dias\/' class='whatsapp-button whatsapp-share'>WhatsApp<\/a><div class='clear '><\/div><\/div>","protected":false},"excerpt":{"rendered":"<p>NETTALI.COM - Le Conseil constitutionnel a finalement rejet\u00e9 les requ\u00eates d\u00e9pos\u00e9es contre Ousmane Sonko et Barth\u00e9l\u00e9my Dias. Dans leur d\u00e9cision, les \u00ab7 sages \u00bb ont d\u00e9clar\u00e9 irrecevables les requ\u00eates, estimant que seul le minist\u00e8re de l\u2019Int\u00e9rieur pouvait saisir le Conseil constitutionnel contre l\u2019in\u00e9ligibilit\u00e9 d\u2019un candidat aux \u00e9lections l\u00e9gislatives. Dans sa d\u00e9cision 72\/E\/24 du 10 octobre [&hellip;]<\/p>\n","protected":false},"author":4,"featured_media":141767,"comment_status":"open","ping_status":"open","sticky":false,"template":"","format":"standard","meta":{"_et_pb_use_builder":"","_et_pb_old_content":""},"categories":[2],"tags":[],"yoast_head":"<!-- This site is optimized with the Yoast SEO Premium plugin v17.8 (Yoast SEO v17.8) - https:\/\/yoast.com\/wordpress\/plugins\/seo\/ -->\n<title>ELECTION LEGISLATIVES \u2013 Pourquoi le Conseil constitutionnel a rejet\u00e9 les requ\u00eates contre Sonko et Barth\u00e9l\u00e9my Dias | Nettali.com<\/title>\n<meta name=\"robots\" content=\"index, follow, max-snippet:-1, max-image-preview:large, max-video-preview:-1\" \/>\n<link rel=\"canonical\" href=\"https:\/\/www.nettali.com\/2024\/10\/11\/election-legislatives-pourquoi-le-conseil-constitutionnel-a-rejete-les-requetes-contre-sonko-et-barthelemy-dias\/\" \/>\n<meta property=\"og:locale\" content=\"fr_FR\" \/>\n<meta property=\"og:type\" content=\"article\" \/>\n<meta property=\"og:title\" content=\"ELECTION LEGISLATIVES \u2013 Pourquoi le Conseil constitutionnel a rejet\u00e9 les requ\u00eates contre Sonko et Barth\u00e9l\u00e9my Dias\" \/>\n<meta property=\"og:description\" content=\"NETTALI.COM - Le Conseil constitutionnel a finalement rejet\u00e9 les requ\u00eates d\u00e9pos\u00e9es contre Ousmane Sonko et Barth\u00e9l\u00e9my Dias. Dans leur d\u00e9cision, les \u00ab7 sages \u00bb ont d\u00e9clar\u00e9 irrecevables les requ\u00eates, estimant que seul le minist\u00e8re de l\u2019Int\u00e9rieur pouvait saisir le Conseil constitutionnel contre l\u2019in\u00e9ligibilit\u00e9 d\u2019un candidat aux \u00e9lections l\u00e9gislatives. Dans sa d\u00e9cision 72\/E\/24 du 10 octobre [&hellip;]\" \/>\n<meta property=\"og:url\" content=\"https:\/\/www.nettali.com\/2024\/10\/11\/election-legislatives-pourquoi-le-conseil-constitutionnel-a-rejete-les-requetes-contre-sonko-et-barthelemy-dias\/\" \/>\n<meta property=\"og:site_name\" content=\"Nettali.com\" \/>\n<meta property=\"article:publisher\" content=\"https:\/\/www.facebook.com\/nettalicom\" \/>\n<meta property=\"article:published_time\" content=\"2024-10-11T08:55:09+00:00\" \/>\n<meta property=\"article:modified_time\" content=\"2024-10-12T06:12:07+00:00\" \/>\n<meta property=\"og:image\" content=\"https:\/\/www.nettali.com\/wp-content\/uploads\/2024\/10\/Capture-de\u0301cran-2024-10-11-a\u0300-08.54.43.png\" \/>\n\t<meta property=\"og:image:width\" content=\"610\" \/>\n\t<meta property=\"og:image:height\" content=\"301\" \/>\n<meta name=\"twitter:card\" content=\"summary_large_image\" \/>\n<meta name=\"twitter:label1\" content=\"\u00c9crit par\" \/>\n\t<meta name=\"twitter:data1\" content=\"Daouda\" \/>\n\t<meta name=\"twitter:label2\" content=\"Dur\u00e9e de lecture estim\u00e9e\" \/>\n\t<meta name=\"twitter:data2\" content=\"2 minutes\" \/>\n<script type=\"application\/ld+json\" class=\"yoast-schema-graph\">{\"@context\":\"https:\/\/schema.org\",\"@graph\":[{\"@type\":\"WebSite\",\"@id\":\"https:\/\/www.nettali.com\/#website\",\"url\":\"https:\/\/www.nettali.com\/\",\"name\":\"Nettali.com\",\"description\":\"Le rendez-vous critique du Net\",\"potentialAction\":[{\"@type\":\"SearchAction\",\"target\":{\"@type\":\"EntryPoint\",\"urlTemplate\":\"https:\/\/www.nettali.com\/?s={search_term_string}\"},\"query-input\":\"required name=search_term_string\"}],\"inLanguage\":\"fr-FR\"},{\"@type\":\"ImageObject\",\"@id\":\"https:\/\/www.nettali.com\/2024\/10\/11\/election-legislatives-pourquoi-le-conseil-constitutionnel-a-rejete-les-requetes-contre-sonko-et-barthelemy-dias\/#primaryimage\",\"inLanguage\":\"fr-FR\",\"url\":\"https:\/\/www.nettali.com\/wp-content\/uploads\/2024\/10\/Capture-de\\u0301cran-2024-10-11-a\\u0300-08.54.43.png\",\"contentUrl\":\"https:\/\/www.nettali.com\/wp-content\/uploads\/2024\/10\/Capture-de\\u0301cran-2024-10-11-a\\u0300-08.54.43.png\",\"width\":610,\"height\":301},{\"@type\":\"WebPage\",\"@id\":\"https:\/\/www.nettali.com\/2024\/10\/11\/election-legislatives-pourquoi-le-conseil-constitutionnel-a-rejete-les-requetes-contre-sonko-et-barthelemy-dias\/#webpage\",\"url\":\"https:\/\/www.nettali.com\/2024\/10\/11\/election-legislatives-pourquoi-le-conseil-constitutionnel-a-rejete-les-requetes-contre-sonko-et-barthelemy-dias\/\",\"name\":\"ELECTION LEGISLATIVES \\u2013 Pourquoi le Conseil constitutionnel a rejet\\u00e9 les requ\\u00eates contre Sonko et Barth\\u00e9l\\u00e9my Dias | Nettali.com\",\"isPartOf\":{\"@id\":\"https:\/\/www.nettali.com\/#website\"},\"primaryImageOfPage\":{\"@id\":\"https:\/\/www.nettali.com\/2024\/10\/11\/election-legislatives-pourquoi-le-conseil-constitutionnel-a-rejete-les-requetes-contre-sonko-et-barthelemy-dias\/#primaryimage\"},\"datePublished\":\"2024-10-11T08:55:09+00:00\",\"dateModified\":\"2024-10-12T06:12:07+00:00\",\"author\":{\"@id\":\"https:\/\/www.nettali.com\/#\/schema\/person\/3317e0bb3aa1da309fbf7b2780901bf4\"},\"breadcrumb\":{\"@id\":\"https:\/\/www.nettali.com\/2024\/10\/11\/election-legislatives-pourquoi-le-conseil-constitutionnel-a-rejete-les-requetes-contre-sonko-et-barthelemy-dias\/#breadcrumb\"},\"inLanguage\":\"fr-FR\",\"potentialAction\":[{\"@type\":\"ReadAction\",\"target\":[\"https:\/\/www.nettali.com\/2024\/10\/11\/election-legislatives-pourquoi-le-conseil-constitutionnel-a-rejete-les-requetes-contre-sonko-et-barthelemy-dias\/\"]}]},{\"@type\":\"BreadcrumbList\",\"@id\":\"https:\/\/www.nettali.com\/2024\/10\/11\/election-legislatives-pourquoi-le-conseil-constitutionnel-a-rejete-les-requetes-contre-sonko-et-barthelemy-dias\/#breadcrumb\",\"itemListElement\":[{\"@type\":\"ListItem\",\"position\":1,\"name\":\"Accueil\",\"item\":\"https:\/\/www.nettali.com\/\"},{\"@type\":\"ListItem\",\"position\":2,\"name\":\"ELECTION LEGISLATIVES \\u2013 Pourquoi le Conseil constitutionnel a rejet\\u00e9 les requ\\u00eates contre Sonko et Barth\\u00e9l\\u00e9my Dias\"}]},{\"@type\":\"Person\",\"@id\":\"https:\/\/www.nettali.com\/#\/schema\/person\/3317e0bb3aa1da309fbf7b2780901bf4\",\"name\":\"Daouda\",\"image\":{\"@type\":\"ImageObject\",\"@id\":\"https:\/\/www.nettali.com\/#personlogo\",\"inLanguage\":\"fr-FR\",\"url\":\"https:\/\/secure.gravatar.com\/avatar\/8d143b5a49345098ddcfee1c49c2f47c?s=96&d=mm&r=g\",\"contentUrl\":\"https:\/\/secure.gravatar.com\/avatar\/8d143b5a49345098ddcfee1c49c2f47c?s=96&d=mm&r=g\",\"caption\":\"Daouda\"},\"sameAs\":[\"https:\/\/www.nettali.com\"]}]}<\/script>\n<!-- \/ Yoast SEO Premium plugin. -->","yoast_head_json":{"title":"ELECTION LEGISLATIVES \u2013 Pourquoi le Conseil constitutionnel a rejet\u00e9 les requ\u00eates contre Sonko et Barth\u00e9l\u00e9my Dias | Nettali.com","robots":{"index":"index","follow":"follow","max-snippet":"max-snippet:-1","max-image-preview":"max-image-preview:large","max-video-preview":"max-video-preview:-1"},"canonical":"https:\/\/www.nettali.com\/2024\/10\/11\/election-legislatives-pourquoi-le-conseil-constitutionnel-a-rejete-les-requetes-contre-sonko-et-barthelemy-dias\/","og_locale":"fr_FR","og_type":"article","og_title":"ELECTION LEGISLATIVES \u2013 Pourquoi le Conseil constitutionnel a rejet\u00e9 les requ\u00eates contre Sonko et Barth\u00e9l\u00e9my Dias","og_description":"NETTALI.COM - Le Conseil constitutionnel a finalement rejet\u00e9 les requ\u00eates d\u00e9pos\u00e9es contre Ousmane Sonko et Barth\u00e9l\u00e9my Dias. Dans leur d\u00e9cision, les \u00ab7 sages \u00bb ont d\u00e9clar\u00e9 irrecevables les requ\u00eates, estimant que seul le minist\u00e8re de l\u2019Int\u00e9rieur pouvait saisir le Conseil constitutionnel contre l\u2019in\u00e9ligibilit\u00e9 d\u2019un candidat aux \u00e9lections l\u00e9gislatives. Dans sa d\u00e9cision 72\/E\/24 du 10 octobre [&hellip;]","og_url":"https:\/\/www.nettali.com\/2024\/10\/11\/election-legislatives-pourquoi-le-conseil-constitutionnel-a-rejete-les-requetes-contre-sonko-et-barthelemy-dias\/","og_site_name":"Nettali.com","article_publisher":"https:\/\/www.facebook.com\/nettalicom","article_published_time":"2024-10-11T08:55:09+00:00","article_modified_time":"2024-10-12T06:12:07+00:00","og_image":[{"width":610,"height":301,"url":"https:\/\/www.nettali.com\/wp-content\/uploads\/2024\/10\/Capture-de\u0301cran-2024-10-11-a\u0300-08.54.43.png","type":"image\/png"}],"twitter_card":"summary_large_image","twitter_misc":{"\u00c9crit par":"Daouda","Dur\u00e9e de lecture estim\u00e9e":"2 minutes"},"schema":{"@context":"https:\/\/schema.org","@graph":[{"@type":"WebSite","@id":"https:\/\/www.nettali.com\/#website","url":"https:\/\/www.nettali.com\/","name":"Nettali.com","description":"Le rendez-vous critique du Net","potentialAction":[{"@type":"SearchAction","target":{"@type":"EntryPoint","urlTemplate":"https:\/\/www.nettali.com\/?s={search_term_string}"},"query-input":"required name=search_term_string"}],"inLanguage":"fr-FR"},{"@type":"ImageObject","@id":"https:\/\/www.nettali.com\/2024\/10\/11\/election-legislatives-pourquoi-le-conseil-constitutionnel-a-rejete-les-requetes-contre-sonko-et-barthelemy-dias\/#primaryimage","inLanguage":"fr-FR","url":"https:\/\/www.nettali.com\/wp-content\/uploads\/2024\/10\/Capture-de\u0301cran-2024-10-11-a\u0300-08.54.43.png","contentUrl":"https:\/\/www.nettali.com\/wp-content\/uploads\/2024\/10\/Capture-de\u0301cran-2024-10-11-a\u0300-08.54.43.png","width":610,"height":301},{"@type":"WebPage","@id":"https:\/\/www.nettali.com\/2024\/10\/11\/election-legislatives-pourquoi-le-conseil-constitutionnel-a-rejete-les-requetes-contre-sonko-et-barthelemy-dias\/#webpage","url":"https:\/\/www.nettali.com\/2024\/10\/11\/election-legislatives-pourquoi-le-conseil-constitutionnel-a-rejete-les-requetes-contre-sonko-et-barthelemy-dias\/","name":"ELECTION LEGISLATIVES \u2013 Pourquoi le Conseil constitutionnel a rejet\u00e9 les requ\u00eates contre Sonko et Barth\u00e9l\u00e9my Dias | Nettali.com","isPartOf":{"@id":"https:\/\/www.nettali.com\/#website"},"primaryImageOfPage":{"@id":"https:\/\/www.nettali.com\/2024\/10\/11\/election-legislatives-pourquoi-le-conseil-constitutionnel-a-rejete-les-requetes-contre-sonko-et-barthelemy-dias\/#primaryimage"},"datePublished":"2024-10-11T08:55:09+00:00","dateModified":"2024-10-12T06:12:07+00:00","author":{"@id":"https:\/\/www.nettali.com\/#\/schema\/person\/3317e0bb3aa1da309fbf7b2780901bf4"},"breadcrumb":{"@id":"https:\/\/www.nettali.com\/2024\/10\/11\/election-legislatives-pourquoi-le-conseil-constitutionnel-a-rejete-les-requetes-contre-sonko-et-barthelemy-dias\/#breadcrumb"},"inLanguage":"fr-FR","potentialAction":[{"@type":"ReadAction","target":["https:\/\/www.nettali.com\/2024\/10\/11\/election-legislatives-pourquoi-le-conseil-constitutionnel-a-rejete-les-requetes-contre-sonko-et-barthelemy-dias\/"]}]},{"@type":"BreadcrumbList","@id":"https:\/\/www.nettali.com\/2024\/10\/11\/election-legislatives-pourquoi-le-conseil-constitutionnel-a-rejete-les-requetes-contre-sonko-et-barthelemy-dias\/#breadcrumb","itemListElement":[{"@type":"ListItem","position":1,"name":"Accueil","item":"https:\/\/www.nettali.com\/"},{"@type":"ListItem","position":2,"name":"ELECTION LEGISLATIVES \u2013 Pourquoi le Conseil constitutionnel a rejet\u00e9 les requ\u00eates contre Sonko et Barth\u00e9l\u00e9my Dias"}]},{"@type":"Person","@id":"https:\/\/www.nettali.com\/#\/schema\/person\/3317e0bb3aa1da309fbf7b2780901bf4","name":"Daouda","image":{"@type":"ImageObject","@id":"https:\/\/www.nettali.com\/#personlogo","inLanguage":"fr-FR","url":"https:\/\/secure.gravatar.com\/avatar\/8d143b5a49345098ddcfee1c49c2f47c?s=96&d=mm&r=g","contentUrl":"https:\/\/secure.gravatar.com\/avatar\/8d143b5a49345098ddcfee1c49c2f47c?s=96&d=mm&r=g","caption":"Daouda"},"sameAs":["https:\/\/www.nettali.com"]}]}},"_links":{"self":[{"href":"https:\/\/www.nettali.com\/rest\/wp\/v2\/posts\/141766"}],"collection":[{"href":"https:\/\/www.nettali.com\/rest\/wp\/v2\/posts"}],"about":[{"href":"https:\/\/www.nettali.com\/rest\/wp\/v2\/types\/post"}],"author":[{"embeddable":true,"href":"https:\/\/www.nettali.com\/rest\/wp\/v2\/users\/4"}],"replies":[{"embeddable":true,"href":"https:\/\/www.nettali.com\/rest\/wp\/v2\/comments?post=141766"}],"version-history":[{"count":1,"href":"https:\/\/www.nettali.com\/rest\/wp\/v2\/posts\/141766\/revisions"}],"predecessor-version":[{"id":141768,"href":"https:\/\/www.nettali.com\/rest\/wp\/v2\/posts\/141766\/revisions\/141768"}],"wp:featuredmedia":[{"embeddable":true,"href":"https:\/\/www.nettali.com\/rest\/wp\/v2\/media\/141767"}],"wp:attachment":[{"href":"https:\/\/www.nettali.com\/rest\/wp\/v2\/media?parent=141766"}],"wp:term":[{"taxonomy":"category","embeddable":true,"href":"https:\/\/www.nettali.com\/rest\/wp\/v2\/categories?post=141766"},{"taxonomy":"post_tag","embeddable":true,"href":"https:\/\/www.nettali.com\/rest\/wp\/v2\/tags?post=141766"}],"curies":[{"name":"wp","href":"https:\/\/api.w.org\/{rel}","templated":true}]}}