{"id":141763,"date":"2024-10-11T08:34:13","date_gmt":"2024-10-11T08:34:13","guid":{"rendered":"https:\/\/www.nettali.com\/?p=141763"},"modified":"2024-10-12T06:07:03","modified_gmt":"2024-10-12T06:07:03","slug":"diffamation-abass-fall-porte-plainte-contre-adama-gaye-et-cie","status":"publish","type":"post","link":"https:\/\/www.nettali.com\/2024\/10\/11\/diffamation-abass-fall-porte-plainte-contre-adama-gaye-et-cie\/","title":{"rendered":"DIFFAMATION - Abass Fall porte plainte contre Adama Gaye et Cie"},"content":{"rendered":"<div class=\"xdj266r x11i5rnm xat24cr x1mh8g0r x1vvkbs x126k92a\">\n<div dir=\"auto\"><strong>NETTALI.COM - Abass Fall de PASTEF a annonc\u00e9 , ce jeudi, avoir d\u00e9pos\u00e9 une plainte contre plusieurs individus pour des accusations de diffamation et d'association de malfaiteurs. Ce d\u00e9veloppement survient apr\u00e8s des publications qui circulent sur les r\u00e9seaux sociaux, le mettant en cause dans une pr\u00e9tendue affaire de corruption.<\/strong><\/div>\n<div dir=\"auto\"><\/div>\n<\/div>\n<div class=\"x11i5rnm xat24cr x1mh8g0r x1vvkbs xtlvy1s x126k92a\">\n<div dir=\"auto\">Dans sa d\u00e9claration, Abass Fall a r\u00e9v\u00e9l\u00e9 qu'il a formellement d\u00e9pos\u00e9 une plainte contre Adama Gaye et Penda Thiam, la Directrice de la R\u00e9daction du quotidien \u00ab Le Dakarois \u00bb.<\/div>\n<\/div>\n<div class=\"x11i5rnm xat24cr x1mh8g0r x1vvkbs xtlvy1s x126k92a\">\n<div dir=\"auto\"><\/div>\n<div dir=\"auto\">Le 9 octobre dernier, Gaye avait publi\u00e9 sur sa page Facebook, des all\u00e9gations selon lesquelles M. Fall aurait re\u00e7u 5 milliards de francs CFA d'une entreprise espagnole, tout en insinuant qu'il aurait tent\u00e9 de manipuler Jean Michel S\u00e8ne pour \u00e9carter AEE POWER S\u00e9n\u00e9gal. Penda Thiam a \u00e9galement relay\u00e9 ces accusations sur sa propre plateforme sociale, d'apr\u00e8s le plaignant.<\/div>\n<\/div>\n<div class=\"x11i5rnm xat24cr x1mh8g0r x1vvkbs xtlvy1s x126k92a\">\n<div dir=\"auto\"><\/div>\n<div dir=\"auto\">Un tiers, dont l\u2019identit\u00e9 a \u00e9t\u00e9 omise pour des raisons de s\u00e9curit\u00e9, a diffus\u00e9 des accusations similaires sur WhatsApp, tandis que le quotidien \u00ab Le Dakarois \u00bb a consacr\u00e9 la une de son \u00e9dition du 10 octobre \u00e0 ces all\u00e9gations, amplifiant ainsi la port\u00e9e des attaques \u00e0 l'encontre du responsable de Pastef.<\/div>\n<\/div>\n<div class=\"x11i5rnm xat24cr x1mh8g0r x1vvkbs xtlvy1s x126k92a\">\n<div dir=\"auto\"><\/div>\n<div dir=\"auto\">Dans sa plainte, Abass Fall souligne que ces actions constituent non seulement une diffamation, mais \u00e9galement une association de malfaiteurs, appelant \u00e0 une enqu\u00eate approfondie pour faire la lumi\u00e8re sur ces accusations. Sur sa page Facebook, il a exprim\u00e9 sa gratitude envers ceux qui l\u2019ont soutenu dans cette \u00e9preuve, tout en \u00e9voquant les pressions qu'il a ressenties concernant le d\u00e9p\u00f4t de cette plainte.<\/div>\n<\/div>\n<div class=\"x11i5rnm xat24cr x1mh8g0r x1vvkbs xtlvy1s x126k92a\">\n<div dir=\"auto\"><\/div>\n<div dir=\"auto\"><em>\u00ab J\u2019ai d\u00e9cid\u00e9 de porter cette affaire devant la justice pour prot\u00e9ger ma r\u00e9putation et faire face \u00e0 ceux qui propagent de fausses informations \u00bb<\/em>, a-t-il d\u00e9clar\u00e9.<\/div>\n<\/div>\n<div class='share-to-whatsapp-wrapper'><div class='share-on-whsp'>PARTAGER SUR : <\/div><a data-text='DIFFAMATION - Abass Fall porte plainte contre Adama Gaye et Cie' data-link='https:\/\/www.nettali.com\/2024\/10\/11\/diffamation-abass-fall-porte-plainte-contre-adama-gaye-et-cie\/' class='whatsapp-button whatsapp-share'>WhatsApp<\/a><div class='clear '><\/div><\/div>","protected":false},"excerpt":{"rendered":"<p>NETTALI.COM - Abass Fall de PASTEF a annonc\u00e9 , ce jeudi, avoir d\u00e9pos\u00e9 une plainte contre plusieurs individus pour des accusations de diffamation et d'association de malfaiteurs. Ce d\u00e9veloppement survient apr\u00e8s des publications qui circulent sur les r\u00e9seaux sociaux, le mettant en cause dans une pr\u00e9tendue affaire de corruption. Dans sa d\u00e9claration, Abass Fall a [&hellip;]<\/p>\n","protected":false},"author":4,"featured_media":141764,"comment_status":"open","ping_status":"open","sticky":false,"template":"","format":"standard","meta":{"_et_pb_use_builder":"","_et_pb_old_content":""},"categories":[3],"tags":[],"yoast_head":"<!-- This site is optimized with the Yoast SEO Premium plugin v17.8 (Yoast SEO v17.8) - https:\/\/yoast.com\/wordpress\/plugins\/seo\/ -->\n<title>DIFFAMATION - Abass Fall porte plainte contre Adama Gaye et Cie | Nettali.com<\/title>\n<meta name=\"robots\" content=\"index, follow, max-snippet:-1, max-image-preview:large, max-video-preview:-1\" \/>\n<link rel=\"canonical\" href=\"https:\/\/www.nettali.com\/2024\/10\/11\/diffamation-abass-fall-porte-plainte-contre-adama-gaye-et-cie\/\" \/>\n<meta property=\"og:locale\" content=\"fr_FR\" \/>\n<meta property=\"og:type\" content=\"article\" \/>\n<meta property=\"og:title\" content=\"DIFFAMATION - Abass Fall porte plainte contre Adama Gaye et Cie\" \/>\n<meta property=\"og:description\" content=\"NETTALI.COM - Abass Fall de PASTEF a annonc\u00e9 , ce jeudi, avoir d\u00e9pos\u00e9 une plainte contre plusieurs individus pour des accusations de diffamation et d&#039;association de malfaiteurs. Ce d\u00e9veloppement survient apr\u00e8s des publications qui circulent sur les r\u00e9seaux sociaux, le mettant en cause dans une pr\u00e9tendue affaire de corruption. Dans sa d\u00e9claration, Abass Fall a [&hellip;]\" \/>\n<meta property=\"og:url\" content=\"https:\/\/www.nettali.com\/2024\/10\/11\/diffamation-abass-fall-porte-plainte-contre-adama-gaye-et-cie\/\" \/>\n<meta property=\"og:site_name\" content=\"Nettali.com\" \/>\n<meta property=\"article:publisher\" content=\"https:\/\/www.facebook.com\/nettalicom\" \/>\n<meta property=\"article:published_time\" content=\"2024-10-11T08:34:13+00:00\" \/>\n<meta property=\"article:modified_time\" content=\"2024-10-12T06:07:03+00:00\" \/>\n<meta property=\"og:image\" content=\"https:\/\/www.nettali.com\/wp-content\/uploads\/2024\/10\/Abass-Fall.jpg\" \/>\n\t<meta property=\"og:image:width\" content=\"1200\" \/>\n\t<meta property=\"og:image:height\" content=\"1000\" \/>\n<meta name=\"twitter:card\" content=\"summary_large_image\" \/>\n<meta name=\"twitter:label1\" content=\"\u00c9crit par\" \/>\n\t<meta name=\"twitter:data1\" content=\"Daouda\" \/>\n\t<meta name=\"twitter:label2\" content=\"Dur\u00e9e de lecture estim\u00e9e\" \/>\n\t<meta name=\"twitter:data2\" content=\"2 minutes\" \/>\n<script type=\"application\/ld+json\" class=\"yoast-schema-graph\">{\"@context\":\"https:\/\/schema.org\",\"@graph\":[{\"@type\":\"WebSite\",\"@id\":\"https:\/\/www.nettali.com\/#website\",\"url\":\"https:\/\/www.nettali.com\/\",\"name\":\"Nettali.com\",\"description\":\"Le rendez-vous critique du Net\",\"potentialAction\":[{\"@type\":\"SearchAction\",\"target\":{\"@type\":\"EntryPoint\",\"urlTemplate\":\"https:\/\/www.nettali.com\/?s={search_term_string}\"},\"query-input\":\"required name=search_term_string\"}],\"inLanguage\":\"fr-FR\"},{\"@type\":\"ImageObject\",\"@id\":\"https:\/\/www.nettali.com\/2024\/10\/11\/diffamation-abass-fall-porte-plainte-contre-adama-gaye-et-cie\/#primaryimage\",\"inLanguage\":\"fr-FR\",\"url\":\"https:\/\/www.nettali.com\/wp-content\/uploads\/2024\/10\/Abass-Fall.jpg\",\"contentUrl\":\"https:\/\/www.nettali.com\/wp-content\/uploads\/2024\/10\/Abass-Fall.jpg\",\"width\":1200,\"height\":1000},{\"@type\":\"WebPage\",\"@id\":\"https:\/\/www.nettali.com\/2024\/10\/11\/diffamation-abass-fall-porte-plainte-contre-adama-gaye-et-cie\/#webpage\",\"url\":\"https:\/\/www.nettali.com\/2024\/10\/11\/diffamation-abass-fall-porte-plainte-contre-adama-gaye-et-cie\/\",\"name\":\"DIFFAMATION - Abass Fall porte plainte contre Adama Gaye et Cie | Nettali.com\",\"isPartOf\":{\"@id\":\"https:\/\/www.nettali.com\/#website\"},\"primaryImageOfPage\":{\"@id\":\"https:\/\/www.nettali.com\/2024\/10\/11\/diffamation-abass-fall-porte-plainte-contre-adama-gaye-et-cie\/#primaryimage\"},\"datePublished\":\"2024-10-11T08:34:13+00:00\",\"dateModified\":\"2024-10-12T06:07:03+00:00\",\"author\":{\"@id\":\"https:\/\/www.nettali.com\/#\/schema\/person\/3317e0bb3aa1da309fbf7b2780901bf4\"},\"breadcrumb\":{\"@id\":\"https:\/\/www.nettali.com\/2024\/10\/11\/diffamation-abass-fall-porte-plainte-contre-adama-gaye-et-cie\/#breadcrumb\"},\"inLanguage\":\"fr-FR\",\"potentialAction\":[{\"@type\":\"ReadAction\",\"target\":[\"https:\/\/www.nettali.com\/2024\/10\/11\/diffamation-abass-fall-porte-plainte-contre-adama-gaye-et-cie\/\"]}]},{\"@type\":\"BreadcrumbList\",\"@id\":\"https:\/\/www.nettali.com\/2024\/10\/11\/diffamation-abass-fall-porte-plainte-contre-adama-gaye-et-cie\/#breadcrumb\",\"itemListElement\":[{\"@type\":\"ListItem\",\"position\":1,\"name\":\"Accueil\",\"item\":\"https:\/\/www.nettali.com\/\"},{\"@type\":\"ListItem\",\"position\":2,\"name\":\"DIFFAMATION - Abass Fall porte plainte contre Adama Gaye et Cie\"}]},{\"@type\":\"Person\",\"@id\":\"https:\/\/www.nettali.com\/#\/schema\/person\/3317e0bb3aa1da309fbf7b2780901bf4\",\"name\":\"Daouda\",\"image\":{\"@type\":\"ImageObject\",\"@id\":\"https:\/\/www.nettali.com\/#personlogo\",\"inLanguage\":\"fr-FR\",\"url\":\"https:\/\/secure.gravatar.com\/avatar\/8d143b5a49345098ddcfee1c49c2f47c?s=96&d=mm&r=g\",\"contentUrl\":\"https:\/\/secure.gravatar.com\/avatar\/8d143b5a49345098ddcfee1c49c2f47c?s=96&d=mm&r=g\",\"caption\":\"Daouda\"},\"sameAs\":[\"https:\/\/www.nettali.com\"]}]}<\/script>\n<!-- \/ Yoast SEO Premium plugin. -->","yoast_head_json":{"title":"DIFFAMATION - Abass Fall porte plainte contre Adama Gaye et Cie | Nettali.com","robots":{"index":"index","follow":"follow","max-snippet":"max-snippet:-1","max-image-preview":"max-image-preview:large","max-video-preview":"max-video-preview:-1"},"canonical":"https:\/\/www.nettali.com\/2024\/10\/11\/diffamation-abass-fall-porte-plainte-contre-adama-gaye-et-cie\/","og_locale":"fr_FR","og_type":"article","og_title":"DIFFAMATION - Abass Fall porte plainte contre Adama Gaye et Cie","og_description":"NETTALI.COM - Abass Fall de PASTEF a annonc\u00e9 , ce jeudi, avoir d\u00e9pos\u00e9 une plainte contre plusieurs individus pour des accusations de diffamation et d'association de malfaiteurs. Ce d\u00e9veloppement survient apr\u00e8s des publications qui circulent sur les r\u00e9seaux sociaux, le mettant en cause dans une pr\u00e9tendue affaire de corruption. Dans sa d\u00e9claration, Abass Fall a [&hellip;]","og_url":"https:\/\/www.nettali.com\/2024\/10\/11\/diffamation-abass-fall-porte-plainte-contre-adama-gaye-et-cie\/","og_site_name":"Nettali.com","article_publisher":"https:\/\/www.facebook.com\/nettalicom","article_published_time":"2024-10-11T08:34:13+00:00","article_modified_time":"2024-10-12T06:07:03+00:00","og_image":[{"width":1200,"height":1000,"url":"https:\/\/www.nettali.com\/wp-content\/uploads\/2024\/10\/Abass-Fall.jpg","type":"image\/jpeg"}],"twitter_card":"summary_large_image","twitter_misc":{"\u00c9crit par":"Daouda","Dur\u00e9e de lecture estim\u00e9e":"2 minutes"},"schema":{"@context":"https:\/\/schema.org","@graph":[{"@type":"WebSite","@id":"https:\/\/www.nettali.com\/#website","url":"https:\/\/www.nettali.com\/","name":"Nettali.com","description":"Le rendez-vous critique du Net","potentialAction":[{"@type":"SearchAction","target":{"@type":"EntryPoint","urlTemplate":"https:\/\/www.nettali.com\/?s={search_term_string}"},"query-input":"required name=search_term_string"}],"inLanguage":"fr-FR"},{"@type":"ImageObject","@id":"https:\/\/www.nettali.com\/2024\/10\/11\/diffamation-abass-fall-porte-plainte-contre-adama-gaye-et-cie\/#primaryimage","inLanguage":"fr-FR","url":"https:\/\/www.nettali.com\/wp-content\/uploads\/2024\/10\/Abass-Fall.jpg","contentUrl":"https:\/\/www.nettali.com\/wp-content\/uploads\/2024\/10\/Abass-Fall.jpg","width":1200,"height":1000},{"@type":"WebPage","@id":"https:\/\/www.nettali.com\/2024\/10\/11\/diffamation-abass-fall-porte-plainte-contre-adama-gaye-et-cie\/#webpage","url":"https:\/\/www.nettali.com\/2024\/10\/11\/diffamation-abass-fall-porte-plainte-contre-adama-gaye-et-cie\/","name":"DIFFAMATION - Abass Fall porte plainte contre Adama Gaye et Cie | Nettali.com","isPartOf":{"@id":"https:\/\/www.nettali.com\/#website"},"primaryImageOfPage":{"@id":"https:\/\/www.nettali.com\/2024\/10\/11\/diffamation-abass-fall-porte-plainte-contre-adama-gaye-et-cie\/#primaryimage"},"datePublished":"2024-10-11T08:34:13+00:00","dateModified":"2024-10-12T06:07:03+00:00","author":{"@id":"https:\/\/www.nettali.com\/#\/schema\/person\/3317e0bb3aa1da309fbf7b2780901bf4"},"breadcrumb":{"@id":"https:\/\/www.nettali.com\/2024\/10\/11\/diffamation-abass-fall-porte-plainte-contre-adama-gaye-et-cie\/#breadcrumb"},"inLanguage":"fr-FR","potentialAction":[{"@type":"ReadAction","target":["https:\/\/www.nettali.com\/2024\/10\/11\/diffamation-abass-fall-porte-plainte-contre-adama-gaye-et-cie\/"]}]},{"@type":"BreadcrumbList","@id":"https:\/\/www.nettali.com\/2024\/10\/11\/diffamation-abass-fall-porte-plainte-contre-adama-gaye-et-cie\/#breadcrumb","itemListElement":[{"@type":"ListItem","position":1,"name":"Accueil","item":"https:\/\/www.nettali.com\/"},{"@type":"ListItem","position":2,"name":"DIFFAMATION - Abass Fall porte plainte contre Adama Gaye et Cie"}]},{"@type":"Person","@id":"https:\/\/www.nettali.com\/#\/schema\/person\/3317e0bb3aa1da309fbf7b2780901bf4","name":"Daouda","image":{"@type":"ImageObject","@id":"https:\/\/www.nettali.com\/#personlogo","inLanguage":"fr-FR","url":"https:\/\/secure.gravatar.com\/avatar\/8d143b5a49345098ddcfee1c49c2f47c?s=96&d=mm&r=g","contentUrl":"https:\/\/secure.gravatar.com\/avatar\/8d143b5a49345098ddcfee1c49c2f47c?s=96&d=mm&r=g","caption":"Daouda"},"sameAs":["https:\/\/www.nettali.com"]}]}},"_links":{"self":[{"href":"https:\/\/www.nettali.com\/rest\/wp\/v2\/posts\/141763"}],"collection":[{"href":"https:\/\/www.nettali.com\/rest\/wp\/v2\/posts"}],"about":[{"href":"https:\/\/www.nettali.com\/rest\/wp\/v2\/types\/post"}],"author":[{"embeddable":true,"href":"https:\/\/www.nettali.com\/rest\/wp\/v2\/users\/4"}],"replies":[{"embeddable":true,"href":"https:\/\/www.nettali.com\/rest\/wp\/v2\/comments?post=141763"}],"version-history":[{"count":3,"href":"https:\/\/www.nettali.com\/rest\/wp\/v2\/posts\/141763\/revisions"}],"predecessor-version":[{"id":141811,"href":"https:\/\/www.nettali.com\/rest\/wp\/v2\/posts\/141763\/revisions\/141811"}],"wp:featuredmedia":[{"embeddable":true,"href":"https:\/\/www.nettali.com\/rest\/wp\/v2\/media\/141764"}],"wp:attachment":[{"href":"https:\/\/www.nettali.com\/rest\/wp\/v2\/media?parent=141763"}],"wp:term":[{"taxonomy":"category","embeddable":true,"href":"https:\/\/www.nettali.com\/rest\/wp\/v2\/categories?post=141763"},{"taxonomy":"post_tag","embeddable":true,"href":"https:\/\/www.nettali.com\/rest\/wp\/v2\/tags?post=141763"}],"curies":[{"name":"wp","href":"https:\/\/api.w.org\/{rel}","templated":true}]}}