{"id":141754,"date":"2024-10-11T08:18:06","date_gmt":"2024-10-11T08:18:06","guid":{"rendered":"https:\/\/www.nettali.com\/?p=141754"},"modified":"2024-10-11T08:18:06","modified_gmt":"2024-10-11T08:18:06","slug":"tennis-rafael-nadal-annonce-sa-retraite","status":"publish","type":"post","link":"https:\/\/www.nettali.com\/2024\/10\/11\/tennis-rafael-nadal-annonce-sa-retraite\/","title":{"rendered":"TENNIS - Rafael Nadal annonce sa retraite"},"content":{"rendered":"<p><strong>NETTALI.COM - Rafael Nadal annonce dans une vid\u00e9o post\u00e9e sur les r\u00e9seaux sociaux qu'il mettra un terme \u00e0 sa carri\u00e8re le mois prochain, \u00e0 l'issue de la phase finale de la Coupe Davis.<\/strong><\/p>\n<p>Cette fois \u00e7a y est, c'est officiel, le mot fin est pos\u00e9. Rafael Nadal l'a annonc\u00e9 ce jeudi 10 octobre, dans une vid\u00e9o post\u00e9e sur ses r\u00e9seaux sociaux : dans un peu plus d'un mois, l'Espagnol de 38 ans prendra sa retraite, \u00e0 l'issue d'une derni\u00e8re comp\u00e9tition par \u00e9quipe, avec l'Espagne, en Coupe Davis, \u00e0 Malaga, du 19 au 24 novembre prochains.<\/p>\n<p>\"<em>Salut \u00e0 tous, je suis ici pour vous dire que je me retire du tennis professionnel\", <\/em>d\u00e9clare l'ancien num\u00e9ro 1 mondial dans sa vid\u00e9o<em>. \"La r\u00e9alit\u00e9 est que les derni\u00e8res ann\u00e9es furent difficiles, surtout les deux derni\u00e8res. Je ne pense pas que je sois capable de jouer sans limite. C'est une d\u00e9cision \u00e9videmment difficile qui m'a pris du temps. Mais, dans cette vie, tout a un d\u00e9but et une fin et je pense que c'est le bon moment pour mettre le point final \u00e0 une carri\u00e8re qui a \u00e9t\u00e9 longue et avec bien plus de succ\u00e8s que je ne l'aurais jamais imagin\u00e9<\/em>\".<\/p>\n<p>\"<em>Je suis tr\u00e8s enthousiaste \u00e0 l'id\u00e9e que mon dernier tournoi sera la finale de Coupe Davis, et d'y repr\u00e9senter mon pays<\/em>\", a indiqu\u00e9 le Majorquin.\u00a0\"<em>Je pense que c'est une fa\u00e7on de boucler la boucle quand l'une de mes premi\u00e8res grandes joies comme joueur professionnel fut la finale de cette comp\u00e9tition, remport\u00e9e en 2004 \u00e0 S\u00e9ville\"<\/em>\u00a0a-t-il ajout\u00e9.<\/p>\n<p>Apr\u00e8s deux ann\u00e9es pass\u00e9es \u00e0 courir apr\u00e8s une forme qu'il n'arrivait jamais \u00e0 rattraper, encha\u00eenant traitements, op\u00e9rations, reprises et coups d'arr\u00eats dans tous les sens, le Majorquin a fini par se r\u00e9signer. Il va dire stop.<\/p>\n<p><strong>23 matches sur les deux derni\u00e8res saisons<\/strong><\/p>\n<p>Cet \u00e9t\u00e9, pourtant, la tendance \u00e9tait plut\u00f4t qu'il souhaitait rejouer encore un peu en 2025, afin de pouvoir venir dire au revoir sur tous les sites qui ont beaucoup compt\u00e9 pour lui et o\u00f9 il n'avait pas pu faire ses adieux, comme l'Open d'Australie et Monte-Carlo. Un dernier passage \u00e0 Indian Wells, \u00e0 Barcelone, \u00e0 Rome et \u00e0 Roland-Garros semblait aussi faire partie des plans, \u00e0 un moment donn\u00e9.<\/p>\n<p>Mais pareille perspective n'\u00e9tait tout simplement plus envisageable compte tenu des niveaux, physique et tennistique, que Nadal n'arrivait pas \u00e0 retrouver. Vainqueur de 22 titres du Grand Chelem dont 14 Roland-Garros remport\u00e9s entre 2005 et 2022, Rafael Nadal, qui n'a jou\u00e9 que 23 matches sur l'ensemble des deux derni\u00e8res saisons, va donc s'arr\u00eater deux ans apr\u00e8s Roger Federer. Il laissera tr\u00e8s bient\u00f4t Novak Djokovic seul rescap\u00e9 du l\u00e9gendaire Big 3.<\/p>\n<div class='share-to-whatsapp-wrapper'><div class='share-on-whsp'>PARTAGER SUR : <\/div><a data-text='TENNIS - Rafael Nadal annonce sa retraite' data-link='https:\/\/www.nettali.com\/2024\/10\/11\/tennis-rafael-nadal-annonce-sa-retraite\/' class='whatsapp-button whatsapp-share'>WhatsApp<\/a><div class='clear '><\/div><\/div>","protected":false},"excerpt":{"rendered":"<p>NETTALI.COM - Rafael Nadal annonce dans une vid\u00e9o post\u00e9e sur les r\u00e9seaux sociaux qu'il mettra un terme \u00e0 sa carri\u00e8re le mois prochain, \u00e0 l'issue de la phase finale de la Coupe Davis. Cette fois \u00e7a y est, c'est officiel, le mot fin est pos\u00e9. Rafael Nadal l'a annonc\u00e9 ce jeudi 10 octobre, dans une [&hellip;]<\/p>\n","protected":false},"author":5,"featured_media":141756,"comment_status":"open","ping_status":"open","sticky":false,"template":"","format":"standard","meta":{"_et_pb_use_builder":"","_et_pb_old_content":""},"categories":[6],"tags":[],"yoast_head":"<!-- This site is optimized with the Yoast SEO Premium plugin v17.8 (Yoast SEO v17.8) - https:\/\/yoast.com\/wordpress\/plugins\/seo\/ -->\n<title>TENNIS - Rafael Nadal annonce sa retraite | Nettali.com<\/title>\n<meta name=\"robots\" content=\"index, follow, max-snippet:-1, max-image-preview:large, max-video-preview:-1\" \/>\n<link rel=\"canonical\" href=\"https:\/\/www.nettali.com\/2024\/10\/11\/tennis-rafael-nadal-annonce-sa-retraite\/\" \/>\n<meta property=\"og:locale\" content=\"fr_FR\" \/>\n<meta property=\"og:type\" content=\"article\" \/>\n<meta property=\"og:title\" content=\"TENNIS - Rafael Nadal annonce sa retraite\" \/>\n<meta property=\"og:description\" content=\"NETTALI.COM - Rafael Nadal annonce dans une vid\u00e9o post\u00e9e sur les r\u00e9seaux sociaux qu&#039;il mettra un terme \u00e0 sa carri\u00e8re le mois prochain, \u00e0 l&#039;issue de la phase finale de la Coupe Davis. Cette fois \u00e7a y est, c&#039;est officiel, le mot fin est pos\u00e9. Rafael Nadal l&#039;a annonc\u00e9 ce jeudi 10 octobre, dans une [&hellip;]\" \/>\n<meta property=\"og:url\" content=\"https:\/\/www.nettali.com\/2024\/10\/11\/tennis-rafael-nadal-annonce-sa-retraite\/\" \/>\n<meta property=\"og:site_name\" content=\"Nettali.com\" \/>\n<meta property=\"article:publisher\" content=\"https:\/\/www.facebook.com\/nettalicom\" \/>\n<meta property=\"article:published_time\" content=\"2024-10-11T08:18:06+00:00\" \/>\n<meta property=\"og:image\" content=\"https:\/\/www.nettali.com\/wp-content\/uploads\/2024\/10\/8524.jpg\" \/>\n\t<meta property=\"og:image:width\" content=\"465\" \/>\n\t<meta property=\"og:image:height\" content=\"279\" \/>\n<meta name=\"twitter:card\" content=\"summary_large_image\" \/>\n<meta name=\"twitter:label1\" content=\"\u00c9crit par\" \/>\n\t<meta name=\"twitter:data1\" content=\"Ibrahima\" \/>\n\t<meta name=\"twitter:label2\" content=\"Dur\u00e9e de lecture estim\u00e9e\" \/>\n\t<meta name=\"twitter:data2\" content=\"3 minutes\" \/>\n<script type=\"application\/ld+json\" class=\"yoast-schema-graph\">{\"@context\":\"https:\/\/schema.org\",\"@graph\":[{\"@type\":\"WebSite\",\"@id\":\"https:\/\/www.nettali.com\/#website\",\"url\":\"https:\/\/www.nettali.com\/\",\"name\":\"Nettali.com\",\"description\":\"Le rendez-vous critique du Net\",\"potentialAction\":[{\"@type\":\"SearchAction\",\"target\":{\"@type\":\"EntryPoint\",\"urlTemplate\":\"https:\/\/www.nettali.com\/?s={search_term_string}\"},\"query-input\":\"required name=search_term_string\"}],\"inLanguage\":\"fr-FR\"},{\"@type\":\"ImageObject\",\"@id\":\"https:\/\/www.nettali.com\/2024\/10\/11\/tennis-rafael-nadal-annonce-sa-retraite\/#primaryimage\",\"inLanguage\":\"fr-FR\",\"url\":\"https:\/\/www.nettali.com\/wp-content\/uploads\/2024\/10\/8524.jpg\",\"contentUrl\":\"https:\/\/www.nettali.com\/wp-content\/uploads\/2024\/10\/8524.jpg\",\"width\":465,\"height\":279},{\"@type\":\"WebPage\",\"@id\":\"https:\/\/www.nettali.com\/2024\/10\/11\/tennis-rafael-nadal-annonce-sa-retraite\/#webpage\",\"url\":\"https:\/\/www.nettali.com\/2024\/10\/11\/tennis-rafael-nadal-annonce-sa-retraite\/\",\"name\":\"TENNIS - Rafael Nadal annonce sa retraite | Nettali.com\",\"isPartOf\":{\"@id\":\"https:\/\/www.nettali.com\/#website\"},\"primaryImageOfPage\":{\"@id\":\"https:\/\/www.nettali.com\/2024\/10\/11\/tennis-rafael-nadal-annonce-sa-retraite\/#primaryimage\"},\"datePublished\":\"2024-10-11T08:18:06+00:00\",\"dateModified\":\"2024-10-11T08:18:06+00:00\",\"author\":{\"@id\":\"https:\/\/www.nettali.com\/#\/schema\/person\/bb147657c2986240405a608162b9bb23\"},\"breadcrumb\":{\"@id\":\"https:\/\/www.nettali.com\/2024\/10\/11\/tennis-rafael-nadal-annonce-sa-retraite\/#breadcrumb\"},\"inLanguage\":\"fr-FR\",\"potentialAction\":[{\"@type\":\"ReadAction\",\"target\":[\"https:\/\/www.nettali.com\/2024\/10\/11\/tennis-rafael-nadal-annonce-sa-retraite\/\"]}]},{\"@type\":\"BreadcrumbList\",\"@id\":\"https:\/\/www.nettali.com\/2024\/10\/11\/tennis-rafael-nadal-annonce-sa-retraite\/#breadcrumb\",\"itemListElement\":[{\"@type\":\"ListItem\",\"position\":1,\"name\":\"Accueil\",\"item\":\"https:\/\/www.nettali.com\/\"},{\"@type\":\"ListItem\",\"position\":2,\"name\":\"TENNIS - Rafael Nadal annonce sa retraite\"}]},{\"@type\":\"Person\",\"@id\":\"https:\/\/www.nettali.com\/#\/schema\/person\/bb147657c2986240405a608162b9bb23\",\"name\":\"Ibrahima\",\"image\":{\"@type\":\"ImageObject\",\"@id\":\"https:\/\/www.nettali.com\/#personlogo\",\"inLanguage\":\"fr-FR\",\"url\":\"https:\/\/secure.gravatar.com\/avatar\/26a8a81f09f0dd7624c9d5c36c9ba3a2?s=96&d=mm&r=g\",\"contentUrl\":\"https:\/\/secure.gravatar.com\/avatar\/26a8a81f09f0dd7624c9d5c36c9ba3a2?s=96&d=mm&r=g\",\"caption\":\"Ibrahima\"},\"sameAs\":[\"https:\/\/www.nettali.com\"]}]}<\/script>\n<!-- \/ Yoast SEO Premium plugin. -->","yoast_head_json":{"title":"TENNIS - Rafael Nadal annonce sa retraite | Nettali.com","robots":{"index":"index","follow":"follow","max-snippet":"max-snippet:-1","max-image-preview":"max-image-preview:large","max-video-preview":"max-video-preview:-1"},"canonical":"https:\/\/www.nettali.com\/2024\/10\/11\/tennis-rafael-nadal-annonce-sa-retraite\/","og_locale":"fr_FR","og_type":"article","og_title":"TENNIS - Rafael Nadal annonce sa retraite","og_description":"NETTALI.COM - Rafael Nadal annonce dans une vid\u00e9o post\u00e9e sur les r\u00e9seaux sociaux qu'il mettra un terme \u00e0 sa carri\u00e8re le mois prochain, \u00e0 l'issue de la phase finale de la Coupe Davis. Cette fois \u00e7a y est, c'est officiel, le mot fin est pos\u00e9. Rafael Nadal l'a annonc\u00e9 ce jeudi 10 octobre, dans une [&hellip;]","og_url":"https:\/\/www.nettali.com\/2024\/10\/11\/tennis-rafael-nadal-annonce-sa-retraite\/","og_site_name":"Nettali.com","article_publisher":"https:\/\/www.facebook.com\/nettalicom","article_published_time":"2024-10-11T08:18:06+00:00","og_image":[{"width":465,"height":279,"url":"https:\/\/www.nettali.com\/wp-content\/uploads\/2024\/10\/8524.jpg","type":"image\/jpeg"}],"twitter_card":"summary_large_image","twitter_misc":{"\u00c9crit par":"Ibrahima","Dur\u00e9e de lecture estim\u00e9e":"3 minutes"},"schema":{"@context":"https:\/\/schema.org","@graph":[{"@type":"WebSite","@id":"https:\/\/www.nettali.com\/#website","url":"https:\/\/www.nettali.com\/","name":"Nettali.com","description":"Le rendez-vous critique du Net","potentialAction":[{"@type":"SearchAction","target":{"@type":"EntryPoint","urlTemplate":"https:\/\/www.nettali.com\/?s={search_term_string}"},"query-input":"required name=search_term_string"}],"inLanguage":"fr-FR"},{"@type":"ImageObject","@id":"https:\/\/www.nettali.com\/2024\/10\/11\/tennis-rafael-nadal-annonce-sa-retraite\/#primaryimage","inLanguage":"fr-FR","url":"https:\/\/www.nettali.com\/wp-content\/uploads\/2024\/10\/8524.jpg","contentUrl":"https:\/\/www.nettali.com\/wp-content\/uploads\/2024\/10\/8524.jpg","width":465,"height":279},{"@type":"WebPage","@id":"https:\/\/www.nettali.com\/2024\/10\/11\/tennis-rafael-nadal-annonce-sa-retraite\/#webpage","url":"https:\/\/www.nettali.com\/2024\/10\/11\/tennis-rafael-nadal-annonce-sa-retraite\/","name":"TENNIS - Rafael Nadal annonce sa retraite | Nettali.com","isPartOf":{"@id":"https:\/\/www.nettali.com\/#website"},"primaryImageOfPage":{"@id":"https:\/\/www.nettali.com\/2024\/10\/11\/tennis-rafael-nadal-annonce-sa-retraite\/#primaryimage"},"datePublished":"2024-10-11T08:18:06+00:00","dateModified":"2024-10-11T08:18:06+00:00","author":{"@id":"https:\/\/www.nettali.com\/#\/schema\/person\/bb147657c2986240405a608162b9bb23"},"breadcrumb":{"@id":"https:\/\/www.nettali.com\/2024\/10\/11\/tennis-rafael-nadal-annonce-sa-retraite\/#breadcrumb"},"inLanguage":"fr-FR","potentialAction":[{"@type":"ReadAction","target":["https:\/\/www.nettali.com\/2024\/10\/11\/tennis-rafael-nadal-annonce-sa-retraite\/"]}]},{"@type":"BreadcrumbList","@id":"https:\/\/www.nettali.com\/2024\/10\/11\/tennis-rafael-nadal-annonce-sa-retraite\/#breadcrumb","itemListElement":[{"@type":"ListItem","position":1,"name":"Accueil","item":"https:\/\/www.nettali.com\/"},{"@type":"ListItem","position":2,"name":"TENNIS - Rafael Nadal annonce sa retraite"}]},{"@type":"Person","@id":"https:\/\/www.nettali.com\/#\/schema\/person\/bb147657c2986240405a608162b9bb23","name":"Ibrahima","image":{"@type":"ImageObject","@id":"https:\/\/www.nettali.com\/#personlogo","inLanguage":"fr-FR","url":"https:\/\/secure.gravatar.com\/avatar\/26a8a81f09f0dd7624c9d5c36c9ba3a2?s=96&d=mm&r=g","contentUrl":"https:\/\/secure.gravatar.com\/avatar\/26a8a81f09f0dd7624c9d5c36c9ba3a2?s=96&d=mm&r=g","caption":"Ibrahima"},"sameAs":["https:\/\/www.nettali.com"]}]}},"_links":{"self":[{"href":"https:\/\/www.nettali.com\/rest\/wp\/v2\/posts\/141754"}],"collection":[{"href":"https:\/\/www.nettali.com\/rest\/wp\/v2\/posts"}],"about":[{"href":"https:\/\/www.nettali.com\/rest\/wp\/v2\/types\/post"}],"author":[{"embeddable":true,"href":"https:\/\/www.nettali.com\/rest\/wp\/v2\/users\/5"}],"replies":[{"embeddable":true,"href":"https:\/\/www.nettali.com\/rest\/wp\/v2\/comments?post=141754"}],"version-history":[{"count":1,"href":"https:\/\/www.nettali.com\/rest\/wp\/v2\/posts\/141754\/revisions"}],"predecessor-version":[{"id":141757,"href":"https:\/\/www.nettali.com\/rest\/wp\/v2\/posts\/141754\/revisions\/141757"}],"wp:featuredmedia":[{"embeddable":true,"href":"https:\/\/www.nettali.com\/rest\/wp\/v2\/media\/141756"}],"wp:attachment":[{"href":"https:\/\/www.nettali.com\/rest\/wp\/v2\/media?parent=141754"}],"wp:term":[{"taxonomy":"category","embeddable":true,"href":"https:\/\/www.nettali.com\/rest\/wp\/v2\/categories?post=141754"},{"taxonomy":"post_tag","embeddable":true,"href":"https:\/\/www.nettali.com\/rest\/wp\/v2\/tags?post=141754"}],"curies":[{"name":"wp","href":"https:\/\/api.w.org\/{rel}","templated":true}]}}