{"id":141692,"date":"2024-10-09T19:02:37","date_gmt":"2024-10-09T19:02:37","guid":{"rendered":"https:\/\/www.nettali.com\/?p=141692"},"modified":"2024-10-09T19:02:37","modified_gmt":"2024-10-09T19:02:37","slug":"arrete-le-port-du-voile-et-de-la-croix-autorise-dans-les-ecoles","status":"publish","type":"post","link":"https:\/\/www.nettali.com\/2024\/10\/09\/arrete-le-port-du-voile-et-de-la-croix-autorise-dans-les-ecoles\/","title":{"rendered":"ARRET\u00c9 - Le port du voile et de la croix autoris\u00e9 dans les \u00e9coles"},"content":{"rendered":"<p><strong>NETTALI.COM - Le minist\u00e8re de l\u2019Education nationale a pris, mardi, un arr\u00eat\u00e9 relatif aux principes directeurs des r\u00e8glements int\u00e9rieurs des \u00e9tablissements publics et priv\u00e9s d\u2019\u00e9ducation et de formation du S\u00e9n\u00e9gal, autorisant, entre autres, le port du voile et de la croix dans les \u00e9coles.<\/strong><\/p>\n<p><em>\"Les r\u00e8glements int\u00e9rieurs doivent garantir un environnement propice aux enseignements et aux apprentissages en assurant : (\u2026) le respect des croyances religieuses\u201d<\/em>, lit-on dans l\u2019arr\u00eat\u00e9 du minist\u00e8re.<\/p>\n<p>Le respect de ces croyances religieuses, inclut, <em>\"l\u2019acceptation du port des signes religieux, tels que le voile, la croix, les perles sacr\u00e9es, sans pr\u00e9judice \u00e0 une identification nette de l\u2019\u00e9l\u00e8ve dans l\u2019enceinte de l\u2019\u00e9cole, dans les classes et lors des activit\u00e9s p\u00e9dagogiques\u201d,<\/em> explique le texte.<\/p>\n<p><em>\"Ce respect de la diff\u00e9rence religieuse ne soustrait pas l\u2019\u00e9l\u00e8ve, except\u00e9 par des dispenses objectivement motiv\u00e9es, de la participation aux activit\u00e9s p\u00e9dagogiques et sportives obligatoires\"<\/em>, indique le m\u00eame document.<\/p>\n<p>Il pr\u00e9cise par ailleurs que <em>\"toute contravention aux dispositions du pr\u00e9sent arr\u00eat\u00e9 expose son auteur aux sanctions pr\u00e9vues par les lois et r\u00e8glements\".<\/em><\/p>\n<p>Les r\u00e8glements int\u00e9rieurs doivent garantir un environnement propice aux enseignements et aux apprentissages en assurant <em>\"la s\u00e9curit\u00e9 et la sant\u00e9 dans et en dehors de la classe (\u2026) la discipline (avec) l\u2019\u00e9tablissement de r\u00e8gles claires concernant le port vestimentaire, l\u2019assiduit\u00e9, la ponctualit\u00e9 (\u2026), l\u2019acceptation de la mixit\u00e9\".<\/em><\/p>\n<p>Ils doivent \u00e9galement assurer <em>\"l\u2019acceptation de la mixit\u00e9 et le respect mutuel en vue de renforcer les valeurs du vivre ensemble : aucune entrave \u00e0 la mixit\u00e9 dans l\u2019utilisation de l\u2019espace scolaire y compris les tables-bancs, les bancs publics et les terrains sportifs, except\u00e9 les toilettes et les vestiaires ; acceptation de formes de salutation autres que serrer la main ; interdiction de toute forme de violence physique et verbale ou mots de harc\u00e8lement\".<\/em><\/p>\n<p>Les r\u00e8glements int\u00e9rieurs sont soumis \u00e0 l\u2019approbation des Inspections d\u2019acad\u00e9mie, selon le minist\u00e8re, soulignant que tout r\u00e8glement int\u00e9rieur <em>\"non approuv\u00e9 est non applicable\".<\/em><\/p>\n<div class='share-to-whatsapp-wrapper'><div class='share-on-whsp'>PARTAGER SUR : <\/div><a data-text='ARRET\u00c9 - Le port du voile et de la croix autoris\u00e9 dans les \u00e9coles' data-link='https:\/\/www.nettali.com\/2024\/10\/09\/arrete-le-port-du-voile-et-de-la-croix-autorise-dans-les-ecoles\/' class='whatsapp-button whatsapp-share'>WhatsApp<\/a><div class='clear '><\/div><\/div>","protected":false},"excerpt":{"rendered":"<p>NETTALI.COM - Le minist\u00e8re de l\u2019Education nationale a pris, mardi, un arr\u00eat\u00e9 relatif aux principes directeurs des r\u00e8glements int\u00e9rieurs des \u00e9tablissements publics et priv\u00e9s d\u2019\u00e9ducation et de formation du S\u00e9n\u00e9gal, autorisant, entre autres, le port du voile et de la croix dans les \u00e9coles. \"Les r\u00e8glements int\u00e9rieurs doivent garantir un environnement propice aux enseignements et [&hellip;]<\/p>\n","protected":false},"author":4,"featured_media":137328,"comment_status":"open","ping_status":"open","sticky":false,"template":"","format":"standard","meta":{"_et_pb_use_builder":"","_et_pb_old_content":""},"categories":[3],"tags":[],"yoast_head":"<!-- This site is optimized with the Yoast SEO Premium plugin v17.8 (Yoast SEO v17.8) - https:\/\/yoast.com\/wordpress\/plugins\/seo\/ -->\n<title>ARRET\u00c9 - Le port du voile et de la croix autoris\u00e9 dans les \u00e9coles | Nettali.com<\/title>\n<meta name=\"robots\" content=\"index, follow, max-snippet:-1, max-image-preview:large, max-video-preview:-1\" \/>\n<link rel=\"canonical\" href=\"https:\/\/www.nettali.com\/2024\/10\/09\/arrete-le-port-du-voile-et-de-la-croix-autorise-dans-les-ecoles\/\" \/>\n<meta property=\"og:locale\" content=\"fr_FR\" \/>\n<meta property=\"og:type\" content=\"article\" \/>\n<meta property=\"og:title\" content=\"ARRET\u00c9 - Le port du voile et de la croix autoris\u00e9 dans les \u00e9coles\" \/>\n<meta property=\"og:description\" content=\"NETTALI.COM - Le minist\u00e8re de l\u2019Education nationale a pris, mardi, un arr\u00eat\u00e9 relatif aux principes directeurs des r\u00e8glements int\u00e9rieurs des \u00e9tablissements publics et priv\u00e9s d\u2019\u00e9ducation et de formation du S\u00e9n\u00e9gal, autorisant, entre autres, le port du voile et de la croix dans les \u00e9coles. &quot;Les r\u00e8glements int\u00e9rieurs doivent garantir un environnement propice aux enseignements et [&hellip;]\" \/>\n<meta property=\"og:url\" content=\"https:\/\/www.nettali.com\/2024\/10\/09\/arrete-le-port-du-voile-et-de-la-croix-autorise-dans-les-ecoles\/\" \/>\n<meta property=\"og:site_name\" content=\"Nettali.com\" \/>\n<meta property=\"article:publisher\" content=\"https:\/\/www.facebook.com\/nettalicom\" \/>\n<meta property=\"article:published_time\" content=\"2024-10-09T19:02:37+00:00\" \/>\n<meta property=\"og:image\" content=\"https:\/\/www.nettali.com\/wp-content\/uploads\/2024\/07\/edu_guirassy_0.jpg\" \/>\n\t<meta property=\"og:image:width\" content=\"900\" \/>\n\t<meta property=\"og:image:height\" content=\"588\" \/>\n<meta name=\"twitter:card\" content=\"summary_large_image\" \/>\n<meta name=\"twitter:label1\" content=\"\u00c9crit par\" \/>\n\t<meta name=\"twitter:data1\" content=\"Daouda\" \/>\n\t<meta name=\"twitter:label2\" content=\"Dur\u00e9e de lecture estim\u00e9e\" \/>\n\t<meta name=\"twitter:data2\" content=\"2 minutes\" \/>\n<script type=\"application\/ld+json\" class=\"yoast-schema-graph\">{\"@context\":\"https:\/\/schema.org\",\"@graph\":[{\"@type\":\"WebSite\",\"@id\":\"https:\/\/www.nettali.com\/#website\",\"url\":\"https:\/\/www.nettali.com\/\",\"name\":\"Nettali.com\",\"description\":\"Le rendez-vous critique du Net\",\"potentialAction\":[{\"@type\":\"SearchAction\",\"target\":{\"@type\":\"EntryPoint\",\"urlTemplate\":\"https:\/\/www.nettali.com\/?s={search_term_string}\"},\"query-input\":\"required name=search_term_string\"}],\"inLanguage\":\"fr-FR\"},{\"@type\":\"ImageObject\",\"@id\":\"https:\/\/www.nettali.com\/2024\/10\/09\/arrete-le-port-du-voile-et-de-la-croix-autorise-dans-les-ecoles\/#primaryimage\",\"inLanguage\":\"fr-FR\",\"url\":\"https:\/\/www.nettali.com\/wp-content\/uploads\/2024\/07\/edu_guirassy_0.jpg\",\"contentUrl\":\"https:\/\/www.nettali.com\/wp-content\/uploads\/2024\/07\/edu_guirassy_0.jpg\",\"width\":900,\"height\":588},{\"@type\":\"WebPage\",\"@id\":\"https:\/\/www.nettali.com\/2024\/10\/09\/arrete-le-port-du-voile-et-de-la-croix-autorise-dans-les-ecoles\/#webpage\",\"url\":\"https:\/\/www.nettali.com\/2024\/10\/09\/arrete-le-port-du-voile-et-de-la-croix-autorise-dans-les-ecoles\/\",\"name\":\"ARRET\\u00c9 - Le port du voile et de la croix autoris\\u00e9 dans les \\u00e9coles | Nettali.com\",\"isPartOf\":{\"@id\":\"https:\/\/www.nettali.com\/#website\"},\"primaryImageOfPage\":{\"@id\":\"https:\/\/www.nettali.com\/2024\/10\/09\/arrete-le-port-du-voile-et-de-la-croix-autorise-dans-les-ecoles\/#primaryimage\"},\"datePublished\":\"2024-10-09T19:02:37+00:00\",\"dateModified\":\"2024-10-09T19:02:37+00:00\",\"author\":{\"@id\":\"https:\/\/www.nettali.com\/#\/schema\/person\/3317e0bb3aa1da309fbf7b2780901bf4\"},\"breadcrumb\":{\"@id\":\"https:\/\/www.nettali.com\/2024\/10\/09\/arrete-le-port-du-voile-et-de-la-croix-autorise-dans-les-ecoles\/#breadcrumb\"},\"inLanguage\":\"fr-FR\",\"potentialAction\":[{\"@type\":\"ReadAction\",\"target\":[\"https:\/\/www.nettali.com\/2024\/10\/09\/arrete-le-port-du-voile-et-de-la-croix-autorise-dans-les-ecoles\/\"]}]},{\"@type\":\"BreadcrumbList\",\"@id\":\"https:\/\/www.nettali.com\/2024\/10\/09\/arrete-le-port-du-voile-et-de-la-croix-autorise-dans-les-ecoles\/#breadcrumb\",\"itemListElement\":[{\"@type\":\"ListItem\",\"position\":1,\"name\":\"Accueil\",\"item\":\"https:\/\/www.nettali.com\/\"},{\"@type\":\"ListItem\",\"position\":2,\"name\":\"ARRET\\u00c9 - Le port du voile et de la croix autoris\\u00e9 dans les \\u00e9coles\"}]},{\"@type\":\"Person\",\"@id\":\"https:\/\/www.nettali.com\/#\/schema\/person\/3317e0bb3aa1da309fbf7b2780901bf4\",\"name\":\"Daouda\",\"image\":{\"@type\":\"ImageObject\",\"@id\":\"https:\/\/www.nettali.com\/#personlogo\",\"inLanguage\":\"fr-FR\",\"url\":\"https:\/\/secure.gravatar.com\/avatar\/8d143b5a49345098ddcfee1c49c2f47c?s=96&d=mm&r=g\",\"contentUrl\":\"https:\/\/secure.gravatar.com\/avatar\/8d143b5a49345098ddcfee1c49c2f47c?s=96&d=mm&r=g\",\"caption\":\"Daouda\"},\"sameAs\":[\"https:\/\/www.nettali.com\"]}]}<\/script>\n<!-- \/ Yoast SEO Premium plugin. -->","yoast_head_json":{"title":"ARRET\u00c9 - Le port du voile et de la croix autoris\u00e9 dans les \u00e9coles | Nettali.com","robots":{"index":"index","follow":"follow","max-snippet":"max-snippet:-1","max-image-preview":"max-image-preview:large","max-video-preview":"max-video-preview:-1"},"canonical":"https:\/\/www.nettali.com\/2024\/10\/09\/arrete-le-port-du-voile-et-de-la-croix-autorise-dans-les-ecoles\/","og_locale":"fr_FR","og_type":"article","og_title":"ARRET\u00c9 - Le port du voile et de la croix autoris\u00e9 dans les \u00e9coles","og_description":"NETTALI.COM - Le minist\u00e8re de l\u2019Education nationale a pris, mardi, un arr\u00eat\u00e9 relatif aux principes directeurs des r\u00e8glements int\u00e9rieurs des \u00e9tablissements publics et priv\u00e9s d\u2019\u00e9ducation et de formation du S\u00e9n\u00e9gal, autorisant, entre autres, le port du voile et de la croix dans les \u00e9coles. \"Les r\u00e8glements int\u00e9rieurs doivent garantir un environnement propice aux enseignements et [&hellip;]","og_url":"https:\/\/www.nettali.com\/2024\/10\/09\/arrete-le-port-du-voile-et-de-la-croix-autorise-dans-les-ecoles\/","og_site_name":"Nettali.com","article_publisher":"https:\/\/www.facebook.com\/nettalicom","article_published_time":"2024-10-09T19:02:37+00:00","og_image":[{"width":900,"height":588,"url":"https:\/\/www.nettali.com\/wp-content\/uploads\/2024\/07\/edu_guirassy_0.jpg","type":"image\/jpeg"}],"twitter_card":"summary_large_image","twitter_misc":{"\u00c9crit par":"Daouda","Dur\u00e9e de lecture estim\u00e9e":"2 minutes"},"schema":{"@context":"https:\/\/schema.org","@graph":[{"@type":"WebSite","@id":"https:\/\/www.nettali.com\/#website","url":"https:\/\/www.nettali.com\/","name":"Nettali.com","description":"Le rendez-vous critique du Net","potentialAction":[{"@type":"SearchAction","target":{"@type":"EntryPoint","urlTemplate":"https:\/\/www.nettali.com\/?s={search_term_string}"},"query-input":"required name=search_term_string"}],"inLanguage":"fr-FR"},{"@type":"ImageObject","@id":"https:\/\/www.nettali.com\/2024\/10\/09\/arrete-le-port-du-voile-et-de-la-croix-autorise-dans-les-ecoles\/#primaryimage","inLanguage":"fr-FR","url":"https:\/\/www.nettali.com\/wp-content\/uploads\/2024\/07\/edu_guirassy_0.jpg","contentUrl":"https:\/\/www.nettali.com\/wp-content\/uploads\/2024\/07\/edu_guirassy_0.jpg","width":900,"height":588},{"@type":"WebPage","@id":"https:\/\/www.nettali.com\/2024\/10\/09\/arrete-le-port-du-voile-et-de-la-croix-autorise-dans-les-ecoles\/#webpage","url":"https:\/\/www.nettali.com\/2024\/10\/09\/arrete-le-port-du-voile-et-de-la-croix-autorise-dans-les-ecoles\/","name":"ARRET\u00c9 - Le port du voile et de la croix autoris\u00e9 dans les \u00e9coles | Nettali.com","isPartOf":{"@id":"https:\/\/www.nettali.com\/#website"},"primaryImageOfPage":{"@id":"https:\/\/www.nettali.com\/2024\/10\/09\/arrete-le-port-du-voile-et-de-la-croix-autorise-dans-les-ecoles\/#primaryimage"},"datePublished":"2024-10-09T19:02:37+00:00","dateModified":"2024-10-09T19:02:37+00:00","author":{"@id":"https:\/\/www.nettali.com\/#\/schema\/person\/3317e0bb3aa1da309fbf7b2780901bf4"},"breadcrumb":{"@id":"https:\/\/www.nettali.com\/2024\/10\/09\/arrete-le-port-du-voile-et-de-la-croix-autorise-dans-les-ecoles\/#breadcrumb"},"inLanguage":"fr-FR","potentialAction":[{"@type":"ReadAction","target":["https:\/\/www.nettali.com\/2024\/10\/09\/arrete-le-port-du-voile-et-de-la-croix-autorise-dans-les-ecoles\/"]}]},{"@type":"BreadcrumbList","@id":"https:\/\/www.nettali.com\/2024\/10\/09\/arrete-le-port-du-voile-et-de-la-croix-autorise-dans-les-ecoles\/#breadcrumb","itemListElement":[{"@type":"ListItem","position":1,"name":"Accueil","item":"https:\/\/www.nettali.com\/"},{"@type":"ListItem","position":2,"name":"ARRET\u00c9 - Le port du voile et de la croix autoris\u00e9 dans les \u00e9coles"}]},{"@type":"Person","@id":"https:\/\/www.nettali.com\/#\/schema\/person\/3317e0bb3aa1da309fbf7b2780901bf4","name":"Daouda","image":{"@type":"ImageObject","@id":"https:\/\/www.nettali.com\/#personlogo","inLanguage":"fr-FR","url":"https:\/\/secure.gravatar.com\/avatar\/8d143b5a49345098ddcfee1c49c2f47c?s=96&d=mm&r=g","contentUrl":"https:\/\/secure.gravatar.com\/avatar\/8d143b5a49345098ddcfee1c49c2f47c?s=96&d=mm&r=g","caption":"Daouda"},"sameAs":["https:\/\/www.nettali.com"]}]}},"_links":{"self":[{"href":"https:\/\/www.nettali.com\/rest\/wp\/v2\/posts\/141692"}],"collection":[{"href":"https:\/\/www.nettali.com\/rest\/wp\/v2\/posts"}],"about":[{"href":"https:\/\/www.nettali.com\/rest\/wp\/v2\/types\/post"}],"author":[{"embeddable":true,"href":"https:\/\/www.nettali.com\/rest\/wp\/v2\/users\/4"}],"replies":[{"embeddable":true,"href":"https:\/\/www.nettali.com\/rest\/wp\/v2\/comments?post=141692"}],"version-history":[{"count":1,"href":"https:\/\/www.nettali.com\/rest\/wp\/v2\/posts\/141692\/revisions"}],"predecessor-version":[{"id":141693,"href":"https:\/\/www.nettali.com\/rest\/wp\/v2\/posts\/141692\/revisions\/141693"}],"wp:featuredmedia":[{"embeddable":true,"href":"https:\/\/www.nettali.com\/rest\/wp\/v2\/media\/137328"}],"wp:attachment":[{"href":"https:\/\/www.nettali.com\/rest\/wp\/v2\/media?parent=141692"}],"wp:term":[{"taxonomy":"category","embeddable":true,"href":"https:\/\/www.nettali.com\/rest\/wp\/v2\/categories?post=141692"},{"taxonomy":"post_tag","embeddable":true,"href":"https:\/\/www.nettali.com\/rest\/wp\/v2\/tags?post=141692"}],"curies":[{"name":"wp","href":"https:\/\/api.w.org\/{rel}","templated":true}]}}