{"id":141685,"date":"2024-10-09T13:56:58","date_gmt":"2024-10-09T13:56:58","guid":{"rendered":"https:\/\/www.nettali.com\/?p=141685"},"modified":"2024-10-14T07:20:19","modified_gmt":"2024-10-14T07:20:19","slug":"idiovisuel-tout-ca-pour-ca-2","status":"publish","type":"post","link":"https:\/\/www.nettali.com\/2024\/10\/09\/idiovisuel-tout-ca-pour-ca-2\/","title":{"rendered":"IDIOVISUEL - Tout \u00e7a pour \u00e7a !"},"content":{"rendered":"<p><strong>NETTALI.COM - Y\u2019avait-il vraiment mati\u00e8re \u00e0 se pr\u00e9cipiter pour communiquer sur des chiffres que l\u2019on consid\u00e8re comme faux, alors que la Cour des comptes, seule institution habilit\u00e9e, ne les a pas encore certifi\u00e9s ? C\u2019est en tout cas \u00e0 un vrai proc\u00e8s du r\u00e9gime pass\u00e9 que le Premier ministre Ousmane Sonko s\u2019est livr\u00e9, lors de sa r\u00e9cente sortie.<\/strong><\/p>\n<p>Un fait qui commence \u00e0 \u00eatre bien habituel mais qui ne devrait plus \u00e9tonner puisqu\u2019Ousmane Sonko a cette f\u00e2cheuse tendance \u00e0 s\u2019attaquer \u00e0 ses adversaires et \u00e0 ses d\u00e9tracteurs. Dans cette affaire de \u00ab faux chiffres \u00bb, il est, comme il l\u2019avait fait r\u00e9cemment, all\u00e9 plus vite que la musique et a annonc\u00e9 ce qui pouvait attendre.<\/p>\n<p>Pour rappel, lors d\u2019une de ses sorties, le mercredi 4 septembre, il avait par exemple pas pr\u00e9dit qu\u2019il n\u2019y aurait pas \u00ab <em>de motion de censure d\u2019ici le 12 septembre<\/em> \u00bb, \u00ab <em>et que le 12 septembre, s\u2019il plait \u00e0 Dieu, les gens auront autre chose \u00e0 faire que d\u2019\u00eatre d\u00e9put\u00e9s \u00e0 l\u2019Assembl\u00e9e nationale<\/em>\u00bb. Il avait aussi, figurez-vous, annonc\u00e9 que le chef de l'Etat, Bassirou Diomaye Faye allait prendre des d\u00e9crets pour bloquer le fonctionnement des deux institutions dirig\u00e9es par Abdoulaye Daouda Diallo et Aminata Mbengue Ndiaye.<\/p>\n<p>Des situations qui avaient \u00e9t\u00e9 pr\u00e9dites et qui se sont finalement r\u00e9alis\u00e9es.<\/p>\n<p><strong>Une posture d\u2019opposant et de gouvernant pas si diff\u00e9rente que \u00e7a<\/strong><\/p>\n<p>Des sorties de ce genre, \u00e0 la fa\u00e7on sniper, ce n\u2019est pas ce qui manque en effet avec notre cher PM. Mais ne devrait-il pas se rendre \u00e0 l\u2019\u00e9vidence que ce qui lui avait r\u00e9ussi en tant qu\u2019opposant, pourrait moins lui sourire en tant que chef du gouvernement ?<\/p>\n<p>Les deux statuts requi\u00e8rent en effet des postures diff\u00e9rentes. Il \u00e9tait en effet beaucoup plus appropri\u00e9 pour Ousmane Sonko, opposant jouissant d\u2019une \u00e9norme popularit\u00e9, de d\u00e9fier et de critiquer \u00e0 sa guise, Macky Sall et son r\u00e9gime, surtout dans un contexte politique tr\u00e8s tendu, marqu\u00e9 par de la r\u00e9pression et de nombreuses arrestations. Il n\u2019y mettait pas beaucoup de forme, mais tant qu\u2019il \u00e9tait opposant, cette posture pouvait \u00eatre comprise et relativis\u00e9e, la vie d\u2019opposant sous nos cieux \u00e9tant loin d\u2019\u00eatre simple.<\/p>\n<p>A contrario, dans une posture de gouvernant, il ne s\u2019agit plus de d\u00e9molir, de critiquer, d\u2019utiliser n\u2019importe quelle sorte de propos, voire de r\u00e9p\u00e9ter ce que tous les S\u00e9n\u00e9galais savent d\u00e9j\u00e0, mais il s\u2019agit au contraire de construire et surtout d\u2019appliquer un programme r\u00e9volutionnaire, chant\u00e9 sur tous les toits et qui a fait beaucoup d\u2019\u00e9mules, surtout chez les jeunes, aux attentes tr\u00e8s fortes et en qu\u00eate de changement.<\/p>\n<p>Eh bien, la v\u00e9rit\u00e9 c\u2019est qu\u2019une fois au pouvoir, la perspective s\u2019inverse et le paradigme change. Il faut donc expliquer son projet aux populations et faire preuve de p\u00e9dagogie dans son action. C\u2019est ce qu\u2019on appelle en somme, poser des actes significatifs, avec rigueur, m\u00e9thode, s\u00e9r\u00e9nit\u00e9, transparence, ne parler que pour dire des choses int\u00e9ressantes et utiles, et surtout bien choisir ses messages et ses mots. Ce qui veut dire, ma\u00eetriser sa communication et contr\u00f4ler les actes qu\u2019on pose.<\/p>\n<p>C\u2019est justement ce cap qu\u2019Ousmane Sonko n\u2019a pas pour le moment r\u00e9ussi \u00e0 franchir. Il s\u2019est si souvent appliqu\u00e9 \u00e0 critiquer le r\u00e9gime de Macky Sall, sous toutes ses formes et sous toutes ses tares et \u00e0 d\u00e9montrer \u00e0 quel point, il a pill\u00e9 nos ressources. Mais une fois arriv\u00e9 au pouvoir, six mois apr\u00e8s, avec son programme pas encore d\u00e9voil\u00e9, sans oublier l\u2019absence d\u2019embellie \u00e9conomique, le PM a pr\u00e9f\u00e9r\u00e9 continuer sur cette lanc\u00e9e en cherchant \u00e0 davantage noircir le tableau de la gouvernance, chaque jour, tout en mena\u00e7ant de ses foudres, ceux qui auraient pill\u00e9 les ressources publiques. Il qualifiera m\u00eame son leg, d\u2019\u00e9tat en ruines, allant jusqu\u2019\u00e0 pr\u00f4ner la ren\u00e9gociation des contrats sign\u00e9s par l\u2019ancien r\u00e9gime sur le dos des S\u00e9n\u00e9galais.<\/p>\n<p>Ce qui est surtout hilarant \u00e0 constater, c\u2019est ce d\u00e9ballage permanent et syst\u00e9matique sur des affaires qui n\u2019ont pas cette n\u00e9cessit\u00e9 \u00e0 \u00eatre rendues publiques, puisqu\u2019il ne s\u2019agit au fond que de r\u00e9parer ce qui est consid\u00e9r\u00e9 comme pr\u00e9judice, \u00e9tant entendu que dans cette information livr\u00e9e au public (comme sur les \u00ab faux chiffres \u00bb par exemple), on n\u2019a g\u00e9n\u00e9ralement qu\u2019un seul son de cloche. L\u2019on ne devrait pourtant pas pouvoir tout dire, n\u2019importe o\u00f9 et sous n\u2019importe quelle forme. Mais il semblerait que cela soit un style chez Ousmane Sonko et un mode de gouvernance dont le modus operandi est de vilipender \u00e0 fond le r\u00e9gime pass\u00e9. Aussi, ses partisans ne manquent pas de le suivre sur ce terrain. Derniers d\u00e9ballages en date, ce sont les sorties d\u2019El Malick Ndiaye sur le nombre de CDI et de CDD \u00e0 Dakar Dem Dikk et de Birame Soul\u00e8ye Diop sur le personnel pl\u00e9thorique au niveau de son minist\u00e8re.<\/p>\n<p><strong>Les \u00ab faux chiffres \u00bb et des arrestations\u00a0<\/strong><\/p>\n<p>Mais dans ce style de gouvernance auquel le PM nous a habitu\u00e9s depuis ses d\u00e9buts, la sortie de trop a \u00e9t\u00e9 celle sur les \u00ab <em>faux chiffres<\/em> \u00bb et les arrestations de l\u2019opposant Bougane Gu\u00e8ye Dany, du journaliste Cheikh Y\u00e9rim Seck et du chroniqueur de la Sen TV Kader Dia, qui ont suivi. Il \u00e9tait en effet reproch\u00e9 \u00e0 Bougane Gu\u00e8ye, candidat aux prochaines \u00e9lections l\u00e9gislatives, des propos injurieux et diffamatoires et la diffusion de fausses nouvelles ; au journaliste Cheikh Y\u00e9rim Seck, d\u00e9f\u00e9r\u00e9 au parquet, d\u2019avoir diffam\u00e9 et diffus\u00e9 des fausses nouvelles. Il lui \u00e9tait dans cette logique, reproch\u00e9 d\u2019avoir r\u00e9fut\u00e9 les chiffres du gouvernement sur les comptes publics. Ce qui veut dire qu\u2019\u00e0 l\u2019origine de l\u2019arrestation des deux premiers, c\u2019est l\u2019affaire des \u00ab <em>faux chiffres<\/em> \u00bb qui a \u00e9t\u00e9 la cause.<\/p>\n<p>Et m\u00eame lib\u00e9r\u00e9s par le procureur de la r\u00e9publique, avec un dossier class\u00e9 sans suite, l\u2019on peut bien s\u2019interroger sur le bilan de cette op\u00e9ration men\u00e9e par Ousmane Sonko. Ces arrestations ont semble-t-il bien entach\u00e9 l\u2019image de la gouvernance actuelle qui n\u2019est pourtant qu\u2019\u00e0 ses d\u00e9buts, alors que d\u2019aucuns (m\u00eame si ce n\u2019est pas encore de la m\u00eame trempe) se mettent d\u00e9j\u00e0 \u00e0 comparer cette derni\u00e8re \u00e0 celle de Macky Sall qui aura dur\u00e9 12 ans.<\/p>\n<p>Et ce n\u2019est gu\u00e8re un hasard si les acteurs de la soci\u00e9t\u00e9 civile et les associations de d\u00e9fense des droits de l\u2019homme ont cru devoir sonner l\u2019alerte et d\u00e9noncer en ch\u0153ur, une restriction de libert\u00e9s, ainsi qu\u2019une atteinte \u00e0 la libert\u00e9 d\u2019expression et d\u2019opinion. Longtemps silencieux, le mouvement Y\u2019en a Marre, est sorti de sa r\u00e9serve pour s'exprimer sur la situation actuelle du pays. Son coordonnateur Aliou San\u00e9, inquiet, ne croyait pas devoir \u00eatre \u00ab l\u00e0 aujourd\u2019hui pour parler parce qu\u2019un opposant a \u00e9t\u00e9 interpell\u00e9 par la police \u00e0 quelques jours des \u00e9lections pour un d\u00e9lit d\u2019opinion \u00bb ; il n\u2019aurait pas cru, \u00ab <em>au bout de 6 mois qu\u2019un journaliste serait arr\u00eat\u00e9 parce qu\u2019il a critiqu\u00e9 des chiffres donn\u00e9s par le gouvernement<\/em> \u00bb.<\/p>\n<p>Des arrestations qui ont finalement caus\u00e9 plus de torts au gouvernement d\u2019Ousmane Sonko et plomb\u00e9 sa sortie sur les \u00ab <em>faux chiffres<\/em> \u00bb qui a fini dans une interminable pol\u00e9mique qui n\u2019a fait que rajouter \u00e0 la confusion. Au m\u00eame moment o\u00f9 a lieu cette pol\u00e9mique, le FMI a demand\u00e9 d\u2019attendre les conclusions de la Cour des comptes, m\u00eame s\u2019il s\u2019est au passage \u00ab <em>f\u00e9licit\u00e9 de l'audit g\u00e9n\u00e9ral des finances publiques au S\u00e9n\u00e9gal et de l'engagement du gouvernement en faveur d'une gouvernance solide et de la transparence budg\u00e9taire <\/em>\u00bb, ajoutant que \u00ab <em>les autorit\u00e9s ont communiqu\u00e9 les r\u00e9sultats pr\u00e9liminaires des audits \u00e0 notre \u00e9quipe qui collaborera \u00e9troitement avec elles dans les semaines \u00e0 venir pour \u00e9valuer l'impact macro\u00e9conomique et d\u00e9finir les prochaines \u00e9tapes<\/em> \u00bb.<\/p>\n<p>Les termes d\u2019un communiqu\u00e9 que d\u2019aucuns ont tent\u00e9 de manipuler en faisant croire que le FMI confirme le gouvernement. Ce qui n\u2019est pas tout \u00e0 fait exact. L\u2019on conna\u00eet bien la propension de l\u2019institution \u00e0 user du langage diplomatique. Une posture contraire aurait d\u00e8s lors \u00e9t\u00e9 mal venue. Comment le FMI peut-il ne pas encourager celui qui d\u00e9cide de s\u2019orienter vers une gouvernance solide et de transparence budg\u00e9taire ?<\/p>\n<p>R\u00e9pondant aux accusations du Premier ministre sur les \u00ab <em>faux chiffres<\/em> \u00bb, l\u2019Apr a estim\u00e9 que \u201c<em>la Cour des comptes est l\u2019unique juridiction comp\u00e9tente pour \u00e9valuer la r\u00e9gularit\u00e9 des comptes<\/em>\u201d. Aussi, a-t-elle regrett\u00e9 que le Premier ministre ait voulu se substituer \u00e0 la Cour des comptes dans cet exercice d'appr\u00e9ciation des finances publiques de mani\u00e8re si pr\u00e9cipit\u00e9e. Pire, l'APR conteste ainsi des propos faits de \u00ab<em>grossi\u00e8res affirmations<\/em> \u00bb qui, selon elle, renvoient juste \u00e0 \u00ab<em>l\u2019incomp\u00e9tence de leurs auteurs et leur ignorance des r\u00e8gles qui gouvernent les finances publiques<\/em>\u00bb.<\/p>\n<p>En outre, le parti de l\u2019ancien r\u00e9gime, toujours dans cette optique de contredire les propos du PM, a estim\u00e9 que \u00ab <em>la Cour des comptes ne se prononcera sur le rapport provisoire susvis\u00e9 qu\u2019apr\u00e8s l\u2019avoir soumis aux acteurs concern\u00e9s, notamment les anciens ministres des Finances pour la p\u00e9riode consid\u00e9r\u00e9e, afin de recueillir leurs observations, dans le respect du principe du contradictoire, avant de rendre ses conclusions<\/em> \u00bb. Elle n\u2019a pas aussi manqu\u00e9 de s\u2019insurger contre le discr\u00e9dit port\u00e9 \u00e0 l'ensemble de l'Administration s\u00e9n\u00e9galaise apr\u00e8s cette sortie du 26 septembre.<\/p>\n<p><strong>La sortie d\u2019Ousmane Sonko et l\u2019\u00e9quation de la cons\u00e9quence sur l\u2019image du pays<\/strong><\/p>\n<p>Que penser au finish du co\u00fbt de cette sortie d\u2019Ousmane Sonko ? Si d\u2019aucuns sont dans le d\u00e9ni et la consid\u00e8rent comme une op\u00e9ration de v\u00e9rit\u00e9 en phase avec le Jub Jubal Jubanti, elle est vue par d\u2019autres comme une op\u00e9ration kamikaze qui nuit fortement \u00e0 l\u2019image du S\u00e9n\u00e9gal, dont la note a \u00e9t\u00e9 d\u00e9grad\u00e9e de Ba3 \u00e0 B1. L\u2019on est en effet retourn\u00e9 \u00e0 la situation de 2017. Que des S\u00e9n\u00e9galais en arrivent \u00e0 penser que l\u2019image du S\u00e9n\u00e9gal sera restaur\u00e9e avec ce qu\u2019ils consid\u00e8rent comme un exercice de v\u00e9rit\u00e9, ils se trompent car il y a des t\u00e2ches qui restent. Cette affaire r\u00e9v\u00e9l\u00e9e par Ousmane Sonko, si tant est qu\u2019elle existe, aurait m\u00eame pu \u00eatre g\u00e9r\u00e9e en toute diplomatie avec le FMI, sans n\u00e9cessiter d\u2019\u00eatre expos\u00e9e au monde entier. Mais \u00e0 ce stade, il ne s\u2019agissait en l\u2019occurrence que d\u2019un rapport de l\u2019Inspection g\u00e9n\u00e9rale des Finances, donc un document d\u2019un service interne au minist\u00e8re des finances et dont le rapport n\u2019a d\u2019ailleurs pas \u00e9t\u00e9 rendu public.<\/p>\n<p>Invit\u00e9 du \u00ab Grand Jury \u00bb de la RFM, le dimanche 6 octobre, le banquier et ancien Premier ministre Abdoul Mbaye s\u2019est pos\u00e9 la question de l\u2019int\u00e9r\u00eat \u00e0 faire autant de show autour d\u2019une communication qui allait blesser de mani\u00e8re certaine le S\u00e9n\u00e9gal. \u00ab <em>Tr\u00e8s sinc\u00e8rement, a-t-il dit, je ne comprends pas, il aurait fallu \u00eatre discret. Par contre, il aurait fallu \u00eatre bavard sur les solutions qu\u2019on allait apporter sur les engagements qui allaient \u00eatre pris pour essayer de sortir de S\u00e9n\u00e9gal de ce mauvais pas<\/em> \u00bb, a fait remarquer celui-ci qui estime en plus \u00ab <em>qu\u2019il y a une guerre contre l\u2019ancien r\u00e9gime dont il ne ma\u00eetrise pas les cons\u00e9quences possibles, au prix de la r\u00e9putation du pays, au prix de la diplomatie du pays<\/em> \u00bb.<\/p>\n<p>L\u2019ancien PM d\u2019ajouter ceci : \u00ab <em>le coup est parti et il y a une perte de confiance sur la comptabilit\u00e9, sur l\u2019administration s\u00e9n\u00e9galaise, vous avez des politiques qui donnent des ordres, mais on finit par se dire que vous n\u2019avez pas un syst\u00e8me comptable fiable. C\u2019est une architecture de statistiques qui est quand m\u00eame valid\u00e9e, qui a un caract\u00e8re international, qui est valid\u00e9 par la Banque Mondiale, le Fonds Mon\u00e9taire International, et puis l\u2019information est partag\u00e9e au niveau mondial, vous ne pouvez emprunter au niveau sans que \u00e7a ne rentre dans des carnets. J\u2019attends les chiffres qui vont corriger le montant de la dette publique, parce qu\u2019\u00eatre faussaire \u00e0 ce niveau, c\u2019est quand m\u00eame quelque chose de difficile<\/em>\u00bb<\/p>\n<p>Abdoul Mbaye ne comprend d\u2019ailleurs pas que le gouvernement \u00ab<em> se tire des balles dans les pieds<\/em> \u00bb, faisant remarquer au passage que, \u00ab la cons\u00e9quence quand vous \u00eates surendett\u00e9, vous devez penser \u00e0 une r\u00e9\u00e9valuation de vos dettes, \u00e0 une restructuration de votre dette, \u00e7a peut se faire dans la dur\u00e9e, mais l\u00e0 tr\u00e8s sinc\u00e8rement la chose est trop grave, vous \u00eates oblig\u00e9s de discuter avec vos cr\u00e9anciers \u00bb.<\/p>\n<p>Mbaye ne manque pas d\u2019ailleurs de s\u2019\u00e9tonner en ces termes : \u00ab <em>je pense qu\u2019il Il y a un premier probl\u00e8me, il y a eu certes les d\u00e9clarations du Premier ministre Ousmane Sonko, mais il y a eu aussi publication du document de la Strat\u00e9gie nationale de d\u00e9veloppement du S\u00e9n\u00e9gal. Et malheureusement les chiffres qui sont contenus dans ce document, jurent avec les ceux qui ont \u00e9t\u00e9 pr\u00e9sent\u00e9s par Ousmane Sonko. Quels sont les chiffres qu\u2019il faut retenir ? A supposer que ceux livr\u00e9s par Ousmane Sonko puissent \u00eatre consid\u00e9r\u00e9s comme figurant dans un pr\u00e9-rapport, je pense personnellement qu\u2019il aurait \u00e9t\u00e9 plus prudent d\u2019attendre la validation de certification de ces chiffres par la Cour des comptes. Enfin, il y a la mani\u00e8re lorsque vous transformer en show politique la communication de donn\u00e9es qui s\u2019adressent non seulement aux S\u00e9n\u00e9galais, mais au monde parce que tout le monde vous \u00e9coute et en particulier vos bailleurs et vos partenaires, vous prenez des pr\u00e9cautions. L\u00e0 manifestement, on a pr\u00e9f\u00e9r\u00e9 donner la priorit\u00e9 \u00e0 l\u2019accusation d\u2019un r\u00e9gime pr\u00e9c\u00e9dent par rapport aux cons\u00e9quences.<\/em> \u00bb<\/p>\n<p>Une sortie en tout cas en tout d\u00e9sastreuse pour l\u2019image du S\u00e9n\u00e9gal. De m\u00eame que les arrestations qui semblent se multiplier avec la garde \u00e0 vue du chroniqueur de la Sen TV, Kader Dia, les emprisonnements de Bah Diakhat\u00e9, l\u2019activiste r\u00e9publicain, d\u2019Imam Ndao et du commissaire Ke\u00efta, pour avoir \u00e9voqu\u00e9 un diff\u00e9rend entre le chef de l\u2019Etat et son PM. Le r\u00e9gime actuel doit en effet penser \u00e0 ne pas reproduire les m\u00eames sc\u00e9narios que ceux avec celui pass\u00e9. Le rappeur Thiat de Y\u2019en a marre dira de Ke\u00efta, que son cas rel\u00e8ve du flagrant d\u00e9lit et non d\u2019un dossier qui requiert une instruction. De m\u00eame, l\u2019on peut citer le cas d\u2019Ahmed Suzanne Camara, emprisonn\u00e9 pour avoir trait\u00e9 de menteurs le chef de l\u2019Etat et son Premier ministre. La question que l\u2019on peut se poser, c\u2019est de savoir si l\u2019ancien pr\u00e9sident de la r\u00e9publique n\u2019a pas \u00e9t\u00e9 qualifi\u00e9 de la sorte r\u00e9cemment et m\u00eame durant en tant qu\u2019opposant.<\/p>\n<p>Ce qui est en tout cas attendu du chef gouvernement, c\u2019est qu\u2019il mette son gouvernement au travail, cesse les d\u00e9ballages, ses menaces ainsi que ses interventions sur la reddition des comptes qui ne rel\u00e8ve plus de lui, mais plut\u00f4t de la justice. Une administration correcte de la justice requiert \u00e0 la fois s\u00e9r\u00e9nit\u00e9 et impartialit\u00e9 et doit \u00e9viter de donner l\u2019impression de l\u2019influencer et de violer la pr\u00e9somption d\u2019innocence des personnes en cause. Surtout au moment o\u00f9 les associations de d\u00e9fense des droits de l\u2019homme et de la soci\u00e9t\u00e9 civile ont fini de d\u00e9noncer les restrictions de libert\u00e9s.<\/p>\n<p>Rappelons tout de m\u00eame cette longue p\u00e9riode de violation de la libert\u00e9 d\u2019aller et de venir d\u2019Ousmane Sonko avec les barricades dress\u00e9es autour de sa maison \u00e0 la cit\u00e9 Keur Gorgui. Cela avait soulev\u00e9 un toll\u00e9, alors que beaucoup s\u2019interrogeaient sur la base l\u00e9gale d\u2019une telle mesure de l\u2019\u00e9poque.<\/p>\n<p>Si le Pastef veut r\u00e9ussir cette rupture tant clam\u00e9e, elle se doit de ne pas regarder dans le r\u00e9troviseur et s\u2019inscrire dans une logique d\u2019appliquer un programme ambitieux \u00e0 la hauteur de sa publicit\u00e9. Vivement le 14 octobre, soit la date retenue pour enfin d\u00e9voiler la Strat\u00e9gie Nationale de D\u00e9veloppement qui va nous permettre d\u2019op\u00e9rer cette rupture promise, d\u2019am\u00e9liorer les syst\u00e8me tant d\u00e9cri\u00e9 et d\u2019ouvrir une \u00e9poque de d\u00e9bats fructueux qui nous feront oublier ces pol\u00e9miques st\u00e9riles, empreintes de beaucoup de subjectivit\u00e9s. Mais apr\u00e8s, il faudra aussi se battre pour obtenir une majorit\u00e9 confortable pour gouverner, au moment o\u00f9 Macky Sall qui sent la menace de loin, a d\u00e9cid\u00e9 de venir faire face \u00e0 Ousmane Sonko. Le duel aura-t-il lieu ou pas en terre s\u00e9n\u00e9galaise ? Personne ne sait.<\/p>\n<div class='share-to-whatsapp-wrapper'><div class='share-on-whsp'>PARTAGER SUR : <\/div><a data-text='IDIOVISUEL - Tout \u00e7a pour \u00e7a !' data-link='https:\/\/www.nettali.com\/2024\/10\/09\/idiovisuel-tout-ca-pour-ca-2\/' class='whatsapp-button whatsapp-share'>WhatsApp<\/a><div class='clear '><\/div><\/div>","protected":false},"excerpt":{"rendered":"<p>NETTALI.COM - Y\u2019avait-il vraiment mati\u00e8re \u00e0 se pr\u00e9cipiter pour communiquer sur des chiffres que l\u2019on consid\u00e8re comme faux, alors que la Cour des comptes, seule institution habilit\u00e9e, ne les a pas encore certifi\u00e9s ? C\u2019est en tout cas \u00e0 un vrai proc\u00e8s du r\u00e9gime pass\u00e9 que le Premier ministre Ousmane Sonko s\u2019est livr\u00e9, lors de [&hellip;]<\/p>\n","protected":false},"author":2,"featured_media":141654,"comment_status":"open","ping_status":"open","sticky":false,"template":"","format":"standard","meta":{"_et_pb_use_builder":"","_et_pb_old_content":""},"categories":[9],"tags":[],"yoast_head":"<!-- This site is optimized with the Yoast SEO Premium plugin v17.8 (Yoast SEO v17.8) - https:\/\/yoast.com\/wordpress\/plugins\/seo\/ -->\n<title>IDIOVISUEL - Tout \u00e7a pour \u00e7a ! | Nettali.com<\/title>\n<meta name=\"robots\" content=\"index, follow, max-snippet:-1, max-image-preview:large, max-video-preview:-1\" \/>\n<link rel=\"canonical\" href=\"https:\/\/www.nettali.com\/2024\/10\/09\/idiovisuel-tout-ca-pour-ca-2\/\" \/>\n<meta property=\"og:locale\" content=\"fr_FR\" \/>\n<meta property=\"og:type\" content=\"article\" \/>\n<meta property=\"og:title\" content=\"IDIOVISUEL - Tout \u00e7a pour \u00e7a !\" \/>\n<meta property=\"og:description\" content=\"NETTALI.COM - Y\u2019avait-il vraiment mati\u00e8re \u00e0 se pr\u00e9cipiter pour communiquer sur des chiffres que l\u2019on consid\u00e8re comme faux, alors que la Cour des comptes, seule institution habilit\u00e9e, ne les a pas encore certifi\u00e9s ? C\u2019est en tout cas \u00e0 un vrai proc\u00e8s du r\u00e9gime pass\u00e9 que le Premier ministre Ousmane Sonko s\u2019est livr\u00e9, lors de [&hellip;]\" \/>\n<meta property=\"og:url\" content=\"https:\/\/www.nettali.com\/2024\/10\/09\/idiovisuel-tout-ca-pour-ca-2\/\" \/>\n<meta property=\"og:site_name\" content=\"Nettali.com\" \/>\n<meta property=\"article:publisher\" content=\"https:\/\/www.facebook.com\/nettalicom\" \/>\n<meta property=\"article:published_time\" content=\"2024-10-09T13:56:58+00:00\" \/>\n<meta property=\"article:modified_time\" content=\"2024-10-14T07:20:19+00:00\" \/>\n<meta property=\"og:image\" content=\"https:\/\/www.nettali.com\/wp-content\/uploads\/2024\/10\/mbaye-seck-sall-sonko-bougane-dia.jpg\" \/>\n\t<meta property=\"og:image:width\" content=\"1280\" \/>\n\t<meta property=\"og:image:height\" content=\"600\" \/>\n<meta name=\"twitter:card\" content=\"summary_large_image\" \/>\n<meta name=\"twitter:label1\" content=\"\u00c9crit par\" \/>\n\t<meta name=\"twitter:data1\" content=\"CK\" \/>\n\t<meta name=\"twitter:label2\" content=\"Dur\u00e9e de lecture estim\u00e9e\" \/>\n\t<meta name=\"twitter:data2\" content=\"14 minutes\" \/>\n<script type=\"application\/ld+json\" class=\"yoast-schema-graph\">{\"@context\":\"https:\/\/schema.org\",\"@graph\":[{\"@type\":\"WebSite\",\"@id\":\"https:\/\/www.nettali.com\/#website\",\"url\":\"https:\/\/www.nettali.com\/\",\"name\":\"Nettali.com\",\"description\":\"Le rendez-vous critique du Net\",\"potentialAction\":[{\"@type\":\"SearchAction\",\"target\":{\"@type\":\"EntryPoint\",\"urlTemplate\":\"https:\/\/www.nettali.com\/?s={search_term_string}\"},\"query-input\":\"required name=search_term_string\"}],\"inLanguage\":\"fr-FR\"},{\"@type\":\"ImageObject\",\"@id\":\"https:\/\/www.nettali.com\/2024\/10\/09\/idiovisuel-tout-ca-pour-ca-2\/#primaryimage\",\"inLanguage\":\"fr-FR\",\"url\":\"https:\/\/www.nettali.com\/wp-content\/uploads\/2024\/10\/mbaye-seck-sall-sonko-bougane-dia.jpg\",\"contentUrl\":\"https:\/\/www.nettali.com\/wp-content\/uploads\/2024\/10\/mbaye-seck-sall-sonko-bougane-dia.jpg\",\"width\":1280,\"height\":600},{\"@type\":\"WebPage\",\"@id\":\"https:\/\/www.nettali.com\/2024\/10\/09\/idiovisuel-tout-ca-pour-ca-2\/#webpage\",\"url\":\"https:\/\/www.nettali.com\/2024\/10\/09\/idiovisuel-tout-ca-pour-ca-2\/\",\"name\":\"IDIOVISUEL - Tout \\u00e7a pour \\u00e7a ! | Nettali.com\",\"isPartOf\":{\"@id\":\"https:\/\/www.nettali.com\/#website\"},\"primaryImageOfPage\":{\"@id\":\"https:\/\/www.nettali.com\/2024\/10\/09\/idiovisuel-tout-ca-pour-ca-2\/#primaryimage\"},\"datePublished\":\"2024-10-09T13:56:58+00:00\",\"dateModified\":\"2024-10-14T07:20:19+00:00\",\"author\":{\"@id\":\"https:\/\/www.nettali.com\/#\/schema\/person\/d8ac7b7e27ddad43f1c0d2ef090d7f71\"},\"breadcrumb\":{\"@id\":\"https:\/\/www.nettali.com\/2024\/10\/09\/idiovisuel-tout-ca-pour-ca-2\/#breadcrumb\"},\"inLanguage\":\"fr-FR\",\"potentialAction\":[{\"@type\":\"ReadAction\",\"target\":[\"https:\/\/www.nettali.com\/2024\/10\/09\/idiovisuel-tout-ca-pour-ca-2\/\"]}]},{\"@type\":\"BreadcrumbList\",\"@id\":\"https:\/\/www.nettali.com\/2024\/10\/09\/idiovisuel-tout-ca-pour-ca-2\/#breadcrumb\",\"itemListElement\":[{\"@type\":\"ListItem\",\"position\":1,\"name\":\"Accueil\",\"item\":\"https:\/\/www.nettali.com\/\"},{\"@type\":\"ListItem\",\"position\":2,\"name\":\"IDIOVISUEL - Tout \\u00e7a pour \\u00e7a !\"}]},{\"@type\":\"Person\",\"@id\":\"https:\/\/www.nettali.com\/#\/schema\/person\/d8ac7b7e27ddad43f1c0d2ef090d7f71\",\"name\":\"CK\",\"image\":{\"@type\":\"ImageObject\",\"@id\":\"https:\/\/www.nettali.com\/#personlogo\",\"inLanguage\":\"fr-FR\",\"url\":\"https:\/\/secure.gravatar.com\/avatar\/1d8d5118b9327d94da7cd4ce7f17fec2?s=96&d=mm&r=g\",\"contentUrl\":\"https:\/\/secure.gravatar.com\/avatar\/1d8d5118b9327d94da7cd4ce7f17fec2?s=96&d=mm&r=g\",\"caption\":\"CK\"},\"sameAs\":[\"https:\/\/www.nettali.com\"]}]}<\/script>\n<!-- \/ Yoast SEO Premium plugin. -->","yoast_head_json":{"title":"IDIOVISUEL - Tout \u00e7a pour \u00e7a ! | Nettali.com","robots":{"index":"index","follow":"follow","max-snippet":"max-snippet:-1","max-image-preview":"max-image-preview:large","max-video-preview":"max-video-preview:-1"},"canonical":"https:\/\/www.nettali.com\/2024\/10\/09\/idiovisuel-tout-ca-pour-ca-2\/","og_locale":"fr_FR","og_type":"article","og_title":"IDIOVISUEL - Tout \u00e7a pour \u00e7a !","og_description":"NETTALI.COM - Y\u2019avait-il vraiment mati\u00e8re \u00e0 se pr\u00e9cipiter pour communiquer sur des chiffres que l\u2019on consid\u00e8re comme faux, alors que la Cour des comptes, seule institution habilit\u00e9e, ne les a pas encore certifi\u00e9s ? C\u2019est en tout cas \u00e0 un vrai proc\u00e8s du r\u00e9gime pass\u00e9 que le Premier ministre Ousmane Sonko s\u2019est livr\u00e9, lors de [&hellip;]","og_url":"https:\/\/www.nettali.com\/2024\/10\/09\/idiovisuel-tout-ca-pour-ca-2\/","og_site_name":"Nettali.com","article_publisher":"https:\/\/www.facebook.com\/nettalicom","article_published_time":"2024-10-09T13:56:58+00:00","article_modified_time":"2024-10-14T07:20:19+00:00","og_image":[{"width":1280,"height":600,"url":"https:\/\/www.nettali.com\/wp-content\/uploads\/2024\/10\/mbaye-seck-sall-sonko-bougane-dia.jpg","type":"image\/jpeg"}],"twitter_card":"summary_large_image","twitter_misc":{"\u00c9crit par":"CK","Dur\u00e9e de lecture estim\u00e9e":"14 minutes"},"schema":{"@context":"https:\/\/schema.org","@graph":[{"@type":"WebSite","@id":"https:\/\/www.nettali.com\/#website","url":"https:\/\/www.nettali.com\/","name":"Nettali.com","description":"Le rendez-vous critique du Net","potentialAction":[{"@type":"SearchAction","target":{"@type":"EntryPoint","urlTemplate":"https:\/\/www.nettali.com\/?s={search_term_string}"},"query-input":"required name=search_term_string"}],"inLanguage":"fr-FR"},{"@type":"ImageObject","@id":"https:\/\/www.nettali.com\/2024\/10\/09\/idiovisuel-tout-ca-pour-ca-2\/#primaryimage","inLanguage":"fr-FR","url":"https:\/\/www.nettali.com\/wp-content\/uploads\/2024\/10\/mbaye-seck-sall-sonko-bougane-dia.jpg","contentUrl":"https:\/\/www.nettali.com\/wp-content\/uploads\/2024\/10\/mbaye-seck-sall-sonko-bougane-dia.jpg","width":1280,"height":600},{"@type":"WebPage","@id":"https:\/\/www.nettali.com\/2024\/10\/09\/idiovisuel-tout-ca-pour-ca-2\/#webpage","url":"https:\/\/www.nettali.com\/2024\/10\/09\/idiovisuel-tout-ca-pour-ca-2\/","name":"IDIOVISUEL - Tout \u00e7a pour \u00e7a ! | Nettali.com","isPartOf":{"@id":"https:\/\/www.nettali.com\/#website"},"primaryImageOfPage":{"@id":"https:\/\/www.nettali.com\/2024\/10\/09\/idiovisuel-tout-ca-pour-ca-2\/#primaryimage"},"datePublished":"2024-10-09T13:56:58+00:00","dateModified":"2024-10-14T07:20:19+00:00","author":{"@id":"https:\/\/www.nettali.com\/#\/schema\/person\/d8ac7b7e27ddad43f1c0d2ef090d7f71"},"breadcrumb":{"@id":"https:\/\/www.nettali.com\/2024\/10\/09\/idiovisuel-tout-ca-pour-ca-2\/#breadcrumb"},"inLanguage":"fr-FR","potentialAction":[{"@type":"ReadAction","target":["https:\/\/www.nettali.com\/2024\/10\/09\/idiovisuel-tout-ca-pour-ca-2\/"]}]},{"@type":"BreadcrumbList","@id":"https:\/\/www.nettali.com\/2024\/10\/09\/idiovisuel-tout-ca-pour-ca-2\/#breadcrumb","itemListElement":[{"@type":"ListItem","position":1,"name":"Accueil","item":"https:\/\/www.nettali.com\/"},{"@type":"ListItem","position":2,"name":"IDIOVISUEL - Tout \u00e7a pour \u00e7a !"}]},{"@type":"Person","@id":"https:\/\/www.nettali.com\/#\/schema\/person\/d8ac7b7e27ddad43f1c0d2ef090d7f71","name":"CK","image":{"@type":"ImageObject","@id":"https:\/\/www.nettali.com\/#personlogo","inLanguage":"fr-FR","url":"https:\/\/secure.gravatar.com\/avatar\/1d8d5118b9327d94da7cd4ce7f17fec2?s=96&d=mm&r=g","contentUrl":"https:\/\/secure.gravatar.com\/avatar\/1d8d5118b9327d94da7cd4ce7f17fec2?s=96&d=mm&r=g","caption":"CK"},"sameAs":["https:\/\/www.nettali.com"]}]}},"_links":{"self":[{"href":"https:\/\/www.nettali.com\/rest\/wp\/v2\/posts\/141685"}],"collection":[{"href":"https:\/\/www.nettali.com\/rest\/wp\/v2\/posts"}],"about":[{"href":"https:\/\/www.nettali.com\/rest\/wp\/v2\/types\/post"}],"author":[{"embeddable":true,"href":"https:\/\/www.nettali.com\/rest\/wp\/v2\/users\/2"}],"replies":[{"embeddable":true,"href":"https:\/\/www.nettali.com\/rest\/wp\/v2\/comments?post=141685"}],"version-history":[{"count":1,"href":"https:\/\/www.nettali.com\/rest\/wp\/v2\/posts\/141685\/revisions"}],"predecessor-version":[{"id":141686,"href":"https:\/\/www.nettali.com\/rest\/wp\/v2\/posts\/141685\/revisions\/141686"}],"wp:featuredmedia":[{"embeddable":true,"href":"https:\/\/www.nettali.com\/rest\/wp\/v2\/media\/141654"}],"wp:attachment":[{"href":"https:\/\/www.nettali.com\/rest\/wp\/v2\/media?parent=141685"}],"wp:term":[{"taxonomy":"category","embeddable":true,"href":"https:\/\/www.nettali.com\/rest\/wp\/v2\/categories?post=141685"},{"taxonomy":"post_tag","embeddable":true,"href":"https:\/\/www.nettali.com\/rest\/wp\/v2\/tags?post=141685"}],"curies":[{"name":"wp","href":"https:\/\/api.w.org\/{rel}","templated":true}]}}