{"id":141677,"date":"2024-10-09T13:13:06","date_gmt":"2024-10-09T13:13:06","guid":{"rendered":"https:\/\/www.nettali.com\/?p=141677"},"modified":"2024-10-09T14:08:43","modified_gmt":"2024-10-09T14:08:43","slug":"legislatives-anticipees-el-malick-ndiaye-annonce-lactivation-de-la-haute-cour-de-justice-en-cas-de-majorite-pour-le-pastef","status":"publish","type":"post","link":"https:\/\/www.nettali.com\/2024\/10\/09\/legislatives-anticipees-el-malick-ndiaye-annonce-lactivation-de-la-haute-cour-de-justice-en-cas-de-majorite-pour-le-pastef\/","title":{"rendered":"L\u00c9GISLATIVES ANTICIP\u00c9ES - El Malick Ndiaye annonce l'activation de la Haute cour de justice en cas de majorit\u00e9 pour le Pastef"},"content":{"rendered":"<p><strong>NETTALI.COM- Faisant face \u00e0 \u0301la presse, le mardi 8 octobre, le parti Pastef a encore une fois d\u00e9cri\u00e9 la gestion \"d\u00e9sastreuse\" de l\u2019ancien r\u00e9gime. S\u2019exprimant, le ministre des Transports, El Malick Ndiaye a fait des r\u00e9v\u00e9lations accablantes dans son minist\u00e8re avant d\u2019annoncer la cr\u00e9ation d\u2019une Haute juridiction, si toutefois leur parti obtient la majorit\u00e9.<\/strong><\/p>\n<p>En vue d\u2019apporter des \u00e9claircissements notamment aux auteurs de recours devant le Conseil constitutionnel contre la candidature du Pr\u00e9sident du Pastef, Ousmane Sonko, le parti Pastef a tenu une conf\u00e9rence de presse ce 8 octobre. Mais c'\u00e9tait plut\u00f4t une occasion pour le parti au pouvoir de faire encore le bilan du r\u00e9gime sortant.<\/p>\n<p>Le ministre des Transports, El Malick Ndiaye a, \u00e0 cet effet, fait savoir que le Pastef compte mettre sur pied \u00ab une Haute Cour de justice \u00bb pour poursuivre Macky Sall et les membres de son gouvernement s\u2019ils obtiennent la majorit\u00e9 \u00e0 l\u2019Assembl\u00e9e nationale.<\/p>\n<p>\u00ab <em>Ils ne veulent pas que les choses dont ils sont les auteurs soient mises sur la table . Ils savent que si Pastef a une majorit\u00e9 absolue \u00e0 l\u2019assembl\u00e9e nationale, nous allons installer la Haute cour de la justice pour les traquer tous. Macky Sall a chang\u00e9, avant de partir, la donne au niveau de la CREI qui, dans sa forme actuelle, ne peut pas les poursuivre . Ils savent qu\u2019ils devront rendre des comptes \u00e0 la justice<\/em> \u00bb, a-t-il affirm\u00e9.<\/p>\n<p>Le responsable de Pastef ne s\u2019est pas arr\u00eat\u00e9 l\u00e0. Il a r\u00e9v\u00e9l\u00e9 des gestions n\u00e9buleuses \u00e0 Dakar Dem DIkk et AIBD. \u00ab <em>Nous avons trouv\u00e9s 2814 CDI et 327 prestataires \u00e0 DDD alors que lors de la Tabaski, nous avons fait appel aux militaires par manque de chauffeurs, pour convoyer les usagers en partance pour la f\u00eate. Donc o\u00f9 sont pass\u00e9s tous ces travailleurs<\/em> \u00bb, a indiqu\u00e9 El Malick Ndiaye qui ajoute en outre que la masse salariale se chiffre \u00e0 1,2 milliard par mois, avec 95 milliards de dette fiscale.<\/p>\n<p>Concernant l\u2019A\u00e9roport international Blaise Diagne,(AIBD), El Malick a r\u00e9v\u00e9l\u00e9 que le budget est de 22 milliards francs CFA avec une recette de 7 milliards annon\u00e7ant que c\u2019est l\u2019\u00c9tat qui compl\u00e8te les 15 milliards d\u00e9ficitaires.<\/p>\n<p>Le responsable de Pastef a soulign\u00e9 que cette mauvaise gestion est not\u00e9e dans tous les autres minist\u00e8res et directions.<\/p>\n<div class='share-to-whatsapp-wrapper'><div class='share-on-whsp'>PARTAGER SUR : <\/div><a data-text='L\u00c9GISLATIVES ANTICIP\u00c9ES - El Malick Ndiaye annonce l'activation de la Haute cour de justice en cas de majorit\u00e9 pour le Pastef' data-link='https:\/\/www.nettali.com\/2024\/10\/09\/legislatives-anticipees-el-malick-ndiaye-annonce-lactivation-de-la-haute-cour-de-justice-en-cas-de-majorite-pour-le-pastef\/' class='whatsapp-button whatsapp-share'>WhatsApp<\/a><div class='clear '><\/div><\/div>","protected":false},"excerpt":{"rendered":"<p>NETTALI.COM- Faisant face \u00e0 \u0301la presse, le mardi 8 octobre, le parti Pastef a encore une fois d\u00e9cri\u00e9 la gestion \"d\u00e9sastreuse\" de l\u2019ancien r\u00e9gime. S\u2019exprimant, le ministre des Transports, El Malick Ndiaye a fait des r\u00e9v\u00e9lations accablantes dans son minist\u00e8re avant d\u2019annoncer la cr\u00e9ation d\u2019une Haute juridiction, si toutefois leur parti obtient la majorit\u00e9. En [&hellip;]<\/p>\n","protected":false},"author":6,"featured_media":129007,"comment_status":"open","ping_status":"open","sticky":false,"template":"","format":"standard","meta":{"_et_pb_use_builder":"","_et_pb_old_content":""},"categories":[2],"tags":[],"yoast_head":"<!-- This site is optimized with the Yoast SEO Premium plugin v17.8 (Yoast SEO v17.8) - https:\/\/yoast.com\/wordpress\/plugins\/seo\/ -->\n<title>L\u00c9GISLATIVES ANTICIP\u00c9ES - El Malick Ndiaye annonce l&#039;activation de la Haute cour de justice en cas de majorit\u00e9 pour le Pastef | Nettali.com<\/title>\n<meta name=\"robots\" content=\"index, follow, max-snippet:-1, max-image-preview:large, max-video-preview:-1\" \/>\n<link rel=\"canonical\" href=\"https:\/\/www.nettali.com\/2024\/10\/09\/legislatives-anticipees-el-malick-ndiaye-annonce-lactivation-de-la-haute-cour-de-justice-en-cas-de-majorite-pour-le-pastef\/\" \/>\n<meta property=\"og:locale\" content=\"fr_FR\" \/>\n<meta property=\"og:type\" content=\"article\" \/>\n<meta property=\"og:title\" content=\"L\u00c9GISLATIVES ANTICIP\u00c9ES - El Malick Ndiaye annonce l&#039;activation de la Haute cour de justice en cas de majorit\u00e9 pour le Pastef\" \/>\n<meta property=\"og:description\" content=\"NETTALI.COM- Faisant face \u00e0 \u0301la presse, le mardi 8 octobre, le parti Pastef a encore une fois d\u00e9cri\u00e9 la gestion &quot;d\u00e9sastreuse&quot; de l\u2019ancien r\u00e9gime. S\u2019exprimant, le ministre des Transports, El Malick Ndiaye a fait des r\u00e9v\u00e9lations accablantes dans son minist\u00e8re avant d\u2019annoncer la cr\u00e9ation d\u2019une Haute juridiction, si toutefois leur parti obtient la majorit\u00e9. En [&hellip;]\" \/>\n<meta property=\"og:url\" content=\"https:\/\/www.nettali.com\/2024\/10\/09\/legislatives-anticipees-el-malick-ndiaye-annonce-lactivation-de-la-haute-cour-de-justice-en-cas-de-majorite-pour-le-pastef\/\" \/>\n<meta property=\"og:site_name\" content=\"Nettali.com\" \/>\n<meta property=\"article:publisher\" content=\"https:\/\/www.facebook.com\/nettalicom\" \/>\n<meta property=\"article:published_time\" content=\"2024-10-09T13:13:06+00:00\" \/>\n<meta property=\"article:modified_time\" content=\"2024-10-09T14:08:43+00:00\" \/>\n<meta property=\"og:image\" content=\"https:\/\/www.nettali.com\/wp-content\/uploads\/2024\/03\/El-Malick-Ndiaye-e1679940258930-990x564-1.jpg\" \/>\n\t<meta property=\"og:image:width\" content=\"990\" \/>\n\t<meta property=\"og:image:height\" content=\"564\" \/>\n<meta name=\"twitter:card\" content=\"summary_large_image\" \/>\n<meta name=\"twitter:label1\" content=\"\u00c9crit par\" \/>\n\t<meta name=\"twitter:data1\" content=\"Fatou\" \/>\n\t<meta name=\"twitter:label2\" content=\"Dur\u00e9e de lecture estim\u00e9e\" \/>\n\t<meta name=\"twitter:data2\" content=\"2 minutes\" \/>\n<script type=\"application\/ld+json\" class=\"yoast-schema-graph\">{\"@context\":\"https:\/\/schema.org\",\"@graph\":[{\"@type\":\"WebSite\",\"@id\":\"https:\/\/www.nettali.com\/#website\",\"url\":\"https:\/\/www.nettali.com\/\",\"name\":\"Nettali.com\",\"description\":\"Le rendez-vous critique du Net\",\"potentialAction\":[{\"@type\":\"SearchAction\",\"target\":{\"@type\":\"EntryPoint\",\"urlTemplate\":\"https:\/\/www.nettali.com\/?s={search_term_string}\"},\"query-input\":\"required name=search_term_string\"}],\"inLanguage\":\"fr-FR\"},{\"@type\":\"ImageObject\",\"@id\":\"https:\/\/www.nettali.com\/2024\/10\/09\/legislatives-anticipees-el-malick-ndiaye-annonce-lactivation-de-la-haute-cour-de-justice-en-cas-de-majorite-pour-le-pastef\/#primaryimage\",\"inLanguage\":\"fr-FR\",\"url\":\"https:\/\/www.nettali.com\/wp-content\/uploads\/2024\/03\/El-Malick-Ndiaye-e1679940258930-990x564-1.jpg\",\"contentUrl\":\"https:\/\/www.nettali.com\/wp-content\/uploads\/2024\/03\/El-Malick-Ndiaye-e1679940258930-990x564-1.jpg\",\"width\":990,\"height\":564},{\"@type\":\"WebPage\",\"@id\":\"https:\/\/www.nettali.com\/2024\/10\/09\/legislatives-anticipees-el-malick-ndiaye-annonce-lactivation-de-la-haute-cour-de-justice-en-cas-de-majorite-pour-le-pastef\/#webpage\",\"url\":\"https:\/\/www.nettali.com\/2024\/10\/09\/legislatives-anticipees-el-malick-ndiaye-annonce-lactivation-de-la-haute-cour-de-justice-en-cas-de-majorite-pour-le-pastef\/\",\"name\":\"L\\u00c9GISLATIVES ANTICIP\\u00c9ES - El Malick Ndiaye annonce l'activation de la Haute cour de justice en cas de majorit\\u00e9 pour le Pastef | Nettali.com\",\"isPartOf\":{\"@id\":\"https:\/\/www.nettali.com\/#website\"},\"primaryImageOfPage\":{\"@id\":\"https:\/\/www.nettali.com\/2024\/10\/09\/legislatives-anticipees-el-malick-ndiaye-annonce-lactivation-de-la-haute-cour-de-justice-en-cas-de-majorite-pour-le-pastef\/#primaryimage\"},\"datePublished\":\"2024-10-09T13:13:06+00:00\",\"dateModified\":\"2024-10-09T14:08:43+00:00\",\"author\":{\"@id\":\"https:\/\/www.nettali.com\/#\/schema\/person\/418274a86bdf87caff7a3ef476bd0bbf\"},\"breadcrumb\":{\"@id\":\"https:\/\/www.nettali.com\/2024\/10\/09\/legislatives-anticipees-el-malick-ndiaye-annonce-lactivation-de-la-haute-cour-de-justice-en-cas-de-majorite-pour-le-pastef\/#breadcrumb\"},\"inLanguage\":\"fr-FR\",\"potentialAction\":[{\"@type\":\"ReadAction\",\"target\":[\"https:\/\/www.nettali.com\/2024\/10\/09\/legislatives-anticipees-el-malick-ndiaye-annonce-lactivation-de-la-haute-cour-de-justice-en-cas-de-majorite-pour-le-pastef\/\"]}]},{\"@type\":\"BreadcrumbList\",\"@id\":\"https:\/\/www.nettali.com\/2024\/10\/09\/legislatives-anticipees-el-malick-ndiaye-annonce-lactivation-de-la-haute-cour-de-justice-en-cas-de-majorite-pour-le-pastef\/#breadcrumb\",\"itemListElement\":[{\"@type\":\"ListItem\",\"position\":1,\"name\":\"Accueil\",\"item\":\"https:\/\/www.nettali.com\/\"},{\"@type\":\"ListItem\",\"position\":2,\"name\":\"L\\u00c9GISLATIVES ANTICIP\\u00c9ES - El Malick Ndiaye annonce l'activation de la Haute cour de justice en cas de majorit\\u00e9 pour le Pastef\"}]},{\"@type\":\"Person\",\"@id\":\"https:\/\/www.nettali.com\/#\/schema\/person\/418274a86bdf87caff7a3ef476bd0bbf\",\"name\":\"Fatou\",\"image\":{\"@type\":\"ImageObject\",\"@id\":\"https:\/\/www.nettali.com\/#personlogo\",\"inLanguage\":\"fr-FR\",\"url\":\"https:\/\/secure.gravatar.com\/avatar\/5a9442a2bee7b4dcf167cab035858e9a?s=96&d=mm&r=g\",\"contentUrl\":\"https:\/\/secure.gravatar.com\/avatar\/5a9442a2bee7b4dcf167cab035858e9a?s=96&d=mm&r=g\",\"caption\":\"Fatou\"},\"sameAs\":[\"https:\/\/www.nettali.com\"]}]}<\/script>\n<!-- \/ Yoast SEO Premium plugin. -->","yoast_head_json":{"title":"L\u00c9GISLATIVES ANTICIP\u00c9ES - El Malick Ndiaye annonce l'activation de la Haute cour de justice en cas de majorit\u00e9 pour le Pastef | Nettali.com","robots":{"index":"index","follow":"follow","max-snippet":"max-snippet:-1","max-image-preview":"max-image-preview:large","max-video-preview":"max-video-preview:-1"},"canonical":"https:\/\/www.nettali.com\/2024\/10\/09\/legislatives-anticipees-el-malick-ndiaye-annonce-lactivation-de-la-haute-cour-de-justice-en-cas-de-majorite-pour-le-pastef\/","og_locale":"fr_FR","og_type":"article","og_title":"L\u00c9GISLATIVES ANTICIP\u00c9ES - El Malick Ndiaye annonce l'activation de la Haute cour de justice en cas de majorit\u00e9 pour le Pastef","og_description":"NETTALI.COM- Faisant face \u00e0 \u0301la presse, le mardi 8 octobre, le parti Pastef a encore une fois d\u00e9cri\u00e9 la gestion \"d\u00e9sastreuse\" de l\u2019ancien r\u00e9gime. S\u2019exprimant, le ministre des Transports, El Malick Ndiaye a fait des r\u00e9v\u00e9lations accablantes dans son minist\u00e8re avant d\u2019annoncer la cr\u00e9ation d\u2019une Haute juridiction, si toutefois leur parti obtient la majorit\u00e9. En [&hellip;]","og_url":"https:\/\/www.nettali.com\/2024\/10\/09\/legislatives-anticipees-el-malick-ndiaye-annonce-lactivation-de-la-haute-cour-de-justice-en-cas-de-majorite-pour-le-pastef\/","og_site_name":"Nettali.com","article_publisher":"https:\/\/www.facebook.com\/nettalicom","article_published_time":"2024-10-09T13:13:06+00:00","article_modified_time":"2024-10-09T14:08:43+00:00","og_image":[{"width":990,"height":564,"url":"https:\/\/www.nettali.com\/wp-content\/uploads\/2024\/03\/El-Malick-Ndiaye-e1679940258930-990x564-1.jpg","type":"image\/jpeg"}],"twitter_card":"summary_large_image","twitter_misc":{"\u00c9crit par":"Fatou","Dur\u00e9e de lecture estim\u00e9e":"2 minutes"},"schema":{"@context":"https:\/\/schema.org","@graph":[{"@type":"WebSite","@id":"https:\/\/www.nettali.com\/#website","url":"https:\/\/www.nettali.com\/","name":"Nettali.com","description":"Le rendez-vous critique du Net","potentialAction":[{"@type":"SearchAction","target":{"@type":"EntryPoint","urlTemplate":"https:\/\/www.nettali.com\/?s={search_term_string}"},"query-input":"required name=search_term_string"}],"inLanguage":"fr-FR"},{"@type":"ImageObject","@id":"https:\/\/www.nettali.com\/2024\/10\/09\/legislatives-anticipees-el-malick-ndiaye-annonce-lactivation-de-la-haute-cour-de-justice-en-cas-de-majorite-pour-le-pastef\/#primaryimage","inLanguage":"fr-FR","url":"https:\/\/www.nettali.com\/wp-content\/uploads\/2024\/03\/El-Malick-Ndiaye-e1679940258930-990x564-1.jpg","contentUrl":"https:\/\/www.nettali.com\/wp-content\/uploads\/2024\/03\/El-Malick-Ndiaye-e1679940258930-990x564-1.jpg","width":990,"height":564},{"@type":"WebPage","@id":"https:\/\/www.nettali.com\/2024\/10\/09\/legislatives-anticipees-el-malick-ndiaye-annonce-lactivation-de-la-haute-cour-de-justice-en-cas-de-majorite-pour-le-pastef\/#webpage","url":"https:\/\/www.nettali.com\/2024\/10\/09\/legislatives-anticipees-el-malick-ndiaye-annonce-lactivation-de-la-haute-cour-de-justice-en-cas-de-majorite-pour-le-pastef\/","name":"L\u00c9GISLATIVES ANTICIP\u00c9ES - El Malick Ndiaye annonce l'activation de la Haute cour de justice en cas de majorit\u00e9 pour le Pastef | Nettali.com","isPartOf":{"@id":"https:\/\/www.nettali.com\/#website"},"primaryImageOfPage":{"@id":"https:\/\/www.nettali.com\/2024\/10\/09\/legislatives-anticipees-el-malick-ndiaye-annonce-lactivation-de-la-haute-cour-de-justice-en-cas-de-majorite-pour-le-pastef\/#primaryimage"},"datePublished":"2024-10-09T13:13:06+00:00","dateModified":"2024-10-09T14:08:43+00:00","author":{"@id":"https:\/\/www.nettali.com\/#\/schema\/person\/418274a86bdf87caff7a3ef476bd0bbf"},"breadcrumb":{"@id":"https:\/\/www.nettali.com\/2024\/10\/09\/legislatives-anticipees-el-malick-ndiaye-annonce-lactivation-de-la-haute-cour-de-justice-en-cas-de-majorite-pour-le-pastef\/#breadcrumb"},"inLanguage":"fr-FR","potentialAction":[{"@type":"ReadAction","target":["https:\/\/www.nettali.com\/2024\/10\/09\/legislatives-anticipees-el-malick-ndiaye-annonce-lactivation-de-la-haute-cour-de-justice-en-cas-de-majorite-pour-le-pastef\/"]}]},{"@type":"BreadcrumbList","@id":"https:\/\/www.nettali.com\/2024\/10\/09\/legislatives-anticipees-el-malick-ndiaye-annonce-lactivation-de-la-haute-cour-de-justice-en-cas-de-majorite-pour-le-pastef\/#breadcrumb","itemListElement":[{"@type":"ListItem","position":1,"name":"Accueil","item":"https:\/\/www.nettali.com\/"},{"@type":"ListItem","position":2,"name":"L\u00c9GISLATIVES ANTICIP\u00c9ES - El Malick Ndiaye annonce l'activation de la Haute cour de justice en cas de majorit\u00e9 pour le Pastef"}]},{"@type":"Person","@id":"https:\/\/www.nettali.com\/#\/schema\/person\/418274a86bdf87caff7a3ef476bd0bbf","name":"Fatou","image":{"@type":"ImageObject","@id":"https:\/\/www.nettali.com\/#personlogo","inLanguage":"fr-FR","url":"https:\/\/secure.gravatar.com\/avatar\/5a9442a2bee7b4dcf167cab035858e9a?s=96&d=mm&r=g","contentUrl":"https:\/\/secure.gravatar.com\/avatar\/5a9442a2bee7b4dcf167cab035858e9a?s=96&d=mm&r=g","caption":"Fatou"},"sameAs":["https:\/\/www.nettali.com"]}]}},"_links":{"self":[{"href":"https:\/\/www.nettali.com\/rest\/wp\/v2\/posts\/141677"}],"collection":[{"href":"https:\/\/www.nettali.com\/rest\/wp\/v2\/posts"}],"about":[{"href":"https:\/\/www.nettali.com\/rest\/wp\/v2\/types\/post"}],"author":[{"embeddable":true,"href":"https:\/\/www.nettali.com\/rest\/wp\/v2\/users\/6"}],"replies":[{"embeddable":true,"href":"https:\/\/www.nettali.com\/rest\/wp\/v2\/comments?post=141677"}],"version-history":[{"count":6,"href":"https:\/\/www.nettali.com\/rest\/wp\/v2\/posts\/141677\/revisions"}],"predecessor-version":[{"id":141690,"href":"https:\/\/www.nettali.com\/rest\/wp\/v2\/posts\/141677\/revisions\/141690"}],"wp:featuredmedia":[{"embeddable":true,"href":"https:\/\/www.nettali.com\/rest\/wp\/v2\/media\/129007"}],"wp:attachment":[{"href":"https:\/\/www.nettali.com\/rest\/wp\/v2\/media?parent=141677"}],"wp:term":[{"taxonomy":"category","embeddable":true,"href":"https:\/\/www.nettali.com\/rest\/wp\/v2\/categories?post=141677"},{"taxonomy":"post_tag","embeddable":true,"href":"https:\/\/www.nettali.com\/rest\/wp\/v2\/tags?post=141677"}],"curies":[{"name":"wp","href":"https:\/\/api.w.org\/{rel}","templated":true}]}}