{"id":141644,"date":"2024-10-08T19:58:48","date_gmt":"2024-10-08T19:58:48","guid":{"rendered":"https:\/\/www.nettali.com\/?p=141644"},"modified":"2024-10-09T07:47:58","modified_gmt":"2024-10-09T07:47:58","slug":"incident-a-laeroport-au-maroc-mareme-faye-donne-sa-version","status":"publish","type":"post","link":"https:\/\/www.nettali.com\/2024\/10\/08\/incident-a-laeroport-au-maroc-mareme-faye-donne-sa-version\/","title":{"rendered":"INCIDENT A L'AEROPORT AU MAROC - Mar\u00e8me Faye donne sa version..."},"content":{"rendered":"<p><strong>NETTALI.COM - Apr\u00e8s l\u2019incident qui a eu lieu \u00e0 l\u2019a\u00e9roport du Maroc, o\u00f9 le Pr\u00e9sident Macky Sall et son \u00e9pouse ont eu une altercation avec une s\u00e9n\u00e9galaise du nom de A\u00efssa Camara, Mar\u00e8me Faye Sall donne elle aussi, sa version. Une version recueillie par Cheikh Y\u00e9rim seck dont nous vous proposons le texte-ci-dessous.<\/strong><\/p>\n<p>Suite \u00e0 l\u2019incident intervenu \u00e0 bord d\u2019un vol de la Royal Air Maroc, provoqu\u00e9 par l\u2019offense perp\u00e9tr\u00e9e contre l\u2019ancien pr\u00e9sident, Macky Sall, par une militante de Pastef nomm\u00e9e Aissa Kamara, j\u2019ai joint l\u2019ancienne Premi\u00e8re dame, Mari\u00e9me Fall Sall, pour m\u2019enqu\u00e9rir des faits et lui pr\u00e9senter, ainsi qu\u2019\u00e0 son \u00e9poux, mes amiti\u00e9s.<\/p>\n<p>Elle m\u2019a relat\u00e9 ce qui s\u2019est pass\u00e9 et que je porte \u00e0 la connaissance du public dans le souci d\u2019\u00e9viter toute interpr\u00e9tation partiale voire d\u00e9form\u00e9e de l\u2019incident.<\/p>\n<p>Mari\u00e9me Faye Sall m\u2019a racont\u00e9 ce qui suit: <em>\u00ab Mon mari \u00e9tait concentr\u00e9 sur la lecture d\u2019un bouquin lorsque cette dame l\u2019a violemment pris \u00e0 partie et tax\u00e9 d\u2019assassin. Il n\u2019a pas r\u00e9agi. L\u2019\u00e9l\u00e9vation de la voix et le ton outrancier de l\u2019agresseuse m\u2019ont fait sursauter, alors que j\u2019\u00e9tais concentr\u00e9e \u00e0 \u00e9grener mon chapelet. J\u2019ai r\u00e9pondu \u00e0 cette dame \u00e0 la mesure de l\u2019attaque. J\u2019assume totalement ce geste que je suis pr\u00eate \u00e0 recommencer. D\u2019ailleurs, elle doit s\u2019estimer chanceuse que je m\u2019en sois limit\u00e9e \u00e0 des paroles. On peut m\u2019insulter, moi. Mais je n\u2019accepte pas que quiconque insulte mon mari.<\/em><\/p>\n<p><em>Contrairement \u00e0 ce qui a pu \u00eatre racont\u00e9, il n\u2019y avait pas de \u00ab toucouleurs \u00bb dans l\u2019avion. Il y\u2019avait des S\u00e9n\u00e9galais choqu\u00e9s qui ont spontan\u00e9ment r\u00e9agi pour fustiger l\u2019attitude de cette dame.<\/em><\/p>\n<p><em>Suite \u00e0 cela, le protocole royal du Maroc, qui nous a accompagn\u00e9s \u00e0 l\u2019a\u00e9roport, est entr\u00e9 en action, faisant intervenir des forces de l\u2019ordre. Celles-ci ont demand\u00e9 au pr\u00e9sident Macky s\u2019il voulait porter plainte. Il a r\u00e9pondu qu\u2019il ne porte pas plainte contre une compatriote.<\/em><\/p>\n<p><em>Pendant toute la sc\u00e8ne, mon mari n\u2019a pas dit mot. Il a, au contraire, \u0153uvr\u00e9 \u00e0 clore l\u2019incident pour ne pas p\u00e9naliser les passagers qui \u00e9taient dans l\u2019avion. Aucun garde du corps n\u2019a fait quoi que ce soit. Nous n\u2019avons d\u2019ailleurs pas de garde du corps, l\u2019Etat du S\u00e9n\u00e9gal ne nous en ayant pas donn\u00e9.<\/em><\/p>\n<p><em>Nous \u00e9tions avec un bagagiste et un agent de protocole. Voil\u00e0 ce qui s\u2019est pass\u00e9. Tout le reste est pure affabulation.<\/em> \u00bb<\/p>\n<div class='share-to-whatsapp-wrapper'><div class='share-on-whsp'>PARTAGER SUR : <\/div><a data-text='INCIDENT A L'AEROPORT AU MAROC - Mar\u00e8me Faye donne sa version...' data-link='https:\/\/www.nettali.com\/2024\/10\/08\/incident-a-laeroport-au-maroc-mareme-faye-donne-sa-version\/' class='whatsapp-button whatsapp-share'>WhatsApp<\/a><div class='clear '><\/div><\/div>","protected":false},"excerpt":{"rendered":"<p>NETTALI.COM - Apr\u00e8s l\u2019incident qui a eu lieu \u00e0 l\u2019a\u00e9roport du Maroc, o\u00f9 le Pr\u00e9sident Macky Sall et son \u00e9pouse ont eu une altercation avec une s\u00e9n\u00e9galaise du nom de A\u00efssa Camara, Mar\u00e8me Faye Sall donne elle aussi, sa version. Une version recueillie par Cheikh Y\u00e9rim seck dont nous vous proposons le texte-ci-dessous. Suite \u00e0 [&hellip;]<\/p>\n","protected":false},"author":4,"featured_media":141645,"comment_status":"open","ping_status":"open","sticky":false,"template":"","format":"standard","meta":{"_et_pb_use_builder":"","_et_pb_old_content":""},"categories":[3],"tags":[],"yoast_head":"<!-- This site is optimized with the Yoast SEO Premium plugin v17.8 (Yoast SEO v17.8) - https:\/\/yoast.com\/wordpress\/plugins\/seo\/ -->\n<title>INCIDENT A L&#039;AEROPORT AU MAROC - Mar\u00e8me Faye donne sa version... | Nettali.com<\/title>\n<meta name=\"robots\" content=\"index, follow, max-snippet:-1, max-image-preview:large, max-video-preview:-1\" \/>\n<link rel=\"canonical\" href=\"https:\/\/www.nettali.com\/2024\/10\/08\/incident-a-laeroport-au-maroc-mareme-faye-donne-sa-version\/\" \/>\n<meta property=\"og:locale\" content=\"fr_FR\" \/>\n<meta property=\"og:type\" content=\"article\" \/>\n<meta property=\"og:title\" content=\"INCIDENT A L&#039;AEROPORT AU MAROC - Mar\u00e8me Faye donne sa version...\" \/>\n<meta property=\"og:description\" content=\"NETTALI.COM - Apr\u00e8s l\u2019incident qui a eu lieu \u00e0 l\u2019a\u00e9roport du Maroc, o\u00f9 le Pr\u00e9sident Macky Sall et son \u00e9pouse ont eu une altercation avec une s\u00e9n\u00e9galaise du nom de A\u00efssa Camara, Mar\u00e8me Faye Sall donne elle aussi, sa version. Une version recueillie par Cheikh Y\u00e9rim seck dont nous vous proposons le texte-ci-dessous. Suite \u00e0 [&hellip;]\" \/>\n<meta property=\"og:url\" content=\"https:\/\/www.nettali.com\/2024\/10\/08\/incident-a-laeroport-au-maroc-mareme-faye-donne-sa-version\/\" \/>\n<meta property=\"og:site_name\" content=\"Nettali.com\" \/>\n<meta property=\"article:publisher\" content=\"https:\/\/www.facebook.com\/nettalicom\" \/>\n<meta property=\"article:published_time\" content=\"2024-10-08T19:58:48+00:00\" \/>\n<meta property=\"article:modified_time\" content=\"2024-10-09T07:47:58+00:00\" \/>\n<meta property=\"og:image\" content=\"https:\/\/www.nettali.com\/wp-content\/uploads\/2024\/10\/Capture-de\u0301cran-2024-10-08-a\u0300-19.53.05.png\" \/>\n\t<meta property=\"og:image:width\" content=\"886\" \/>\n\t<meta property=\"og:image:height\" content=\"415\" \/>\n<meta name=\"twitter:card\" content=\"summary_large_image\" \/>\n<meta name=\"twitter:label1\" content=\"\u00c9crit par\" \/>\n\t<meta name=\"twitter:data1\" content=\"Daouda\" \/>\n\t<meta name=\"twitter:label2\" content=\"Dur\u00e9e de lecture estim\u00e9e\" \/>\n\t<meta name=\"twitter:data2\" content=\"2 minutes\" \/>\n<script type=\"application\/ld+json\" class=\"yoast-schema-graph\">{\"@context\":\"https:\/\/schema.org\",\"@graph\":[{\"@type\":\"WebSite\",\"@id\":\"https:\/\/www.nettali.com\/#website\",\"url\":\"https:\/\/www.nettali.com\/\",\"name\":\"Nettali.com\",\"description\":\"Le rendez-vous critique du Net\",\"potentialAction\":[{\"@type\":\"SearchAction\",\"target\":{\"@type\":\"EntryPoint\",\"urlTemplate\":\"https:\/\/www.nettali.com\/?s={search_term_string}\"},\"query-input\":\"required name=search_term_string\"}],\"inLanguage\":\"fr-FR\"},{\"@type\":\"ImageObject\",\"@id\":\"https:\/\/www.nettali.com\/2024\/10\/08\/incident-a-laeroport-au-maroc-mareme-faye-donne-sa-version\/#primaryimage\",\"inLanguage\":\"fr-FR\",\"url\":\"https:\/\/www.nettali.com\/wp-content\/uploads\/2024\/10\/Capture-de\\u0301cran-2024-10-08-a\\u0300-19.53.05.png\",\"contentUrl\":\"https:\/\/www.nettali.com\/wp-content\/uploads\/2024\/10\/Capture-de\\u0301cran-2024-10-08-a\\u0300-19.53.05.png\",\"width\":886,\"height\":415},{\"@type\":\"WebPage\",\"@id\":\"https:\/\/www.nettali.com\/2024\/10\/08\/incident-a-laeroport-au-maroc-mareme-faye-donne-sa-version\/#webpage\",\"url\":\"https:\/\/www.nettali.com\/2024\/10\/08\/incident-a-laeroport-au-maroc-mareme-faye-donne-sa-version\/\",\"name\":\"INCIDENT A L'AEROPORT AU MAROC - Mar\\u00e8me Faye donne sa version... | Nettali.com\",\"isPartOf\":{\"@id\":\"https:\/\/www.nettali.com\/#website\"},\"primaryImageOfPage\":{\"@id\":\"https:\/\/www.nettali.com\/2024\/10\/08\/incident-a-laeroport-au-maroc-mareme-faye-donne-sa-version\/#primaryimage\"},\"datePublished\":\"2024-10-08T19:58:48+00:00\",\"dateModified\":\"2024-10-09T07:47:58+00:00\",\"author\":{\"@id\":\"https:\/\/www.nettali.com\/#\/schema\/person\/3317e0bb3aa1da309fbf7b2780901bf4\"},\"breadcrumb\":{\"@id\":\"https:\/\/www.nettali.com\/2024\/10\/08\/incident-a-laeroport-au-maroc-mareme-faye-donne-sa-version\/#breadcrumb\"},\"inLanguage\":\"fr-FR\",\"potentialAction\":[{\"@type\":\"ReadAction\",\"target\":[\"https:\/\/www.nettali.com\/2024\/10\/08\/incident-a-laeroport-au-maroc-mareme-faye-donne-sa-version\/\"]}]},{\"@type\":\"BreadcrumbList\",\"@id\":\"https:\/\/www.nettali.com\/2024\/10\/08\/incident-a-laeroport-au-maroc-mareme-faye-donne-sa-version\/#breadcrumb\",\"itemListElement\":[{\"@type\":\"ListItem\",\"position\":1,\"name\":\"Accueil\",\"item\":\"https:\/\/www.nettali.com\/\"},{\"@type\":\"ListItem\",\"position\":2,\"name\":\"INCIDENT A L'AEROPORT AU MAROC - Mar\\u00e8me Faye donne sa version...\"}]},{\"@type\":\"Person\",\"@id\":\"https:\/\/www.nettali.com\/#\/schema\/person\/3317e0bb3aa1da309fbf7b2780901bf4\",\"name\":\"Daouda\",\"image\":{\"@type\":\"ImageObject\",\"@id\":\"https:\/\/www.nettali.com\/#personlogo\",\"inLanguage\":\"fr-FR\",\"url\":\"https:\/\/secure.gravatar.com\/avatar\/8d143b5a49345098ddcfee1c49c2f47c?s=96&d=mm&r=g\",\"contentUrl\":\"https:\/\/secure.gravatar.com\/avatar\/8d143b5a49345098ddcfee1c49c2f47c?s=96&d=mm&r=g\",\"caption\":\"Daouda\"},\"sameAs\":[\"https:\/\/www.nettali.com\"]}]}<\/script>\n<!-- \/ Yoast SEO Premium plugin. -->","yoast_head_json":{"title":"INCIDENT A L'AEROPORT AU MAROC - Mar\u00e8me Faye donne sa version... | Nettali.com","robots":{"index":"index","follow":"follow","max-snippet":"max-snippet:-1","max-image-preview":"max-image-preview:large","max-video-preview":"max-video-preview:-1"},"canonical":"https:\/\/www.nettali.com\/2024\/10\/08\/incident-a-laeroport-au-maroc-mareme-faye-donne-sa-version\/","og_locale":"fr_FR","og_type":"article","og_title":"INCIDENT A L'AEROPORT AU MAROC - Mar\u00e8me Faye donne sa version...","og_description":"NETTALI.COM - Apr\u00e8s l\u2019incident qui a eu lieu \u00e0 l\u2019a\u00e9roport du Maroc, o\u00f9 le Pr\u00e9sident Macky Sall et son \u00e9pouse ont eu une altercation avec une s\u00e9n\u00e9galaise du nom de A\u00efssa Camara, Mar\u00e8me Faye Sall donne elle aussi, sa version. Une version recueillie par Cheikh Y\u00e9rim seck dont nous vous proposons le texte-ci-dessous. Suite \u00e0 [&hellip;]","og_url":"https:\/\/www.nettali.com\/2024\/10\/08\/incident-a-laeroport-au-maroc-mareme-faye-donne-sa-version\/","og_site_name":"Nettali.com","article_publisher":"https:\/\/www.facebook.com\/nettalicom","article_published_time":"2024-10-08T19:58:48+00:00","article_modified_time":"2024-10-09T07:47:58+00:00","og_image":[{"width":886,"height":415,"url":"https:\/\/www.nettali.com\/wp-content\/uploads\/2024\/10\/Capture-de\u0301cran-2024-10-08-a\u0300-19.53.05.png","type":"image\/png"}],"twitter_card":"summary_large_image","twitter_misc":{"\u00c9crit par":"Daouda","Dur\u00e9e de lecture estim\u00e9e":"2 minutes"},"schema":{"@context":"https:\/\/schema.org","@graph":[{"@type":"WebSite","@id":"https:\/\/www.nettali.com\/#website","url":"https:\/\/www.nettali.com\/","name":"Nettali.com","description":"Le rendez-vous critique du Net","potentialAction":[{"@type":"SearchAction","target":{"@type":"EntryPoint","urlTemplate":"https:\/\/www.nettali.com\/?s={search_term_string}"},"query-input":"required name=search_term_string"}],"inLanguage":"fr-FR"},{"@type":"ImageObject","@id":"https:\/\/www.nettali.com\/2024\/10\/08\/incident-a-laeroport-au-maroc-mareme-faye-donne-sa-version\/#primaryimage","inLanguage":"fr-FR","url":"https:\/\/www.nettali.com\/wp-content\/uploads\/2024\/10\/Capture-de\u0301cran-2024-10-08-a\u0300-19.53.05.png","contentUrl":"https:\/\/www.nettali.com\/wp-content\/uploads\/2024\/10\/Capture-de\u0301cran-2024-10-08-a\u0300-19.53.05.png","width":886,"height":415},{"@type":"WebPage","@id":"https:\/\/www.nettali.com\/2024\/10\/08\/incident-a-laeroport-au-maroc-mareme-faye-donne-sa-version\/#webpage","url":"https:\/\/www.nettali.com\/2024\/10\/08\/incident-a-laeroport-au-maroc-mareme-faye-donne-sa-version\/","name":"INCIDENT A L'AEROPORT AU MAROC - Mar\u00e8me Faye donne sa version... | Nettali.com","isPartOf":{"@id":"https:\/\/www.nettali.com\/#website"},"primaryImageOfPage":{"@id":"https:\/\/www.nettali.com\/2024\/10\/08\/incident-a-laeroport-au-maroc-mareme-faye-donne-sa-version\/#primaryimage"},"datePublished":"2024-10-08T19:58:48+00:00","dateModified":"2024-10-09T07:47:58+00:00","author":{"@id":"https:\/\/www.nettali.com\/#\/schema\/person\/3317e0bb3aa1da309fbf7b2780901bf4"},"breadcrumb":{"@id":"https:\/\/www.nettali.com\/2024\/10\/08\/incident-a-laeroport-au-maroc-mareme-faye-donne-sa-version\/#breadcrumb"},"inLanguage":"fr-FR","potentialAction":[{"@type":"ReadAction","target":["https:\/\/www.nettali.com\/2024\/10\/08\/incident-a-laeroport-au-maroc-mareme-faye-donne-sa-version\/"]}]},{"@type":"BreadcrumbList","@id":"https:\/\/www.nettali.com\/2024\/10\/08\/incident-a-laeroport-au-maroc-mareme-faye-donne-sa-version\/#breadcrumb","itemListElement":[{"@type":"ListItem","position":1,"name":"Accueil","item":"https:\/\/www.nettali.com\/"},{"@type":"ListItem","position":2,"name":"INCIDENT A L'AEROPORT AU MAROC - Mar\u00e8me Faye donne sa version..."}]},{"@type":"Person","@id":"https:\/\/www.nettali.com\/#\/schema\/person\/3317e0bb3aa1da309fbf7b2780901bf4","name":"Daouda","image":{"@type":"ImageObject","@id":"https:\/\/www.nettali.com\/#personlogo","inLanguage":"fr-FR","url":"https:\/\/secure.gravatar.com\/avatar\/8d143b5a49345098ddcfee1c49c2f47c?s=96&d=mm&r=g","contentUrl":"https:\/\/secure.gravatar.com\/avatar\/8d143b5a49345098ddcfee1c49c2f47c?s=96&d=mm&r=g","caption":"Daouda"},"sameAs":["https:\/\/www.nettali.com"]}]}},"_links":{"self":[{"href":"https:\/\/www.nettali.com\/rest\/wp\/v2\/posts\/141644"}],"collection":[{"href":"https:\/\/www.nettali.com\/rest\/wp\/v2\/posts"}],"about":[{"href":"https:\/\/www.nettali.com\/rest\/wp\/v2\/types\/post"}],"author":[{"embeddable":true,"href":"https:\/\/www.nettali.com\/rest\/wp\/v2\/users\/4"}],"replies":[{"embeddable":true,"href":"https:\/\/www.nettali.com\/rest\/wp\/v2\/comments?post=141644"}],"version-history":[{"count":3,"href":"https:\/\/www.nettali.com\/rest\/wp\/v2\/posts\/141644\/revisions"}],"predecessor-version":[{"id":141657,"href":"https:\/\/www.nettali.com\/rest\/wp\/v2\/posts\/141644\/revisions\/141657"}],"wp:featuredmedia":[{"embeddable":true,"href":"https:\/\/www.nettali.com\/rest\/wp\/v2\/media\/141645"}],"wp:attachment":[{"href":"https:\/\/www.nettali.com\/rest\/wp\/v2\/media?parent=141644"}],"wp:term":[{"taxonomy":"category","embeddable":true,"href":"https:\/\/www.nettali.com\/rest\/wp\/v2\/categories?post=141644"},{"taxonomy":"post_tag","embeddable":true,"href":"https:\/\/www.nettali.com\/rest\/wp\/v2\/tags?post=141644"}],"curies":[{"name":"wp","href":"https:\/\/api.w.org\/{rel}","templated":true}]}}