{"id":141587,"date":"2024-10-07T19:27:37","date_gmt":"2024-10-07T19:27:37","guid":{"rendered":"https:\/\/www.nettali.com\/?p=141587"},"modified":"2024-10-09T01:16:57","modified_gmt":"2024-10-09T01:16:57","slug":"legislatives-de-novembre-takku-wallu-attaque-la-candidature-de-sonko-devant-le-conseil-constitutionnel","status":"publish","type":"post","link":"https:\/\/www.nettali.com\/2024\/10\/07\/legislatives-de-novembre-takku-wallu-attaque-la-candidature-de-sonko-devant-le-conseil-constitutionnel\/","title":{"rendered":"LEGISLATIVES DE NOVEMBRE  - Takku Wallu attaque la candidature de Sonko devant le Conseil constitutionnel"},"content":{"rendered":"<p><strong>NETTALI.COM - La coalition \"Takku Wallu S\u00e9n\u00e9gal\" ne perd pas de temps. A peine les listes de candidatures aux prochaines l\u00e9gislatives publi\u00e9es, elle a d\u00e9cid\u00e9 de saisir le Conseil constitutionnel pour une r\u00e9clamation contre la candidature d'Ousmane Sonko.\u00a0<\/strong><\/p>\n<p>Le pr\u00e9sident de Pastef est d\u00e9sign\u00e9 t\u00eate de liste nationale aux l\u00e9gislatives du 17 novembre prochain. Confirmation faite ce lundi avec l'arr\u00eat\u00e9 du ministre de l'Int\u00e9rieur portant publication des listes de candidats. Toutefois, Ousmane Sonko est-il vraiment assur\u00e9 d'\u00eatre candidat aux prochaines ? C'est en tout cas ce que veut lui d\u00e9nier la coalition \"Takku Wallu S\u00e9n\u00e9gal\" dont la t\u00eate de liste nationale est Macky Sall.<\/p>\n<p>C'est Me Antoine Mbengue et Magatte Sy, respectivement avocat et mandataire de la coalition \"Takku Wallu S\u00e9n\u00e9gal\", qui ont, ce lundi 7 octobre 2024 au greffe du Conseil constitutionnel, \"<em>une r\u00e9clamation contre Monsieur Ousmane Sonko, candidat et t\u00eate de liste investi sur la liste nationale de la coalition Pastef aux \u00e9lections l\u00e9gislatives anticip\u00e9es du 17 novembre 2024<\/em>\". Sur le r\u00e9c\u00e9piss\u00e9 de d\u00e9p\u00f4t d\u00e9livr\u00e9 par le chef du greffe du Conseil constitutionnel, on peut lire : \"<em>L'affaire a \u00e9t\u00e9 enregistr\u00e9e (...) le 7 octobre 2024 sous le num\u00e9ro 67\/E\/24.<\/em>\"<\/p>\n<p>La requ\u00eate de Me Antoine Mbengue est accompagn\u00e9e de l'arr\u00eat\u00e9 n\u2070024785 du 7 octobre 2024 portant publication des d\u00e9clarations de candidatures re\u00e7ues en vue des \u00e9lections l\u00e9gislatives du 17 novembre 2024 ainsi que la liste des titulaires de Pastef au scrutin proportionnel. Liste dirig\u00e9e justement par Ousmane Sonko.<\/p>\n<p>Quid des arguments que \"Takku Wallu S\u00e9n\u00e9gal\" compte mettre sur la table pour contester la candidature d'Ousmane Sonko aux prochaines l\u00e9gislatives ? Aucune explication pour le moment. M\u00eame si on peut penser que cette r\u00e9clamation peut \u00eatre li\u00e9e \u00e0 l'\u00e9ligibilit\u00e9 d'Ousmane Sonko dont la candidature \u00e0 la derni\u00e8re pr\u00e9sidentielle avait \u00e9t\u00e9 rejet\u00e9e suite \u00e0 sa condamnation dans l'affaire l'opposant \u00e0 Mame Mbaye Niang. Seulement, selon les juristes, cette condamnation est effac\u00e9e suite au vote de la loi d\u2019amnistie.<\/p>\n<div class='share-to-whatsapp-wrapper'><div class='share-on-whsp'>PARTAGER SUR : <\/div><a data-text='LEGISLATIVES DE NOVEMBRE  - Takku Wallu attaque la candidature de Sonko devant le Conseil constitutionnel' data-link='https:\/\/www.nettali.com\/2024\/10\/07\/legislatives-de-novembre-takku-wallu-attaque-la-candidature-de-sonko-devant-le-conseil-constitutionnel\/' class='whatsapp-button whatsapp-share'>WhatsApp<\/a><div class='clear '><\/div><\/div>","protected":false},"excerpt":{"rendered":"<p>NETTALI.COM - La coalition \"Takku Wallu S\u00e9n\u00e9gal\" ne perd pas de temps. A peine les listes de candidatures aux prochaines l\u00e9gislatives publi\u00e9es, elle a d\u00e9cid\u00e9 de saisir le Conseil constitutionnel pour une r\u00e9clamation contre la candidature d'Ousmane Sonko.\u00a0 Le pr\u00e9sident de Pastef est d\u00e9sign\u00e9 t\u00eate de liste nationale aux l\u00e9gislatives du 17 novembre prochain. Confirmation [&hellip;]<\/p>\n","protected":false},"author":3,"featured_media":141589,"comment_status":"open","ping_status":"open","sticky":false,"template":"","format":"standard","meta":{"_et_pb_use_builder":"","_et_pb_old_content":""},"categories":[2],"tags":[],"yoast_head":"<!-- This site is optimized with the Yoast SEO Premium plugin v17.8 (Yoast SEO v17.8) - https:\/\/yoast.com\/wordpress\/plugins\/seo\/ -->\n<title>LEGISLATIVES DE NOVEMBRE - Takku Wallu attaque la candidature de Sonko devant le Conseil constitutionnel | Nettali.com<\/title>\n<meta name=\"robots\" content=\"index, follow, max-snippet:-1, max-image-preview:large, max-video-preview:-1\" \/>\n<link rel=\"canonical\" href=\"https:\/\/www.nettali.com\/2024\/10\/07\/legislatives-de-novembre-takku-wallu-attaque-la-candidature-de-sonko-devant-le-conseil-constitutionnel\/\" \/>\n<meta property=\"og:locale\" content=\"fr_FR\" \/>\n<meta property=\"og:type\" content=\"article\" \/>\n<meta property=\"og:title\" content=\"LEGISLATIVES DE NOVEMBRE - Takku Wallu attaque la candidature de Sonko devant le Conseil constitutionnel\" \/>\n<meta property=\"og:description\" content=\"NETTALI.COM - La coalition &quot;Takku Wallu S\u00e9n\u00e9gal&quot; ne perd pas de temps. A peine les listes de candidatures aux prochaines l\u00e9gislatives publi\u00e9es, elle a d\u00e9cid\u00e9 de saisir le Conseil constitutionnel pour une r\u00e9clamation contre la candidature d&#039;Ousmane Sonko.\u00a0 Le pr\u00e9sident de Pastef est d\u00e9sign\u00e9 t\u00eate de liste nationale aux l\u00e9gislatives du 17 novembre prochain. Confirmation [&hellip;]\" \/>\n<meta property=\"og:url\" content=\"https:\/\/www.nettali.com\/2024\/10\/07\/legislatives-de-novembre-takku-wallu-attaque-la-candidature-de-sonko-devant-le-conseil-constitutionnel\/\" \/>\n<meta property=\"og:site_name\" content=\"Nettali.com\" \/>\n<meta property=\"article:publisher\" content=\"https:\/\/www.facebook.com\/nettalicom\" \/>\n<meta property=\"article:published_time\" content=\"2024-10-07T19:27:37+00:00\" \/>\n<meta property=\"article:modified_time\" content=\"2024-10-09T01:16:57+00:00\" \/>\n<meta property=\"og:image\" content=\"https:\/\/www.nettali.com\/wp-content\/uploads\/2024\/10\/sans-titre-4-1-1256x628-1656056061.jpg\" \/>\n\t<meta property=\"og:image:width\" content=\"1256\" \/>\n\t<meta property=\"og:image:height\" content=\"628\" \/>\n<meta name=\"twitter:card\" content=\"summary_large_image\" \/>\n<meta name=\"twitter:label1\" content=\"\u00c9crit par\" \/>\n\t<meta name=\"twitter:data1\" content=\"Moustapha\" \/>\n\t<meta name=\"twitter:label2\" content=\"Dur\u00e9e de lecture estim\u00e9e\" \/>\n\t<meta name=\"twitter:data2\" content=\"2 minutes\" \/>\n<script type=\"application\/ld+json\" class=\"yoast-schema-graph\">{\"@context\":\"https:\/\/schema.org\",\"@graph\":[{\"@type\":\"WebSite\",\"@id\":\"https:\/\/www.nettali.com\/#website\",\"url\":\"https:\/\/www.nettali.com\/\",\"name\":\"Nettali.com\",\"description\":\"Le rendez-vous critique du Net\",\"potentialAction\":[{\"@type\":\"SearchAction\",\"target\":{\"@type\":\"EntryPoint\",\"urlTemplate\":\"https:\/\/www.nettali.com\/?s={search_term_string}\"},\"query-input\":\"required name=search_term_string\"}],\"inLanguage\":\"fr-FR\"},{\"@type\":\"ImageObject\",\"@id\":\"https:\/\/www.nettali.com\/2024\/10\/07\/legislatives-de-novembre-takku-wallu-attaque-la-candidature-de-sonko-devant-le-conseil-constitutionnel\/#primaryimage\",\"inLanguage\":\"fr-FR\",\"url\":\"https:\/\/www.nettali.com\/wp-content\/uploads\/2024\/10\/sans-titre-4-1-1256x628-1656056061.jpg\",\"contentUrl\":\"https:\/\/www.nettali.com\/wp-content\/uploads\/2024\/10\/sans-titre-4-1-1256x628-1656056061.jpg\",\"width\":1256,\"height\":628},{\"@type\":\"WebPage\",\"@id\":\"https:\/\/www.nettali.com\/2024\/10\/07\/legislatives-de-novembre-takku-wallu-attaque-la-candidature-de-sonko-devant-le-conseil-constitutionnel\/#webpage\",\"url\":\"https:\/\/www.nettali.com\/2024\/10\/07\/legislatives-de-novembre-takku-wallu-attaque-la-candidature-de-sonko-devant-le-conseil-constitutionnel\/\",\"name\":\"LEGISLATIVES DE NOVEMBRE - Takku Wallu attaque la candidature de Sonko devant le Conseil constitutionnel | Nettali.com\",\"isPartOf\":{\"@id\":\"https:\/\/www.nettali.com\/#website\"},\"primaryImageOfPage\":{\"@id\":\"https:\/\/www.nettali.com\/2024\/10\/07\/legislatives-de-novembre-takku-wallu-attaque-la-candidature-de-sonko-devant-le-conseil-constitutionnel\/#primaryimage\"},\"datePublished\":\"2024-10-07T19:27:37+00:00\",\"dateModified\":\"2024-10-09T01:16:57+00:00\",\"author\":{\"@id\":\"https:\/\/www.nettali.com\/#\/schema\/person\/7962a12a6e0267f88f0ffa544c36469a\"},\"breadcrumb\":{\"@id\":\"https:\/\/www.nettali.com\/2024\/10\/07\/legislatives-de-novembre-takku-wallu-attaque-la-candidature-de-sonko-devant-le-conseil-constitutionnel\/#breadcrumb\"},\"inLanguage\":\"fr-FR\",\"potentialAction\":[{\"@type\":\"ReadAction\",\"target\":[\"https:\/\/www.nettali.com\/2024\/10\/07\/legislatives-de-novembre-takku-wallu-attaque-la-candidature-de-sonko-devant-le-conseil-constitutionnel\/\"]}]},{\"@type\":\"BreadcrumbList\",\"@id\":\"https:\/\/www.nettali.com\/2024\/10\/07\/legislatives-de-novembre-takku-wallu-attaque-la-candidature-de-sonko-devant-le-conseil-constitutionnel\/#breadcrumb\",\"itemListElement\":[{\"@type\":\"ListItem\",\"position\":1,\"name\":\"Accueil\",\"item\":\"https:\/\/www.nettali.com\/\"},{\"@type\":\"ListItem\",\"position\":2,\"name\":\"LEGISLATIVES DE NOVEMBRE - Takku Wallu attaque la candidature de Sonko devant le Conseil constitutionnel\"}]},{\"@type\":\"Person\",\"@id\":\"https:\/\/www.nettali.com\/#\/schema\/person\/7962a12a6e0267f88f0ffa544c36469a\",\"name\":\"Moustapha\",\"image\":{\"@type\":\"ImageObject\",\"@id\":\"https:\/\/www.nettali.com\/#personlogo\",\"inLanguage\":\"fr-FR\",\"url\":\"https:\/\/secure.gravatar.com\/avatar\/10fdf6a071cccdcf374e3dbe45159590?s=96&d=mm&r=g\",\"contentUrl\":\"https:\/\/secure.gravatar.com\/avatar\/10fdf6a071cccdcf374e3dbe45159590?s=96&d=mm&r=g\",\"caption\":\"Moustapha\"},\"sameAs\":[\"https:\/\/www.nettali.com\"]}]}<\/script>\n<!-- \/ Yoast SEO Premium plugin. -->","yoast_head_json":{"title":"LEGISLATIVES DE NOVEMBRE - Takku Wallu attaque la candidature de Sonko devant le Conseil constitutionnel | Nettali.com","robots":{"index":"index","follow":"follow","max-snippet":"max-snippet:-1","max-image-preview":"max-image-preview:large","max-video-preview":"max-video-preview:-1"},"canonical":"https:\/\/www.nettali.com\/2024\/10\/07\/legislatives-de-novembre-takku-wallu-attaque-la-candidature-de-sonko-devant-le-conseil-constitutionnel\/","og_locale":"fr_FR","og_type":"article","og_title":"LEGISLATIVES DE NOVEMBRE - Takku Wallu attaque la candidature de Sonko devant le Conseil constitutionnel","og_description":"NETTALI.COM - La coalition \"Takku Wallu S\u00e9n\u00e9gal\" ne perd pas de temps. A peine les listes de candidatures aux prochaines l\u00e9gislatives publi\u00e9es, elle a d\u00e9cid\u00e9 de saisir le Conseil constitutionnel pour une r\u00e9clamation contre la candidature d'Ousmane Sonko.\u00a0 Le pr\u00e9sident de Pastef est d\u00e9sign\u00e9 t\u00eate de liste nationale aux l\u00e9gislatives du 17 novembre prochain. Confirmation [&hellip;]","og_url":"https:\/\/www.nettali.com\/2024\/10\/07\/legislatives-de-novembre-takku-wallu-attaque-la-candidature-de-sonko-devant-le-conseil-constitutionnel\/","og_site_name":"Nettali.com","article_publisher":"https:\/\/www.facebook.com\/nettalicom","article_published_time":"2024-10-07T19:27:37+00:00","article_modified_time":"2024-10-09T01:16:57+00:00","og_image":[{"width":1256,"height":628,"url":"https:\/\/www.nettali.com\/wp-content\/uploads\/2024\/10\/sans-titre-4-1-1256x628-1656056061.jpg","type":"image\/jpeg"}],"twitter_card":"summary_large_image","twitter_misc":{"\u00c9crit par":"Moustapha","Dur\u00e9e de lecture estim\u00e9e":"2 minutes"},"schema":{"@context":"https:\/\/schema.org","@graph":[{"@type":"WebSite","@id":"https:\/\/www.nettali.com\/#website","url":"https:\/\/www.nettali.com\/","name":"Nettali.com","description":"Le rendez-vous critique du Net","potentialAction":[{"@type":"SearchAction","target":{"@type":"EntryPoint","urlTemplate":"https:\/\/www.nettali.com\/?s={search_term_string}"},"query-input":"required name=search_term_string"}],"inLanguage":"fr-FR"},{"@type":"ImageObject","@id":"https:\/\/www.nettali.com\/2024\/10\/07\/legislatives-de-novembre-takku-wallu-attaque-la-candidature-de-sonko-devant-le-conseil-constitutionnel\/#primaryimage","inLanguage":"fr-FR","url":"https:\/\/www.nettali.com\/wp-content\/uploads\/2024\/10\/sans-titre-4-1-1256x628-1656056061.jpg","contentUrl":"https:\/\/www.nettali.com\/wp-content\/uploads\/2024\/10\/sans-titre-4-1-1256x628-1656056061.jpg","width":1256,"height":628},{"@type":"WebPage","@id":"https:\/\/www.nettali.com\/2024\/10\/07\/legislatives-de-novembre-takku-wallu-attaque-la-candidature-de-sonko-devant-le-conseil-constitutionnel\/#webpage","url":"https:\/\/www.nettali.com\/2024\/10\/07\/legislatives-de-novembre-takku-wallu-attaque-la-candidature-de-sonko-devant-le-conseil-constitutionnel\/","name":"LEGISLATIVES DE NOVEMBRE - Takku Wallu attaque la candidature de Sonko devant le Conseil constitutionnel | Nettali.com","isPartOf":{"@id":"https:\/\/www.nettali.com\/#website"},"primaryImageOfPage":{"@id":"https:\/\/www.nettali.com\/2024\/10\/07\/legislatives-de-novembre-takku-wallu-attaque-la-candidature-de-sonko-devant-le-conseil-constitutionnel\/#primaryimage"},"datePublished":"2024-10-07T19:27:37+00:00","dateModified":"2024-10-09T01:16:57+00:00","author":{"@id":"https:\/\/www.nettali.com\/#\/schema\/person\/7962a12a6e0267f88f0ffa544c36469a"},"breadcrumb":{"@id":"https:\/\/www.nettali.com\/2024\/10\/07\/legislatives-de-novembre-takku-wallu-attaque-la-candidature-de-sonko-devant-le-conseil-constitutionnel\/#breadcrumb"},"inLanguage":"fr-FR","potentialAction":[{"@type":"ReadAction","target":["https:\/\/www.nettali.com\/2024\/10\/07\/legislatives-de-novembre-takku-wallu-attaque-la-candidature-de-sonko-devant-le-conseil-constitutionnel\/"]}]},{"@type":"BreadcrumbList","@id":"https:\/\/www.nettali.com\/2024\/10\/07\/legislatives-de-novembre-takku-wallu-attaque-la-candidature-de-sonko-devant-le-conseil-constitutionnel\/#breadcrumb","itemListElement":[{"@type":"ListItem","position":1,"name":"Accueil","item":"https:\/\/www.nettali.com\/"},{"@type":"ListItem","position":2,"name":"LEGISLATIVES DE NOVEMBRE - Takku Wallu attaque la candidature de Sonko devant le Conseil constitutionnel"}]},{"@type":"Person","@id":"https:\/\/www.nettali.com\/#\/schema\/person\/7962a12a6e0267f88f0ffa544c36469a","name":"Moustapha","image":{"@type":"ImageObject","@id":"https:\/\/www.nettali.com\/#personlogo","inLanguage":"fr-FR","url":"https:\/\/secure.gravatar.com\/avatar\/10fdf6a071cccdcf374e3dbe45159590?s=96&d=mm&r=g","contentUrl":"https:\/\/secure.gravatar.com\/avatar\/10fdf6a071cccdcf374e3dbe45159590?s=96&d=mm&r=g","caption":"Moustapha"},"sameAs":["https:\/\/www.nettali.com"]}]}},"_links":{"self":[{"href":"https:\/\/www.nettali.com\/rest\/wp\/v2\/posts\/141587"}],"collection":[{"href":"https:\/\/www.nettali.com\/rest\/wp\/v2\/posts"}],"about":[{"href":"https:\/\/www.nettali.com\/rest\/wp\/v2\/types\/post"}],"author":[{"embeddable":true,"href":"https:\/\/www.nettali.com\/rest\/wp\/v2\/users\/3"}],"replies":[{"embeddable":true,"href":"https:\/\/www.nettali.com\/rest\/wp\/v2\/comments?post=141587"}],"version-history":[{"count":2,"href":"https:\/\/www.nettali.com\/rest\/wp\/v2\/posts\/141587\/revisions"}],"predecessor-version":[{"id":141590,"href":"https:\/\/www.nettali.com\/rest\/wp\/v2\/posts\/141587\/revisions\/141590"}],"wp:featuredmedia":[{"embeddable":true,"href":"https:\/\/www.nettali.com\/rest\/wp\/v2\/media\/141589"}],"wp:attachment":[{"href":"https:\/\/www.nettali.com\/rest\/wp\/v2\/media?parent=141587"}],"wp:term":[{"taxonomy":"category","embeddable":true,"href":"https:\/\/www.nettali.com\/rest\/wp\/v2\/categories?post=141587"},{"taxonomy":"post_tag","embeddable":true,"href":"https:\/\/www.nettali.com\/rest\/wp\/v2\/tags?post=141587"}],"curies":[{"name":"wp","href":"https:\/\/api.w.org\/{rel}","templated":true}]}}