{"id":141538,"date":"2024-10-06T18:56:05","date_gmt":"2024-10-06T18:56:05","guid":{"rendered":"https:\/\/www.nettali.com\/?p=141538"},"modified":"2024-10-06T18:56:05","modified_gmt":"2024-10-06T18:56:05","slug":"demission-le-contenu-de-la-lettre-de-macky-adressee-a-macron","status":"publish","type":"post","link":"https:\/\/www.nettali.com\/2024\/10\/06\/demission-le-contenu-de-la-lettre-de-macky-adressee-a-macron\/","title":{"rendered":"DEMISSION- Le contenu de la lettre de Macky adress\u00e9e \u00e0 Macron"},"content":{"rendered":"<div><strong><span style=\"font-size: 16px;\">NETTALI.COM -\u00a0 Comme annonc\u00e9, ce samedi par Nettali, l'ancien pr\u00e9sident, Macky Sall, a d\u00e9missionn\u00e9 de ses fonctions d'Envoy\u00e9 Sp\u00e9cial du Pacte de Paris pour les peuples et la plan\u00e8te (4P). Nous vous livrons, in extenso, le contenu de la lettre.\u00a0<\/span><\/strong><\/div>\n<div><\/div>\n<div><em><span style=\"font-size: 16px;\">\"Monsieur le Pr\u00e9sident,<\/span><\/em><\/div>\n<div><em><span style=\"font-size: 16px;\">\u00a0<\/span><\/em><\/div>\n<div><em><span style=\"font-size: 16px;\">Comme vous le savez probablement, les circonstances de la vie politique s\u00e9n\u00e9galaise, suite \u00e0 la dissolution de l'Assembl\u00e9e nationale, m'ont amen\u00e9 \u00e0 \u00eatre investi t\u00eate de liste de la Coalition Takku Wallu S\u00e9n\u00e9gal pour les \u00e9lections l\u00e9gislatives pr\u00e9vues le 17 novembre 2024.<\/span><\/em><\/div>\n<div><em><span style=\"font-size: 16px;\">\u00a0<\/span><\/em><\/div>\n<div><em><span style=\"font-size: 16px;\">Dans ces conditions, et pour \u00e9viter tout risque d'incompatibilit\u00e9 et de conflit d'int\u00e9r\u00eats, je voudrais porter \u00e0 votre aimable attention que j'ai d\u00e9cid\u00e9 de me mettre en retrait par rapport \u00e0 mes activit\u00e9s d'Envoy\u00e9 sp\u00e9cial du Pacte de Paris pour les peuples et la plan\u00e8te, \u00e0 compter du 9 octobre, apr\u00e8s le sommet de Hambourg sur la durabilit\u00e9 pour lequel j'avais d\u00e9j\u00e0 pris des engagements.<\/span><\/em><\/div>\n<div><em><span style=\"font-size: 16px;\">\u00a0<\/span><\/em><\/div>\n<div><em><span style=\"font-size: 16px;\">Mobiliser la communaut\u00e9 internationale autour des objectifs du Pacte de Paris pour les peuples et la plan\u00e8te aura \u00e9t\u00e9 pour moi une t\u00e2che exaltante. Je tiens \u00e0 vous remercier vivement pour votre confiance, en vous renouvelant mon fid\u00e8le attachement \u00e0 notre amiti\u00e9. Soyez assur\u00e9 que je reste toujours dispos\u00e9 \u00e0 travailler avec vous sur des sujets d'int\u00e9r\u00eat commun.<\/span><\/em><\/div>\n<div><em><span style=\"font-size: 16px;\">\u00a0<\/span><\/em><\/div>\n<div><span style=\"font-size: 16px;\"><em>Veuillez agr\u00e9er, Monsieur le Pr\u00e9sident, l'assurance de ma haute et amicale consid\u00e9ration\"<\/em>. <\/span><\/div>\n<div><span style=\"font-size: 16px;\">Macky Sall<\/span><\/div>\n<div class='share-to-whatsapp-wrapper'><div class='share-on-whsp'>PARTAGER SUR : <\/div><a data-text='DEMISSION- Le contenu de la lettre de Macky adress\u00e9e \u00e0 Macron' data-link='https:\/\/www.nettali.com\/2024\/10\/06\/demission-le-contenu-de-la-lettre-de-macky-adressee-a-macron\/' class='whatsapp-button whatsapp-share'>WhatsApp<\/a><div class='clear '><\/div><\/div>","protected":false},"excerpt":{"rendered":"<p>NETTALI.COM -\u00a0 Comme annonc\u00e9, ce samedi par Nettali, l'ancien pr\u00e9sident, Macky Sall, a d\u00e9missionn\u00e9 de ses fonctions d'Envoy\u00e9 Sp\u00e9cial du Pacte de Paris pour les peuples et la plan\u00e8te (4P). Nous vous livrons, in extenso, le contenu de la lettre.\u00a0 \"Monsieur le Pr\u00e9sident, \u00a0 Comme vous le savez probablement, les circonstances de la vie politique [&hellip;]<\/p>\n","protected":false},"author":4,"featured_media":141539,"comment_status":"open","ping_status":"open","sticky":false,"template":"","format":"standard","meta":{"_et_pb_use_builder":"","_et_pb_old_content":""},"categories":[3],"tags":[],"yoast_head":"<!-- This site is optimized with the Yoast SEO Premium plugin v17.8 (Yoast SEO v17.8) - https:\/\/yoast.com\/wordpress\/plugins\/seo\/ -->\n<title>DEMISSION- Le contenu de la lettre de Macky adress\u00e9e \u00e0 Macron | Nettali.com<\/title>\n<meta name=\"robots\" content=\"index, follow, max-snippet:-1, max-image-preview:large, max-video-preview:-1\" \/>\n<link rel=\"canonical\" href=\"https:\/\/www.nettali.com\/2024\/10\/06\/demission-le-contenu-de-la-lettre-de-macky-adressee-a-macron\/\" \/>\n<meta property=\"og:locale\" content=\"fr_FR\" \/>\n<meta property=\"og:type\" content=\"article\" \/>\n<meta property=\"og:title\" content=\"DEMISSION- Le contenu de la lettre de Macky adress\u00e9e \u00e0 Macron\" \/>\n<meta property=\"og:description\" content=\"NETTALI.COM -\u00a0 Comme annonc\u00e9, ce samedi par Nettali, l&#039;ancien pr\u00e9sident, Macky Sall, a d\u00e9missionn\u00e9 de ses fonctions d&#039;Envoy\u00e9 Sp\u00e9cial du Pacte de Paris pour les peuples et la plan\u00e8te (4P). Nous vous livrons, in extenso, le contenu de la lettre.\u00a0 &quot;Monsieur le Pr\u00e9sident, \u00a0 Comme vous le savez probablement, les circonstances de la vie politique [&hellip;]\" \/>\n<meta property=\"og:url\" content=\"https:\/\/www.nettali.com\/2024\/10\/06\/demission-le-contenu-de-la-lettre-de-macky-adressee-a-macron\/\" \/>\n<meta property=\"og:site_name\" content=\"Nettali.com\" \/>\n<meta property=\"article:publisher\" content=\"https:\/\/www.facebook.com\/nettalicom\" \/>\n<meta property=\"article:published_time\" content=\"2024-10-06T18:56:05+00:00\" \/>\n<meta property=\"og:image\" content=\"https:\/\/www.nettali.com\/wp-content\/uploads\/2024\/10\/4-P.png\" \/>\n\t<meta property=\"og:image:width\" content=\"1350\" \/>\n\t<meta property=\"og:image:height\" content=\"732\" \/>\n<meta name=\"twitter:card\" content=\"summary_large_image\" \/>\n<meta name=\"twitter:label1\" content=\"\u00c9crit par\" \/>\n\t<meta name=\"twitter:data1\" content=\"Daouda\" \/>\n\t<meta name=\"twitter:label2\" content=\"Dur\u00e9e de lecture estim\u00e9e\" \/>\n\t<meta name=\"twitter:data2\" content=\"2 minutes\" \/>\n<script type=\"application\/ld+json\" class=\"yoast-schema-graph\">{\"@context\":\"https:\/\/schema.org\",\"@graph\":[{\"@type\":\"WebSite\",\"@id\":\"https:\/\/www.nettali.com\/#website\",\"url\":\"https:\/\/www.nettali.com\/\",\"name\":\"Nettali.com\",\"description\":\"Le rendez-vous critique du Net\",\"potentialAction\":[{\"@type\":\"SearchAction\",\"target\":{\"@type\":\"EntryPoint\",\"urlTemplate\":\"https:\/\/www.nettali.com\/?s={search_term_string}\"},\"query-input\":\"required name=search_term_string\"}],\"inLanguage\":\"fr-FR\"},{\"@type\":\"ImageObject\",\"@id\":\"https:\/\/www.nettali.com\/2024\/10\/06\/demission-le-contenu-de-la-lettre-de-macky-adressee-a-macron\/#primaryimage\",\"inLanguage\":\"fr-FR\",\"url\":\"https:\/\/www.nettali.com\/wp-content\/uploads\/2024\/10\/4-P.png\",\"contentUrl\":\"https:\/\/www.nettali.com\/wp-content\/uploads\/2024\/10\/4-P.png\",\"width\":1350,\"height\":732},{\"@type\":\"WebPage\",\"@id\":\"https:\/\/www.nettali.com\/2024\/10\/06\/demission-le-contenu-de-la-lettre-de-macky-adressee-a-macron\/#webpage\",\"url\":\"https:\/\/www.nettali.com\/2024\/10\/06\/demission-le-contenu-de-la-lettre-de-macky-adressee-a-macron\/\",\"name\":\"DEMISSION- Le contenu de la lettre de Macky adress\\u00e9e \\u00e0 Macron | Nettali.com\",\"isPartOf\":{\"@id\":\"https:\/\/www.nettali.com\/#website\"},\"primaryImageOfPage\":{\"@id\":\"https:\/\/www.nettali.com\/2024\/10\/06\/demission-le-contenu-de-la-lettre-de-macky-adressee-a-macron\/#primaryimage\"},\"datePublished\":\"2024-10-06T18:56:05+00:00\",\"dateModified\":\"2024-10-06T18:56:05+00:00\",\"author\":{\"@id\":\"https:\/\/www.nettali.com\/#\/schema\/person\/3317e0bb3aa1da309fbf7b2780901bf4\"},\"breadcrumb\":{\"@id\":\"https:\/\/www.nettali.com\/2024\/10\/06\/demission-le-contenu-de-la-lettre-de-macky-adressee-a-macron\/#breadcrumb\"},\"inLanguage\":\"fr-FR\",\"potentialAction\":[{\"@type\":\"ReadAction\",\"target\":[\"https:\/\/www.nettali.com\/2024\/10\/06\/demission-le-contenu-de-la-lettre-de-macky-adressee-a-macron\/\"]}]},{\"@type\":\"BreadcrumbList\",\"@id\":\"https:\/\/www.nettali.com\/2024\/10\/06\/demission-le-contenu-de-la-lettre-de-macky-adressee-a-macron\/#breadcrumb\",\"itemListElement\":[{\"@type\":\"ListItem\",\"position\":1,\"name\":\"Accueil\",\"item\":\"https:\/\/www.nettali.com\/\"},{\"@type\":\"ListItem\",\"position\":2,\"name\":\"DEMISSION- Le contenu de la lettre de Macky adress\\u00e9e \\u00e0 Macron\"}]},{\"@type\":\"Person\",\"@id\":\"https:\/\/www.nettali.com\/#\/schema\/person\/3317e0bb3aa1da309fbf7b2780901bf4\",\"name\":\"Daouda\",\"image\":{\"@type\":\"ImageObject\",\"@id\":\"https:\/\/www.nettali.com\/#personlogo\",\"inLanguage\":\"fr-FR\",\"url\":\"https:\/\/secure.gravatar.com\/avatar\/8d143b5a49345098ddcfee1c49c2f47c?s=96&d=mm&r=g\",\"contentUrl\":\"https:\/\/secure.gravatar.com\/avatar\/8d143b5a49345098ddcfee1c49c2f47c?s=96&d=mm&r=g\",\"caption\":\"Daouda\"},\"sameAs\":[\"https:\/\/www.nettali.com\"]}]}<\/script>\n<!-- \/ Yoast SEO Premium plugin. -->","yoast_head_json":{"title":"DEMISSION- Le contenu de la lettre de Macky adress\u00e9e \u00e0 Macron | Nettali.com","robots":{"index":"index","follow":"follow","max-snippet":"max-snippet:-1","max-image-preview":"max-image-preview:large","max-video-preview":"max-video-preview:-1"},"canonical":"https:\/\/www.nettali.com\/2024\/10\/06\/demission-le-contenu-de-la-lettre-de-macky-adressee-a-macron\/","og_locale":"fr_FR","og_type":"article","og_title":"DEMISSION- Le contenu de la lettre de Macky adress\u00e9e \u00e0 Macron","og_description":"NETTALI.COM -\u00a0 Comme annonc\u00e9, ce samedi par Nettali, l'ancien pr\u00e9sident, Macky Sall, a d\u00e9missionn\u00e9 de ses fonctions d'Envoy\u00e9 Sp\u00e9cial du Pacte de Paris pour les peuples et la plan\u00e8te (4P). Nous vous livrons, in extenso, le contenu de la lettre.\u00a0 \"Monsieur le Pr\u00e9sident, \u00a0 Comme vous le savez probablement, les circonstances de la vie politique [&hellip;]","og_url":"https:\/\/www.nettali.com\/2024\/10\/06\/demission-le-contenu-de-la-lettre-de-macky-adressee-a-macron\/","og_site_name":"Nettali.com","article_publisher":"https:\/\/www.facebook.com\/nettalicom","article_published_time":"2024-10-06T18:56:05+00:00","og_image":[{"width":1350,"height":732,"url":"https:\/\/www.nettali.com\/wp-content\/uploads\/2024\/10\/4-P.png","type":"image\/png"}],"twitter_card":"summary_large_image","twitter_misc":{"\u00c9crit par":"Daouda","Dur\u00e9e de lecture estim\u00e9e":"2 minutes"},"schema":{"@context":"https:\/\/schema.org","@graph":[{"@type":"WebSite","@id":"https:\/\/www.nettali.com\/#website","url":"https:\/\/www.nettali.com\/","name":"Nettali.com","description":"Le rendez-vous critique du Net","potentialAction":[{"@type":"SearchAction","target":{"@type":"EntryPoint","urlTemplate":"https:\/\/www.nettali.com\/?s={search_term_string}"},"query-input":"required name=search_term_string"}],"inLanguage":"fr-FR"},{"@type":"ImageObject","@id":"https:\/\/www.nettali.com\/2024\/10\/06\/demission-le-contenu-de-la-lettre-de-macky-adressee-a-macron\/#primaryimage","inLanguage":"fr-FR","url":"https:\/\/www.nettali.com\/wp-content\/uploads\/2024\/10\/4-P.png","contentUrl":"https:\/\/www.nettali.com\/wp-content\/uploads\/2024\/10\/4-P.png","width":1350,"height":732},{"@type":"WebPage","@id":"https:\/\/www.nettali.com\/2024\/10\/06\/demission-le-contenu-de-la-lettre-de-macky-adressee-a-macron\/#webpage","url":"https:\/\/www.nettali.com\/2024\/10\/06\/demission-le-contenu-de-la-lettre-de-macky-adressee-a-macron\/","name":"DEMISSION- Le contenu de la lettre de Macky adress\u00e9e \u00e0 Macron | Nettali.com","isPartOf":{"@id":"https:\/\/www.nettali.com\/#website"},"primaryImageOfPage":{"@id":"https:\/\/www.nettali.com\/2024\/10\/06\/demission-le-contenu-de-la-lettre-de-macky-adressee-a-macron\/#primaryimage"},"datePublished":"2024-10-06T18:56:05+00:00","dateModified":"2024-10-06T18:56:05+00:00","author":{"@id":"https:\/\/www.nettali.com\/#\/schema\/person\/3317e0bb3aa1da309fbf7b2780901bf4"},"breadcrumb":{"@id":"https:\/\/www.nettali.com\/2024\/10\/06\/demission-le-contenu-de-la-lettre-de-macky-adressee-a-macron\/#breadcrumb"},"inLanguage":"fr-FR","potentialAction":[{"@type":"ReadAction","target":["https:\/\/www.nettali.com\/2024\/10\/06\/demission-le-contenu-de-la-lettre-de-macky-adressee-a-macron\/"]}]},{"@type":"BreadcrumbList","@id":"https:\/\/www.nettali.com\/2024\/10\/06\/demission-le-contenu-de-la-lettre-de-macky-adressee-a-macron\/#breadcrumb","itemListElement":[{"@type":"ListItem","position":1,"name":"Accueil","item":"https:\/\/www.nettali.com\/"},{"@type":"ListItem","position":2,"name":"DEMISSION- Le contenu de la lettre de Macky adress\u00e9e \u00e0 Macron"}]},{"@type":"Person","@id":"https:\/\/www.nettali.com\/#\/schema\/person\/3317e0bb3aa1da309fbf7b2780901bf4","name":"Daouda","image":{"@type":"ImageObject","@id":"https:\/\/www.nettali.com\/#personlogo","inLanguage":"fr-FR","url":"https:\/\/secure.gravatar.com\/avatar\/8d143b5a49345098ddcfee1c49c2f47c?s=96&d=mm&r=g","contentUrl":"https:\/\/secure.gravatar.com\/avatar\/8d143b5a49345098ddcfee1c49c2f47c?s=96&d=mm&r=g","caption":"Daouda"},"sameAs":["https:\/\/www.nettali.com"]}]}},"_links":{"self":[{"href":"https:\/\/www.nettali.com\/rest\/wp\/v2\/posts\/141538"}],"collection":[{"href":"https:\/\/www.nettali.com\/rest\/wp\/v2\/posts"}],"about":[{"href":"https:\/\/www.nettali.com\/rest\/wp\/v2\/types\/post"}],"author":[{"embeddable":true,"href":"https:\/\/www.nettali.com\/rest\/wp\/v2\/users\/4"}],"replies":[{"embeddable":true,"href":"https:\/\/www.nettali.com\/rest\/wp\/v2\/comments?post=141538"}],"version-history":[{"count":1,"href":"https:\/\/www.nettali.com\/rest\/wp\/v2\/posts\/141538\/revisions"}],"predecessor-version":[{"id":141540,"href":"https:\/\/www.nettali.com\/rest\/wp\/v2\/posts\/141538\/revisions\/141540"}],"wp:featuredmedia":[{"embeddable":true,"href":"https:\/\/www.nettali.com\/rest\/wp\/v2\/media\/141539"}],"wp:attachment":[{"href":"https:\/\/www.nettali.com\/rest\/wp\/v2\/media?parent=141538"}],"wp:term":[{"taxonomy":"category","embeddable":true,"href":"https:\/\/www.nettali.com\/rest\/wp\/v2\/categories?post=141538"},{"taxonomy":"post_tag","embeddable":true,"href":"https:\/\/www.nettali.com\/rest\/wp\/v2\/tags?post=141538"}],"curies":[{"name":"wp","href":"https:\/\/api.w.org\/{rel}","templated":true}]}}