{"id":141469,"date":"2024-10-05T08:28:37","date_gmt":"2024-10-05T08:28:37","guid":{"rendered":"https:\/\/www.nettali.com\/?p=141469"},"modified":"2024-10-05T08:28:37","modified_gmt":"2024-10-05T08:28:37","slug":"refoule-a-laeroprt-madiambal-diagne-raconte-sa-mesaventure","status":"publish","type":"post","link":"https:\/\/www.nettali.com\/2024\/10\/05\/refoule-a-laeroprt-madiambal-diagne-raconte-sa-mesaventure\/","title":{"rendered":"REFOULE A L'AEROPRT - Madiambal Diagne raconte sa m\u00e9saventure"},"content":{"rendered":"<p><strong>NETTALI.COM -<\/strong> \u201c<em>Les brimades et autres vexations ne me d\u00e9tourneront pas de ma conduite habituelle<\/em>\u201d, a \u00e9crit, le vendredi 4 octobre, le journaliste Madiambal Diagne, en revenant sur sa m\u00e9saventure, la veille, \u00e0 l\u2019a\u00e9roport international Blaise Diagne.<\/p>\n<p>Le jeudi 3 octobre 2024 au soir, alors qu\u2019il devait se rendre au Canada, apr\u00e8s avoir rempli les formalit\u00e9s d\u2019enregistrement et obtenu le \u201c<em>cachet d\u00e9part<\/em>\u201d sur son passeport, il a eu la \u201c<em>d\u00e9sagr\u00e9able<\/em>\u201d surprise d\u2019apprendre de la police qu\u2019elle avait re\u00e7u des instructions selon lesquelles il ne pouvait quitter le territoire national sans avoir d\u00e9pos\u00e9 un passeport diplomatique dont il serait le titulaire.<\/p>\n<p>\u201c<em>Mon \u00e9tonnement est d\u2019autant plus l\u00e9gitime que je n\u2019ai jamais b\u00e9n\u00e9fici\u00e9 de ce genre de document de voyage. C\u2019est alors un passeport diplomatique imaginaire. Il est facile de le prouver puisque, r\u00e9guli\u00e8rement, lors de mes d\u00e9placements, les documents que je pr\u00e9sente sont enregistr\u00e9s par les services de police de l\u2019a\u00e9roport. Ils l\u2019ont d\u2019ailleurs constat\u00e9 apr\u00e8s leurs recherches dans leurs donn\u00e9es. Mais ont-ils tenu \u00e0 appliquer la consigne re\u00e7ue ? Sur les faits, j\u2019ai tent\u00e9 de joindre le g\u00e9n\u00e9ral Jean-Baptiste Tine, ministre de l\u2019Int\u00e9rieur, qui manifestement n\u2019a pas voulu d\u00e9crocher mes appels. Il est \u00e0 souligner qu\u2019aucune notification \u00e9crite ne m\u2019a \u00e9t\u00e9 formellement faite de cette interdiction de sortir du territoire. Mes avocats m\u2019ont conseill\u00e9 de reprogrammer mon voyage et, le cas \u00e9ch\u00e9ant, de me faire assister par un huissier pour les constats n\u00e9cessaires<\/em>\u201d, souligne- t-il dans la note rendue publique.<\/p>\n<p>Le journaliste pr\u00e9cise qu\u2019il n\u2019a jamais accept\u00e9 la proposition de se voir d\u00e9livrer un passeport diplomatique et qu\u2019il a toujours particip\u00e9 aux voyages officiels des pr\u00e9sidents Abdoulaye Wade et Macky Sall avec son passeport ordinaire et les visas que les consulats lui octroient chaque fois que n\u00e9cessaire.<\/p>\n<p>\u201c<em>Cette tracasserie vient s\u2019ajouter aux manifestations d\u2019ostracisme dont je fais l\u2019objet depuis l\u2019av\u00e8nement de Pastef au pouvoir. Les accusations de pr\u00e9dation fonci\u00e8re dont je suis l\u2019objet n\u2019ont jamais pu \u00eatre prouv\u00e9es. Il n\u2019est pas jusqu\u2019\u00e0 mon immeuble en construction aux Mamelles qui fait l\u2019objet de contr\u00f4les trop r\u00e9guliers pour \u00eatre innocents<\/em>\u201d, s\u2019insurge-t-il.<\/p>\n<p>Le patron de presse d\u2019ajouter : \u201c<em>Mes d\u00e9tracteurs finiront bien par se rendre \u00e0 l\u2019\u00e9vidence : ma proximit\u00e9 avec le pr\u00e9sident Macky Sall n\u2019a jamais relev\u00e9 de calculs mercantiles. Je n\u2019ai jamais exerc\u00e9 de fonctions publiques, encore moins b\u00e9n\u00e9fici\u00e9 d\u2019un contrat quelconque avec l\u2019\u00c9tat du S\u00e9n\u00e9gal. Quant aux brimades et autres vexations qui ne manqueront pas \u00e0 mon encontre pour les prochaines ann\u00e9es, elles ne me d\u00e9tourneront pas de ma conduite habituelle, celle d\u2019un homme du monde, d\u2019un r\u00e9publicain, d\u2019un d\u00e9mocrate respectueux des valeurs universelles de biens\u00e9ance. M\u2019en d\u00e9partir trahirait tout ce pour quoi je me bats depuis toujours et ne saurait se justifier ni par mon \u00e9ducation ni illustrer ma philosophie de vie. Et c\u2019est l\u2019h\u00e9ritage que je souhaite l\u00e9guer \u00e0 la post\u00e9rit\u00e9.<\/em>\u201d<\/p>\n<div class='share-to-whatsapp-wrapper'><div class='share-on-whsp'>PARTAGER SUR : <\/div><a data-text='REFOULE A L'AEROPRT - Madiambal Diagne raconte sa m\u00e9saventure' data-link='https:\/\/www.nettali.com\/2024\/10\/05\/refoule-a-laeroprt-madiambal-diagne-raconte-sa-mesaventure\/' class='whatsapp-button whatsapp-share'>WhatsApp<\/a><div class='clear '><\/div><\/div>","protected":false},"excerpt":{"rendered":"<p>NETTALI.COM - \u201cLes brimades et autres vexations ne me d\u00e9tourneront pas de ma conduite habituelle\u201d, a \u00e9crit, le vendredi 4 octobre, le journaliste Madiambal Diagne, en revenant sur sa m\u00e9saventure, la veille, \u00e0 l\u2019a\u00e9roport international Blaise Diagne. Le jeudi 3 octobre 2024 au soir, alors qu\u2019il devait se rendre au Canada, apr\u00e8s avoir rempli les [&hellip;]<\/p>\n","protected":false},"author":2,"featured_media":141470,"comment_status":"open","ping_status":"open","sticky":false,"template":"","format":"standard","meta":{"_et_pb_use_builder":"","_et_pb_old_content":""},"categories":[34945],"tags":[],"yoast_head":"<!-- This site is optimized with the Yoast SEO Premium plugin v17.8 (Yoast SEO v17.8) - https:\/\/yoast.com\/wordpress\/plugins\/seo\/ -->\n<title>REFOULE A L&#039;AEROPRT - Madiambal Diagne raconte sa m\u00e9saventure | Nettali.com<\/title>\n<meta name=\"robots\" content=\"index, follow, max-snippet:-1, max-image-preview:large, max-video-preview:-1\" \/>\n<link rel=\"canonical\" href=\"https:\/\/www.nettali.com\/2024\/10\/05\/refoule-a-laeroprt-madiambal-diagne-raconte-sa-mesaventure\/\" \/>\n<meta property=\"og:locale\" content=\"fr_FR\" \/>\n<meta property=\"og:type\" content=\"article\" \/>\n<meta property=\"og:title\" content=\"REFOULE A L&#039;AEROPRT - Madiambal Diagne raconte sa m\u00e9saventure\" \/>\n<meta property=\"og:description\" content=\"NETTALI.COM - \u201cLes brimades et autres vexations ne me d\u00e9tourneront pas de ma conduite habituelle\u201d, a \u00e9crit, le vendredi 4 octobre, le journaliste Madiambal Diagne, en revenant sur sa m\u00e9saventure, la veille, \u00e0 l\u2019a\u00e9roport international Blaise Diagne. Le jeudi 3 octobre 2024 au soir, alors qu\u2019il devait se rendre au Canada, apr\u00e8s avoir rempli les [&hellip;]\" \/>\n<meta property=\"og:url\" content=\"https:\/\/www.nettali.com\/2024\/10\/05\/refoule-a-laeroprt-madiambal-diagne-raconte-sa-mesaventure\/\" \/>\n<meta property=\"og:site_name\" content=\"Nettali.com\" \/>\n<meta property=\"article:publisher\" content=\"https:\/\/www.facebook.com\/nettalicom\" \/>\n<meta property=\"article:published_time\" content=\"2024-10-05T08:28:37+00:00\" \/>\n<meta property=\"og:image\" content=\"https:\/\/www.nettali.com\/wp-content\/uploads\/2024\/10\/2a0ee4a5bbacbfd70f77abe3a3b2ea24ca136e1d.jpg\" \/>\n\t<meta property=\"og:image:width\" content=\"612\" \/>\n\t<meta property=\"og:image:height\" content=\"298\" \/>\n<meta name=\"twitter:card\" content=\"summary_large_image\" \/>\n<meta name=\"twitter:label1\" content=\"\u00c9crit par\" \/>\n\t<meta name=\"twitter:data1\" content=\"CK\" \/>\n\t<meta name=\"twitter:label2\" content=\"Dur\u00e9e de lecture estim\u00e9e\" \/>\n\t<meta name=\"twitter:data2\" content=\"3 minutes\" \/>\n<script type=\"application\/ld+json\" class=\"yoast-schema-graph\">{\"@context\":\"https:\/\/schema.org\",\"@graph\":[{\"@type\":\"WebSite\",\"@id\":\"https:\/\/www.nettali.com\/#website\",\"url\":\"https:\/\/www.nettali.com\/\",\"name\":\"Nettali.com\",\"description\":\"Le rendez-vous critique du Net\",\"potentialAction\":[{\"@type\":\"SearchAction\",\"target\":{\"@type\":\"EntryPoint\",\"urlTemplate\":\"https:\/\/www.nettali.com\/?s={search_term_string}\"},\"query-input\":\"required name=search_term_string\"}],\"inLanguage\":\"fr-FR\"},{\"@type\":\"ImageObject\",\"@id\":\"https:\/\/www.nettali.com\/2024\/10\/05\/refoule-a-laeroprt-madiambal-diagne-raconte-sa-mesaventure\/#primaryimage\",\"inLanguage\":\"fr-FR\",\"url\":\"https:\/\/www.nettali.com\/wp-content\/uploads\/2024\/10\/2a0ee4a5bbacbfd70f77abe3a3b2ea24ca136e1d.jpg\",\"contentUrl\":\"https:\/\/www.nettali.com\/wp-content\/uploads\/2024\/10\/2a0ee4a5bbacbfd70f77abe3a3b2ea24ca136e1d.jpg\",\"width\":612,\"height\":298},{\"@type\":\"WebPage\",\"@id\":\"https:\/\/www.nettali.com\/2024\/10\/05\/refoule-a-laeroprt-madiambal-diagne-raconte-sa-mesaventure\/#webpage\",\"url\":\"https:\/\/www.nettali.com\/2024\/10\/05\/refoule-a-laeroprt-madiambal-diagne-raconte-sa-mesaventure\/\",\"name\":\"REFOULE A L'AEROPRT - Madiambal Diagne raconte sa m\\u00e9saventure | Nettali.com\",\"isPartOf\":{\"@id\":\"https:\/\/www.nettali.com\/#website\"},\"primaryImageOfPage\":{\"@id\":\"https:\/\/www.nettali.com\/2024\/10\/05\/refoule-a-laeroprt-madiambal-diagne-raconte-sa-mesaventure\/#primaryimage\"},\"datePublished\":\"2024-10-05T08:28:37+00:00\",\"dateModified\":\"2024-10-05T08:28:37+00:00\",\"author\":{\"@id\":\"https:\/\/www.nettali.com\/#\/schema\/person\/d8ac7b7e27ddad43f1c0d2ef090d7f71\"},\"breadcrumb\":{\"@id\":\"https:\/\/www.nettali.com\/2024\/10\/05\/refoule-a-laeroprt-madiambal-diagne-raconte-sa-mesaventure\/#breadcrumb\"},\"inLanguage\":\"fr-FR\",\"potentialAction\":[{\"@type\":\"ReadAction\",\"target\":[\"https:\/\/www.nettali.com\/2024\/10\/05\/refoule-a-laeroprt-madiambal-diagne-raconte-sa-mesaventure\/\"]}]},{\"@type\":\"BreadcrumbList\",\"@id\":\"https:\/\/www.nettali.com\/2024\/10\/05\/refoule-a-laeroprt-madiambal-diagne-raconte-sa-mesaventure\/#breadcrumb\",\"itemListElement\":[{\"@type\":\"ListItem\",\"position\":1,\"name\":\"Accueil\",\"item\":\"https:\/\/www.nettali.com\/\"},{\"@type\":\"ListItem\",\"position\":2,\"name\":\"REFOULE A L'AEROPRT - Madiambal Diagne raconte sa m\\u00e9saventure\"}]},{\"@type\":\"Person\",\"@id\":\"https:\/\/www.nettali.com\/#\/schema\/person\/d8ac7b7e27ddad43f1c0d2ef090d7f71\",\"name\":\"CK\",\"image\":{\"@type\":\"ImageObject\",\"@id\":\"https:\/\/www.nettali.com\/#personlogo\",\"inLanguage\":\"fr-FR\",\"url\":\"https:\/\/secure.gravatar.com\/avatar\/1d8d5118b9327d94da7cd4ce7f17fec2?s=96&d=mm&r=g\",\"contentUrl\":\"https:\/\/secure.gravatar.com\/avatar\/1d8d5118b9327d94da7cd4ce7f17fec2?s=96&d=mm&r=g\",\"caption\":\"CK\"},\"sameAs\":[\"https:\/\/www.nettali.com\"]}]}<\/script>\n<!-- \/ Yoast SEO Premium plugin. -->","yoast_head_json":{"title":"REFOULE A L'AEROPRT - Madiambal Diagne raconte sa m\u00e9saventure | Nettali.com","robots":{"index":"index","follow":"follow","max-snippet":"max-snippet:-1","max-image-preview":"max-image-preview:large","max-video-preview":"max-video-preview:-1"},"canonical":"https:\/\/www.nettali.com\/2024\/10\/05\/refoule-a-laeroprt-madiambal-diagne-raconte-sa-mesaventure\/","og_locale":"fr_FR","og_type":"article","og_title":"REFOULE A L'AEROPRT - Madiambal Diagne raconte sa m\u00e9saventure","og_description":"NETTALI.COM - \u201cLes brimades et autres vexations ne me d\u00e9tourneront pas de ma conduite habituelle\u201d, a \u00e9crit, le vendredi 4 octobre, le journaliste Madiambal Diagne, en revenant sur sa m\u00e9saventure, la veille, \u00e0 l\u2019a\u00e9roport international Blaise Diagne. Le jeudi 3 octobre 2024 au soir, alors qu\u2019il devait se rendre au Canada, apr\u00e8s avoir rempli les [&hellip;]","og_url":"https:\/\/www.nettali.com\/2024\/10\/05\/refoule-a-laeroprt-madiambal-diagne-raconte-sa-mesaventure\/","og_site_name":"Nettali.com","article_publisher":"https:\/\/www.facebook.com\/nettalicom","article_published_time":"2024-10-05T08:28:37+00:00","og_image":[{"width":612,"height":298,"url":"https:\/\/www.nettali.com\/wp-content\/uploads\/2024\/10\/2a0ee4a5bbacbfd70f77abe3a3b2ea24ca136e1d.jpg","type":"image\/jpeg"}],"twitter_card":"summary_large_image","twitter_misc":{"\u00c9crit par":"CK","Dur\u00e9e de lecture estim\u00e9e":"3 minutes"},"schema":{"@context":"https:\/\/schema.org","@graph":[{"@type":"WebSite","@id":"https:\/\/www.nettali.com\/#website","url":"https:\/\/www.nettali.com\/","name":"Nettali.com","description":"Le rendez-vous critique du Net","potentialAction":[{"@type":"SearchAction","target":{"@type":"EntryPoint","urlTemplate":"https:\/\/www.nettali.com\/?s={search_term_string}"},"query-input":"required name=search_term_string"}],"inLanguage":"fr-FR"},{"@type":"ImageObject","@id":"https:\/\/www.nettali.com\/2024\/10\/05\/refoule-a-laeroprt-madiambal-diagne-raconte-sa-mesaventure\/#primaryimage","inLanguage":"fr-FR","url":"https:\/\/www.nettali.com\/wp-content\/uploads\/2024\/10\/2a0ee4a5bbacbfd70f77abe3a3b2ea24ca136e1d.jpg","contentUrl":"https:\/\/www.nettali.com\/wp-content\/uploads\/2024\/10\/2a0ee4a5bbacbfd70f77abe3a3b2ea24ca136e1d.jpg","width":612,"height":298},{"@type":"WebPage","@id":"https:\/\/www.nettali.com\/2024\/10\/05\/refoule-a-laeroprt-madiambal-diagne-raconte-sa-mesaventure\/#webpage","url":"https:\/\/www.nettali.com\/2024\/10\/05\/refoule-a-laeroprt-madiambal-diagne-raconte-sa-mesaventure\/","name":"REFOULE A L'AEROPRT - Madiambal Diagne raconte sa m\u00e9saventure | Nettali.com","isPartOf":{"@id":"https:\/\/www.nettali.com\/#website"},"primaryImageOfPage":{"@id":"https:\/\/www.nettali.com\/2024\/10\/05\/refoule-a-laeroprt-madiambal-diagne-raconte-sa-mesaventure\/#primaryimage"},"datePublished":"2024-10-05T08:28:37+00:00","dateModified":"2024-10-05T08:28:37+00:00","author":{"@id":"https:\/\/www.nettali.com\/#\/schema\/person\/d8ac7b7e27ddad43f1c0d2ef090d7f71"},"breadcrumb":{"@id":"https:\/\/www.nettali.com\/2024\/10\/05\/refoule-a-laeroprt-madiambal-diagne-raconte-sa-mesaventure\/#breadcrumb"},"inLanguage":"fr-FR","potentialAction":[{"@type":"ReadAction","target":["https:\/\/www.nettali.com\/2024\/10\/05\/refoule-a-laeroprt-madiambal-diagne-raconte-sa-mesaventure\/"]}]},{"@type":"BreadcrumbList","@id":"https:\/\/www.nettali.com\/2024\/10\/05\/refoule-a-laeroprt-madiambal-diagne-raconte-sa-mesaventure\/#breadcrumb","itemListElement":[{"@type":"ListItem","position":1,"name":"Accueil","item":"https:\/\/www.nettali.com\/"},{"@type":"ListItem","position":2,"name":"REFOULE A L'AEROPRT - Madiambal Diagne raconte sa m\u00e9saventure"}]},{"@type":"Person","@id":"https:\/\/www.nettali.com\/#\/schema\/person\/d8ac7b7e27ddad43f1c0d2ef090d7f71","name":"CK","image":{"@type":"ImageObject","@id":"https:\/\/www.nettali.com\/#personlogo","inLanguage":"fr-FR","url":"https:\/\/secure.gravatar.com\/avatar\/1d8d5118b9327d94da7cd4ce7f17fec2?s=96&d=mm&r=g","contentUrl":"https:\/\/secure.gravatar.com\/avatar\/1d8d5118b9327d94da7cd4ce7f17fec2?s=96&d=mm&r=g","caption":"CK"},"sameAs":["https:\/\/www.nettali.com"]}]}},"_links":{"self":[{"href":"https:\/\/www.nettali.com\/rest\/wp\/v2\/posts\/141469"}],"collection":[{"href":"https:\/\/www.nettali.com\/rest\/wp\/v2\/posts"}],"about":[{"href":"https:\/\/www.nettali.com\/rest\/wp\/v2\/types\/post"}],"author":[{"embeddable":true,"href":"https:\/\/www.nettali.com\/rest\/wp\/v2\/users\/2"}],"replies":[{"embeddable":true,"href":"https:\/\/www.nettali.com\/rest\/wp\/v2\/comments?post=141469"}],"version-history":[{"count":1,"href":"https:\/\/www.nettali.com\/rest\/wp\/v2\/posts\/141469\/revisions"}],"predecessor-version":[{"id":141471,"href":"https:\/\/www.nettali.com\/rest\/wp\/v2\/posts\/141469\/revisions\/141471"}],"wp:featuredmedia":[{"embeddable":true,"href":"https:\/\/www.nettali.com\/rest\/wp\/v2\/media\/141470"}],"wp:attachment":[{"href":"https:\/\/www.nettali.com\/rest\/wp\/v2\/media?parent=141469"}],"wp:term":[{"taxonomy":"category","embeddable":true,"href":"https:\/\/www.nettali.com\/rest\/wp\/v2\/categories?post=141469"},{"taxonomy":"post_tag","embeddable":true,"href":"https:\/\/www.nettali.com\/rest\/wp\/v2\/tags?post=141469"}],"curies":[{"name":"wp","href":"https:\/\/api.w.org\/{rel}","templated":true}]}}