{"id":141439,"date":"2024-10-04T09:50:08","date_gmt":"2024-10-04T09:50:08","guid":{"rendered":"https:\/\/www.nettali.com\/?p=141439"},"modified":"2024-10-05T15:48:39","modified_gmt":"2024-10-05T15:48:39","slug":"eliminatoires-can-2025-le-duo-pape-thiaw-teddy-pellerin-assure-linterim","status":"publish","type":"post","link":"https:\/\/www.nettali.com\/2024\/10\/04\/eliminatoires-can-2025-le-duo-pape-thiaw-teddy-pellerin-assure-linterim\/","title":{"rendered":"\u00c9LIMINATOIRES CAN 2025 - Le duo Pape Thiaw-Teddy Pellerin assure l'int\u00e9rim"},"content":{"rendered":"<p><strong>NETTALI.COM - Pape Thiaw et Teddy Georges G\u00e9rard Pellerin ont \u00e9t\u00e9 d\u00e9sign\u00e9s pour assurer l'int\u00e9rim sur le banc de l\u2019\u00e9quipe nationale du S\u00e9n\u00e9gal. Leur mission couvrira les rencontres de la 3\u00e8me et 4\u00e8me journ\u00e9e des qualifications pour la CAN pr\u00e9vue au Maroc entre d\u00e9cembre 2025 et janvier 2026.<\/strong><\/p>\n<p>Ancien international s\u00e9n\u00e9galais, Pape Thiaw sera \u00e9paul\u00e9 par G\u00e9rard Pellerin, qui occupait d\u00e9j\u00e0 le poste de pr\u00e9parateur physique sous Aliou Ciss\u00e9. Mayacine Mar, le directeur technique national, les accompagnera dans cette transition. D\u2019apr\u00e8s le journal Sud Quotidien, cette nomination a \u00e9t\u00e9 act\u00e9e par la F\u00e9d\u00e9ration s\u00e9n\u00e9galaise de football (FSF) et sera officiellement annonc\u00e9e le 4 octobre, en m\u00eame temps que la liste des joueurs pour les prochains matchs contre le Malawi. Malgr\u00e9 la surprise provoqu\u00e9e par le d\u00e9part d\u2019Aliou Ciss\u00e9, les dirigeants ont opt\u00e9 pour une continuit\u00e9 au sein du staff technique en vue de ces quatre matchs d\u00e9cisifs. Une source anonyme a confi\u00e9 que tout le monde, y compris l\u2019\u00e9quipe en place, \u00e9tait favorable \u00e0 la poursuite du travail amorc\u00e9 sous Ciss\u00e9.<\/p>\n<p>Ce sc\u00e9nario rappelle une situation similaire avec Joseph Koto, qui avait \u00e9galement pris les commandes temporairement avant d\u2019\u00e9chouer lors des qualifications pour la CAN 2013, ce qui avait entra\u00een\u00e9 son remplacement. Quant \u00e0 Aliou Ciss\u00e9, il a accueilli la d\u00e9cision avec professionnalisme et a encourag\u00e9 ses anciens collaborateurs \u00e0 continuer sur la lanc\u00e9e. Mayacine Mar apportera son expertise au duo depuis le banc, garantissant une continuit\u00e9 dans la gestion de l\u2019\u00e9quipe.<\/p>\n<div class='share-to-whatsapp-wrapper'><div class='share-on-whsp'>PARTAGER SUR : <\/div><a data-text='\u00c9LIMINATOIRES CAN 2025 - Le duo Pape Thiaw-Teddy Pellerin assure l'int\u00e9rim' data-link='https:\/\/www.nettali.com\/2024\/10\/04\/eliminatoires-can-2025-le-duo-pape-thiaw-teddy-pellerin-assure-linterim\/' class='whatsapp-button whatsapp-share'>WhatsApp<\/a><div class='clear '><\/div><\/div>","protected":false},"excerpt":{"rendered":"<p>NETTALI.COM - Pape Thiaw et Teddy Georges G\u00e9rard Pellerin ont \u00e9t\u00e9 d\u00e9sign\u00e9s pour assurer l'int\u00e9rim sur le banc de l\u2019\u00e9quipe nationale du S\u00e9n\u00e9gal. Leur mission couvrira les rencontres de la 3\u00e8me et 4\u00e8me journ\u00e9e des qualifications pour la CAN pr\u00e9vue au Maroc entre d\u00e9cembre 2025 et janvier 2026. Ancien international s\u00e9n\u00e9galais, Pape Thiaw sera \u00e9paul\u00e9 [&hellip;]<\/p>\n","protected":false},"author":5,"featured_media":141440,"comment_status":"open","ping_status":"open","sticky":false,"template":"","format":"standard","meta":{"_et_pb_use_builder":"","_et_pb_old_content":""},"categories":[6],"tags":[],"yoast_head":"<!-- This site is optimized with the Yoast SEO Premium plugin v17.8 (Yoast SEO v17.8) - https:\/\/yoast.com\/wordpress\/plugins\/seo\/ -->\n<title>\u00c9LIMINATOIRES CAN 2025 - Le duo Pape Thiaw-Teddy Pellerin assure l&#039;int\u00e9rim | Nettali.com<\/title>\n<meta name=\"robots\" content=\"index, follow, max-snippet:-1, max-image-preview:large, max-video-preview:-1\" \/>\n<link rel=\"canonical\" href=\"https:\/\/www.nettali.com\/2024\/10\/04\/eliminatoires-can-2025-le-duo-pape-thiaw-teddy-pellerin-assure-linterim\/\" \/>\n<meta property=\"og:locale\" content=\"fr_FR\" \/>\n<meta property=\"og:type\" content=\"article\" \/>\n<meta property=\"og:title\" content=\"\u00c9LIMINATOIRES CAN 2025 - Le duo Pape Thiaw-Teddy Pellerin assure l&#039;int\u00e9rim\" \/>\n<meta property=\"og:description\" content=\"NETTALI.COM - Pape Thiaw et Teddy Georges G\u00e9rard Pellerin ont \u00e9t\u00e9 d\u00e9sign\u00e9s pour assurer l&#039;int\u00e9rim sur le banc de l\u2019\u00e9quipe nationale du S\u00e9n\u00e9gal. Leur mission couvrira les rencontres de la 3\u00e8me et 4\u00e8me journ\u00e9e des qualifications pour la CAN pr\u00e9vue au Maroc entre d\u00e9cembre 2025 et janvier 2026. Ancien international s\u00e9n\u00e9galais, Pape Thiaw sera \u00e9paul\u00e9 [&hellip;]\" \/>\n<meta property=\"og:url\" content=\"https:\/\/www.nettali.com\/2024\/10\/04\/eliminatoires-can-2025-le-duo-pape-thiaw-teddy-pellerin-assure-linterim\/\" \/>\n<meta property=\"og:site_name\" content=\"Nettali.com\" \/>\n<meta property=\"article:publisher\" content=\"https:\/\/www.facebook.com\/nettalicom\" \/>\n<meta property=\"article:published_time\" content=\"2024-10-04T09:50:08+00:00\" \/>\n<meta property=\"article:modified_time\" content=\"2024-10-05T15:48:39+00:00\" \/>\n<meta property=\"og:image\" content=\"https:\/\/www.nettali.com\/wp-content\/uploads\/2024\/10\/Nouveau-duo-a-la-tete-des-Lions-Pape-Thiaw-et-Teddy-Pellerin-prennent-les-commandes_thumbnail_2.jpg\" \/>\n\t<meta property=\"og:image:width\" content=\"1200\" \/>\n\t<meta property=\"og:image:height\" content=\"775\" \/>\n<meta name=\"twitter:card\" content=\"summary_large_image\" \/>\n<meta name=\"twitter:label1\" content=\"\u00c9crit par\" \/>\n\t<meta name=\"twitter:data1\" content=\"Ibrahima\" \/>\n\t<meta name=\"twitter:label2\" content=\"Dur\u00e9e de lecture estim\u00e9e\" \/>\n\t<meta name=\"twitter:data2\" content=\"2 minutes\" \/>\n<script type=\"application\/ld+json\" class=\"yoast-schema-graph\">{\"@context\":\"https:\/\/schema.org\",\"@graph\":[{\"@type\":\"WebSite\",\"@id\":\"https:\/\/www.nettali.com\/#website\",\"url\":\"https:\/\/www.nettali.com\/\",\"name\":\"Nettali.com\",\"description\":\"Le rendez-vous critique du Net\",\"potentialAction\":[{\"@type\":\"SearchAction\",\"target\":{\"@type\":\"EntryPoint\",\"urlTemplate\":\"https:\/\/www.nettali.com\/?s={search_term_string}\"},\"query-input\":\"required name=search_term_string\"}],\"inLanguage\":\"fr-FR\"},{\"@type\":\"ImageObject\",\"@id\":\"https:\/\/www.nettali.com\/2024\/10\/04\/eliminatoires-can-2025-le-duo-pape-thiaw-teddy-pellerin-assure-linterim\/#primaryimage\",\"inLanguage\":\"fr-FR\",\"url\":\"https:\/\/www.nettali.com\/wp-content\/uploads\/2024\/10\/Nouveau-duo-a-la-tete-des-Lions-Pape-Thiaw-et-Teddy-Pellerin-prennent-les-commandes_thumbnail_2.jpg\",\"contentUrl\":\"https:\/\/www.nettali.com\/wp-content\/uploads\/2024\/10\/Nouveau-duo-a-la-tete-des-Lions-Pape-Thiaw-et-Teddy-Pellerin-prennent-les-commandes_thumbnail_2.jpg\",\"width\":1200,\"height\":775},{\"@type\":\"WebPage\",\"@id\":\"https:\/\/www.nettali.com\/2024\/10\/04\/eliminatoires-can-2025-le-duo-pape-thiaw-teddy-pellerin-assure-linterim\/#webpage\",\"url\":\"https:\/\/www.nettali.com\/2024\/10\/04\/eliminatoires-can-2025-le-duo-pape-thiaw-teddy-pellerin-assure-linterim\/\",\"name\":\"\\u00c9LIMINATOIRES CAN 2025 - Le duo Pape Thiaw-Teddy Pellerin assure l'int\\u00e9rim | Nettali.com\",\"isPartOf\":{\"@id\":\"https:\/\/www.nettali.com\/#website\"},\"primaryImageOfPage\":{\"@id\":\"https:\/\/www.nettali.com\/2024\/10\/04\/eliminatoires-can-2025-le-duo-pape-thiaw-teddy-pellerin-assure-linterim\/#primaryimage\"},\"datePublished\":\"2024-10-04T09:50:08+00:00\",\"dateModified\":\"2024-10-05T15:48:39+00:00\",\"author\":{\"@id\":\"https:\/\/www.nettali.com\/#\/schema\/person\/bb147657c2986240405a608162b9bb23\"},\"breadcrumb\":{\"@id\":\"https:\/\/www.nettali.com\/2024\/10\/04\/eliminatoires-can-2025-le-duo-pape-thiaw-teddy-pellerin-assure-linterim\/#breadcrumb\"},\"inLanguage\":\"fr-FR\",\"potentialAction\":[{\"@type\":\"ReadAction\",\"target\":[\"https:\/\/www.nettali.com\/2024\/10\/04\/eliminatoires-can-2025-le-duo-pape-thiaw-teddy-pellerin-assure-linterim\/\"]}]},{\"@type\":\"BreadcrumbList\",\"@id\":\"https:\/\/www.nettali.com\/2024\/10\/04\/eliminatoires-can-2025-le-duo-pape-thiaw-teddy-pellerin-assure-linterim\/#breadcrumb\",\"itemListElement\":[{\"@type\":\"ListItem\",\"position\":1,\"name\":\"Accueil\",\"item\":\"https:\/\/www.nettali.com\/\"},{\"@type\":\"ListItem\",\"position\":2,\"name\":\"\\u00c9LIMINATOIRES CAN 2025 - Le duo Pape Thiaw-Teddy Pellerin assure l'int\\u00e9rim\"}]},{\"@type\":\"Person\",\"@id\":\"https:\/\/www.nettali.com\/#\/schema\/person\/bb147657c2986240405a608162b9bb23\",\"name\":\"Ibrahima\",\"image\":{\"@type\":\"ImageObject\",\"@id\":\"https:\/\/www.nettali.com\/#personlogo\",\"inLanguage\":\"fr-FR\",\"url\":\"https:\/\/secure.gravatar.com\/avatar\/26a8a81f09f0dd7624c9d5c36c9ba3a2?s=96&d=mm&r=g\",\"contentUrl\":\"https:\/\/secure.gravatar.com\/avatar\/26a8a81f09f0dd7624c9d5c36c9ba3a2?s=96&d=mm&r=g\",\"caption\":\"Ibrahima\"},\"sameAs\":[\"https:\/\/www.nettali.com\"]}]}<\/script>\n<!-- \/ Yoast SEO Premium plugin. -->","yoast_head_json":{"title":"\u00c9LIMINATOIRES CAN 2025 - Le duo Pape Thiaw-Teddy Pellerin assure l'int\u00e9rim | Nettali.com","robots":{"index":"index","follow":"follow","max-snippet":"max-snippet:-1","max-image-preview":"max-image-preview:large","max-video-preview":"max-video-preview:-1"},"canonical":"https:\/\/www.nettali.com\/2024\/10\/04\/eliminatoires-can-2025-le-duo-pape-thiaw-teddy-pellerin-assure-linterim\/","og_locale":"fr_FR","og_type":"article","og_title":"\u00c9LIMINATOIRES CAN 2025 - Le duo Pape Thiaw-Teddy Pellerin assure l'int\u00e9rim","og_description":"NETTALI.COM - Pape Thiaw et Teddy Georges G\u00e9rard Pellerin ont \u00e9t\u00e9 d\u00e9sign\u00e9s pour assurer l'int\u00e9rim sur le banc de l\u2019\u00e9quipe nationale du S\u00e9n\u00e9gal. Leur mission couvrira les rencontres de la 3\u00e8me et 4\u00e8me journ\u00e9e des qualifications pour la CAN pr\u00e9vue au Maroc entre d\u00e9cembre 2025 et janvier 2026. Ancien international s\u00e9n\u00e9galais, Pape Thiaw sera \u00e9paul\u00e9 [&hellip;]","og_url":"https:\/\/www.nettali.com\/2024\/10\/04\/eliminatoires-can-2025-le-duo-pape-thiaw-teddy-pellerin-assure-linterim\/","og_site_name":"Nettali.com","article_publisher":"https:\/\/www.facebook.com\/nettalicom","article_published_time":"2024-10-04T09:50:08+00:00","article_modified_time":"2024-10-05T15:48:39+00:00","og_image":[{"width":1200,"height":775,"url":"https:\/\/www.nettali.com\/wp-content\/uploads\/2024\/10\/Nouveau-duo-a-la-tete-des-Lions-Pape-Thiaw-et-Teddy-Pellerin-prennent-les-commandes_thumbnail_2.jpg","type":"image\/jpeg"}],"twitter_card":"summary_large_image","twitter_misc":{"\u00c9crit par":"Ibrahima","Dur\u00e9e de lecture estim\u00e9e":"2 minutes"},"schema":{"@context":"https:\/\/schema.org","@graph":[{"@type":"WebSite","@id":"https:\/\/www.nettali.com\/#website","url":"https:\/\/www.nettali.com\/","name":"Nettali.com","description":"Le rendez-vous critique du Net","potentialAction":[{"@type":"SearchAction","target":{"@type":"EntryPoint","urlTemplate":"https:\/\/www.nettali.com\/?s={search_term_string}"},"query-input":"required name=search_term_string"}],"inLanguage":"fr-FR"},{"@type":"ImageObject","@id":"https:\/\/www.nettali.com\/2024\/10\/04\/eliminatoires-can-2025-le-duo-pape-thiaw-teddy-pellerin-assure-linterim\/#primaryimage","inLanguage":"fr-FR","url":"https:\/\/www.nettali.com\/wp-content\/uploads\/2024\/10\/Nouveau-duo-a-la-tete-des-Lions-Pape-Thiaw-et-Teddy-Pellerin-prennent-les-commandes_thumbnail_2.jpg","contentUrl":"https:\/\/www.nettali.com\/wp-content\/uploads\/2024\/10\/Nouveau-duo-a-la-tete-des-Lions-Pape-Thiaw-et-Teddy-Pellerin-prennent-les-commandes_thumbnail_2.jpg","width":1200,"height":775},{"@type":"WebPage","@id":"https:\/\/www.nettali.com\/2024\/10\/04\/eliminatoires-can-2025-le-duo-pape-thiaw-teddy-pellerin-assure-linterim\/#webpage","url":"https:\/\/www.nettali.com\/2024\/10\/04\/eliminatoires-can-2025-le-duo-pape-thiaw-teddy-pellerin-assure-linterim\/","name":"\u00c9LIMINATOIRES CAN 2025 - Le duo Pape Thiaw-Teddy Pellerin assure l'int\u00e9rim | Nettali.com","isPartOf":{"@id":"https:\/\/www.nettali.com\/#website"},"primaryImageOfPage":{"@id":"https:\/\/www.nettali.com\/2024\/10\/04\/eliminatoires-can-2025-le-duo-pape-thiaw-teddy-pellerin-assure-linterim\/#primaryimage"},"datePublished":"2024-10-04T09:50:08+00:00","dateModified":"2024-10-05T15:48:39+00:00","author":{"@id":"https:\/\/www.nettali.com\/#\/schema\/person\/bb147657c2986240405a608162b9bb23"},"breadcrumb":{"@id":"https:\/\/www.nettali.com\/2024\/10\/04\/eliminatoires-can-2025-le-duo-pape-thiaw-teddy-pellerin-assure-linterim\/#breadcrumb"},"inLanguage":"fr-FR","potentialAction":[{"@type":"ReadAction","target":["https:\/\/www.nettali.com\/2024\/10\/04\/eliminatoires-can-2025-le-duo-pape-thiaw-teddy-pellerin-assure-linterim\/"]}]},{"@type":"BreadcrumbList","@id":"https:\/\/www.nettali.com\/2024\/10\/04\/eliminatoires-can-2025-le-duo-pape-thiaw-teddy-pellerin-assure-linterim\/#breadcrumb","itemListElement":[{"@type":"ListItem","position":1,"name":"Accueil","item":"https:\/\/www.nettali.com\/"},{"@type":"ListItem","position":2,"name":"\u00c9LIMINATOIRES CAN 2025 - Le duo Pape Thiaw-Teddy Pellerin assure l'int\u00e9rim"}]},{"@type":"Person","@id":"https:\/\/www.nettali.com\/#\/schema\/person\/bb147657c2986240405a608162b9bb23","name":"Ibrahima","image":{"@type":"ImageObject","@id":"https:\/\/www.nettali.com\/#personlogo","inLanguage":"fr-FR","url":"https:\/\/secure.gravatar.com\/avatar\/26a8a81f09f0dd7624c9d5c36c9ba3a2?s=96&d=mm&r=g","contentUrl":"https:\/\/secure.gravatar.com\/avatar\/26a8a81f09f0dd7624c9d5c36c9ba3a2?s=96&d=mm&r=g","caption":"Ibrahima"},"sameAs":["https:\/\/www.nettali.com"]}]}},"_links":{"self":[{"href":"https:\/\/www.nettali.com\/rest\/wp\/v2\/posts\/141439"}],"collection":[{"href":"https:\/\/www.nettali.com\/rest\/wp\/v2\/posts"}],"about":[{"href":"https:\/\/www.nettali.com\/rest\/wp\/v2\/types\/post"}],"author":[{"embeddable":true,"href":"https:\/\/www.nettali.com\/rest\/wp\/v2\/users\/5"}],"replies":[{"embeddable":true,"href":"https:\/\/www.nettali.com\/rest\/wp\/v2\/comments?post=141439"}],"version-history":[{"count":2,"href":"https:\/\/www.nettali.com\/rest\/wp\/v2\/posts\/141439\/revisions"}],"predecessor-version":[{"id":141486,"href":"https:\/\/www.nettali.com\/rest\/wp\/v2\/posts\/141439\/revisions\/141486"}],"wp:featuredmedia":[{"embeddable":true,"href":"https:\/\/www.nettali.com\/rest\/wp\/v2\/media\/141440"}],"wp:attachment":[{"href":"https:\/\/www.nettali.com\/rest\/wp\/v2\/media?parent=141439"}],"wp:term":[{"taxonomy":"category","embeddable":true,"href":"https:\/\/www.nettali.com\/rest\/wp\/v2\/categories?post=141439"},{"taxonomy":"post_tag","embeddable":true,"href":"https:\/\/www.nettali.com\/rest\/wp\/v2\/tags?post=141439"}],"curies":[{"name":"wp","href":"https:\/\/api.w.org\/{rel}","templated":true}]}}