{"id":141438,"date":"2024-10-04T10:04:22","date_gmt":"2024-10-04T10:04:22","guid":{"rendered":"https:\/\/www.nettali.com\/?p=141438"},"modified":"2024-10-05T15:48:25","modified_gmt":"2024-10-05T15:48:25","slug":"aliou-sane-coordonnateur-du-mouvement-yen-a-marre-ce-quon-a-vu-ces-derniers-jours-ne-va-pas-dans-le-sens-dapaiser-le-senegal","status":"publish","type":"post","link":"https:\/\/www.nettali.com\/2024\/10\/04\/aliou-sane-coordonnateur-du-mouvement-yen-a-marre-ce-quon-a-vu-ces-derniers-jours-ne-va-pas-dans-le-sens-dapaiser-le-senegal\/","title":{"rendered":"ALIOU SANE, COORDONNATEUR Y\u2019EN A MARRE : \"Ce qu\u2019on a vu ces derniers jours ne va pas dans le sens d\u2019apaiser le S\u00e9n\u00e9gal\""},"content":{"rendered":"<p><strong>NETTALI.COM- Longtemps silencieux, le mouvement Y\u2019en a marre est sorti de sa r\u00e9serve pour s'exprimer sur la situation actuelle pays. Son coordinateur Aliou San\u00e9 est inquiet car, dit-il, \u00ab ce qu\u2019on a vu ces derniers jours ne va pas dans le sens d\u2019apaiser le S\u00e9n\u00e9gal\u00bb<\/strong><\/p>\n<p>\u00ab <em>Je n\u2019avais pas pr\u00e9vu de prendre la parole au bout de 6 mois, pour parler du r\u00e9gime de Diomaye Faye. Mais, quand on voit des actes qui ont \u00e9t\u00e9 pos\u00e9s \u00e7\u00e0 et l\u00e0, et qui nous rappellent le r\u00e9gime de Macky Sall, notre devoir est de nous exprimer de la m\u00eame mani\u00e8re qu\u2019on le faisait avec l\u2019ancien r\u00e9gime pour d\u00e9fendre notre d\u00e9mocratie<\/em> \u00bb, a d\u2019embl\u00e9e fait savoir le coordonnateur de Y'en a marre. Aliou San\u00e9, pense qu\u2019il est temps d\u2019alerter sur ce qui se passe actuellement sur les questions de justice . \u00ab <em>Le Pr\u00e9sident Bassirou Diomaye Faye, lors de son discours du 2 avril avait soulign\u00e9 que son r\u00e9gime s\u2019inscrivait dans le sens d\u2019aller vers \u00ab un S\u00e9n\u00e9gal apais\u00e9 . De 2019 \u00e0 2024, on a v\u00e9cu de pires moments de violence avec des arrestations \u00e0 tout bout de champ. Et m\u00eame lui, le Pr\u00e9sident Diomaye en a pay\u00e9 les frais pour un post qu\u2019il a fait sur les r\u00e9seaux sociaux qui lui a valu 9 ou 10 mois de prison<\/em> \u00bb, a-t-il rappel\u00e9. Avant d'exprimer ses craintes : \u00ab <em>ce qu\u2019on a vu ces derniers jours, ne va pas dans le sens d\u2019apaiser le S\u00e9n\u00e9gal. On n\u2019aurait pas cru qu\u2019on serait l\u00e0 aujourd\u2019hui<\/em> <em>pour parler parce qu\u2019un opposant a \u00e9t\u00e9 interpell\u00e9 par la police \u00e0 quelques jours des \u00e9lections pour un d\u00e9lit d\u2019opinion. On n\u2019aurait pas cru qu\u2019au bout de 6 mois qu\u2019un journaliste serait arr\u00eat\u00e9 parce qu\u2019il a critiqu\u00e9 des chiffres donn\u00e9s par le gouvernement<\/em> \u00bb.<\/p>\n<p>Il poursuit : \u00ab <em>nous avons appris qu\u2019ils sont tous lib\u00e9r\u00e9s, c\u2019est une excellente chose, c\u2019est \u00e7a la d\u00e9mocratie apais\u00e9e. Il y a des priorit\u00e9s, est\u2010ce qu\u2019un S\u00e9n\u00e9galais s\u2019est plaint sur le dossier Lat Diop ? Non, c\u2019est parce que, la priorit\u00e9 c\u2019est de s\u2019int\u00e9resser aux dossiers de ces gens qui ont \u00e9t\u00e9 au c\u0153ur du r\u00e9gime de pr\u00e9dation de nos ressources et qui sont \u00e9pingl\u00e9s par des rapports qui \u00e9taient sous le<\/em> <em>coude de Macky Sal<\/em>l \u00bb.<\/p>\n<p>Le peuple, dit-il, \u00ab <em>est d\u2019accord avec ce nouveau r\u00e9gime sur la reddition des comptes\u00bb,\u00a0<\/em>car souligne Aliou Sane, \u00ab<em>c\u2019est une priorit\u00e9 et une demande du peuple s\u00e9n\u00e9galais\u00bb. <\/em>\u00ab <em>L\u2019autre priorit\u00e9 est la situation \u00e9conomique catastrophique, du pays qu\u2019il faut redresser. On va vers l\u2019ouverture de l\u2019ann\u00e9e scolaire, les inscriptions sont ch\u00e8res, sans parler de l\u2019\u00e9lectricit\u00e9, la location, les denr\u00e9es des premi\u00e8res n\u00e9cessit\u00e9s, donc l\u2019une des priorit\u00e9s ; et la question prioritaire, c\u2019est l\u2019\u00e9conomie du S\u00e9n\u00e9gal \u00e0 redresser. Le d\u00e9lit d\u2019opinion, on l\u2019a combattu. Ce qui n\u2019\u00e9tait pas juste hier, ne saurait l\u2019\u00eatre aujourd\u2019hui. Ce n\u2019est pas possible<\/em> \u00bb, d\u00e9plore-t-il.<\/p>\n<div class='share-to-whatsapp-wrapper'><div class='share-on-whsp'>PARTAGER SUR : <\/div><a data-text='ALIOU SANE, COORDONNATEUR Y\u2019EN A MARRE : \"Ce qu\u2019on a vu ces derniers jours ne va pas dans le sens d\u2019apaiser le S\u00e9n\u00e9gal\"' data-link='https:\/\/www.nettali.com\/2024\/10\/04\/aliou-sane-coordonnateur-du-mouvement-yen-a-marre-ce-quon-a-vu-ces-derniers-jours-ne-va-pas-dans-le-sens-dapaiser-le-senegal\/' class='whatsapp-button whatsapp-share'>WhatsApp<\/a><div class='clear '><\/div><\/div>","protected":false},"excerpt":{"rendered":"<p>NETTALI.COM- Longtemps silencieux, le mouvement Y\u2019en a marre est sorti de sa r\u00e9serve pour s'exprimer sur la situation actuelle pays. Son coordinateur Aliou San\u00e9 est inquiet car, dit-il, \u00ab ce qu\u2019on a vu ces derniers jours ne va pas dans le sens d\u2019apaiser le S\u00e9n\u00e9gal\u00bb \u00ab Je n\u2019avais pas pr\u00e9vu de prendre la parole au [&hellip;]<\/p>\n","protected":false},"author":6,"featured_media":106330,"comment_status":"open","ping_status":"open","sticky":false,"template":"","format":"standard","meta":{"_et_pb_use_builder":"","_et_pb_old_content":""},"categories":[2],"tags":[],"yoast_head":"<!-- This site is optimized with the Yoast SEO Premium plugin v17.8 (Yoast SEO v17.8) - https:\/\/yoast.com\/wordpress\/plugins\/seo\/ -->\n<title>ALIOU SANE, COORDONNATEUR Y\u2019EN A MARRE : &quot;Ce qu\u2019on a vu ces derniers jours ne va pas dans le sens d\u2019apaiser le S\u00e9n\u00e9gal&quot; | Nettali.com<\/title>\n<meta name=\"robots\" content=\"index, follow, max-snippet:-1, max-image-preview:large, max-video-preview:-1\" \/>\n<link rel=\"canonical\" href=\"https:\/\/www.nettali.com\/2024\/10\/04\/aliou-sane-coordonnateur-du-mouvement-yen-a-marre-ce-quon-a-vu-ces-derniers-jours-ne-va-pas-dans-le-sens-dapaiser-le-senegal\/\" \/>\n<meta property=\"og:locale\" content=\"fr_FR\" \/>\n<meta property=\"og:type\" content=\"article\" \/>\n<meta property=\"og:title\" content=\"ALIOU SANE, COORDONNATEUR Y\u2019EN A MARRE : &quot;Ce qu\u2019on a vu ces derniers jours ne va pas dans le sens d\u2019apaiser le S\u00e9n\u00e9gal&quot;\" \/>\n<meta property=\"og:description\" content=\"NETTALI.COM- Longtemps silencieux, le mouvement Y\u2019en a marre est sorti de sa r\u00e9serve pour s&#039;exprimer sur la situation actuelle pays. Son coordinateur Aliou San\u00e9 est inquiet car, dit-il, \u00ab ce qu\u2019on a vu ces derniers jours ne va pas dans le sens d\u2019apaiser le S\u00e9n\u00e9gal\u00bb \u00ab Je n\u2019avais pas pr\u00e9vu de prendre la parole au [&hellip;]\" \/>\n<meta property=\"og:url\" content=\"https:\/\/www.nettali.com\/2024\/10\/04\/aliou-sane-coordonnateur-du-mouvement-yen-a-marre-ce-quon-a-vu-ces-derniers-jours-ne-va-pas-dans-le-sens-dapaiser-le-senegal\/\" \/>\n<meta property=\"og:site_name\" content=\"Nettali.com\" \/>\n<meta property=\"article:publisher\" content=\"https:\/\/www.facebook.com\/nettalicom\" \/>\n<meta property=\"article:published_time\" content=\"2024-10-04T10:04:22+00:00\" \/>\n<meta property=\"article:modified_time\" content=\"2024-10-05T15:48:25+00:00\" \/>\n<meta property=\"og:image\" content=\"https:\/\/www.nettali.com\/wp-content\/uploads\/2023\/03\/ALIOU-SANE-LEADER-DE-YEN-A-MARRE.jpg\" \/>\n\t<meta property=\"og:image:width\" content=\"715\" \/>\n\t<meta property=\"og:image:height\" content=\"443\" \/>\n<meta name=\"twitter:card\" content=\"summary_large_image\" \/>\n<meta name=\"twitter:label1\" content=\"\u00c9crit par\" \/>\n\t<meta name=\"twitter:data1\" content=\"Fatou\" \/>\n\t<meta name=\"twitter:label2\" content=\"Dur\u00e9e de lecture estim\u00e9e\" \/>\n\t<meta name=\"twitter:data2\" content=\"3 minutes\" \/>\n<script type=\"application\/ld+json\" class=\"yoast-schema-graph\">{\"@context\":\"https:\/\/schema.org\",\"@graph\":[{\"@type\":\"WebSite\",\"@id\":\"https:\/\/www.nettali.com\/#website\",\"url\":\"https:\/\/www.nettali.com\/\",\"name\":\"Nettali.com\",\"description\":\"Le rendez-vous critique du Net\",\"potentialAction\":[{\"@type\":\"SearchAction\",\"target\":{\"@type\":\"EntryPoint\",\"urlTemplate\":\"https:\/\/www.nettali.com\/?s={search_term_string}\"},\"query-input\":\"required name=search_term_string\"}],\"inLanguage\":\"fr-FR\"},{\"@type\":\"ImageObject\",\"@id\":\"https:\/\/www.nettali.com\/2024\/10\/04\/aliou-sane-coordonnateur-du-mouvement-yen-a-marre-ce-quon-a-vu-ces-derniers-jours-ne-va-pas-dans-le-sens-dapaiser-le-senegal\/#primaryimage\",\"inLanguage\":\"fr-FR\",\"url\":\"https:\/\/www.nettali.com\/wp-content\/uploads\/2023\/03\/ALIOU-SANE-LEADER-DE-YEN-A-MARRE.jpg\",\"contentUrl\":\"https:\/\/www.nettali.com\/wp-content\/uploads\/2023\/03\/ALIOU-SANE-LEADER-DE-YEN-A-MARRE.jpg\",\"width\":715,\"height\":443},{\"@type\":\"WebPage\",\"@id\":\"https:\/\/www.nettali.com\/2024\/10\/04\/aliou-sane-coordonnateur-du-mouvement-yen-a-marre-ce-quon-a-vu-ces-derniers-jours-ne-va-pas-dans-le-sens-dapaiser-le-senegal\/#webpage\",\"url\":\"https:\/\/www.nettali.com\/2024\/10\/04\/aliou-sane-coordonnateur-du-mouvement-yen-a-marre-ce-quon-a-vu-ces-derniers-jours-ne-va-pas-dans-le-sens-dapaiser-le-senegal\/\",\"name\":\"ALIOU SANE, COORDONNATEUR Y\\u2019EN A MARRE : \\\"Ce qu\\u2019on a vu ces derniers jours ne va pas dans le sens d\\u2019apaiser le S\\u00e9n\\u00e9gal\\\" | Nettali.com\",\"isPartOf\":{\"@id\":\"https:\/\/www.nettali.com\/#website\"},\"primaryImageOfPage\":{\"@id\":\"https:\/\/www.nettali.com\/2024\/10\/04\/aliou-sane-coordonnateur-du-mouvement-yen-a-marre-ce-quon-a-vu-ces-derniers-jours-ne-va-pas-dans-le-sens-dapaiser-le-senegal\/#primaryimage\"},\"datePublished\":\"2024-10-04T10:04:22+00:00\",\"dateModified\":\"2024-10-05T15:48:25+00:00\",\"author\":{\"@id\":\"https:\/\/www.nettali.com\/#\/schema\/person\/418274a86bdf87caff7a3ef476bd0bbf\"},\"breadcrumb\":{\"@id\":\"https:\/\/www.nettali.com\/2024\/10\/04\/aliou-sane-coordonnateur-du-mouvement-yen-a-marre-ce-quon-a-vu-ces-derniers-jours-ne-va-pas-dans-le-sens-dapaiser-le-senegal\/#breadcrumb\"},\"inLanguage\":\"fr-FR\",\"potentialAction\":[{\"@type\":\"ReadAction\",\"target\":[\"https:\/\/www.nettali.com\/2024\/10\/04\/aliou-sane-coordonnateur-du-mouvement-yen-a-marre-ce-quon-a-vu-ces-derniers-jours-ne-va-pas-dans-le-sens-dapaiser-le-senegal\/\"]}]},{\"@type\":\"BreadcrumbList\",\"@id\":\"https:\/\/www.nettali.com\/2024\/10\/04\/aliou-sane-coordonnateur-du-mouvement-yen-a-marre-ce-quon-a-vu-ces-derniers-jours-ne-va-pas-dans-le-sens-dapaiser-le-senegal\/#breadcrumb\",\"itemListElement\":[{\"@type\":\"ListItem\",\"position\":1,\"name\":\"Accueil\",\"item\":\"https:\/\/www.nettali.com\/\"},{\"@type\":\"ListItem\",\"position\":2,\"name\":\"ALIOU SANE, COORDONNATEUR Y\\u2019EN A MARRE : \\\"Ce qu\\u2019on a vu ces derniers jours ne va pas dans le sens d\\u2019apaiser le S\\u00e9n\\u00e9gal\\\"\"}]},{\"@type\":\"Person\",\"@id\":\"https:\/\/www.nettali.com\/#\/schema\/person\/418274a86bdf87caff7a3ef476bd0bbf\",\"name\":\"Fatou\",\"image\":{\"@type\":\"ImageObject\",\"@id\":\"https:\/\/www.nettali.com\/#personlogo\",\"inLanguage\":\"fr-FR\",\"url\":\"https:\/\/secure.gravatar.com\/avatar\/5a9442a2bee7b4dcf167cab035858e9a?s=96&d=mm&r=g\",\"contentUrl\":\"https:\/\/secure.gravatar.com\/avatar\/5a9442a2bee7b4dcf167cab035858e9a?s=96&d=mm&r=g\",\"caption\":\"Fatou\"},\"sameAs\":[\"https:\/\/www.nettali.com\"]}]}<\/script>\n<!-- \/ Yoast SEO Premium plugin. -->","yoast_head_json":{"title":"ALIOU SANE, COORDONNATEUR Y\u2019EN A MARRE : \"Ce qu\u2019on a vu ces derniers jours ne va pas dans le sens d\u2019apaiser le S\u00e9n\u00e9gal\" | Nettali.com","robots":{"index":"index","follow":"follow","max-snippet":"max-snippet:-1","max-image-preview":"max-image-preview:large","max-video-preview":"max-video-preview:-1"},"canonical":"https:\/\/www.nettali.com\/2024\/10\/04\/aliou-sane-coordonnateur-du-mouvement-yen-a-marre-ce-quon-a-vu-ces-derniers-jours-ne-va-pas-dans-le-sens-dapaiser-le-senegal\/","og_locale":"fr_FR","og_type":"article","og_title":"ALIOU SANE, COORDONNATEUR Y\u2019EN A MARRE : \"Ce qu\u2019on a vu ces derniers jours ne va pas dans le sens d\u2019apaiser le S\u00e9n\u00e9gal\"","og_description":"NETTALI.COM- Longtemps silencieux, le mouvement Y\u2019en a marre est sorti de sa r\u00e9serve pour s'exprimer sur la situation actuelle pays. Son coordinateur Aliou San\u00e9 est inquiet car, dit-il, \u00ab ce qu\u2019on a vu ces derniers jours ne va pas dans le sens d\u2019apaiser le S\u00e9n\u00e9gal\u00bb \u00ab Je n\u2019avais pas pr\u00e9vu de prendre la parole au [&hellip;]","og_url":"https:\/\/www.nettali.com\/2024\/10\/04\/aliou-sane-coordonnateur-du-mouvement-yen-a-marre-ce-quon-a-vu-ces-derniers-jours-ne-va-pas-dans-le-sens-dapaiser-le-senegal\/","og_site_name":"Nettali.com","article_publisher":"https:\/\/www.facebook.com\/nettalicom","article_published_time":"2024-10-04T10:04:22+00:00","article_modified_time":"2024-10-05T15:48:25+00:00","og_image":[{"width":715,"height":443,"url":"https:\/\/www.nettali.com\/wp-content\/uploads\/2023\/03\/ALIOU-SANE-LEADER-DE-YEN-A-MARRE.jpg","type":"image\/jpeg"}],"twitter_card":"summary_large_image","twitter_misc":{"\u00c9crit par":"Fatou","Dur\u00e9e de lecture estim\u00e9e":"3 minutes"},"schema":{"@context":"https:\/\/schema.org","@graph":[{"@type":"WebSite","@id":"https:\/\/www.nettali.com\/#website","url":"https:\/\/www.nettali.com\/","name":"Nettali.com","description":"Le rendez-vous critique du Net","potentialAction":[{"@type":"SearchAction","target":{"@type":"EntryPoint","urlTemplate":"https:\/\/www.nettali.com\/?s={search_term_string}"},"query-input":"required name=search_term_string"}],"inLanguage":"fr-FR"},{"@type":"ImageObject","@id":"https:\/\/www.nettali.com\/2024\/10\/04\/aliou-sane-coordonnateur-du-mouvement-yen-a-marre-ce-quon-a-vu-ces-derniers-jours-ne-va-pas-dans-le-sens-dapaiser-le-senegal\/#primaryimage","inLanguage":"fr-FR","url":"https:\/\/www.nettali.com\/wp-content\/uploads\/2023\/03\/ALIOU-SANE-LEADER-DE-YEN-A-MARRE.jpg","contentUrl":"https:\/\/www.nettali.com\/wp-content\/uploads\/2023\/03\/ALIOU-SANE-LEADER-DE-YEN-A-MARRE.jpg","width":715,"height":443},{"@type":"WebPage","@id":"https:\/\/www.nettali.com\/2024\/10\/04\/aliou-sane-coordonnateur-du-mouvement-yen-a-marre-ce-quon-a-vu-ces-derniers-jours-ne-va-pas-dans-le-sens-dapaiser-le-senegal\/#webpage","url":"https:\/\/www.nettali.com\/2024\/10\/04\/aliou-sane-coordonnateur-du-mouvement-yen-a-marre-ce-quon-a-vu-ces-derniers-jours-ne-va-pas-dans-le-sens-dapaiser-le-senegal\/","name":"ALIOU SANE, COORDONNATEUR Y\u2019EN A MARRE : \"Ce qu\u2019on a vu ces derniers jours ne va pas dans le sens d\u2019apaiser le S\u00e9n\u00e9gal\" | Nettali.com","isPartOf":{"@id":"https:\/\/www.nettali.com\/#website"},"primaryImageOfPage":{"@id":"https:\/\/www.nettali.com\/2024\/10\/04\/aliou-sane-coordonnateur-du-mouvement-yen-a-marre-ce-quon-a-vu-ces-derniers-jours-ne-va-pas-dans-le-sens-dapaiser-le-senegal\/#primaryimage"},"datePublished":"2024-10-04T10:04:22+00:00","dateModified":"2024-10-05T15:48:25+00:00","author":{"@id":"https:\/\/www.nettali.com\/#\/schema\/person\/418274a86bdf87caff7a3ef476bd0bbf"},"breadcrumb":{"@id":"https:\/\/www.nettali.com\/2024\/10\/04\/aliou-sane-coordonnateur-du-mouvement-yen-a-marre-ce-quon-a-vu-ces-derniers-jours-ne-va-pas-dans-le-sens-dapaiser-le-senegal\/#breadcrumb"},"inLanguage":"fr-FR","potentialAction":[{"@type":"ReadAction","target":["https:\/\/www.nettali.com\/2024\/10\/04\/aliou-sane-coordonnateur-du-mouvement-yen-a-marre-ce-quon-a-vu-ces-derniers-jours-ne-va-pas-dans-le-sens-dapaiser-le-senegal\/"]}]},{"@type":"BreadcrumbList","@id":"https:\/\/www.nettali.com\/2024\/10\/04\/aliou-sane-coordonnateur-du-mouvement-yen-a-marre-ce-quon-a-vu-ces-derniers-jours-ne-va-pas-dans-le-sens-dapaiser-le-senegal\/#breadcrumb","itemListElement":[{"@type":"ListItem","position":1,"name":"Accueil","item":"https:\/\/www.nettali.com\/"},{"@type":"ListItem","position":2,"name":"ALIOU SANE, COORDONNATEUR Y\u2019EN A MARRE : \"Ce qu\u2019on a vu ces derniers jours ne va pas dans le sens d\u2019apaiser le S\u00e9n\u00e9gal\""}]},{"@type":"Person","@id":"https:\/\/www.nettali.com\/#\/schema\/person\/418274a86bdf87caff7a3ef476bd0bbf","name":"Fatou","image":{"@type":"ImageObject","@id":"https:\/\/www.nettali.com\/#personlogo","inLanguage":"fr-FR","url":"https:\/\/secure.gravatar.com\/avatar\/5a9442a2bee7b4dcf167cab035858e9a?s=96&d=mm&r=g","contentUrl":"https:\/\/secure.gravatar.com\/avatar\/5a9442a2bee7b4dcf167cab035858e9a?s=96&d=mm&r=g","caption":"Fatou"},"sameAs":["https:\/\/www.nettali.com"]}]}},"_links":{"self":[{"href":"https:\/\/www.nettali.com\/rest\/wp\/v2\/posts\/141438"}],"collection":[{"href":"https:\/\/www.nettali.com\/rest\/wp\/v2\/posts"}],"about":[{"href":"https:\/\/www.nettali.com\/rest\/wp\/v2\/types\/post"}],"author":[{"embeddable":true,"href":"https:\/\/www.nettali.com\/rest\/wp\/v2\/users\/6"}],"replies":[{"embeddable":true,"href":"https:\/\/www.nettali.com\/rest\/wp\/v2\/comments?post=141438"}],"version-history":[{"count":4,"href":"https:\/\/www.nettali.com\/rest\/wp\/v2\/posts\/141438\/revisions"}],"predecessor-version":[{"id":141485,"href":"https:\/\/www.nettali.com\/rest\/wp\/v2\/posts\/141438\/revisions\/141485"}],"wp:featuredmedia":[{"embeddable":true,"href":"https:\/\/www.nettali.com\/rest\/wp\/v2\/media\/106330"}],"wp:attachment":[{"href":"https:\/\/www.nettali.com\/rest\/wp\/v2\/media?parent=141438"}],"wp:term":[{"taxonomy":"category","embeddable":true,"href":"https:\/\/www.nettali.com\/rest\/wp\/v2\/categories?post=141438"},{"taxonomy":"post_tag","embeddable":true,"href":"https:\/\/www.nettali.com\/rest\/wp\/v2\/tags?post=141438"}],"curies":[{"name":"wp","href":"https:\/\/api.w.org\/{rel}","templated":true}]}}