{"id":141390,"date":"2024-10-03T09:15:19","date_gmt":"2024-10-03T09:15:19","guid":{"rendered":"https:\/\/www.nettali.com\/?p=141390"},"modified":"2024-10-03T09:15:19","modified_gmt":"2024-10-03T09:15:19","slug":"conseil-des-ministres-lintegralite-des-32-nominations","status":"publish","type":"post","link":"https:\/\/www.nettali.com\/2024\/10\/03\/conseil-des-ministres-lintegralite-des-32-nominations\/","title":{"rendered":"CONSEIL DES MINISTRES - L'int\u00e9gralit\u00e9 des 32 nominations !"},"content":{"rendered":"<div id=\"sas_49048\">\n<div id=\"sas_1727946679699rnd\">\n<div id=\"equativ_feedback_button_49048\" data-exclude-click=\"\"><strong><span style=\"font-size: 16px;\">NETTALI.COM - Le Chef de l\u2019Etat,\u00a0 Bassirou Diomaye Diakhar FAYE, a pr\u00e9sid\u00e9, ce mercredi 02 octobre 2024, la r\u00e9union hebdomadaire du Conseil des Ministres, au Palais de la R\u00e9publique. Quelques 32 nominations ont \u00e9t\u00e9 prises.<\/span><\/strong><\/div>\n<\/div>\n<\/div>\n<div align=\"justify\"><span style=\"font-size: 16px;\">\u00a0<\/span><\/div>\n<div align=\"justify\"><span style=\"font-size: 16px;\"><b>Au titre de la Pr\u00e9sidence de la R\u00e9publique :<\/b><\/span><\/div>\n<div align=\"justify\"><span style=\"font-size: 16px;\">\u00a0<\/span><\/div>\n<div align=\"justify\"><span style=\"font-size: 16px;\"><b>- Monsieur Mamadou Oumar NDIAYE,\u00a0<\/b>Journaliste, est nomm\u00e9 Pr\u00e9sident du Conseil national de R\u00e9gulation de l'Audiovisuel, Poste Vacant ;<br \/>\n<b>- Monsieur Mamadou Lamine DIANTE,<\/b>\u00a0est nomm\u00e9 Pr\u00e9sident du Haut Conseil du Dialogue social en remplacement de Madame Innocence NTAP NDIAYE ;<br \/>\n<b>- Monsieur Moustapha DJITTE,<\/b>\u00a0Magistrat, matricule de solde n\u00b0602 388\/E est nomm\u00e9 Directeur g\u00e9n\u00e9ral de l\u2019Autorit\u00e9 de R\u00e9gulation de la Commande publique (ARCOP), en remplacement de Monsieur Saer NIANG.<\/span><\/div>\n<div align=\"justify\"><span style=\"font-size: 16px;\">\u00a0<\/span><\/div>\n<div align=\"justify\"><span style=\"font-size: 16px;\"><b>Au titre de la Primature :<\/b><\/span><\/div>\n<div align=\"justify\"><span style=\"font-size: 16px;\">\u00a0<\/span><\/div>\n<div align=\"justify\"><span style=\"font-size: 16px;\"><b>- Monsieur Hatab SANE<\/b>\u00a0est nomm\u00e9 Pr\u00e9sident du Conseil de surveillance de l\u2019Agence nationale de relance des activit\u00e9s \u00e9conomiques et sociales en Casamance (ANRAC)\u00a0<\/span><\/div>\n<div align=\"justify\"><span style=\"font-size: 16px;\">\u00a0<\/span><\/div>\n<div align=\"justify\"><span style=\"font-size: 16px;\"><b>Au titre du Minist\u00e8re des Infrastructures, des Transports terrestres et a\u00e9riens :<\/b><\/span><\/div>\n<div align=\"justify\"><span style=\"font-size: 16px;\">\u00a0<\/span><\/div>\n<div align=\"justify\"><span style=\"font-size: 16px;\"><b>- Monsieur Souleymane GUEYE<\/b>, Expert en Transport a\u00e9rien est nomm\u00e9 Directeur des Transports a\u00e9riens en remplacement de Monsieur Oumar Xassimou Dia ;<\/span><\/div>\n<div align=\"justify\"><span style=\"font-size: 16px;\"><b>- Monsieur Badara DIOP,<\/b>\u00a0Ing\u00e9nieur d\u2019exploitation de l\u2019aviation civile est nomm\u00e9 Directeur des Infrastructures a\u00e9roportuaires en remplacement de Monsieur Cheikh DIOUF ;<br \/>\n<b>- Monsieur Mandiaye FAYE,<\/b>\u00a0Ing\u00e9nieur des transports est nomm\u00e9 Directeur de la circulation routi\u00e8re et de la mobilit\u00e9 en remplacement de Monsieur Mouhamadou Moustapha NIANG ;<br \/>\n<b>- Monsieur Abdoul Sil\u00e9ye Fatah BA,<\/b>\u00a0Ing\u00e9nieur des transports, matricule n\u00b0627472\/L pr\u00e9c\u00e9demment Chef de la Division du Centre de Contr\u00f4le Technique au Minist\u00e8re des Infrastructures et des Transports terrestres et A\u00e9riens, est nomm\u00e9 Directeur des transports Routiers en remplacement de Monsieur Yaya Samba NIANG ;<br \/>\n<b>- Monsieur Yancoba Ben Alfousseyni SONKO,<\/b>\u00a0Master QHSE est nomm\u00e9 Pr\u00e9sident du Conseil d\u2019Orientation du Fonds de D\u00e9veloppement des Transports terrestres.<\/span><\/div>\n<div align=\"justify\"><span style=\"font-size: 16px;\">\u00a0<\/span><\/div>\n<div align=\"justify\"><span style=\"font-size: 16px;\"><b>Au titre du Minist\u00e8re de l\u2019Industrie et du Commerce :<\/b><\/span><\/div>\n<div align=\"justify\"><span style=\"font-size: 16px;\">\u00a0<\/span><\/div>\n<div align=\"justify\"><span style=\"font-size: 16px;\"><b>- Monsieur Babacar SEMBENE,<\/b>\u00a0Commissaire aux Enqu\u00eates \u00e9conomiques principal, est nomm\u00e9 Directeur g\u00e9n\u00e9ral de l\u2019Agence de R\u00e9gulation des March\u00e9s au Minist\u00e8re de l\u2019Industrie et du Commerce, en remplacement de Monsieur Ansoumana SANE ;<br \/>\n<b>- Madame Fran\u00e7oise FAYE<\/b>, Commissaire aux Enqu\u00eates \u00e9conomiques principal, est nomm\u00e9 Directeur g\u00e9n\u00e9ral de l\u2019Agence s\u00e9n\u00e9galaise pour la Propri\u00e9t\u00e9 industrielle et l\u2019Innovation technologique au Minist\u00e8re de l\u2019Industrie et du Commerce, en remplacement de Monsieur Makhtar DIA.<br \/>\n<b>- Monsieur Ahmed Tidiane DIA,<\/b>\u00a0Commissaire aux Enqu\u00eates \u00e9conomiques principal, est nomm\u00e9 Directeur du Commerce ext\u00e9rieur au Minist\u00e8re de l\u2019Industrie et du Commerce, en remplacement de Monsieur Ansou BADJI.<br \/>\n<b>- Monsieur Henri Fall CARVALHO<\/b>, Ing\u00e9nieur en Industries agricoles et alimentaires, matricule de solde n\u00b0 618 880\/M, est nomm\u00e9 Directeur des Petites et Moyennes Entreprises au Minist\u00e8re de l\u2019Industrie et du Commerce, en remplacement de Monsieur Seydina Aboubacar Sadikh NDIAYE.<br \/>\n<b>- Monsieur Issa WADE,\u00a0<\/b>Commissaire aux Enqu\u00eates \u00e9conomiques, est nomm\u00e9 Directeur g\u00e9n\u00e9ral de l\u2019Organe de R\u00e9gulation du Syst\u00e8me de R\u00e9c\u00e9piss\u00e9 d\u2019Entrep\u00f4t au Minist\u00e8re de l\u2019Industrie et du Commerce, en remplacement de Monsieur Driss Junior DIALLO.<br \/>\n<b>- Ali Fourou BA<\/b>\u00a0est nomm\u00e9 PCA du CICES<\/span><\/div>\n<div align=\"justify\"><span style=\"font-size: 16px;\">\u00a0<\/span><\/div>\n<div align=\"justify\"><span style=\"font-size: 16px;\"><b>Au titre du Minist\u00e8re du Travail, de l'Emploi et des Relations avec les Institutions :<\/b><\/span><\/div>\n<div align=\"justify\"><span style=\"font-size: 16px;\"><b>\u00a0<\/b><\/span><\/div>\n<div align=\"justify\"><span style=\"font-size: 16px;\"><b>- Monsieur Babacar SY,<\/b>\u00a0Inspecteur du Travail et de la S\u00e9curit\u00e9 sociale, est nomm\u00e9 Directeur de l'Emploi au Minist\u00e8re du Travail, en remplacement de Modou Fall, appel\u00e9 \u00e0 d'autres fonctions.<\/span><\/div>\n<div align=\"justify\"><span style=\"font-size: 16px;\">\u00a0<\/span><\/div>\n<div align=\"justify\"><span style=\"font-size: 16px;\"><b>Au titre du Minist\u00e8re de la Fonction publique et de la R\u00e9forme du Service public :<\/b><\/p>\n<p><b>- Monsieur Salif COLY<\/b>, Professeur de l\u2019Enseignement secondaire, matricule de solde n\u00b0 551.277\/Z, est nomm\u00e9 Directeur du Centre national de Formation et d\u2019Action, en remplacement de Monsieur Kalidou SOKOMA, appel\u00e9 \u00e0 d\u2019autres fonctions ;<br \/>\n<b>- Monsieur Ibrahima DIENG,<\/b>\u00a0Inspecteur du Travail et de la S\u00e9curit\u00e9 sociale, matricule de solde n\u00b0 515.700\/B, pr\u00e9c\u00e9demment Directeur des Ressources humaines au Minist\u00e8re de l\u2019Economie, du Plan et de la Coop\u00e9ration, est nomm\u00e9 Directeur g\u00e9n\u00e9ral de la Fonction publique, en remplacement de Monsieur Amadou Matar CISSE, appel\u00e9 \u00e0 d\u2019autres fonctions ;<\/span><\/div>\n<div align=\"justify\"><span style=\"font-size: 16px;\">\u00a0<\/span><\/div>\n<div align=\"justify\"><span style=\"font-size: 16px;\"><b>Au titre du Minist\u00e8re du Tourisme et de l\u2019Artisanat :<\/b><\/span><\/div>\n<div align=\"justify\"><span style=\"font-size: 16px;\">\u00a0<\/span><\/div>\n<div align=\"justify\"><span style=\"font-size: 16px;\"><b>- Monsieur Gora GAYE<\/b>, titulaire d\u2019un Dipl\u00f4me d\u2019Etudes approfondies en G\u00e9ographie, est nomm\u00e9 Secr\u00e9taire g\u00e9n\u00e9ral de l\u2019Agence pour la Promotion et le D\u00e9veloppement de l\u2019Artisanat (APDA), en remplacement de Monsieur Youssoupha BA, appel\u00e9 \u00e0 d\u2019autres fonctions.<br \/>\n<b>- ANSOUMANA SANE,\u00a0<\/b>Promoteur touristique est nomm\u00e9 Pr\u00e9sident du Conseil de surveillance de l'Agence s\u00e9n\u00e9galaise de Promotion touristique<\/span><\/div>\n<div align=\"justify\"><span style=\"font-size: 16px;\"><br \/>\n<b>Au titre du Minist\u00e8re de la Communication, des T\u00e9l\u00e9communications et du Num\u00e9rique :<\/b><\/span><\/div>\n<div align=\"justify\"><span style=\"font-size: 16px;\">\u00a0<\/span><\/div>\n<div align=\"justify\"><span style=\"font-size: 16px;\"><b>- Monsieur Momar Diongue<\/b>, Journaliste, titulaire d'une maitrise en Lettres Modernes est nomm\u00e9 Directeur de l'Agence de Presse S\u00e9n\u00e9galaise, en remplacement de Monsieur Thierno Amadou SY ;<br \/>\n<b>- Cheikhouna BEYE<\/b>, Enseignant-chercheur, Ma\u00eetre de Conf\u00e9rences en Sciences de l'Information et de la Communication, est nomm\u00e9 Pr\u00e9sident du Conseil d'Administration de la RTS.<\/span><\/div>\n<div align=\"justify\"><span style=\"font-size: 16px;\">\u00a0<\/span><\/div>\n<div align=\"justify\"><span style=\"font-size: 16px;\"><b>Au titre du Minist\u00e8re de la Sant\u00e9 :<\/b><\/span><\/div>\n<div align=\"justify\"><span style=\"font-size: 16px;\">\u00a0<\/span><\/div>\n<div align=\"justify\"><span style=\"font-size: 16px;\"><b>- Monsieur SEGA GUEYE<\/b>, titulaire d'un Doctorat en Sociologie, est nomm\u00e9 Directeur g\u00e9n\u00e9ral de l'Agence s\u00e9n\u00e9galaise de la Couverture Maladie universelle en remplacement de Monsieur Cheikh Tacko DIOP.<\/span><\/div>\n<div align=\"justify\"><span style=\"font-size: 16px;\">\u00a0<\/span><\/div>\n<div align=\"justify\"><span style=\"font-size: 16px;\"><b>Au titre du Minist\u00e8re de la Justice :<\/b><\/span><\/div>\n<div align=\"justify\"><span style=\"font-size: 16px;\">\u00a0<\/span><\/div>\n<div align=\"justify\"><span style=\"font-size: 16px;\"><b>- Monsieur Mboss\u00e9 SOW,\u00a0<\/b>Greffier, est nomm\u00e9 PCA de l'Office national de Recouvrement des Avoirs criminels (ONRAC).<\/span><\/div>\n<div align=\"justify\"><span style=\"font-size: 16px;\">\u00a0<\/span><\/div>\n<div align=\"justify\"><span style=\"font-size: 16px;\"><b>Au titre du Minist\u00e8re de l'Int\u00e9rieur et de la S\u00e9curit\u00e9 publique :<\/b><\/span><\/div>\n<div align=\"justify\"><span style=\"font-size: 16px;\">\u00a0<\/span><\/div>\n<div align=\"justify\"><span style=\"font-size: 16px;\"><b>- Monsieur Abdou Salam KANTE<\/b>, Conducteur de travaux, retrait\u00e9 des arm\u00e9es, est nomm\u00e9 PCS de l\u2019Agence d\u2019assistance \u00e0 la s\u00e9curit\u00e9 de proximit\u00e9 (ASP) en remplacement de Monsieur Hamidou Mbow ;<br \/>\n<b>- Monsieur Cheikh NIANG,<\/b>\u00a0Magistrat matricule de solde 600 667\/A est nomm\u00e9 Secr\u00e9taire g\u00e9n\u00e9ral du Minist\u00e8re de l\u2019Int\u00e9rieur et de la S\u00e9curit\u00e9 publique en remplacement de Monsieur Alioune A\u00efdara NIANG admis \u00e0 faire valoir ses droits \u00e0 une pension de retraite.<\/p>\n<p><b>Au titre du Minist\u00e8re de l'Environnement et de la Transition \u00e9cologique :<\/b><\/span><\/div>\n<div align=\"justify\"><span style=\"font-size: 16px;\">\u00a0<\/span><\/div>\n<div align=\"justify\"><span style=\"font-size: 16px;\"><b>- Monsieur Sadibou DJIBA,<\/b>\u00a0Professeur d'Enseignement secondaire en Sciences naturelles est nomm\u00e9 PCA de l\u2019Agence nationale de la Reforestation et de la Grande muraille verte.<\/span><\/div>\n<div align=\"justify\"><span style=\"font-size: 16px;\">\u00a0<\/span><\/div>\n<div align=\"justify\"><span style=\"font-size: 16px;\"><b>Au titre du Minist\u00e8re de la P\u00eache et des Infrastructures maritimes et portuaires :<\/b><\/span><\/div>\n<div align=\"justify\"><span style=\"font-size: 16px;\">\u00a0<\/span><\/div>\n<div align=\"justify\"><span style=\"font-size: 16px;\"><b>- Madame Sokhna Benga,<\/b>\u00a0Administrateur des Affaires maritimes, matricule de solde n\u00b0618 080\/U, est nomm\u00e9e Pr\u00e9sident du Conseil de Surveillance de l\u2019Agence nationale des Affaires maritimes (ANAM) au Minist\u00e8re des P\u00eaches, des Infrastructures maritimes et portuaires, en remplacement de Monsieur Ibrahima CAMARA ;<br \/>\n<b>- Monsieur B\u00e9caye Diop<\/b>, titulaire d\u2019un MBA en Management, est nomm\u00e9 Directeur g\u00e9n\u00e9ral de l\u2019Agence nationale des Affaires maritimes (ANAM) au Minist\u00e8re des P\u00eaches, des Infrastructures maritimes et portuaires, en remplacement de Monsieur Massamba Achille Edouard GUEYE ;<br \/>\n<b>- Madame Mbeugu\u00e9 GAYE,\u00a0<\/b>Biologiste, est nomm\u00e9e Directeur g\u00e9n\u00e9ral de l\u2019Agence nationale des Affaires maritimes (ANAM) au Minist\u00e8re des P\u00eaches, des Infrastructures maritimes et portuaires, en remplacement de Monsieur Massamba Achille Edouard GUEYE ;<br \/>\n<b>- Monsieur Aliou Ba<\/b>, Economiste des Ressources naturelles, Expert en P\u00eache et Aquaculture, est nomm\u00e9 Pr\u00e9sident du Conseil de surveillance de l\u2019Agence nationale de l\u2019Aquaculture au Minist\u00e8re des P\u00eaches, des Infrastructures maritimes et portuaires, en remplacement de Monsieur Kill\u00e9 SAKHO.<\/span><\/div>\n<div align=\"justify\"><span style=\"font-size: 16px;\">\u00a0<\/span><\/div>\n<div align=\"justify\"><span style=\"font-size: 16px;\"><b>Au titre du Minist\u00e8re des Finances et du Budget :<\/b><\/span><\/div>\n<div align=\"justify\"><span style=\"font-size: 16px;\">\u00a0<\/span><\/div>\n<div align=\"justify\"><span style=\"font-size: 16px;\"><b>- Monsieur Idrissa SAMB<\/b>, Inspecteur principal des Imp\u00f4ts est nomm\u00e9 Administrateur du Fonds de Garantie Automobile.<\/span><\/div>\n<div class='share-to-whatsapp-wrapper'><div class='share-on-whsp'>PARTAGER SUR : <\/div><a data-text='CONSEIL DES MINISTRES - L'int\u00e9gralit\u00e9 des 32 nominations !' data-link='https:\/\/www.nettali.com\/2024\/10\/03\/conseil-des-ministres-lintegralite-des-32-nominations\/' class='whatsapp-button whatsapp-share'>WhatsApp<\/a><div class='clear '><\/div><\/div>","protected":false},"excerpt":{"rendered":"<p>NETTALI.COM - Le Chef de l\u2019Etat,\u00a0 Bassirou Diomaye Diakhar FAYE, a pr\u00e9sid\u00e9, ce mercredi 02 octobre 2024, la r\u00e9union hebdomadaire du Conseil des Ministres, au Palais de la R\u00e9publique. Quelques 32 nominations ont \u00e9t\u00e9 prises. \u00a0 Au titre de la Pr\u00e9sidence de la R\u00e9publique : \u00a0 - Monsieur Mamadou Oumar NDIAYE,\u00a0Journaliste, est nomm\u00e9 Pr\u00e9sident du [&hellip;]<\/p>\n","protected":false},"author":4,"featured_media":139805,"comment_status":"open","ping_status":"open","sticky":false,"template":"","format":"standard","meta":{"_et_pb_use_builder":"","_et_pb_old_content":""},"categories":[3],"tags":[],"yoast_head":"<!-- This site is optimized with the Yoast SEO Premium plugin v17.8 (Yoast SEO v17.8) - https:\/\/yoast.com\/wordpress\/plugins\/seo\/ -->\n<title>CONSEIL DES MINISTRES - L&#039;int\u00e9gralit\u00e9 des 32 nominations ! | Nettali.com<\/title>\n<meta name=\"robots\" content=\"index, follow, max-snippet:-1, max-image-preview:large, max-video-preview:-1\" \/>\n<link rel=\"canonical\" href=\"https:\/\/www.nettali.com\/2024\/10\/03\/conseil-des-ministres-lintegralite-des-32-nominations\/\" \/>\n<meta property=\"og:locale\" content=\"fr_FR\" \/>\n<meta property=\"og:type\" content=\"article\" \/>\n<meta property=\"og:title\" content=\"CONSEIL DES MINISTRES - L&#039;int\u00e9gralit\u00e9 des 32 nominations !\" \/>\n<meta property=\"og:description\" content=\"NETTALI.COM - Le Chef de l\u2019Etat,\u00a0 Bassirou Diomaye Diakhar FAYE, a pr\u00e9sid\u00e9, ce mercredi 02 octobre 2024, la r\u00e9union hebdomadaire du Conseil des Ministres, au Palais de la R\u00e9publique. Quelques 32 nominations ont \u00e9t\u00e9 prises. \u00a0 Au titre de la Pr\u00e9sidence de la R\u00e9publique : \u00a0 - Monsieur Mamadou Oumar NDIAYE,\u00a0Journaliste, est nomm\u00e9 Pr\u00e9sident du [&hellip;]\" \/>\n<meta property=\"og:url\" content=\"https:\/\/www.nettali.com\/2024\/10\/03\/conseil-des-ministres-lintegralite-des-32-nominations\/\" \/>\n<meta property=\"og:site_name\" content=\"Nettali.com\" \/>\n<meta property=\"article:publisher\" content=\"https:\/\/www.facebook.com\/nettalicom\" \/>\n<meta property=\"article:published_time\" content=\"2024-10-03T09:15:19+00:00\" \/>\n<meta property=\"og:image\" content=\"https:\/\/www.nettali.com\/wp-content\/uploads\/2024\/09\/President-Bassirou-Diomaye-Faye-Signature.jpg\" \/>\n\t<meta property=\"og:image:width\" content=\"1280\" \/>\n\t<meta property=\"og:image:height\" content=\"903\" \/>\n<meta name=\"twitter:card\" content=\"summary_large_image\" \/>\n<meta name=\"twitter:label1\" content=\"\u00c9crit par\" \/>\n\t<meta name=\"twitter:data1\" content=\"Daouda\" \/>\n\t<meta name=\"twitter:label2\" content=\"Dur\u00e9e de lecture estim\u00e9e\" \/>\n\t<meta name=\"twitter:data2\" content=\"6 minutes\" \/>\n<script type=\"application\/ld+json\" class=\"yoast-schema-graph\">{\"@context\":\"https:\/\/schema.org\",\"@graph\":[{\"@type\":\"WebSite\",\"@id\":\"https:\/\/www.nettali.com\/#website\",\"url\":\"https:\/\/www.nettali.com\/\",\"name\":\"Nettali.com\",\"description\":\"Le rendez-vous critique du Net\",\"potentialAction\":[{\"@type\":\"SearchAction\",\"target\":{\"@type\":\"EntryPoint\",\"urlTemplate\":\"https:\/\/www.nettali.com\/?s={search_term_string}\"},\"query-input\":\"required name=search_term_string\"}],\"inLanguage\":\"fr-FR\"},{\"@type\":\"ImageObject\",\"@id\":\"https:\/\/www.nettali.com\/2024\/10\/03\/conseil-des-ministres-lintegralite-des-32-nominations\/#primaryimage\",\"inLanguage\":\"fr-FR\",\"url\":\"https:\/\/www.nettali.com\/wp-content\/uploads\/2024\/09\/President-Bassirou-Diomaye-Faye-Signature.jpg\",\"contentUrl\":\"https:\/\/www.nettali.com\/wp-content\/uploads\/2024\/09\/President-Bassirou-Diomaye-Faye-Signature.jpg\",\"width\":1280,\"height\":903},{\"@type\":\"WebPage\",\"@id\":\"https:\/\/www.nettali.com\/2024\/10\/03\/conseil-des-ministres-lintegralite-des-32-nominations\/#webpage\",\"url\":\"https:\/\/www.nettali.com\/2024\/10\/03\/conseil-des-ministres-lintegralite-des-32-nominations\/\",\"name\":\"CONSEIL DES MINISTRES - L'int\\u00e9gralit\\u00e9 des 32 nominations ! | Nettali.com\",\"isPartOf\":{\"@id\":\"https:\/\/www.nettali.com\/#website\"},\"primaryImageOfPage\":{\"@id\":\"https:\/\/www.nettali.com\/2024\/10\/03\/conseil-des-ministres-lintegralite-des-32-nominations\/#primaryimage\"},\"datePublished\":\"2024-10-03T09:15:19+00:00\",\"dateModified\":\"2024-10-03T09:15:19+00:00\",\"author\":{\"@id\":\"https:\/\/www.nettali.com\/#\/schema\/person\/3317e0bb3aa1da309fbf7b2780901bf4\"},\"breadcrumb\":{\"@id\":\"https:\/\/www.nettali.com\/2024\/10\/03\/conseil-des-ministres-lintegralite-des-32-nominations\/#breadcrumb\"},\"inLanguage\":\"fr-FR\",\"potentialAction\":[{\"@type\":\"ReadAction\",\"target\":[\"https:\/\/www.nettali.com\/2024\/10\/03\/conseil-des-ministres-lintegralite-des-32-nominations\/\"]}]},{\"@type\":\"BreadcrumbList\",\"@id\":\"https:\/\/www.nettali.com\/2024\/10\/03\/conseil-des-ministres-lintegralite-des-32-nominations\/#breadcrumb\",\"itemListElement\":[{\"@type\":\"ListItem\",\"position\":1,\"name\":\"Accueil\",\"item\":\"https:\/\/www.nettali.com\/\"},{\"@type\":\"ListItem\",\"position\":2,\"name\":\"CONSEIL DES MINISTRES - L'int\\u00e9gralit\\u00e9 des 32 nominations !\"}]},{\"@type\":\"Person\",\"@id\":\"https:\/\/www.nettali.com\/#\/schema\/person\/3317e0bb3aa1da309fbf7b2780901bf4\",\"name\":\"Daouda\",\"image\":{\"@type\":\"ImageObject\",\"@id\":\"https:\/\/www.nettali.com\/#personlogo\",\"inLanguage\":\"fr-FR\",\"url\":\"https:\/\/secure.gravatar.com\/avatar\/8d143b5a49345098ddcfee1c49c2f47c?s=96&d=mm&r=g\",\"contentUrl\":\"https:\/\/secure.gravatar.com\/avatar\/8d143b5a49345098ddcfee1c49c2f47c?s=96&d=mm&r=g\",\"caption\":\"Daouda\"},\"sameAs\":[\"https:\/\/www.nettali.com\"]}]}<\/script>\n<!-- \/ Yoast SEO Premium plugin. -->","yoast_head_json":{"title":"CONSEIL DES MINISTRES - L'int\u00e9gralit\u00e9 des 32 nominations ! | Nettali.com","robots":{"index":"index","follow":"follow","max-snippet":"max-snippet:-1","max-image-preview":"max-image-preview:large","max-video-preview":"max-video-preview:-1"},"canonical":"https:\/\/www.nettali.com\/2024\/10\/03\/conseil-des-ministres-lintegralite-des-32-nominations\/","og_locale":"fr_FR","og_type":"article","og_title":"CONSEIL DES MINISTRES - L'int\u00e9gralit\u00e9 des 32 nominations !","og_description":"NETTALI.COM - Le Chef de l\u2019Etat,\u00a0 Bassirou Diomaye Diakhar FAYE, a pr\u00e9sid\u00e9, ce mercredi 02 octobre 2024, la r\u00e9union hebdomadaire du Conseil des Ministres, au Palais de la R\u00e9publique. Quelques 32 nominations ont \u00e9t\u00e9 prises. \u00a0 Au titre de la Pr\u00e9sidence de la R\u00e9publique : \u00a0 - Monsieur Mamadou Oumar NDIAYE,\u00a0Journaliste, est nomm\u00e9 Pr\u00e9sident du [&hellip;]","og_url":"https:\/\/www.nettali.com\/2024\/10\/03\/conseil-des-ministres-lintegralite-des-32-nominations\/","og_site_name":"Nettali.com","article_publisher":"https:\/\/www.facebook.com\/nettalicom","article_published_time":"2024-10-03T09:15:19+00:00","og_image":[{"width":1280,"height":903,"url":"https:\/\/www.nettali.com\/wp-content\/uploads\/2024\/09\/President-Bassirou-Diomaye-Faye-Signature.jpg","type":"image\/jpeg"}],"twitter_card":"summary_large_image","twitter_misc":{"\u00c9crit par":"Daouda","Dur\u00e9e de lecture estim\u00e9e":"6 minutes"},"schema":{"@context":"https:\/\/schema.org","@graph":[{"@type":"WebSite","@id":"https:\/\/www.nettali.com\/#website","url":"https:\/\/www.nettali.com\/","name":"Nettali.com","description":"Le rendez-vous critique du Net","potentialAction":[{"@type":"SearchAction","target":{"@type":"EntryPoint","urlTemplate":"https:\/\/www.nettali.com\/?s={search_term_string}"},"query-input":"required name=search_term_string"}],"inLanguage":"fr-FR"},{"@type":"ImageObject","@id":"https:\/\/www.nettali.com\/2024\/10\/03\/conseil-des-ministres-lintegralite-des-32-nominations\/#primaryimage","inLanguage":"fr-FR","url":"https:\/\/www.nettali.com\/wp-content\/uploads\/2024\/09\/President-Bassirou-Diomaye-Faye-Signature.jpg","contentUrl":"https:\/\/www.nettali.com\/wp-content\/uploads\/2024\/09\/President-Bassirou-Diomaye-Faye-Signature.jpg","width":1280,"height":903},{"@type":"WebPage","@id":"https:\/\/www.nettali.com\/2024\/10\/03\/conseil-des-ministres-lintegralite-des-32-nominations\/#webpage","url":"https:\/\/www.nettali.com\/2024\/10\/03\/conseil-des-ministres-lintegralite-des-32-nominations\/","name":"CONSEIL DES MINISTRES - L'int\u00e9gralit\u00e9 des 32 nominations ! | Nettali.com","isPartOf":{"@id":"https:\/\/www.nettali.com\/#website"},"primaryImageOfPage":{"@id":"https:\/\/www.nettali.com\/2024\/10\/03\/conseil-des-ministres-lintegralite-des-32-nominations\/#primaryimage"},"datePublished":"2024-10-03T09:15:19+00:00","dateModified":"2024-10-03T09:15:19+00:00","author":{"@id":"https:\/\/www.nettali.com\/#\/schema\/person\/3317e0bb3aa1da309fbf7b2780901bf4"},"breadcrumb":{"@id":"https:\/\/www.nettali.com\/2024\/10\/03\/conseil-des-ministres-lintegralite-des-32-nominations\/#breadcrumb"},"inLanguage":"fr-FR","potentialAction":[{"@type":"ReadAction","target":["https:\/\/www.nettali.com\/2024\/10\/03\/conseil-des-ministres-lintegralite-des-32-nominations\/"]}]},{"@type":"BreadcrumbList","@id":"https:\/\/www.nettali.com\/2024\/10\/03\/conseil-des-ministres-lintegralite-des-32-nominations\/#breadcrumb","itemListElement":[{"@type":"ListItem","position":1,"name":"Accueil","item":"https:\/\/www.nettali.com\/"},{"@type":"ListItem","position":2,"name":"CONSEIL DES MINISTRES - L'int\u00e9gralit\u00e9 des 32 nominations !"}]},{"@type":"Person","@id":"https:\/\/www.nettali.com\/#\/schema\/person\/3317e0bb3aa1da309fbf7b2780901bf4","name":"Daouda","image":{"@type":"ImageObject","@id":"https:\/\/www.nettali.com\/#personlogo","inLanguage":"fr-FR","url":"https:\/\/secure.gravatar.com\/avatar\/8d143b5a49345098ddcfee1c49c2f47c?s=96&d=mm&r=g","contentUrl":"https:\/\/secure.gravatar.com\/avatar\/8d143b5a49345098ddcfee1c49c2f47c?s=96&d=mm&r=g","caption":"Daouda"},"sameAs":["https:\/\/www.nettali.com"]}]}},"_links":{"self":[{"href":"https:\/\/www.nettali.com\/rest\/wp\/v2\/posts\/141390"}],"collection":[{"href":"https:\/\/www.nettali.com\/rest\/wp\/v2\/posts"}],"about":[{"href":"https:\/\/www.nettali.com\/rest\/wp\/v2\/types\/post"}],"author":[{"embeddable":true,"href":"https:\/\/www.nettali.com\/rest\/wp\/v2\/users\/4"}],"replies":[{"embeddable":true,"href":"https:\/\/www.nettali.com\/rest\/wp\/v2\/comments?post=141390"}],"version-history":[{"count":1,"href":"https:\/\/www.nettali.com\/rest\/wp\/v2\/posts\/141390\/revisions"}],"predecessor-version":[{"id":141392,"href":"https:\/\/www.nettali.com\/rest\/wp\/v2\/posts\/141390\/revisions\/141392"}],"wp:featuredmedia":[{"embeddable":true,"href":"https:\/\/www.nettali.com\/rest\/wp\/v2\/media\/139805"}],"wp:attachment":[{"href":"https:\/\/www.nettali.com\/rest\/wp\/v2\/media?parent=141390"}],"wp:term":[{"taxonomy":"category","embeddable":true,"href":"https:\/\/www.nettali.com\/rest\/wp\/v2\/categories?post=141390"},{"taxonomy":"post_tag","embeddable":true,"href":"https:\/\/www.nettali.com\/rest\/wp\/v2\/tags?post=141390"}],"curies":[{"name":"wp","href":"https:\/\/api.w.org\/{rel}","templated":true}]}}