{"id":141378,"date":"2024-10-03T07:46:49","date_gmt":"2024-10-03T07:46:49","guid":{"rendered":"https:\/\/www.nettali.com\/?p=141378"},"modified":"2024-10-03T07:46:49","modified_gmt":"2024-10-03T07:46:49","slug":"psg-ce-qui-a-provoque-la-sanction-de-dembele","status":"publish","type":"post","link":"https:\/\/www.nettali.com\/2024\/10\/03\/psg-ce-qui-a-provoque-la-sanction-de-dembele\/","title":{"rendered":"PSG - Ce qui a provoqu\u00e9 la sanction de Demb\u00e9l\u00e9"},"content":{"rendered":"<p><strong>NETTALI.COM -<\/strong> La mise \u00e0 l'\u00e9cart d'Ousmane Demb\u00e9l\u00e9 (27 ans, 7 matchs et 4 buts toutes comp\u00e9titions cette saison) pour le match de Ligue des Champions face \u00e0 Arsenal (0- 2) a fait couler beaucoup d'encre depuis le d\u00e9but de la semaine. Pour justifier sa d\u00e9cision, l'entra\u00eeneur parisien Luis Enrique a expliqu\u00e9 en conf\u00e9rence de presse que son ailier n'avait pas respect\u00e9 \u201cl<em>es obligations envers l'\u00e9quipe<\/em>\u201d, sans entrer dans les d\u00e9tails.<\/p>\n<p>Ce mercredi, RMC et Foot Mercato ont d\u00e9voil\u00e9 quelques indiscr\u00e9tions qui permettent d'en savoir plus sur les raisons de cette sanction disciplinaire. Dans un premier temps, Luis Enrique a reproch\u00e9 \u00e0 Demb\u00e9l\u00e9 sa maladresse et un exc\u00e8s d'individualisme lors de la premi\u00e8re p\u00e9riode face \u00e0 Rennes (3-1), vendredi dernier. Chose visiblement peu appr\u00e9ci\u00e9e par le joueur.<\/p>\n<p>Si l'Espagnol a d\u00e9menti une \u201cdispute\u201d, le ton serait mont\u00e9 \u00e0 la pause de cette rencontre, sans insulte \u00e9chang\u00e9e n\u00e9anmoins. D'apr\u00e8s RMC, le coach parisien \u201c<em>a tr\u00e8s mal pris cet \u00e9change<\/em>\u201d, d\u00e9crit comme \u201c<em>vif et direct<\/em>\u201d.<\/p>\n<p>Mais ce qui a d\u00e9finitivement pouss\u00e9 le technicien \u00e0 se priver de son joueur, c'est un retard de ce dernier \u00e0 l'entra\u00eenement le samedi, le lendemain de la rencontre, expliquent les deux m\u00e9dias. Fortement agac\u00e9, surtout apr\u00e8s l'\u00e9pisode de la veille, l'ancien s\u00e9lectionneur de l'Espagne a donc pris la d\u00e9cision d'\u00e9carter son attaquant pour le d\u00e9placement \u00e0 Londres, malgr\u00e9 le risque d'handicaper son \u00e9quipe. Il comptera n\u00e9anmoins sur lui dimanche face \u00e0 Nice.<\/p>\n<div class='share-to-whatsapp-wrapper'><div class='share-on-whsp'>PARTAGER SUR : <\/div><a data-text='PSG - Ce qui a provoqu\u00e9 la sanction de Demb\u00e9l\u00e9' data-link='https:\/\/www.nettali.com\/2024\/10\/03\/psg-ce-qui-a-provoque-la-sanction-de-dembele\/' class='whatsapp-button whatsapp-share'>WhatsApp<\/a><div class='clear '><\/div><\/div>","protected":false},"excerpt":{"rendered":"<p>NETTALI.COM - La mise \u00e0 l'\u00e9cart d'Ousmane Demb\u00e9l\u00e9 (27 ans, 7 matchs et 4 buts toutes comp\u00e9titions cette saison) pour le match de Ligue des Champions face \u00e0 Arsenal (0- 2) a fait couler beaucoup d'encre depuis le d\u00e9but de la semaine. Pour justifier sa d\u00e9cision, l'entra\u00eeneur parisien Luis Enrique a expliqu\u00e9 en conf\u00e9rence de [&hellip;]<\/p>\n","protected":false},"author":2,"featured_media":141379,"comment_status":"open","ping_status":"open","sticky":false,"template":"","format":"standard","meta":{"_et_pb_use_builder":"","_et_pb_old_content":""},"categories":[6],"tags":[],"yoast_head":"<!-- This site is optimized with the Yoast SEO Premium plugin v17.8 (Yoast SEO v17.8) - https:\/\/yoast.com\/wordpress\/plugins\/seo\/ -->\n<title>PSG - Ce qui a provoqu\u00e9 la sanction de Demb\u00e9l\u00e9 | Nettali.com<\/title>\n<meta name=\"robots\" content=\"index, follow, max-snippet:-1, max-image-preview:large, max-video-preview:-1\" \/>\n<link rel=\"canonical\" href=\"https:\/\/www.nettali.com\/2024\/10\/03\/psg-ce-qui-a-provoque-la-sanction-de-dembele\/\" \/>\n<meta property=\"og:locale\" content=\"fr_FR\" \/>\n<meta property=\"og:type\" content=\"article\" \/>\n<meta property=\"og:title\" content=\"PSG - Ce qui a provoqu\u00e9 la sanction de Demb\u00e9l\u00e9\" \/>\n<meta property=\"og:description\" content=\"NETTALI.COM - La mise \u00e0 l&#039;\u00e9cart d&#039;Ousmane Demb\u00e9l\u00e9 (27 ans, 7 matchs et 4 buts toutes comp\u00e9titions cette saison) pour le match de Ligue des Champions face \u00e0 Arsenal (0- 2) a fait couler beaucoup d&#039;encre depuis le d\u00e9but de la semaine. Pour justifier sa d\u00e9cision, l&#039;entra\u00eeneur parisien Luis Enrique a expliqu\u00e9 en conf\u00e9rence de [&hellip;]\" \/>\n<meta property=\"og:url\" content=\"https:\/\/www.nettali.com\/2024\/10\/03\/psg-ce-qui-a-provoque-la-sanction-de-dembele\/\" \/>\n<meta property=\"og:site_name\" content=\"Nettali.com\" \/>\n<meta property=\"article:publisher\" content=\"https:\/\/www.facebook.com\/nettalicom\" \/>\n<meta property=\"article:published_time\" content=\"2024-10-03T07:46:49+00:00\" \/>\n<meta property=\"og:image\" content=\"https:\/\/www.nettali.com\/wp-content\/uploads\/2024\/10\/Luis-Enrique-Dembele.jpg\" \/>\n\t<meta property=\"og:image:width\" content=\"700\" \/>\n\t<meta property=\"og:image:height\" content=\"350\" \/>\n<meta name=\"twitter:card\" content=\"summary_large_image\" \/>\n<meta name=\"twitter:label1\" content=\"\u00c9crit par\" \/>\n\t<meta name=\"twitter:data1\" content=\"CK\" \/>\n\t<meta name=\"twitter:label2\" content=\"Dur\u00e9e de lecture estim\u00e9e\" \/>\n\t<meta name=\"twitter:data2\" content=\"1 minute\" \/>\n<script type=\"application\/ld+json\" class=\"yoast-schema-graph\">{\"@context\":\"https:\/\/schema.org\",\"@graph\":[{\"@type\":\"WebSite\",\"@id\":\"https:\/\/www.nettali.com\/#website\",\"url\":\"https:\/\/www.nettali.com\/\",\"name\":\"Nettali.com\",\"description\":\"Le rendez-vous critique du Net\",\"potentialAction\":[{\"@type\":\"SearchAction\",\"target\":{\"@type\":\"EntryPoint\",\"urlTemplate\":\"https:\/\/www.nettali.com\/?s={search_term_string}\"},\"query-input\":\"required name=search_term_string\"}],\"inLanguage\":\"fr-FR\"},{\"@type\":\"ImageObject\",\"@id\":\"https:\/\/www.nettali.com\/2024\/10\/03\/psg-ce-qui-a-provoque-la-sanction-de-dembele\/#primaryimage\",\"inLanguage\":\"fr-FR\",\"url\":\"https:\/\/www.nettali.com\/wp-content\/uploads\/2024\/10\/Luis-Enrique-Dembele.jpg\",\"contentUrl\":\"https:\/\/www.nettali.com\/wp-content\/uploads\/2024\/10\/Luis-Enrique-Dembele.jpg\",\"width\":700,\"height\":350},{\"@type\":\"WebPage\",\"@id\":\"https:\/\/www.nettali.com\/2024\/10\/03\/psg-ce-qui-a-provoque-la-sanction-de-dembele\/#webpage\",\"url\":\"https:\/\/www.nettali.com\/2024\/10\/03\/psg-ce-qui-a-provoque-la-sanction-de-dembele\/\",\"name\":\"PSG - Ce qui a provoqu\\u00e9 la sanction de Demb\\u00e9l\\u00e9 | Nettali.com\",\"isPartOf\":{\"@id\":\"https:\/\/www.nettali.com\/#website\"},\"primaryImageOfPage\":{\"@id\":\"https:\/\/www.nettali.com\/2024\/10\/03\/psg-ce-qui-a-provoque-la-sanction-de-dembele\/#primaryimage\"},\"datePublished\":\"2024-10-03T07:46:49+00:00\",\"dateModified\":\"2024-10-03T07:46:49+00:00\",\"author\":{\"@id\":\"https:\/\/www.nettali.com\/#\/schema\/person\/d8ac7b7e27ddad43f1c0d2ef090d7f71\"},\"breadcrumb\":{\"@id\":\"https:\/\/www.nettali.com\/2024\/10\/03\/psg-ce-qui-a-provoque-la-sanction-de-dembele\/#breadcrumb\"},\"inLanguage\":\"fr-FR\",\"potentialAction\":[{\"@type\":\"ReadAction\",\"target\":[\"https:\/\/www.nettali.com\/2024\/10\/03\/psg-ce-qui-a-provoque-la-sanction-de-dembele\/\"]}]},{\"@type\":\"BreadcrumbList\",\"@id\":\"https:\/\/www.nettali.com\/2024\/10\/03\/psg-ce-qui-a-provoque-la-sanction-de-dembele\/#breadcrumb\",\"itemListElement\":[{\"@type\":\"ListItem\",\"position\":1,\"name\":\"Accueil\",\"item\":\"https:\/\/www.nettali.com\/\"},{\"@type\":\"ListItem\",\"position\":2,\"name\":\"PSG - Ce qui a provoqu\\u00e9 la sanction de Demb\\u00e9l\\u00e9\"}]},{\"@type\":\"Person\",\"@id\":\"https:\/\/www.nettali.com\/#\/schema\/person\/d8ac7b7e27ddad43f1c0d2ef090d7f71\",\"name\":\"CK\",\"image\":{\"@type\":\"ImageObject\",\"@id\":\"https:\/\/www.nettali.com\/#personlogo\",\"inLanguage\":\"fr-FR\",\"url\":\"https:\/\/secure.gravatar.com\/avatar\/1d8d5118b9327d94da7cd4ce7f17fec2?s=96&d=mm&r=g\",\"contentUrl\":\"https:\/\/secure.gravatar.com\/avatar\/1d8d5118b9327d94da7cd4ce7f17fec2?s=96&d=mm&r=g\",\"caption\":\"CK\"},\"sameAs\":[\"https:\/\/www.nettali.com\"]}]}<\/script>\n<!-- \/ Yoast SEO Premium plugin. -->","yoast_head_json":{"title":"PSG - Ce qui a provoqu\u00e9 la sanction de Demb\u00e9l\u00e9 | Nettali.com","robots":{"index":"index","follow":"follow","max-snippet":"max-snippet:-1","max-image-preview":"max-image-preview:large","max-video-preview":"max-video-preview:-1"},"canonical":"https:\/\/www.nettali.com\/2024\/10\/03\/psg-ce-qui-a-provoque-la-sanction-de-dembele\/","og_locale":"fr_FR","og_type":"article","og_title":"PSG - Ce qui a provoqu\u00e9 la sanction de Demb\u00e9l\u00e9","og_description":"NETTALI.COM - La mise \u00e0 l'\u00e9cart d'Ousmane Demb\u00e9l\u00e9 (27 ans, 7 matchs et 4 buts toutes comp\u00e9titions cette saison) pour le match de Ligue des Champions face \u00e0 Arsenal (0- 2) a fait couler beaucoup d'encre depuis le d\u00e9but de la semaine. Pour justifier sa d\u00e9cision, l'entra\u00eeneur parisien Luis Enrique a expliqu\u00e9 en conf\u00e9rence de [&hellip;]","og_url":"https:\/\/www.nettali.com\/2024\/10\/03\/psg-ce-qui-a-provoque-la-sanction-de-dembele\/","og_site_name":"Nettali.com","article_publisher":"https:\/\/www.facebook.com\/nettalicom","article_published_time":"2024-10-03T07:46:49+00:00","og_image":[{"width":700,"height":350,"url":"https:\/\/www.nettali.com\/wp-content\/uploads\/2024\/10\/Luis-Enrique-Dembele.jpg","type":"image\/jpeg"}],"twitter_card":"summary_large_image","twitter_misc":{"\u00c9crit par":"CK","Dur\u00e9e de lecture estim\u00e9e":"1 minute"},"schema":{"@context":"https:\/\/schema.org","@graph":[{"@type":"WebSite","@id":"https:\/\/www.nettali.com\/#website","url":"https:\/\/www.nettali.com\/","name":"Nettali.com","description":"Le rendez-vous critique du Net","potentialAction":[{"@type":"SearchAction","target":{"@type":"EntryPoint","urlTemplate":"https:\/\/www.nettali.com\/?s={search_term_string}"},"query-input":"required name=search_term_string"}],"inLanguage":"fr-FR"},{"@type":"ImageObject","@id":"https:\/\/www.nettali.com\/2024\/10\/03\/psg-ce-qui-a-provoque-la-sanction-de-dembele\/#primaryimage","inLanguage":"fr-FR","url":"https:\/\/www.nettali.com\/wp-content\/uploads\/2024\/10\/Luis-Enrique-Dembele.jpg","contentUrl":"https:\/\/www.nettali.com\/wp-content\/uploads\/2024\/10\/Luis-Enrique-Dembele.jpg","width":700,"height":350},{"@type":"WebPage","@id":"https:\/\/www.nettali.com\/2024\/10\/03\/psg-ce-qui-a-provoque-la-sanction-de-dembele\/#webpage","url":"https:\/\/www.nettali.com\/2024\/10\/03\/psg-ce-qui-a-provoque-la-sanction-de-dembele\/","name":"PSG - Ce qui a provoqu\u00e9 la sanction de Demb\u00e9l\u00e9 | Nettali.com","isPartOf":{"@id":"https:\/\/www.nettali.com\/#website"},"primaryImageOfPage":{"@id":"https:\/\/www.nettali.com\/2024\/10\/03\/psg-ce-qui-a-provoque-la-sanction-de-dembele\/#primaryimage"},"datePublished":"2024-10-03T07:46:49+00:00","dateModified":"2024-10-03T07:46:49+00:00","author":{"@id":"https:\/\/www.nettali.com\/#\/schema\/person\/d8ac7b7e27ddad43f1c0d2ef090d7f71"},"breadcrumb":{"@id":"https:\/\/www.nettali.com\/2024\/10\/03\/psg-ce-qui-a-provoque-la-sanction-de-dembele\/#breadcrumb"},"inLanguage":"fr-FR","potentialAction":[{"@type":"ReadAction","target":["https:\/\/www.nettali.com\/2024\/10\/03\/psg-ce-qui-a-provoque-la-sanction-de-dembele\/"]}]},{"@type":"BreadcrumbList","@id":"https:\/\/www.nettali.com\/2024\/10\/03\/psg-ce-qui-a-provoque-la-sanction-de-dembele\/#breadcrumb","itemListElement":[{"@type":"ListItem","position":1,"name":"Accueil","item":"https:\/\/www.nettali.com\/"},{"@type":"ListItem","position":2,"name":"PSG - Ce qui a provoqu\u00e9 la sanction de Demb\u00e9l\u00e9"}]},{"@type":"Person","@id":"https:\/\/www.nettali.com\/#\/schema\/person\/d8ac7b7e27ddad43f1c0d2ef090d7f71","name":"CK","image":{"@type":"ImageObject","@id":"https:\/\/www.nettali.com\/#personlogo","inLanguage":"fr-FR","url":"https:\/\/secure.gravatar.com\/avatar\/1d8d5118b9327d94da7cd4ce7f17fec2?s=96&d=mm&r=g","contentUrl":"https:\/\/secure.gravatar.com\/avatar\/1d8d5118b9327d94da7cd4ce7f17fec2?s=96&d=mm&r=g","caption":"CK"},"sameAs":["https:\/\/www.nettali.com"]}]}},"_links":{"self":[{"href":"https:\/\/www.nettali.com\/rest\/wp\/v2\/posts\/141378"}],"collection":[{"href":"https:\/\/www.nettali.com\/rest\/wp\/v2\/posts"}],"about":[{"href":"https:\/\/www.nettali.com\/rest\/wp\/v2\/types\/post"}],"author":[{"embeddable":true,"href":"https:\/\/www.nettali.com\/rest\/wp\/v2\/users\/2"}],"replies":[{"embeddable":true,"href":"https:\/\/www.nettali.com\/rest\/wp\/v2\/comments?post=141378"}],"version-history":[{"count":1,"href":"https:\/\/www.nettali.com\/rest\/wp\/v2\/posts\/141378\/revisions"}],"predecessor-version":[{"id":141380,"href":"https:\/\/www.nettali.com\/rest\/wp\/v2\/posts\/141378\/revisions\/141380"}],"wp:featuredmedia":[{"embeddable":true,"href":"https:\/\/www.nettali.com\/rest\/wp\/v2\/media\/141379"}],"wp:attachment":[{"href":"https:\/\/www.nettali.com\/rest\/wp\/v2\/media?parent=141378"}],"wp:term":[{"taxonomy":"category","embeddable":true,"href":"https:\/\/www.nettali.com\/rest\/wp\/v2\/categories?post=141378"},{"taxonomy":"post_tag","embeddable":true,"href":"https:\/\/www.nettali.com\/rest\/wp\/v2\/tags?post=141378"}],"curies":[{"name":"wp","href":"https:\/\/api.w.org\/{rel}","templated":true}]}}