{"id":141308,"date":"2024-10-02T11:43:28","date_gmt":"2024-10-02T11:43:28","guid":{"rendered":"https:\/\/www.nettali.com\/?p=141308"},"modified":"2024-10-02T13:33:58","modified_gmt":"2024-10-02T13:33:58","slug":"equipe-nationale-le-ministre-des-sports-refuse-de-prolonger-le-contrat-de-aliou-cisse","status":"publish","type":"post","link":"https:\/\/www.nettali.com\/2024\/10\/02\/equipe-nationale-le-ministre-des-sports-refuse-de-prolonger-le-contrat-de-aliou-cisse\/","title":{"rendered":"\u00c9QUIPE NATIONALE - Le ministre des Sports refuse de prolonger le contrat de Aliou Ciss\u00e9"},"content":{"rendered":"<p><strong>NETTALI.COM - Face \u00e0 la pression qui grandissait, Aliou Ciss\u00e9 n'a pas \u00e9t\u00e9 prolong\u00e9 \u00e0 la t\u00eate de la s\u00e9lection s\u00e9n\u00e9galaise. Il quitte son poste apr\u00e8s neuf ans et une Coupe d'Afrique des Nations remport\u00e9e en 2021.<\/strong><\/p>\n<p>C'est la fin d'une belle histoire entre Aliou Ciss\u00e9 et le S\u00e9n\u00e9gal. Le s\u00e9lectionneur a appris, ce mercredi 2 octobre, que son contrat n'a pas \u00e9t\u00e9 renouvel\u00e9 et qu'il va quitter son poste \u00e0 la t\u00eate de la s\u00e9lection s\u00e9n\u00e9galaise. Une d\u00e9cision prise par l'\u00c9tat qui a inform\u00e9 la F\u00e9d\u00e9ration s\u00e9n\u00e9galaise de football, ce mercredi matin, par une lettre confidentielle.<\/p>\n<p>\"<em>Le contrat liant le s\u00e9lectionneur national, Aliou Ciss\u00e9, \u00e0 la F\u00e9d\u00e9ration s\u00e9n\u00e9galaise de football (Fsf) ne sera pas renouvel\u00e9. Ainsi, en ont d\u00e9cid\u00e9 les nouvelles autorit\u00e9s<\/em>\", informe une source f\u00e9d\u00e9rale.<\/p>\n<p>Son rempla\u00e7ant va \u00eatre cherch\u00e9 dans les prochaines semaines mais devra \u00eatre S\u00e9n\u00e9galais. En poste durant neuf ans, Aliou Ciss\u00e9 aura permis de faire grandir le S\u00e9n\u00e9gal notamment en gagnant la Coupe d'Afrique des Nations en 2021 et en se qualifiant deux fois pour la Coupe du Monde (2018, 2022).<\/p>\n<div class='share-to-whatsapp-wrapper'><div class='share-on-whsp'>PARTAGER SUR : <\/div><a data-text='\u00c9QUIPE NATIONALE - Le ministre des Sports refuse de prolonger le contrat de Aliou Ciss\u00e9' data-link='https:\/\/www.nettali.com\/2024\/10\/02\/equipe-nationale-le-ministre-des-sports-refuse-de-prolonger-le-contrat-de-aliou-cisse\/' class='whatsapp-button whatsapp-share'>WhatsApp<\/a><div class='clear '><\/div><\/div>","protected":false},"excerpt":{"rendered":"<p>NETTALI.COM - Face \u00e0 la pression qui grandissait, Aliou Ciss\u00e9 n'a pas \u00e9t\u00e9 prolong\u00e9 \u00e0 la t\u00eate de la s\u00e9lection s\u00e9n\u00e9galaise. Il quitte son poste apr\u00e8s neuf ans et une Coupe d'Afrique des Nations remport\u00e9e en 2021. C'est la fin d'une belle histoire entre Aliou Ciss\u00e9 et le S\u00e9n\u00e9gal. Le s\u00e9lectionneur a appris, ce mercredi [&hellip;]<\/p>\n","protected":false},"author":5,"featured_media":20708,"comment_status":"open","ping_status":"open","sticky":false,"template":"","format":"standard","meta":{"_et_pb_use_builder":"","_et_pb_old_content":""},"categories":[6],"tags":[],"yoast_head":"<!-- This site is optimized with the Yoast SEO Premium plugin v17.8 (Yoast SEO v17.8) - https:\/\/yoast.com\/wordpress\/plugins\/seo\/ -->\n<title>\u00c9QUIPE NATIONALE - Le ministre des Sports refuse de prolonger le contrat de Aliou Ciss\u00e9 | Nettali.com<\/title>\n<meta name=\"robots\" content=\"index, follow, max-snippet:-1, max-image-preview:large, max-video-preview:-1\" \/>\n<link rel=\"canonical\" href=\"https:\/\/www.nettali.com\/2024\/10\/02\/equipe-nationale-le-ministre-des-sports-refuse-de-prolonger-le-contrat-de-aliou-cisse\/\" \/>\n<meta property=\"og:locale\" content=\"fr_FR\" \/>\n<meta property=\"og:type\" content=\"article\" \/>\n<meta property=\"og:title\" content=\"\u00c9QUIPE NATIONALE - Le ministre des Sports refuse de prolonger le contrat de Aliou Ciss\u00e9\" \/>\n<meta property=\"og:description\" content=\"NETTALI.COM - Face \u00e0 la pression qui grandissait, Aliou Ciss\u00e9 n&#039;a pas \u00e9t\u00e9 prolong\u00e9 \u00e0 la t\u00eate de la s\u00e9lection s\u00e9n\u00e9galaise. Il quitte son poste apr\u00e8s neuf ans et une Coupe d&#039;Afrique des Nations remport\u00e9e en 2021. C&#039;est la fin d&#039;une belle histoire entre Aliou Ciss\u00e9 et le S\u00e9n\u00e9gal. Le s\u00e9lectionneur a appris, ce mercredi [&hellip;]\" \/>\n<meta property=\"og:url\" content=\"https:\/\/www.nettali.com\/2024\/10\/02\/equipe-nationale-le-ministre-des-sports-refuse-de-prolonger-le-contrat-de-aliou-cisse\/\" \/>\n<meta property=\"og:site_name\" content=\"Nettali.com\" \/>\n<meta property=\"article:publisher\" content=\"https:\/\/www.facebook.com\/nettalicom\" \/>\n<meta property=\"article:published_time\" content=\"2024-10-02T11:43:28+00:00\" \/>\n<meta property=\"article:modified_time\" content=\"2024-10-02T13:33:58+00:00\" \/>\n<meta property=\"og:image\" content=\"https:\/\/www.nettali.com\/wp-content\/uploads\/2019\/10\/aliou-cisse-travaille-sur-sa-liste-des-23_224916.jpg\" \/>\n\t<meta property=\"og:image:width\" content=\"820\" \/>\n\t<meta property=\"og:image:height\" content=\"460\" \/>\n<meta name=\"twitter:card\" content=\"summary_large_image\" \/>\n<meta name=\"twitter:label1\" content=\"\u00c9crit par\" \/>\n\t<meta name=\"twitter:data1\" content=\"Ibrahima\" \/>\n\t<meta name=\"twitter:label2\" content=\"Dur\u00e9e de lecture estim\u00e9e\" \/>\n\t<meta name=\"twitter:data2\" content=\"1 minute\" \/>\n<script type=\"application\/ld+json\" class=\"yoast-schema-graph\">{\"@context\":\"https:\/\/schema.org\",\"@graph\":[{\"@type\":\"WebSite\",\"@id\":\"https:\/\/www.nettali.com\/#website\",\"url\":\"https:\/\/www.nettali.com\/\",\"name\":\"Nettali.com\",\"description\":\"Le rendez-vous critique du Net\",\"potentialAction\":[{\"@type\":\"SearchAction\",\"target\":{\"@type\":\"EntryPoint\",\"urlTemplate\":\"https:\/\/www.nettali.com\/?s={search_term_string}\"},\"query-input\":\"required name=search_term_string\"}],\"inLanguage\":\"fr-FR\"},{\"@type\":\"ImageObject\",\"@id\":\"https:\/\/www.nettali.com\/2024\/10\/02\/equipe-nationale-le-ministre-des-sports-refuse-de-prolonger-le-contrat-de-aliou-cisse\/#primaryimage\",\"inLanguage\":\"fr-FR\",\"url\":\"https:\/\/www.nettali.com\/wp-content\/uploads\/2019\/10\/aliou-cisse-travaille-sur-sa-liste-des-23_224916.jpg\",\"contentUrl\":\"https:\/\/www.nettali.com\/wp-content\/uploads\/2019\/10\/aliou-cisse-travaille-sur-sa-liste-des-23_224916.jpg\",\"width\":820,\"height\":460},{\"@type\":\"WebPage\",\"@id\":\"https:\/\/www.nettali.com\/2024\/10\/02\/equipe-nationale-le-ministre-des-sports-refuse-de-prolonger-le-contrat-de-aliou-cisse\/#webpage\",\"url\":\"https:\/\/www.nettali.com\/2024\/10\/02\/equipe-nationale-le-ministre-des-sports-refuse-de-prolonger-le-contrat-de-aliou-cisse\/\",\"name\":\"\\u00c9QUIPE NATIONALE - Le ministre des Sports refuse de prolonger le contrat de Aliou Ciss\\u00e9 | Nettali.com\",\"isPartOf\":{\"@id\":\"https:\/\/www.nettali.com\/#website\"},\"primaryImageOfPage\":{\"@id\":\"https:\/\/www.nettali.com\/2024\/10\/02\/equipe-nationale-le-ministre-des-sports-refuse-de-prolonger-le-contrat-de-aliou-cisse\/#primaryimage\"},\"datePublished\":\"2024-10-02T11:43:28+00:00\",\"dateModified\":\"2024-10-02T13:33:58+00:00\",\"author\":{\"@id\":\"https:\/\/www.nettali.com\/#\/schema\/person\/bb147657c2986240405a608162b9bb23\"},\"breadcrumb\":{\"@id\":\"https:\/\/www.nettali.com\/2024\/10\/02\/equipe-nationale-le-ministre-des-sports-refuse-de-prolonger-le-contrat-de-aliou-cisse\/#breadcrumb\"},\"inLanguage\":\"fr-FR\",\"potentialAction\":[{\"@type\":\"ReadAction\",\"target\":[\"https:\/\/www.nettali.com\/2024\/10\/02\/equipe-nationale-le-ministre-des-sports-refuse-de-prolonger-le-contrat-de-aliou-cisse\/\"]}]},{\"@type\":\"BreadcrumbList\",\"@id\":\"https:\/\/www.nettali.com\/2024\/10\/02\/equipe-nationale-le-ministre-des-sports-refuse-de-prolonger-le-contrat-de-aliou-cisse\/#breadcrumb\",\"itemListElement\":[{\"@type\":\"ListItem\",\"position\":1,\"name\":\"Accueil\",\"item\":\"https:\/\/www.nettali.com\/\"},{\"@type\":\"ListItem\",\"position\":2,\"name\":\"\\u00c9QUIPE NATIONALE - Le ministre des Sports refuse de prolonger le contrat de Aliou Ciss\\u00e9\"}]},{\"@type\":\"Person\",\"@id\":\"https:\/\/www.nettali.com\/#\/schema\/person\/bb147657c2986240405a608162b9bb23\",\"name\":\"Ibrahima\",\"image\":{\"@type\":\"ImageObject\",\"@id\":\"https:\/\/www.nettali.com\/#personlogo\",\"inLanguage\":\"fr-FR\",\"url\":\"https:\/\/secure.gravatar.com\/avatar\/26a8a81f09f0dd7624c9d5c36c9ba3a2?s=96&d=mm&r=g\",\"contentUrl\":\"https:\/\/secure.gravatar.com\/avatar\/26a8a81f09f0dd7624c9d5c36c9ba3a2?s=96&d=mm&r=g\",\"caption\":\"Ibrahima\"},\"sameAs\":[\"https:\/\/www.nettali.com\"]}]}<\/script>\n<!-- \/ Yoast SEO Premium plugin. -->","yoast_head_json":{"title":"\u00c9QUIPE NATIONALE - Le ministre des Sports refuse de prolonger le contrat de Aliou Ciss\u00e9 | Nettali.com","robots":{"index":"index","follow":"follow","max-snippet":"max-snippet:-1","max-image-preview":"max-image-preview:large","max-video-preview":"max-video-preview:-1"},"canonical":"https:\/\/www.nettali.com\/2024\/10\/02\/equipe-nationale-le-ministre-des-sports-refuse-de-prolonger-le-contrat-de-aliou-cisse\/","og_locale":"fr_FR","og_type":"article","og_title":"\u00c9QUIPE NATIONALE - Le ministre des Sports refuse de prolonger le contrat de Aliou Ciss\u00e9","og_description":"NETTALI.COM - Face \u00e0 la pression qui grandissait, Aliou Ciss\u00e9 n'a pas \u00e9t\u00e9 prolong\u00e9 \u00e0 la t\u00eate de la s\u00e9lection s\u00e9n\u00e9galaise. Il quitte son poste apr\u00e8s neuf ans et une Coupe d'Afrique des Nations remport\u00e9e en 2021. C'est la fin d'une belle histoire entre Aliou Ciss\u00e9 et le S\u00e9n\u00e9gal. Le s\u00e9lectionneur a appris, ce mercredi [&hellip;]","og_url":"https:\/\/www.nettali.com\/2024\/10\/02\/equipe-nationale-le-ministre-des-sports-refuse-de-prolonger-le-contrat-de-aliou-cisse\/","og_site_name":"Nettali.com","article_publisher":"https:\/\/www.facebook.com\/nettalicom","article_published_time":"2024-10-02T11:43:28+00:00","article_modified_time":"2024-10-02T13:33:58+00:00","og_image":[{"width":820,"height":460,"url":"https:\/\/www.nettali.com\/wp-content\/uploads\/2019\/10\/aliou-cisse-travaille-sur-sa-liste-des-23_224916.jpg","type":"image\/jpeg"}],"twitter_card":"summary_large_image","twitter_misc":{"\u00c9crit par":"Ibrahima","Dur\u00e9e de lecture estim\u00e9e":"1 minute"},"schema":{"@context":"https:\/\/schema.org","@graph":[{"@type":"WebSite","@id":"https:\/\/www.nettali.com\/#website","url":"https:\/\/www.nettali.com\/","name":"Nettali.com","description":"Le rendez-vous critique du Net","potentialAction":[{"@type":"SearchAction","target":{"@type":"EntryPoint","urlTemplate":"https:\/\/www.nettali.com\/?s={search_term_string}"},"query-input":"required name=search_term_string"}],"inLanguage":"fr-FR"},{"@type":"ImageObject","@id":"https:\/\/www.nettali.com\/2024\/10\/02\/equipe-nationale-le-ministre-des-sports-refuse-de-prolonger-le-contrat-de-aliou-cisse\/#primaryimage","inLanguage":"fr-FR","url":"https:\/\/www.nettali.com\/wp-content\/uploads\/2019\/10\/aliou-cisse-travaille-sur-sa-liste-des-23_224916.jpg","contentUrl":"https:\/\/www.nettali.com\/wp-content\/uploads\/2019\/10\/aliou-cisse-travaille-sur-sa-liste-des-23_224916.jpg","width":820,"height":460},{"@type":"WebPage","@id":"https:\/\/www.nettali.com\/2024\/10\/02\/equipe-nationale-le-ministre-des-sports-refuse-de-prolonger-le-contrat-de-aliou-cisse\/#webpage","url":"https:\/\/www.nettali.com\/2024\/10\/02\/equipe-nationale-le-ministre-des-sports-refuse-de-prolonger-le-contrat-de-aliou-cisse\/","name":"\u00c9QUIPE NATIONALE - Le ministre des Sports refuse de prolonger le contrat de Aliou Ciss\u00e9 | Nettali.com","isPartOf":{"@id":"https:\/\/www.nettali.com\/#website"},"primaryImageOfPage":{"@id":"https:\/\/www.nettali.com\/2024\/10\/02\/equipe-nationale-le-ministre-des-sports-refuse-de-prolonger-le-contrat-de-aliou-cisse\/#primaryimage"},"datePublished":"2024-10-02T11:43:28+00:00","dateModified":"2024-10-02T13:33:58+00:00","author":{"@id":"https:\/\/www.nettali.com\/#\/schema\/person\/bb147657c2986240405a608162b9bb23"},"breadcrumb":{"@id":"https:\/\/www.nettali.com\/2024\/10\/02\/equipe-nationale-le-ministre-des-sports-refuse-de-prolonger-le-contrat-de-aliou-cisse\/#breadcrumb"},"inLanguage":"fr-FR","potentialAction":[{"@type":"ReadAction","target":["https:\/\/www.nettali.com\/2024\/10\/02\/equipe-nationale-le-ministre-des-sports-refuse-de-prolonger-le-contrat-de-aliou-cisse\/"]}]},{"@type":"BreadcrumbList","@id":"https:\/\/www.nettali.com\/2024\/10\/02\/equipe-nationale-le-ministre-des-sports-refuse-de-prolonger-le-contrat-de-aliou-cisse\/#breadcrumb","itemListElement":[{"@type":"ListItem","position":1,"name":"Accueil","item":"https:\/\/www.nettali.com\/"},{"@type":"ListItem","position":2,"name":"\u00c9QUIPE NATIONALE - Le ministre des Sports refuse de prolonger le contrat de Aliou Ciss\u00e9"}]},{"@type":"Person","@id":"https:\/\/www.nettali.com\/#\/schema\/person\/bb147657c2986240405a608162b9bb23","name":"Ibrahima","image":{"@type":"ImageObject","@id":"https:\/\/www.nettali.com\/#personlogo","inLanguage":"fr-FR","url":"https:\/\/secure.gravatar.com\/avatar\/26a8a81f09f0dd7624c9d5c36c9ba3a2?s=96&d=mm&r=g","contentUrl":"https:\/\/secure.gravatar.com\/avatar\/26a8a81f09f0dd7624c9d5c36c9ba3a2?s=96&d=mm&r=g","caption":"Ibrahima"},"sameAs":["https:\/\/www.nettali.com"]}]}},"_links":{"self":[{"href":"https:\/\/www.nettali.com\/rest\/wp\/v2\/posts\/141308"}],"collection":[{"href":"https:\/\/www.nettali.com\/rest\/wp\/v2\/posts"}],"about":[{"href":"https:\/\/www.nettali.com\/rest\/wp\/v2\/types\/post"}],"author":[{"embeddable":true,"href":"https:\/\/www.nettali.com\/rest\/wp\/v2\/users\/5"}],"replies":[{"embeddable":true,"href":"https:\/\/www.nettali.com\/rest\/wp\/v2\/comments?post=141308"}],"version-history":[{"count":2,"href":"https:\/\/www.nettali.com\/rest\/wp\/v2\/posts\/141308\/revisions"}],"predecessor-version":[{"id":141315,"href":"https:\/\/www.nettali.com\/rest\/wp\/v2\/posts\/141308\/revisions\/141315"}],"wp:featuredmedia":[{"embeddable":true,"href":"https:\/\/www.nettali.com\/rest\/wp\/v2\/media\/20708"}],"wp:attachment":[{"href":"https:\/\/www.nettali.com\/rest\/wp\/v2\/media?parent=141308"}],"wp:term":[{"taxonomy":"category","embeddable":true,"href":"https:\/\/www.nettali.com\/rest\/wp\/v2\/categories?post=141308"},{"taxonomy":"post_tag","embeddable":true,"href":"https:\/\/www.nettali.com\/rest\/wp\/v2\/tags?post=141308"}],"curies":[{"name":"wp","href":"https:\/\/api.w.org\/{rel}","templated":true}]}}