{"id":141231,"date":"2024-10-01T14:29:52","date_gmt":"2024-10-01T14:29:52","guid":{"rendered":"https:\/\/www.nettali.com\/?p=141231"},"modified":"2024-10-01T14:29:52","modified_gmt":"2024-10-01T14:29:52","slug":"tribunal-de-dakar-kader-dia-chroniqueur-a-la-sentv-defere-au-parquet","status":"publish","type":"post","link":"https:\/\/www.nettali.com\/2024\/10\/01\/tribunal-de-dakar-kader-dia-chroniqueur-a-la-sentv-defere-au-parquet\/","title":{"rendered":"TRIBUNAL DE DAKAR - Kader Dia, chroniqueur \u00e0 la SenTv d\u00e9f\u00e9r\u00e9 au parquet"},"content":{"rendered":"<p><strong>NETTALI.COM- Le Chroniqueur \u00e0 la Sen Tv , Kader Dia, a \u00e9t\u00e9 d\u00e9f\u00e9r\u00e9 au parquet ce mardi. Il est poursuivi pour diffusion de fausses nouvelles.<\/strong><\/p>\n<p>Les choses se corsent pour le chroniqueur Kader Dia. Convoqu\u00e9 ce lundi \u00e0 la brigade de la cybercriminalit\u00e9, il a \u00e9t\u00e9 d\u00e9f\u00e9r\u00e9 au parquet de ce mardi.<\/p>\n<p>Kader Dia a \u00e9t\u00e9 arr\u00eat\u00e9 pour avoir d\u00e9clar\u00e9 dans une \u00e9mission que des \u00e9l\u00e9ments de la police nationale, en complicit\u00e9 avec des candidats \u00e0 la migration irr\u00e9guli\u00e8re, auraient accept\u00e9 des pots de vin dans l'affaire de la pirogue de Mbour qui a chavir\u00e9 et fait pr\u00e8s de 40 morts. Une trentaine de cadavres a \u00e9t\u00e9 aussi retrouv\u00e9e dans cette pirogue qui a d\u00e9riv\u00e9 au large de Yoff il y a plus d'une semaine.<\/p>\n<div class='share-to-whatsapp-wrapper'><div class='share-on-whsp'>PARTAGER SUR : <\/div><a data-text='TRIBUNAL DE DAKAR - Kader Dia, chroniqueur \u00e0 la SenTv d\u00e9f\u00e9r\u00e9 au parquet' data-link='https:\/\/www.nettali.com\/2024\/10\/01\/tribunal-de-dakar-kader-dia-chroniqueur-a-la-sentv-defere-au-parquet\/' class='whatsapp-button whatsapp-share'>WhatsApp<\/a><div class='clear '><\/div><\/div>","protected":false},"excerpt":{"rendered":"<p>NETTALI.COM- Le Chroniqueur \u00e0 la Sen Tv , Kader Dia, a \u00e9t\u00e9 d\u00e9f\u00e9r\u00e9 au parquet ce mardi. Il est poursuivi pour diffusion de fausses nouvelles. Les choses se corsent pour le chroniqueur Kader Dia. Convoqu\u00e9 ce lundi \u00e0 la brigade de la cybercriminalit\u00e9, il a \u00e9t\u00e9 d\u00e9f\u00e9r\u00e9 au parquet de ce mardi. Kader Dia a [&hellip;]<\/p>\n","protected":false},"author":6,"featured_media":141186,"comment_status":"open","ping_status":"open","sticky":false,"template":"","format":"standard","meta":{"_et_pb_use_builder":"","_et_pb_old_content":""},"categories":[3],"tags":[],"yoast_head":"<!-- This site is optimized with the Yoast SEO Premium plugin v17.8 (Yoast SEO v17.8) - https:\/\/yoast.com\/wordpress\/plugins\/seo\/ -->\n<title>TRIBUNAL DE DAKAR - Kader Dia, chroniqueur \u00e0 la SenTv d\u00e9f\u00e9r\u00e9 au parquet | Nettali.com<\/title>\n<meta name=\"robots\" content=\"index, follow, max-snippet:-1, max-image-preview:large, max-video-preview:-1\" \/>\n<link rel=\"canonical\" href=\"https:\/\/www.nettali.com\/2024\/10\/01\/tribunal-de-dakar-kader-dia-chroniqueur-a-la-sentv-defere-au-parquet\/\" \/>\n<meta property=\"og:locale\" content=\"fr_FR\" \/>\n<meta property=\"og:type\" content=\"article\" \/>\n<meta property=\"og:title\" content=\"TRIBUNAL DE DAKAR - Kader Dia, chroniqueur \u00e0 la SenTv d\u00e9f\u00e9r\u00e9 au parquet\" \/>\n<meta property=\"og:description\" content=\"NETTALI.COM- Le Chroniqueur \u00e0 la Sen Tv , Kader Dia, a \u00e9t\u00e9 d\u00e9f\u00e9r\u00e9 au parquet ce mardi. Il est poursuivi pour diffusion de fausses nouvelles. Les choses se corsent pour le chroniqueur Kader Dia. Convoqu\u00e9 ce lundi \u00e0 la brigade de la cybercriminalit\u00e9, il a \u00e9t\u00e9 d\u00e9f\u00e9r\u00e9 au parquet de ce mardi. Kader Dia a [&hellip;]\" \/>\n<meta property=\"og:url\" content=\"https:\/\/www.nettali.com\/2024\/10\/01\/tribunal-de-dakar-kader-dia-chroniqueur-a-la-sentv-defere-au-parquet\/\" \/>\n<meta property=\"og:site_name\" content=\"Nettali.com\" \/>\n<meta property=\"article:publisher\" content=\"https:\/\/www.facebook.com\/nettalicom\" \/>\n<meta property=\"article:published_time\" content=\"2024-10-01T14:29:52+00:00\" \/>\n<meta property=\"og:image\" content=\"https:\/\/www.nettali.com\/wp-content\/uploads\/2024\/09\/Capture-de\u0301cran-2024-09-30-a\u0300-20.55.16.png\" \/>\n\t<meta property=\"og:image:width\" content=\"529\" \/>\n\t<meta property=\"og:image:height\" content=\"343\" \/>\n<meta name=\"twitter:card\" content=\"summary_large_image\" \/>\n<meta name=\"twitter:label1\" content=\"\u00c9crit par\" \/>\n\t<meta name=\"twitter:data1\" content=\"Fatou\" \/>\n\t<meta name=\"twitter:label2\" content=\"Dur\u00e9e de lecture estim\u00e9e\" \/>\n\t<meta name=\"twitter:data2\" content=\"1 minute\" \/>\n<script type=\"application\/ld+json\" class=\"yoast-schema-graph\">{\"@context\":\"https:\/\/schema.org\",\"@graph\":[{\"@type\":\"WebSite\",\"@id\":\"https:\/\/www.nettali.com\/#website\",\"url\":\"https:\/\/www.nettali.com\/\",\"name\":\"Nettali.com\",\"description\":\"Le rendez-vous critique du Net\",\"potentialAction\":[{\"@type\":\"SearchAction\",\"target\":{\"@type\":\"EntryPoint\",\"urlTemplate\":\"https:\/\/www.nettali.com\/?s={search_term_string}\"},\"query-input\":\"required name=search_term_string\"}],\"inLanguage\":\"fr-FR\"},{\"@type\":\"ImageObject\",\"@id\":\"https:\/\/www.nettali.com\/2024\/10\/01\/tribunal-de-dakar-kader-dia-chroniqueur-a-la-sentv-defere-au-parquet\/#primaryimage\",\"inLanguage\":\"fr-FR\",\"url\":\"https:\/\/www.nettali.com\/wp-content\/uploads\/2024\/09\/Capture-de\\u0301cran-2024-09-30-a\\u0300-20.55.16.png\",\"contentUrl\":\"https:\/\/www.nettali.com\/wp-content\/uploads\/2024\/09\/Capture-de\\u0301cran-2024-09-30-a\\u0300-20.55.16.png\",\"width\":529,\"height\":343},{\"@type\":\"WebPage\",\"@id\":\"https:\/\/www.nettali.com\/2024\/10\/01\/tribunal-de-dakar-kader-dia-chroniqueur-a-la-sentv-defere-au-parquet\/#webpage\",\"url\":\"https:\/\/www.nettali.com\/2024\/10\/01\/tribunal-de-dakar-kader-dia-chroniqueur-a-la-sentv-defere-au-parquet\/\",\"name\":\"TRIBUNAL DE DAKAR - Kader Dia, chroniqueur \\u00e0 la SenTv d\\u00e9f\\u00e9r\\u00e9 au parquet | Nettali.com\",\"isPartOf\":{\"@id\":\"https:\/\/www.nettali.com\/#website\"},\"primaryImageOfPage\":{\"@id\":\"https:\/\/www.nettali.com\/2024\/10\/01\/tribunal-de-dakar-kader-dia-chroniqueur-a-la-sentv-defere-au-parquet\/#primaryimage\"},\"datePublished\":\"2024-10-01T14:29:52+00:00\",\"dateModified\":\"2024-10-01T14:29:52+00:00\",\"author\":{\"@id\":\"https:\/\/www.nettali.com\/#\/schema\/person\/418274a86bdf87caff7a3ef476bd0bbf\"},\"breadcrumb\":{\"@id\":\"https:\/\/www.nettali.com\/2024\/10\/01\/tribunal-de-dakar-kader-dia-chroniqueur-a-la-sentv-defere-au-parquet\/#breadcrumb\"},\"inLanguage\":\"fr-FR\",\"potentialAction\":[{\"@type\":\"ReadAction\",\"target\":[\"https:\/\/www.nettali.com\/2024\/10\/01\/tribunal-de-dakar-kader-dia-chroniqueur-a-la-sentv-defere-au-parquet\/\"]}]},{\"@type\":\"BreadcrumbList\",\"@id\":\"https:\/\/www.nettali.com\/2024\/10\/01\/tribunal-de-dakar-kader-dia-chroniqueur-a-la-sentv-defere-au-parquet\/#breadcrumb\",\"itemListElement\":[{\"@type\":\"ListItem\",\"position\":1,\"name\":\"Accueil\",\"item\":\"https:\/\/www.nettali.com\/\"},{\"@type\":\"ListItem\",\"position\":2,\"name\":\"TRIBUNAL DE DAKAR - Kader Dia, chroniqueur \\u00e0 la SenTv d\\u00e9f\\u00e9r\\u00e9 au parquet\"}]},{\"@type\":\"Person\",\"@id\":\"https:\/\/www.nettali.com\/#\/schema\/person\/418274a86bdf87caff7a3ef476bd0bbf\",\"name\":\"Fatou\",\"image\":{\"@type\":\"ImageObject\",\"@id\":\"https:\/\/www.nettali.com\/#personlogo\",\"inLanguage\":\"fr-FR\",\"url\":\"https:\/\/secure.gravatar.com\/avatar\/5a9442a2bee7b4dcf167cab035858e9a?s=96&d=mm&r=g\",\"contentUrl\":\"https:\/\/secure.gravatar.com\/avatar\/5a9442a2bee7b4dcf167cab035858e9a?s=96&d=mm&r=g\",\"caption\":\"Fatou\"},\"sameAs\":[\"https:\/\/www.nettali.com\"]}]}<\/script>\n<!-- \/ Yoast SEO Premium plugin. -->","yoast_head_json":{"title":"TRIBUNAL DE DAKAR - Kader Dia, chroniqueur \u00e0 la SenTv d\u00e9f\u00e9r\u00e9 au parquet | Nettali.com","robots":{"index":"index","follow":"follow","max-snippet":"max-snippet:-1","max-image-preview":"max-image-preview:large","max-video-preview":"max-video-preview:-1"},"canonical":"https:\/\/www.nettali.com\/2024\/10\/01\/tribunal-de-dakar-kader-dia-chroniqueur-a-la-sentv-defere-au-parquet\/","og_locale":"fr_FR","og_type":"article","og_title":"TRIBUNAL DE DAKAR - Kader Dia, chroniqueur \u00e0 la SenTv d\u00e9f\u00e9r\u00e9 au parquet","og_description":"NETTALI.COM- Le Chroniqueur \u00e0 la Sen Tv , Kader Dia, a \u00e9t\u00e9 d\u00e9f\u00e9r\u00e9 au parquet ce mardi. Il est poursuivi pour diffusion de fausses nouvelles. Les choses se corsent pour le chroniqueur Kader Dia. Convoqu\u00e9 ce lundi \u00e0 la brigade de la cybercriminalit\u00e9, il a \u00e9t\u00e9 d\u00e9f\u00e9r\u00e9 au parquet de ce mardi. Kader Dia a [&hellip;]","og_url":"https:\/\/www.nettali.com\/2024\/10\/01\/tribunal-de-dakar-kader-dia-chroniqueur-a-la-sentv-defere-au-parquet\/","og_site_name":"Nettali.com","article_publisher":"https:\/\/www.facebook.com\/nettalicom","article_published_time":"2024-10-01T14:29:52+00:00","og_image":[{"width":529,"height":343,"url":"https:\/\/www.nettali.com\/wp-content\/uploads\/2024\/09\/Capture-de\u0301cran-2024-09-30-a\u0300-20.55.16.png","type":"image\/png"}],"twitter_card":"summary_large_image","twitter_misc":{"\u00c9crit par":"Fatou","Dur\u00e9e de lecture estim\u00e9e":"1 minute"},"schema":{"@context":"https:\/\/schema.org","@graph":[{"@type":"WebSite","@id":"https:\/\/www.nettali.com\/#website","url":"https:\/\/www.nettali.com\/","name":"Nettali.com","description":"Le rendez-vous critique du Net","potentialAction":[{"@type":"SearchAction","target":{"@type":"EntryPoint","urlTemplate":"https:\/\/www.nettali.com\/?s={search_term_string}"},"query-input":"required name=search_term_string"}],"inLanguage":"fr-FR"},{"@type":"ImageObject","@id":"https:\/\/www.nettali.com\/2024\/10\/01\/tribunal-de-dakar-kader-dia-chroniqueur-a-la-sentv-defere-au-parquet\/#primaryimage","inLanguage":"fr-FR","url":"https:\/\/www.nettali.com\/wp-content\/uploads\/2024\/09\/Capture-de\u0301cran-2024-09-30-a\u0300-20.55.16.png","contentUrl":"https:\/\/www.nettali.com\/wp-content\/uploads\/2024\/09\/Capture-de\u0301cran-2024-09-30-a\u0300-20.55.16.png","width":529,"height":343},{"@type":"WebPage","@id":"https:\/\/www.nettali.com\/2024\/10\/01\/tribunal-de-dakar-kader-dia-chroniqueur-a-la-sentv-defere-au-parquet\/#webpage","url":"https:\/\/www.nettali.com\/2024\/10\/01\/tribunal-de-dakar-kader-dia-chroniqueur-a-la-sentv-defere-au-parquet\/","name":"TRIBUNAL DE DAKAR - Kader Dia, chroniqueur \u00e0 la SenTv d\u00e9f\u00e9r\u00e9 au parquet | Nettali.com","isPartOf":{"@id":"https:\/\/www.nettali.com\/#website"},"primaryImageOfPage":{"@id":"https:\/\/www.nettali.com\/2024\/10\/01\/tribunal-de-dakar-kader-dia-chroniqueur-a-la-sentv-defere-au-parquet\/#primaryimage"},"datePublished":"2024-10-01T14:29:52+00:00","dateModified":"2024-10-01T14:29:52+00:00","author":{"@id":"https:\/\/www.nettali.com\/#\/schema\/person\/418274a86bdf87caff7a3ef476bd0bbf"},"breadcrumb":{"@id":"https:\/\/www.nettali.com\/2024\/10\/01\/tribunal-de-dakar-kader-dia-chroniqueur-a-la-sentv-defere-au-parquet\/#breadcrumb"},"inLanguage":"fr-FR","potentialAction":[{"@type":"ReadAction","target":["https:\/\/www.nettali.com\/2024\/10\/01\/tribunal-de-dakar-kader-dia-chroniqueur-a-la-sentv-defere-au-parquet\/"]}]},{"@type":"BreadcrumbList","@id":"https:\/\/www.nettali.com\/2024\/10\/01\/tribunal-de-dakar-kader-dia-chroniqueur-a-la-sentv-defere-au-parquet\/#breadcrumb","itemListElement":[{"@type":"ListItem","position":1,"name":"Accueil","item":"https:\/\/www.nettali.com\/"},{"@type":"ListItem","position":2,"name":"TRIBUNAL DE DAKAR - Kader Dia, chroniqueur \u00e0 la SenTv d\u00e9f\u00e9r\u00e9 au parquet"}]},{"@type":"Person","@id":"https:\/\/www.nettali.com\/#\/schema\/person\/418274a86bdf87caff7a3ef476bd0bbf","name":"Fatou","image":{"@type":"ImageObject","@id":"https:\/\/www.nettali.com\/#personlogo","inLanguage":"fr-FR","url":"https:\/\/secure.gravatar.com\/avatar\/5a9442a2bee7b4dcf167cab035858e9a?s=96&d=mm&r=g","contentUrl":"https:\/\/secure.gravatar.com\/avatar\/5a9442a2bee7b4dcf167cab035858e9a?s=96&d=mm&r=g","caption":"Fatou"},"sameAs":["https:\/\/www.nettali.com"]}]}},"_links":{"self":[{"href":"https:\/\/www.nettali.com\/rest\/wp\/v2\/posts\/141231"}],"collection":[{"href":"https:\/\/www.nettali.com\/rest\/wp\/v2\/posts"}],"about":[{"href":"https:\/\/www.nettali.com\/rest\/wp\/v2\/types\/post"}],"author":[{"embeddable":true,"href":"https:\/\/www.nettali.com\/rest\/wp\/v2\/users\/6"}],"replies":[{"embeddable":true,"href":"https:\/\/www.nettali.com\/rest\/wp\/v2\/comments?post=141231"}],"version-history":[{"count":2,"href":"https:\/\/www.nettali.com\/rest\/wp\/v2\/posts\/141231\/revisions"}],"predecessor-version":[{"id":141238,"href":"https:\/\/www.nettali.com\/rest\/wp\/v2\/posts\/141231\/revisions\/141238"}],"wp:featuredmedia":[{"embeddable":true,"href":"https:\/\/www.nettali.com\/rest\/wp\/v2\/media\/141186"}],"wp:attachment":[{"href":"https:\/\/www.nettali.com\/rest\/wp\/v2\/media?parent=141231"}],"wp:term":[{"taxonomy":"category","embeddable":true,"href":"https:\/\/www.nettali.com\/rest\/wp\/v2\/categories?post=141231"},{"taxonomy":"post_tag","embeddable":true,"href":"https:\/\/www.nettali.com\/rest\/wp\/v2\/tags?post=141231"}],"curies":[{"name":"wp","href":"https:\/\/api.w.org\/{rel}","templated":true}]}}