{"id":141217,"date":"2024-10-01T08:50:41","date_gmt":"2024-10-01T08:50:41","guid":{"rendered":"https:\/\/www.nettali.com\/?p=141217"},"modified":"2024-10-01T08:50:41","modified_gmt":"2024-10-01T08:50:41","slug":"quand-ousmane-sonko-fait-de-la-dette-un-show-electoral","status":"publish","type":"post","link":"https:\/\/www.nettali.com\/2024\/10\/01\/quand-ousmane-sonko-fait-de-la-dette-un-show-electoral\/","title":{"rendered":"Quand Ousmane Sonko fait de la dette un show \u00e9lectoral !"},"content":{"rendered":"<p><strong>CONTRIBUTION -<\/strong> Le premier ministre Ousmane Sonko semble avoir trouv\u00e9 sa nouvelle marotte pour la campagne des l\u00e9gislatives du 17 novembre : l'\u00e9tat des finances du S\u00e9n\u00e9gal. Avec son habituel sens du drame, il nous peint un tableau si sombre qu'on pourrait se croire spectateurs d\u2019un film catastrophe.<\/p>\n<p>\u201c<em>Le S\u00e9n\u00e9gal est hyper endett\u00e9, le d\u00e9ficit budg\u00e9taire est abyssal !<\/em>\u201d \u2013 \u00e0 l'entendre, on pourrait croire que le pays est \u00e0 deux doigts de sombrer dans une situation apocalyptique. Vous avez aim\u00e9 \u201cTitanic\u201d, vous allez adorer \u201c<em>Le S\u00e9n\u00e9gal, dans les abysses financi\u00e8res<\/em>\u201d !<\/p>\n<p>Si notre pays est \u00e9tat de cessation de paiement, comme il le dit, c\u2019est \u00e0 lui d\u2019\u00e9viter le d\u00e9p\u00f4t de bilan et de redresser les comptes. Pourquoi aurait-il \u00e9t\u00e9 \u00e9lu sinon, \u00e0 moins qu\u2019il ait cru que c\u2019\u00e9tait pour inaugurer les chrysanth\u00e8mes. Le premier ministre, visiblement, veut faire de ce discours \u00e0 la noirceur de l\u2019\u00e9b\u00e8ne son cheval de bataille. On l\u2019imagine d\u00e9j\u00e0 en campagne, martelant son message : \u201c<em>Votez pour moi, je suis le seul \u00e0 savoir \u00e0 quel point \u00e7a va mal !<\/em>\u201d<\/p>\n<p>Cette strat\u00e9gie n\u2019est pas audacieuse, elle est cynique, transformer la dette du pays en atout \u00e9lectoral, c\u2019est comme essayer de vendre une voiture en insistant sur le fait que le moteur est cass\u00e9, mais sans proposer de m\u00e9canicien pour la r\u00e9parer. Ce n\u2019est pas digne d\u2019un chef de gouvernement. Sil continue comme \u00e7a, on finira par se demander s\u2019il y a un pilote dans l\u2019avion.<\/p>\n<p>A l\u2019\u00e9vidence Ousmane Sonko par ses d\u00e9clarations cherche \u00e0 mobiliser les frustr\u00e9s et les d\u00e9\u00e7us. Mais soyons honn\u00eates, si c\u2019\u00e9tait aussi simple de crier \u201cLa dette ! La dette !\u201d pour tout r\u00e9gler, on pourrait tous s\u2019improviser experts \u00e9conomiques. Sauf qu\u2019\u00e0 part semer l'inqui\u00e9tude et faire fuir les investisseurs plus vite que des moustiques \u00e0 la citronnelle, \u00e7a ne sert \u00e0 rien.<\/p>\n<p>Bien s\u00fbr, Sonko esp\u00e8re ainsi se d\u00e9marquer dans la course, mais attention : \u00e0 force de crier au loup (ou plut\u00f4t \u00e0 l\u2019insolvabilit\u00e9), il risque de se retrouver \u00e0 devoir g\u00e9rer une situation difficile s'il devait passer de la tribune \u00e0 l\u2019assembl\u00e9e nationale. Les \u00e9lecteurs, eux, attendent plus que ce tour de passepasse \u00e9conomique. Ils veulent savoir comment il compte sortir notre pays du \u201ctrou noir\u201d qu'il d\u00e9crit et pas simplement leur dire qu'ils vont devoir s'y habituer. C\u2019est, ni plus, ni moins qu\u2019un caut\u00e8re sur une jambe de bois !<\/p>\n<p>Ousmane Sonko veut faire de l\u2019\u00e9conomie son terrain de jeu pour les \u00e9lections \u00e0 venir. Il ferait bien de se souvenir que si \u201cl<em>a critique est facile, l\u2019art de gouverner est difficile<\/em>\u201d, or il n\u2019est plus l\u2019opposant d\u2019hier mais un dirigeant aujourd\u2019hui, autrement dit quelqu\u2019un aux responsabilit\u00e9s.<\/p>\n<p>On attend de lui des perspectives, des solutions concr\u00e8tes et pas un discours alambiqu\u00e9, destin\u00e9 \u00e0 anesth\u00e9sier les s\u00e9n\u00e9galais et les d\u00e9tourner de la r\u00e9alit\u00e9, au risque que ceux-ci ne sifflent rapidement la fin de la r\u00e9cr\u00e9ation et le ram\u00e8nent aux dures r\u00e9alit\u00e9s du terrain.<\/p>\n<p>IBRAHIMA THIAM, SENEGAAL KESE<\/p>\n<div class='share-to-whatsapp-wrapper'><div class='share-on-whsp'>PARTAGER SUR : <\/div><a data-text='Quand Ousmane Sonko fait de la dette un show \u00e9lectoral !' data-link='https:\/\/www.nettali.com\/2024\/10\/01\/quand-ousmane-sonko-fait-de-la-dette-un-show-electoral\/' class='whatsapp-button whatsapp-share'>WhatsApp<\/a><div class='clear '><\/div><\/div>","protected":false},"excerpt":{"rendered":"<p>CONTRIBUTION - Le premier ministre Ousmane Sonko semble avoir trouv\u00e9 sa nouvelle marotte pour la campagne des l\u00e9gislatives du 17 novembre : l'\u00e9tat des finances du S\u00e9n\u00e9gal. Avec son habituel sens du drame, il nous peint un tableau si sombre qu'on pourrait se croire spectateurs d\u2019un film catastrophe. \u201cLe S\u00e9n\u00e9gal est hyper endett\u00e9, le d\u00e9ficit [&hellip;]<\/p>\n","protected":false},"author":2,"featured_media":141218,"comment_status":"open","ping_status":"open","sticky":false,"template":"","format":"standard","meta":{"_et_pb_use_builder":"","_et_pb_old_content":""},"categories":[2],"tags":[],"yoast_head":"<!-- This site is optimized with the Yoast SEO Premium plugin v17.8 (Yoast SEO v17.8) - https:\/\/yoast.com\/wordpress\/plugins\/seo\/ -->\n<title>Quand Ousmane Sonko fait de la dette un show \u00e9lectoral ! | Nettali.com<\/title>\n<meta name=\"robots\" content=\"index, follow, max-snippet:-1, max-image-preview:large, max-video-preview:-1\" \/>\n<link rel=\"canonical\" href=\"https:\/\/www.nettali.com\/2024\/10\/01\/quand-ousmane-sonko-fait-de-la-dette-un-show-electoral\/\" \/>\n<meta property=\"og:locale\" content=\"fr_FR\" \/>\n<meta property=\"og:type\" content=\"article\" \/>\n<meta property=\"og:title\" content=\"Quand Ousmane Sonko fait de la dette un show \u00e9lectoral !\" \/>\n<meta property=\"og:description\" content=\"CONTRIBUTION - Le premier ministre Ousmane Sonko semble avoir trouv\u00e9 sa nouvelle marotte pour la campagne des l\u00e9gislatives du 17 novembre : l&#039;\u00e9tat des finances du S\u00e9n\u00e9gal. Avec son habituel sens du drame, il nous peint un tableau si sombre qu&#039;on pourrait se croire spectateurs d\u2019un film catastrophe. \u201cLe S\u00e9n\u00e9gal est hyper endett\u00e9, le d\u00e9ficit [&hellip;]\" \/>\n<meta property=\"og:url\" content=\"https:\/\/www.nettali.com\/2024\/10\/01\/quand-ousmane-sonko-fait-de-la-dette-un-show-electoral\/\" \/>\n<meta property=\"og:site_name\" content=\"Nettali.com\" \/>\n<meta property=\"article:publisher\" content=\"https:\/\/www.facebook.com\/nettalicom\" \/>\n<meta property=\"article:published_time\" content=\"2024-10-01T08:50:41+00:00\" \/>\n<meta property=\"og:image\" content=\"https:\/\/www.nettali.com\/wp-content\/uploads\/2024\/10\/ibrahima-thiam-homme-politique-senegal.jpg\" \/>\n\t<meta property=\"og:image:width\" content=\"450\" \/>\n\t<meta property=\"og:image:height\" content=\"315\" \/>\n<meta name=\"twitter:card\" content=\"summary_large_image\" \/>\n<meta name=\"twitter:label1\" content=\"\u00c9crit par\" \/>\n\t<meta name=\"twitter:data1\" content=\"CK\" \/>\n\t<meta name=\"twitter:label2\" content=\"Dur\u00e9e de lecture estim\u00e9e\" \/>\n\t<meta name=\"twitter:data2\" content=\"3 minutes\" \/>\n<script type=\"application\/ld+json\" class=\"yoast-schema-graph\">{\"@context\":\"https:\/\/schema.org\",\"@graph\":[{\"@type\":\"WebSite\",\"@id\":\"https:\/\/www.nettali.com\/#website\",\"url\":\"https:\/\/www.nettali.com\/\",\"name\":\"Nettali.com\",\"description\":\"Le rendez-vous critique du Net\",\"potentialAction\":[{\"@type\":\"SearchAction\",\"target\":{\"@type\":\"EntryPoint\",\"urlTemplate\":\"https:\/\/www.nettali.com\/?s={search_term_string}\"},\"query-input\":\"required name=search_term_string\"}],\"inLanguage\":\"fr-FR\"},{\"@type\":\"ImageObject\",\"@id\":\"https:\/\/www.nettali.com\/2024\/10\/01\/quand-ousmane-sonko-fait-de-la-dette-un-show-electoral\/#primaryimage\",\"inLanguage\":\"fr-FR\",\"url\":\"https:\/\/www.nettali.com\/wp-content\/uploads\/2024\/10\/ibrahima-thiam-homme-politique-senegal.jpg\",\"contentUrl\":\"https:\/\/www.nettali.com\/wp-content\/uploads\/2024\/10\/ibrahima-thiam-homme-politique-senegal.jpg\",\"width\":450,\"height\":315},{\"@type\":\"WebPage\",\"@id\":\"https:\/\/www.nettali.com\/2024\/10\/01\/quand-ousmane-sonko-fait-de-la-dette-un-show-electoral\/#webpage\",\"url\":\"https:\/\/www.nettali.com\/2024\/10\/01\/quand-ousmane-sonko-fait-de-la-dette-un-show-electoral\/\",\"name\":\"Quand Ousmane Sonko fait de la dette un show \\u00e9lectoral ! | Nettali.com\",\"isPartOf\":{\"@id\":\"https:\/\/www.nettali.com\/#website\"},\"primaryImageOfPage\":{\"@id\":\"https:\/\/www.nettali.com\/2024\/10\/01\/quand-ousmane-sonko-fait-de-la-dette-un-show-electoral\/#primaryimage\"},\"datePublished\":\"2024-10-01T08:50:41+00:00\",\"dateModified\":\"2024-10-01T08:50:41+00:00\",\"author\":{\"@id\":\"https:\/\/www.nettali.com\/#\/schema\/person\/d8ac7b7e27ddad43f1c0d2ef090d7f71\"},\"breadcrumb\":{\"@id\":\"https:\/\/www.nettali.com\/2024\/10\/01\/quand-ousmane-sonko-fait-de-la-dette-un-show-electoral\/#breadcrumb\"},\"inLanguage\":\"fr-FR\",\"potentialAction\":[{\"@type\":\"ReadAction\",\"target\":[\"https:\/\/www.nettali.com\/2024\/10\/01\/quand-ousmane-sonko-fait-de-la-dette-un-show-electoral\/\"]}]},{\"@type\":\"BreadcrumbList\",\"@id\":\"https:\/\/www.nettali.com\/2024\/10\/01\/quand-ousmane-sonko-fait-de-la-dette-un-show-electoral\/#breadcrumb\",\"itemListElement\":[{\"@type\":\"ListItem\",\"position\":1,\"name\":\"Accueil\",\"item\":\"https:\/\/www.nettali.com\/\"},{\"@type\":\"ListItem\",\"position\":2,\"name\":\"Quand Ousmane Sonko fait de la dette un show \\u00e9lectoral !\"}]},{\"@type\":\"Person\",\"@id\":\"https:\/\/www.nettali.com\/#\/schema\/person\/d8ac7b7e27ddad43f1c0d2ef090d7f71\",\"name\":\"CK\",\"image\":{\"@type\":\"ImageObject\",\"@id\":\"https:\/\/www.nettali.com\/#personlogo\",\"inLanguage\":\"fr-FR\",\"url\":\"https:\/\/secure.gravatar.com\/avatar\/1d8d5118b9327d94da7cd4ce7f17fec2?s=96&d=mm&r=g\",\"contentUrl\":\"https:\/\/secure.gravatar.com\/avatar\/1d8d5118b9327d94da7cd4ce7f17fec2?s=96&d=mm&r=g\",\"caption\":\"CK\"},\"sameAs\":[\"https:\/\/www.nettali.com\"]}]}<\/script>\n<!-- \/ Yoast SEO Premium plugin. -->","yoast_head_json":{"title":"Quand Ousmane Sonko fait de la dette un show \u00e9lectoral ! | Nettali.com","robots":{"index":"index","follow":"follow","max-snippet":"max-snippet:-1","max-image-preview":"max-image-preview:large","max-video-preview":"max-video-preview:-1"},"canonical":"https:\/\/www.nettali.com\/2024\/10\/01\/quand-ousmane-sonko-fait-de-la-dette-un-show-electoral\/","og_locale":"fr_FR","og_type":"article","og_title":"Quand Ousmane Sonko fait de la dette un show \u00e9lectoral !","og_description":"CONTRIBUTION - Le premier ministre Ousmane Sonko semble avoir trouv\u00e9 sa nouvelle marotte pour la campagne des l\u00e9gislatives du 17 novembre : l'\u00e9tat des finances du S\u00e9n\u00e9gal. Avec son habituel sens du drame, il nous peint un tableau si sombre qu'on pourrait se croire spectateurs d\u2019un film catastrophe. \u201cLe S\u00e9n\u00e9gal est hyper endett\u00e9, le d\u00e9ficit [&hellip;]","og_url":"https:\/\/www.nettali.com\/2024\/10\/01\/quand-ousmane-sonko-fait-de-la-dette-un-show-electoral\/","og_site_name":"Nettali.com","article_publisher":"https:\/\/www.facebook.com\/nettalicom","article_published_time":"2024-10-01T08:50:41+00:00","og_image":[{"width":450,"height":315,"url":"https:\/\/www.nettali.com\/wp-content\/uploads\/2024\/10\/ibrahima-thiam-homme-politique-senegal.jpg","type":"image\/jpeg"}],"twitter_card":"summary_large_image","twitter_misc":{"\u00c9crit par":"CK","Dur\u00e9e de lecture estim\u00e9e":"3 minutes"},"schema":{"@context":"https:\/\/schema.org","@graph":[{"@type":"WebSite","@id":"https:\/\/www.nettali.com\/#website","url":"https:\/\/www.nettali.com\/","name":"Nettali.com","description":"Le rendez-vous critique du Net","potentialAction":[{"@type":"SearchAction","target":{"@type":"EntryPoint","urlTemplate":"https:\/\/www.nettali.com\/?s={search_term_string}"},"query-input":"required name=search_term_string"}],"inLanguage":"fr-FR"},{"@type":"ImageObject","@id":"https:\/\/www.nettali.com\/2024\/10\/01\/quand-ousmane-sonko-fait-de-la-dette-un-show-electoral\/#primaryimage","inLanguage":"fr-FR","url":"https:\/\/www.nettali.com\/wp-content\/uploads\/2024\/10\/ibrahima-thiam-homme-politique-senegal.jpg","contentUrl":"https:\/\/www.nettali.com\/wp-content\/uploads\/2024\/10\/ibrahima-thiam-homme-politique-senegal.jpg","width":450,"height":315},{"@type":"WebPage","@id":"https:\/\/www.nettali.com\/2024\/10\/01\/quand-ousmane-sonko-fait-de-la-dette-un-show-electoral\/#webpage","url":"https:\/\/www.nettali.com\/2024\/10\/01\/quand-ousmane-sonko-fait-de-la-dette-un-show-electoral\/","name":"Quand Ousmane Sonko fait de la dette un show \u00e9lectoral ! | Nettali.com","isPartOf":{"@id":"https:\/\/www.nettali.com\/#website"},"primaryImageOfPage":{"@id":"https:\/\/www.nettali.com\/2024\/10\/01\/quand-ousmane-sonko-fait-de-la-dette-un-show-electoral\/#primaryimage"},"datePublished":"2024-10-01T08:50:41+00:00","dateModified":"2024-10-01T08:50:41+00:00","author":{"@id":"https:\/\/www.nettali.com\/#\/schema\/person\/d8ac7b7e27ddad43f1c0d2ef090d7f71"},"breadcrumb":{"@id":"https:\/\/www.nettali.com\/2024\/10\/01\/quand-ousmane-sonko-fait-de-la-dette-un-show-electoral\/#breadcrumb"},"inLanguage":"fr-FR","potentialAction":[{"@type":"ReadAction","target":["https:\/\/www.nettali.com\/2024\/10\/01\/quand-ousmane-sonko-fait-de-la-dette-un-show-electoral\/"]}]},{"@type":"BreadcrumbList","@id":"https:\/\/www.nettali.com\/2024\/10\/01\/quand-ousmane-sonko-fait-de-la-dette-un-show-electoral\/#breadcrumb","itemListElement":[{"@type":"ListItem","position":1,"name":"Accueil","item":"https:\/\/www.nettali.com\/"},{"@type":"ListItem","position":2,"name":"Quand Ousmane Sonko fait de la dette un show \u00e9lectoral !"}]},{"@type":"Person","@id":"https:\/\/www.nettali.com\/#\/schema\/person\/d8ac7b7e27ddad43f1c0d2ef090d7f71","name":"CK","image":{"@type":"ImageObject","@id":"https:\/\/www.nettali.com\/#personlogo","inLanguage":"fr-FR","url":"https:\/\/secure.gravatar.com\/avatar\/1d8d5118b9327d94da7cd4ce7f17fec2?s=96&d=mm&r=g","contentUrl":"https:\/\/secure.gravatar.com\/avatar\/1d8d5118b9327d94da7cd4ce7f17fec2?s=96&d=mm&r=g","caption":"CK"},"sameAs":["https:\/\/www.nettali.com"]}]}},"_links":{"self":[{"href":"https:\/\/www.nettali.com\/rest\/wp\/v2\/posts\/141217"}],"collection":[{"href":"https:\/\/www.nettali.com\/rest\/wp\/v2\/posts"}],"about":[{"href":"https:\/\/www.nettali.com\/rest\/wp\/v2\/types\/post"}],"author":[{"embeddable":true,"href":"https:\/\/www.nettali.com\/rest\/wp\/v2\/users\/2"}],"replies":[{"embeddable":true,"href":"https:\/\/www.nettali.com\/rest\/wp\/v2\/comments?post=141217"}],"version-history":[{"count":1,"href":"https:\/\/www.nettali.com\/rest\/wp\/v2\/posts\/141217\/revisions"}],"predecessor-version":[{"id":141219,"href":"https:\/\/www.nettali.com\/rest\/wp\/v2\/posts\/141217\/revisions\/141219"}],"wp:featuredmedia":[{"embeddable":true,"href":"https:\/\/www.nettali.com\/rest\/wp\/v2\/media\/141218"}],"wp:attachment":[{"href":"https:\/\/www.nettali.com\/rest\/wp\/v2\/media?parent=141217"}],"wp:term":[{"taxonomy":"category","embeddable":true,"href":"https:\/\/www.nettali.com\/rest\/wp\/v2\/categories?post=141217"},{"taxonomy":"post_tag","embeddable":true,"href":"https:\/\/www.nettali.com\/rest\/wp\/v2\/tags?post=141217"}],"curies":[{"name":"wp","href":"https:\/\/api.w.org\/{rel}","templated":true}]}}