{"id":141141,"date":"2024-09-30T16:05:15","date_gmt":"2024-09-30T16:05:15","guid":{"rendered":"https:\/\/www.nettali.com\/?p=141141"},"modified":"2024-09-30T16:05:15","modified_gmt":"2024-09-30T16:05:15","slug":"france-antoine-griezmann-quitte-les-bleus","status":"publish","type":"post","link":"https:\/\/www.nettali.com\/2024\/09\/30\/france-antoine-griezmann-quitte-les-bleus\/","title":{"rendered":"FRANCE - Antoine Griezmann quitte les Bleus"},"content":{"rendered":"<p><strong>NETTALI.COM - Coup de tonnerre en \u00e9quipe de France ! Vice-capitaine des Bleus et v\u00e9ritable cadre du s\u00e9lectionneur Didier Deschamps, l'attaquant Antoine Griezmann a officiellement annonc\u00e9 ce lundi 30 septembre sa d\u00e9cision de prendre sa retraite internationale \u00e0 l'\u00e2ge de 33 ans. Une d\u00e9cision inattendue qui a \u00e9t\u00e9 expliqu\u00e9e par le joueur de l'Atletico Madrid dans une vid\u00e9o publi\u00e9e sur les r\u00e9seaux sociaux.<\/strong><\/p>\n<p>\"<em>Aujourd'hui, c'est avec une profonde \u00e9motion que je vous annonce ma retraite en tant que joueur de l'\u00e9quipe de France. Apr\u00e8s 10 ann\u00e9es incroyables, marqu\u00e9es par des d\u00e9fis, des succ\u00e8s et des moments inoubliables, il est temps pour moi de tourner une page et de laisser place \u00e0 la nouvelle g\u00e9n\u00e9ration<\/em>\", a annonc\u00e9 l'homme aux 137 s\u00e9lections et 44 buts.<\/p>\n<p>\"<em>Porter ce maillot a \u00e9t\u00e9 un honneur et un privil\u00e8ge. Depuis mars 2014 et jusqu'\u00e0 septembre dernier, j'ai eu la chance de vivre des moments incroyables aux c\u00f4t\u00e9s de co\u00e9quipiers exceptionnels. Nous avons partag\u00e9 des victoires qui resteront \u00e0 jamais grav\u00e9es dans nos m\u00e9moires, alors merci pour ces pr\u00e9cieux souvenirs que nous avons cr\u00e9\u00e9s ensemble. Je tiens \u00e9galement \u00e0 remercier les supporters qui ont toujours \u00e9t\u00e9 l\u00e0 dans les moments de joie comme dans ceux de doute. Votre passion, votre ferveur et votre fid\u00e9lit\u00e9 ont \u00e9t\u00e9 une vraie source d'\u00e9nergie pour moi. Un immense merci \u00e9galement au staff de l'\u00e9quipe de France et \u00e0 toutes les personnes qui ont travaill\u00e9 dans l'ombre, \u00e0 Clairefontaine et en d\u00e9placement. Et enfin, merci \u00e0 mon coach. Votre confiance et votre accompagnement tout au long de ma carri\u00e8re internationale ont \u00e9t\u00e9 essentiels \u00e0 mon d\u00e9veloppement en tant que sportif. Je quitte l'\u00e9quipe de France avec un profond sentiment de fiert\u00e9 et de gratitude. J'ai eu l'honneur de repr\u00e9senter notre pays et la chance de vivre des moments extraordinaires, comme celui de devenir champion du monde. Je continuerai \u00e0 suivre les Bleus avec passion et \u00e0 soutenir cette \u00e9quipe qui m'a tant donn\u00e9. Je suis convaincu que l'avenir est prometteur et j'ai h\u00e2te de voir la prochaine g\u00e9n\u00e9ration briller. Un grand merci \u00e0 vous tous pour votre amour et votre soutien. A bient\u00f4t<\/em>\", a comment\u00e9 le champion du monde 2018.<\/p>\n<div class='share-to-whatsapp-wrapper'><div class='share-on-whsp'>PARTAGER SUR : <\/div><a data-text='FRANCE - Antoine Griezmann quitte les Bleus' data-link='https:\/\/www.nettali.com\/2024\/09\/30\/france-antoine-griezmann-quitte-les-bleus\/' class='whatsapp-button whatsapp-share'>WhatsApp<\/a><div class='clear '><\/div><\/div>","protected":false},"excerpt":{"rendered":"<p>NETTALI.COM - Coup de tonnerre en \u00e9quipe de France ! Vice-capitaine des Bleus et v\u00e9ritable cadre du s\u00e9lectionneur Didier Deschamps, l'attaquant Antoine Griezmann a officiellement annonc\u00e9 ce lundi 30 septembre sa d\u00e9cision de prendre sa retraite internationale \u00e0 l'\u00e2ge de 33 ans. Une d\u00e9cision inattendue qui a \u00e9t\u00e9 expliqu\u00e9e par le joueur de l'Atletico Madrid [&hellip;]<\/p>\n","protected":false},"author":5,"featured_media":141142,"comment_status":"open","ping_status":"open","sticky":false,"template":"","format":"standard","meta":{"_et_pb_use_builder":"","_et_pb_old_content":""},"categories":[6],"tags":[],"yoast_head":"<!-- This site is optimized with the Yoast SEO Premium plugin v17.8 (Yoast SEO v17.8) - https:\/\/yoast.com\/wordpress\/plugins\/seo\/ -->\n<title>FRANCE - Antoine Griezmann quitte les Bleus | Nettali.com<\/title>\n<meta name=\"robots\" content=\"index, follow, max-snippet:-1, max-image-preview:large, max-video-preview:-1\" \/>\n<link rel=\"canonical\" href=\"https:\/\/www.nettali.com\/2024\/09\/30\/france-antoine-griezmann-quitte-les-bleus\/\" \/>\n<meta property=\"og:locale\" content=\"fr_FR\" \/>\n<meta property=\"og:type\" content=\"article\" \/>\n<meta property=\"og:title\" content=\"FRANCE - Antoine Griezmann quitte les Bleus\" \/>\n<meta property=\"og:description\" content=\"NETTALI.COM - Coup de tonnerre en \u00e9quipe de France ! Vice-capitaine des Bleus et v\u00e9ritable cadre du s\u00e9lectionneur Didier Deschamps, l&#039;attaquant Antoine Griezmann a officiellement annonc\u00e9 ce lundi 30 septembre sa d\u00e9cision de prendre sa retraite internationale \u00e0 l&#039;\u00e2ge de 33 ans. Une d\u00e9cision inattendue qui a \u00e9t\u00e9 expliqu\u00e9e par le joueur de l&#039;Atletico Madrid [&hellip;]\" \/>\n<meta property=\"og:url\" content=\"https:\/\/www.nettali.com\/2024\/09\/30\/france-antoine-griezmann-quitte-les-bleus\/\" \/>\n<meta property=\"og:site_name\" content=\"Nettali.com\" \/>\n<meta property=\"article:publisher\" content=\"https:\/\/www.facebook.com\/nettalicom\" \/>\n<meta property=\"article:published_time\" content=\"2024-09-30T16:05:15+00:00\" \/>\n<meta property=\"og:image\" content=\"https:\/\/www.nettali.com\/wp-content\/uploads\/2024\/09\/66f004c9-30f8-4c44-8bc7-4ebd9f15ceac.jpeg\" \/>\n\t<meta property=\"og:image:width\" content=\"900\" \/>\n\t<meta property=\"og:image:height\" content=\"600\" \/>\n<meta name=\"twitter:card\" content=\"summary_large_image\" \/>\n<meta name=\"twitter:label1\" content=\"\u00c9crit par\" \/>\n\t<meta name=\"twitter:data1\" content=\"Ibrahima\" \/>\n\t<meta name=\"twitter:label2\" content=\"Dur\u00e9e de lecture estim\u00e9e\" \/>\n\t<meta name=\"twitter:data2\" content=\"2 minutes\" \/>\n<script type=\"application\/ld+json\" class=\"yoast-schema-graph\">{\"@context\":\"https:\/\/schema.org\",\"@graph\":[{\"@type\":\"WebSite\",\"@id\":\"https:\/\/www.nettali.com\/#website\",\"url\":\"https:\/\/www.nettali.com\/\",\"name\":\"Nettali.com\",\"description\":\"Le rendez-vous critique du Net\",\"potentialAction\":[{\"@type\":\"SearchAction\",\"target\":{\"@type\":\"EntryPoint\",\"urlTemplate\":\"https:\/\/www.nettali.com\/?s={search_term_string}\"},\"query-input\":\"required name=search_term_string\"}],\"inLanguage\":\"fr-FR\"},{\"@type\":\"ImageObject\",\"@id\":\"https:\/\/www.nettali.com\/2024\/09\/30\/france-antoine-griezmann-quitte-les-bleus\/#primaryimage\",\"inLanguage\":\"fr-FR\",\"url\":\"https:\/\/www.nettali.com\/wp-content\/uploads\/2024\/09\/66f004c9-30f8-4c44-8bc7-4ebd9f15ceac.jpeg\",\"contentUrl\":\"https:\/\/www.nettali.com\/wp-content\/uploads\/2024\/09\/66f004c9-30f8-4c44-8bc7-4ebd9f15ceac.jpeg\",\"width\":900,\"height\":600},{\"@type\":\"WebPage\",\"@id\":\"https:\/\/www.nettali.com\/2024\/09\/30\/france-antoine-griezmann-quitte-les-bleus\/#webpage\",\"url\":\"https:\/\/www.nettali.com\/2024\/09\/30\/france-antoine-griezmann-quitte-les-bleus\/\",\"name\":\"FRANCE - Antoine Griezmann quitte les Bleus | Nettali.com\",\"isPartOf\":{\"@id\":\"https:\/\/www.nettali.com\/#website\"},\"primaryImageOfPage\":{\"@id\":\"https:\/\/www.nettali.com\/2024\/09\/30\/france-antoine-griezmann-quitte-les-bleus\/#primaryimage\"},\"datePublished\":\"2024-09-30T16:05:15+00:00\",\"dateModified\":\"2024-09-30T16:05:15+00:00\",\"author\":{\"@id\":\"https:\/\/www.nettali.com\/#\/schema\/person\/bb147657c2986240405a608162b9bb23\"},\"breadcrumb\":{\"@id\":\"https:\/\/www.nettali.com\/2024\/09\/30\/france-antoine-griezmann-quitte-les-bleus\/#breadcrumb\"},\"inLanguage\":\"fr-FR\",\"potentialAction\":[{\"@type\":\"ReadAction\",\"target\":[\"https:\/\/www.nettali.com\/2024\/09\/30\/france-antoine-griezmann-quitte-les-bleus\/\"]}]},{\"@type\":\"BreadcrumbList\",\"@id\":\"https:\/\/www.nettali.com\/2024\/09\/30\/france-antoine-griezmann-quitte-les-bleus\/#breadcrumb\",\"itemListElement\":[{\"@type\":\"ListItem\",\"position\":1,\"name\":\"Accueil\",\"item\":\"https:\/\/www.nettali.com\/\"},{\"@type\":\"ListItem\",\"position\":2,\"name\":\"FRANCE - Antoine Griezmann quitte les Bleus\"}]},{\"@type\":\"Person\",\"@id\":\"https:\/\/www.nettali.com\/#\/schema\/person\/bb147657c2986240405a608162b9bb23\",\"name\":\"Ibrahima\",\"image\":{\"@type\":\"ImageObject\",\"@id\":\"https:\/\/www.nettali.com\/#personlogo\",\"inLanguage\":\"fr-FR\",\"url\":\"https:\/\/secure.gravatar.com\/avatar\/26a8a81f09f0dd7624c9d5c36c9ba3a2?s=96&d=mm&r=g\",\"contentUrl\":\"https:\/\/secure.gravatar.com\/avatar\/26a8a81f09f0dd7624c9d5c36c9ba3a2?s=96&d=mm&r=g\",\"caption\":\"Ibrahima\"},\"sameAs\":[\"https:\/\/www.nettali.com\"]}]}<\/script>\n<!-- \/ Yoast SEO Premium plugin. -->","yoast_head_json":{"title":"FRANCE - Antoine Griezmann quitte les Bleus | Nettali.com","robots":{"index":"index","follow":"follow","max-snippet":"max-snippet:-1","max-image-preview":"max-image-preview:large","max-video-preview":"max-video-preview:-1"},"canonical":"https:\/\/www.nettali.com\/2024\/09\/30\/france-antoine-griezmann-quitte-les-bleus\/","og_locale":"fr_FR","og_type":"article","og_title":"FRANCE - Antoine Griezmann quitte les Bleus","og_description":"NETTALI.COM - Coup de tonnerre en \u00e9quipe de France ! Vice-capitaine des Bleus et v\u00e9ritable cadre du s\u00e9lectionneur Didier Deschamps, l'attaquant Antoine Griezmann a officiellement annonc\u00e9 ce lundi 30 septembre sa d\u00e9cision de prendre sa retraite internationale \u00e0 l'\u00e2ge de 33 ans. Une d\u00e9cision inattendue qui a \u00e9t\u00e9 expliqu\u00e9e par le joueur de l'Atletico Madrid [&hellip;]","og_url":"https:\/\/www.nettali.com\/2024\/09\/30\/france-antoine-griezmann-quitte-les-bleus\/","og_site_name":"Nettali.com","article_publisher":"https:\/\/www.facebook.com\/nettalicom","article_published_time":"2024-09-30T16:05:15+00:00","og_image":[{"width":900,"height":600,"url":"https:\/\/www.nettali.com\/wp-content\/uploads\/2024\/09\/66f004c9-30f8-4c44-8bc7-4ebd9f15ceac.jpeg","type":"image\/jpeg"}],"twitter_card":"summary_large_image","twitter_misc":{"\u00c9crit par":"Ibrahima","Dur\u00e9e de lecture estim\u00e9e":"2 minutes"},"schema":{"@context":"https:\/\/schema.org","@graph":[{"@type":"WebSite","@id":"https:\/\/www.nettali.com\/#website","url":"https:\/\/www.nettali.com\/","name":"Nettali.com","description":"Le rendez-vous critique du Net","potentialAction":[{"@type":"SearchAction","target":{"@type":"EntryPoint","urlTemplate":"https:\/\/www.nettali.com\/?s={search_term_string}"},"query-input":"required name=search_term_string"}],"inLanguage":"fr-FR"},{"@type":"ImageObject","@id":"https:\/\/www.nettali.com\/2024\/09\/30\/france-antoine-griezmann-quitte-les-bleus\/#primaryimage","inLanguage":"fr-FR","url":"https:\/\/www.nettali.com\/wp-content\/uploads\/2024\/09\/66f004c9-30f8-4c44-8bc7-4ebd9f15ceac.jpeg","contentUrl":"https:\/\/www.nettali.com\/wp-content\/uploads\/2024\/09\/66f004c9-30f8-4c44-8bc7-4ebd9f15ceac.jpeg","width":900,"height":600},{"@type":"WebPage","@id":"https:\/\/www.nettali.com\/2024\/09\/30\/france-antoine-griezmann-quitte-les-bleus\/#webpage","url":"https:\/\/www.nettali.com\/2024\/09\/30\/france-antoine-griezmann-quitte-les-bleus\/","name":"FRANCE - Antoine Griezmann quitte les Bleus | Nettali.com","isPartOf":{"@id":"https:\/\/www.nettali.com\/#website"},"primaryImageOfPage":{"@id":"https:\/\/www.nettali.com\/2024\/09\/30\/france-antoine-griezmann-quitte-les-bleus\/#primaryimage"},"datePublished":"2024-09-30T16:05:15+00:00","dateModified":"2024-09-30T16:05:15+00:00","author":{"@id":"https:\/\/www.nettali.com\/#\/schema\/person\/bb147657c2986240405a608162b9bb23"},"breadcrumb":{"@id":"https:\/\/www.nettali.com\/2024\/09\/30\/france-antoine-griezmann-quitte-les-bleus\/#breadcrumb"},"inLanguage":"fr-FR","potentialAction":[{"@type":"ReadAction","target":["https:\/\/www.nettali.com\/2024\/09\/30\/france-antoine-griezmann-quitte-les-bleus\/"]}]},{"@type":"BreadcrumbList","@id":"https:\/\/www.nettali.com\/2024\/09\/30\/france-antoine-griezmann-quitte-les-bleus\/#breadcrumb","itemListElement":[{"@type":"ListItem","position":1,"name":"Accueil","item":"https:\/\/www.nettali.com\/"},{"@type":"ListItem","position":2,"name":"FRANCE - Antoine Griezmann quitte les Bleus"}]},{"@type":"Person","@id":"https:\/\/www.nettali.com\/#\/schema\/person\/bb147657c2986240405a608162b9bb23","name":"Ibrahima","image":{"@type":"ImageObject","@id":"https:\/\/www.nettali.com\/#personlogo","inLanguage":"fr-FR","url":"https:\/\/secure.gravatar.com\/avatar\/26a8a81f09f0dd7624c9d5c36c9ba3a2?s=96&d=mm&r=g","contentUrl":"https:\/\/secure.gravatar.com\/avatar\/26a8a81f09f0dd7624c9d5c36c9ba3a2?s=96&d=mm&r=g","caption":"Ibrahima"},"sameAs":["https:\/\/www.nettali.com"]}]}},"_links":{"self":[{"href":"https:\/\/www.nettali.com\/rest\/wp\/v2\/posts\/141141"}],"collection":[{"href":"https:\/\/www.nettali.com\/rest\/wp\/v2\/posts"}],"about":[{"href":"https:\/\/www.nettali.com\/rest\/wp\/v2\/types\/post"}],"author":[{"embeddable":true,"href":"https:\/\/www.nettali.com\/rest\/wp\/v2\/users\/5"}],"replies":[{"embeddable":true,"href":"https:\/\/www.nettali.com\/rest\/wp\/v2\/comments?post=141141"}],"version-history":[{"count":1,"href":"https:\/\/www.nettali.com\/rest\/wp\/v2\/posts\/141141\/revisions"}],"predecessor-version":[{"id":141144,"href":"https:\/\/www.nettali.com\/rest\/wp\/v2\/posts\/141141\/revisions\/141144"}],"wp:featuredmedia":[{"embeddable":true,"href":"https:\/\/www.nettali.com\/rest\/wp\/v2\/media\/141142"}],"wp:attachment":[{"href":"https:\/\/www.nettali.com\/rest\/wp\/v2\/media?parent=141141"}],"wp:term":[{"taxonomy":"category","embeddable":true,"href":"https:\/\/www.nettali.com\/rest\/wp\/v2\/categories?post=141141"},{"taxonomy":"post_tag","embeddable":true,"href":"https:\/\/www.nettali.com\/rest\/wp\/v2\/tags?post=141141"}],"curies":[{"name":"wp","href":"https:\/\/api.w.org\/{rel}","templated":true}]}}