{"id":141128,"date":"2024-09-29T20:09:03","date_gmt":"2024-09-29T20:09:03","guid":{"rendered":"https:\/\/www.nettali.com\/?p=141128"},"modified":"2024-09-29T20:09:03","modified_gmt":"2024-09-29T20:09:03","slug":"legislatives-anticipees-la-date-de-cloture-du-depot-des-listes-de-candidatures-maintenue-au-dimanche-29-septembre-a-minuit","status":"publish","type":"post","link":"https:\/\/www.nettali.com\/2024\/09\/29\/legislatives-anticipees-la-date-de-cloture-du-depot-des-listes-de-candidatures-maintenue-au-dimanche-29-septembre-a-minuit\/","title":{"rendered":"LEGISLATIVES ANTICIP\u00c9ES - La date de cl\u00f4ture du d\u00e9p\u00f4t des listes de candidatures maintenue au dimanche 29 septembre, \u00e0 minuit"},"content":{"rendered":"<p><strong>NETTALI.COM - Le minist\u00e8re de l\u2019Int\u00e9rieur a confirm\u00e9, dans un communiqu\u00e9, le maintien au plus tard ce dimanche 29 septembre 2024, \u00e0 minuit, de la date de cl\u00f4ture du d\u00e9p\u00f4t des listes de candidatures aux \u00e9lections l\u00e9gislatives anticip\u00e9es du 17 novembre prochain.<\/strong><\/p>\n<p>La confirmation de la p\u00e9riode de d\u00e9p\u00f4t des listes de candidatures aux \u00e9lections l\u00e9gislatives \u00e0 venir a \u00e9t\u00e9 annonc\u00e9e apr\u00e8s que beaucoup d\u2019acteurs pr\u00e9sents \u00e0 une rencontre tenue samedi avec le ministre de l\u2019Int\u00e9rieur, Jean-Baptiste Tine, ont \u00e9mis le souhait de voir repousser la date butoir afin de surmonter quelques difficult\u00e9s administratives.<\/p>\n<p><em>\"Le ministre de l\u2019Int\u00e9rieur et de la S\u00e9curit\u00e9 publique informe les partis politiques l\u00e9galement constitu\u00e9s, les coalitions de partis politiques et les entit\u00e9s regroupant des personnes ind\u00e9pendantes que la p\u00e9riode de d\u00e9p\u00f4t des listes n\u2019a pu \u00eatre allong\u00e9e comme souhait\u00e9e par la plupart des acteurs pr\u00e9sents \u00e0 la rencontre tenue le 28 septembre\"<\/em>, rapporte le communiqu\u00e9 dudit minist\u00e8re.<\/p>\n<p>Le d\u00e9partement minist\u00e9riel en charge de l\u2019organisation des \u00e9lections au S\u00e9n\u00e9gal souligne, par cons\u00e9quent, que la p\u00e9riode de d\u00e9p\u00f4t est fix\u00e9e du samedi 28 au dimanche 29 septembre \u00e0 minuit.<\/p>\n<div class='share-to-whatsapp-wrapper'><div class='share-on-whsp'>PARTAGER SUR : <\/div><a data-text='LEGISLATIVES ANTICIP\u00c9ES - La date de cl\u00f4ture du d\u00e9p\u00f4t des listes de candidatures maintenue au dimanche 29 septembre, \u00e0 minuit' data-link='https:\/\/www.nettali.com\/2024\/09\/29\/legislatives-anticipees-la-date-de-cloture-du-depot-des-listes-de-candidatures-maintenue-au-dimanche-29-septembre-a-minuit\/' class='whatsapp-button whatsapp-share'>WhatsApp<\/a><div class='clear '><\/div><\/div>","protected":false},"excerpt":{"rendered":"<p>NETTALI.COM - Le minist\u00e8re de l\u2019Int\u00e9rieur a confirm\u00e9, dans un communiqu\u00e9, le maintien au plus tard ce dimanche 29 septembre 2024, \u00e0 minuit, de la date de cl\u00f4ture du d\u00e9p\u00f4t des listes de candidatures aux \u00e9lections l\u00e9gislatives anticip\u00e9es du 17 novembre prochain. La confirmation de la p\u00e9riode de d\u00e9p\u00f4t des listes de candidatures aux \u00e9lections [&hellip;]<\/p>\n","protected":false},"author":4,"featured_media":19208,"comment_status":"open","ping_status":"open","sticky":false,"template":"","format":"standard","meta":{"_et_pb_use_builder":"","_et_pb_old_content":""},"categories":[2],"tags":[],"yoast_head":"<!-- This site is optimized with the Yoast SEO Premium plugin v17.8 (Yoast SEO v17.8) - https:\/\/yoast.com\/wordpress\/plugins\/seo\/ -->\n<title>LEGISLATIVES ANTICIP\u00c9ES - La date de cl\u00f4ture du d\u00e9p\u00f4t des listes de candidatures maintenue au dimanche 29 septembre, \u00e0 minuit | Nettali.com<\/title>\n<meta name=\"robots\" content=\"index, follow, max-snippet:-1, max-image-preview:large, max-video-preview:-1\" \/>\n<link rel=\"canonical\" href=\"https:\/\/www.nettali.com\/2024\/09\/29\/legislatives-anticipees-la-date-de-cloture-du-depot-des-listes-de-candidatures-maintenue-au-dimanche-29-septembre-a-minuit\/\" \/>\n<meta property=\"og:locale\" content=\"fr_FR\" \/>\n<meta property=\"og:type\" content=\"article\" \/>\n<meta property=\"og:title\" content=\"LEGISLATIVES ANTICIP\u00c9ES - La date de cl\u00f4ture du d\u00e9p\u00f4t des listes de candidatures maintenue au dimanche 29 septembre, \u00e0 minuit\" \/>\n<meta property=\"og:description\" content=\"NETTALI.COM - Le minist\u00e8re de l\u2019Int\u00e9rieur a confirm\u00e9, dans un communiqu\u00e9, le maintien au plus tard ce dimanche 29 septembre 2024, \u00e0 minuit, de la date de cl\u00f4ture du d\u00e9p\u00f4t des listes de candidatures aux \u00e9lections l\u00e9gislatives anticip\u00e9es du 17 novembre prochain. La confirmation de la p\u00e9riode de d\u00e9p\u00f4t des listes de candidatures aux \u00e9lections [&hellip;]\" \/>\n<meta property=\"og:url\" content=\"https:\/\/www.nettali.com\/2024\/09\/29\/legislatives-anticipees-la-date-de-cloture-du-depot-des-listes-de-candidatures-maintenue-au-dimanche-29-septembre-a-minuit\/\" \/>\n<meta property=\"og:site_name\" content=\"Nettali.com\" \/>\n<meta property=\"article:publisher\" content=\"https:\/\/www.facebook.com\/nettalicom\" \/>\n<meta property=\"article:published_time\" content=\"2024-09-29T20:09:03+00:00\" \/>\n<meta property=\"og:image\" content=\"https:\/\/www.nettali.com\/wp-content\/uploads\/2019\/10\/Assemblee-nationale.jpg\" \/>\n\t<meta property=\"og:image:width\" content=\"1200\" \/>\n\t<meta property=\"og:image:height\" content=\"674\" \/>\n<meta name=\"twitter:card\" content=\"summary_large_image\" \/>\n<meta name=\"twitter:label1\" content=\"\u00c9crit par\" \/>\n\t<meta name=\"twitter:data1\" content=\"Daouda\" \/>\n\t<meta name=\"twitter:label2\" content=\"Dur\u00e9e de lecture estim\u00e9e\" \/>\n\t<meta name=\"twitter:data2\" content=\"1 minute\" \/>\n<script type=\"application\/ld+json\" class=\"yoast-schema-graph\">{\"@context\":\"https:\/\/schema.org\",\"@graph\":[{\"@type\":\"WebSite\",\"@id\":\"https:\/\/www.nettali.com\/#website\",\"url\":\"https:\/\/www.nettali.com\/\",\"name\":\"Nettali.com\",\"description\":\"Le rendez-vous critique du Net\",\"potentialAction\":[{\"@type\":\"SearchAction\",\"target\":{\"@type\":\"EntryPoint\",\"urlTemplate\":\"https:\/\/www.nettali.com\/?s={search_term_string}\"},\"query-input\":\"required name=search_term_string\"}],\"inLanguage\":\"fr-FR\"},{\"@type\":\"ImageObject\",\"@id\":\"https:\/\/www.nettali.com\/2024\/09\/29\/legislatives-anticipees-la-date-de-cloture-du-depot-des-listes-de-candidatures-maintenue-au-dimanche-29-septembre-a-minuit\/#primaryimage\",\"inLanguage\":\"fr-FR\",\"url\":\"https:\/\/www.nettali.com\/wp-content\/uploads\/2019\/10\/Assemblee-nationale.jpg\",\"contentUrl\":\"https:\/\/www.nettali.com\/wp-content\/uploads\/2019\/10\/Assemblee-nationale.jpg\",\"width\":1200,\"height\":674},{\"@type\":\"WebPage\",\"@id\":\"https:\/\/www.nettali.com\/2024\/09\/29\/legislatives-anticipees-la-date-de-cloture-du-depot-des-listes-de-candidatures-maintenue-au-dimanche-29-septembre-a-minuit\/#webpage\",\"url\":\"https:\/\/www.nettali.com\/2024\/09\/29\/legislatives-anticipees-la-date-de-cloture-du-depot-des-listes-de-candidatures-maintenue-au-dimanche-29-septembre-a-minuit\/\",\"name\":\"LEGISLATIVES ANTICIP\\u00c9ES - La date de cl\\u00f4ture du d\\u00e9p\\u00f4t des listes de candidatures maintenue au dimanche 29 septembre, \\u00e0 minuit | Nettali.com\",\"isPartOf\":{\"@id\":\"https:\/\/www.nettali.com\/#website\"},\"primaryImageOfPage\":{\"@id\":\"https:\/\/www.nettali.com\/2024\/09\/29\/legislatives-anticipees-la-date-de-cloture-du-depot-des-listes-de-candidatures-maintenue-au-dimanche-29-septembre-a-minuit\/#primaryimage\"},\"datePublished\":\"2024-09-29T20:09:03+00:00\",\"dateModified\":\"2024-09-29T20:09:03+00:00\",\"author\":{\"@id\":\"https:\/\/www.nettali.com\/#\/schema\/person\/3317e0bb3aa1da309fbf7b2780901bf4\"},\"breadcrumb\":{\"@id\":\"https:\/\/www.nettali.com\/2024\/09\/29\/legislatives-anticipees-la-date-de-cloture-du-depot-des-listes-de-candidatures-maintenue-au-dimanche-29-septembre-a-minuit\/#breadcrumb\"},\"inLanguage\":\"fr-FR\",\"potentialAction\":[{\"@type\":\"ReadAction\",\"target\":[\"https:\/\/www.nettali.com\/2024\/09\/29\/legislatives-anticipees-la-date-de-cloture-du-depot-des-listes-de-candidatures-maintenue-au-dimanche-29-septembre-a-minuit\/\"]}]},{\"@type\":\"BreadcrumbList\",\"@id\":\"https:\/\/www.nettali.com\/2024\/09\/29\/legislatives-anticipees-la-date-de-cloture-du-depot-des-listes-de-candidatures-maintenue-au-dimanche-29-septembre-a-minuit\/#breadcrumb\",\"itemListElement\":[{\"@type\":\"ListItem\",\"position\":1,\"name\":\"Accueil\",\"item\":\"https:\/\/www.nettali.com\/\"},{\"@type\":\"ListItem\",\"position\":2,\"name\":\"LEGISLATIVES ANTICIP\\u00c9ES - La date de cl\\u00f4ture du d\\u00e9p\\u00f4t des listes de candidatures maintenue au dimanche 29 septembre, \\u00e0 minuit\"}]},{\"@type\":\"Person\",\"@id\":\"https:\/\/www.nettali.com\/#\/schema\/person\/3317e0bb3aa1da309fbf7b2780901bf4\",\"name\":\"Daouda\",\"image\":{\"@type\":\"ImageObject\",\"@id\":\"https:\/\/www.nettali.com\/#personlogo\",\"inLanguage\":\"fr-FR\",\"url\":\"https:\/\/secure.gravatar.com\/avatar\/8d143b5a49345098ddcfee1c49c2f47c?s=96&d=mm&r=g\",\"contentUrl\":\"https:\/\/secure.gravatar.com\/avatar\/8d143b5a49345098ddcfee1c49c2f47c?s=96&d=mm&r=g\",\"caption\":\"Daouda\"},\"sameAs\":[\"https:\/\/www.nettali.com\"]}]}<\/script>\n<!-- \/ Yoast SEO Premium plugin. -->","yoast_head_json":{"title":"LEGISLATIVES ANTICIP\u00c9ES - La date de cl\u00f4ture du d\u00e9p\u00f4t des listes de candidatures maintenue au dimanche 29 septembre, \u00e0 minuit | Nettali.com","robots":{"index":"index","follow":"follow","max-snippet":"max-snippet:-1","max-image-preview":"max-image-preview:large","max-video-preview":"max-video-preview:-1"},"canonical":"https:\/\/www.nettali.com\/2024\/09\/29\/legislatives-anticipees-la-date-de-cloture-du-depot-des-listes-de-candidatures-maintenue-au-dimanche-29-septembre-a-minuit\/","og_locale":"fr_FR","og_type":"article","og_title":"LEGISLATIVES ANTICIP\u00c9ES - La date de cl\u00f4ture du d\u00e9p\u00f4t des listes de candidatures maintenue au dimanche 29 septembre, \u00e0 minuit","og_description":"NETTALI.COM - Le minist\u00e8re de l\u2019Int\u00e9rieur a confirm\u00e9, dans un communiqu\u00e9, le maintien au plus tard ce dimanche 29 septembre 2024, \u00e0 minuit, de la date de cl\u00f4ture du d\u00e9p\u00f4t des listes de candidatures aux \u00e9lections l\u00e9gislatives anticip\u00e9es du 17 novembre prochain. La confirmation de la p\u00e9riode de d\u00e9p\u00f4t des listes de candidatures aux \u00e9lections [&hellip;]","og_url":"https:\/\/www.nettali.com\/2024\/09\/29\/legislatives-anticipees-la-date-de-cloture-du-depot-des-listes-de-candidatures-maintenue-au-dimanche-29-septembre-a-minuit\/","og_site_name":"Nettali.com","article_publisher":"https:\/\/www.facebook.com\/nettalicom","article_published_time":"2024-09-29T20:09:03+00:00","og_image":[{"width":1200,"height":674,"url":"https:\/\/www.nettali.com\/wp-content\/uploads\/2019\/10\/Assemblee-nationale.jpg","type":"image\/jpeg"}],"twitter_card":"summary_large_image","twitter_misc":{"\u00c9crit par":"Daouda","Dur\u00e9e de lecture estim\u00e9e":"1 minute"},"schema":{"@context":"https:\/\/schema.org","@graph":[{"@type":"WebSite","@id":"https:\/\/www.nettali.com\/#website","url":"https:\/\/www.nettali.com\/","name":"Nettali.com","description":"Le rendez-vous critique du Net","potentialAction":[{"@type":"SearchAction","target":{"@type":"EntryPoint","urlTemplate":"https:\/\/www.nettali.com\/?s={search_term_string}"},"query-input":"required name=search_term_string"}],"inLanguage":"fr-FR"},{"@type":"ImageObject","@id":"https:\/\/www.nettali.com\/2024\/09\/29\/legislatives-anticipees-la-date-de-cloture-du-depot-des-listes-de-candidatures-maintenue-au-dimanche-29-septembre-a-minuit\/#primaryimage","inLanguage":"fr-FR","url":"https:\/\/www.nettali.com\/wp-content\/uploads\/2019\/10\/Assemblee-nationale.jpg","contentUrl":"https:\/\/www.nettali.com\/wp-content\/uploads\/2019\/10\/Assemblee-nationale.jpg","width":1200,"height":674},{"@type":"WebPage","@id":"https:\/\/www.nettali.com\/2024\/09\/29\/legislatives-anticipees-la-date-de-cloture-du-depot-des-listes-de-candidatures-maintenue-au-dimanche-29-septembre-a-minuit\/#webpage","url":"https:\/\/www.nettali.com\/2024\/09\/29\/legislatives-anticipees-la-date-de-cloture-du-depot-des-listes-de-candidatures-maintenue-au-dimanche-29-septembre-a-minuit\/","name":"LEGISLATIVES ANTICIP\u00c9ES - La date de cl\u00f4ture du d\u00e9p\u00f4t des listes de candidatures maintenue au dimanche 29 septembre, \u00e0 minuit | Nettali.com","isPartOf":{"@id":"https:\/\/www.nettali.com\/#website"},"primaryImageOfPage":{"@id":"https:\/\/www.nettali.com\/2024\/09\/29\/legislatives-anticipees-la-date-de-cloture-du-depot-des-listes-de-candidatures-maintenue-au-dimanche-29-septembre-a-minuit\/#primaryimage"},"datePublished":"2024-09-29T20:09:03+00:00","dateModified":"2024-09-29T20:09:03+00:00","author":{"@id":"https:\/\/www.nettali.com\/#\/schema\/person\/3317e0bb3aa1da309fbf7b2780901bf4"},"breadcrumb":{"@id":"https:\/\/www.nettali.com\/2024\/09\/29\/legislatives-anticipees-la-date-de-cloture-du-depot-des-listes-de-candidatures-maintenue-au-dimanche-29-septembre-a-minuit\/#breadcrumb"},"inLanguage":"fr-FR","potentialAction":[{"@type":"ReadAction","target":["https:\/\/www.nettali.com\/2024\/09\/29\/legislatives-anticipees-la-date-de-cloture-du-depot-des-listes-de-candidatures-maintenue-au-dimanche-29-septembre-a-minuit\/"]}]},{"@type":"BreadcrumbList","@id":"https:\/\/www.nettali.com\/2024\/09\/29\/legislatives-anticipees-la-date-de-cloture-du-depot-des-listes-de-candidatures-maintenue-au-dimanche-29-septembre-a-minuit\/#breadcrumb","itemListElement":[{"@type":"ListItem","position":1,"name":"Accueil","item":"https:\/\/www.nettali.com\/"},{"@type":"ListItem","position":2,"name":"LEGISLATIVES ANTICIP\u00c9ES - La date de cl\u00f4ture du d\u00e9p\u00f4t des listes de candidatures maintenue au dimanche 29 septembre, \u00e0 minuit"}]},{"@type":"Person","@id":"https:\/\/www.nettali.com\/#\/schema\/person\/3317e0bb3aa1da309fbf7b2780901bf4","name":"Daouda","image":{"@type":"ImageObject","@id":"https:\/\/www.nettali.com\/#personlogo","inLanguage":"fr-FR","url":"https:\/\/secure.gravatar.com\/avatar\/8d143b5a49345098ddcfee1c49c2f47c?s=96&d=mm&r=g","contentUrl":"https:\/\/secure.gravatar.com\/avatar\/8d143b5a49345098ddcfee1c49c2f47c?s=96&d=mm&r=g","caption":"Daouda"},"sameAs":["https:\/\/www.nettali.com"]}]}},"_links":{"self":[{"href":"https:\/\/www.nettali.com\/rest\/wp\/v2\/posts\/141128"}],"collection":[{"href":"https:\/\/www.nettali.com\/rest\/wp\/v2\/posts"}],"about":[{"href":"https:\/\/www.nettali.com\/rest\/wp\/v2\/types\/post"}],"author":[{"embeddable":true,"href":"https:\/\/www.nettali.com\/rest\/wp\/v2\/users\/4"}],"replies":[{"embeddable":true,"href":"https:\/\/www.nettali.com\/rest\/wp\/v2\/comments?post=141128"}],"version-history":[{"count":1,"href":"https:\/\/www.nettali.com\/rest\/wp\/v2\/posts\/141128\/revisions"}],"predecessor-version":[{"id":141129,"href":"https:\/\/www.nettali.com\/rest\/wp\/v2\/posts\/141128\/revisions\/141129"}],"wp:featuredmedia":[{"embeddable":true,"href":"https:\/\/www.nettali.com\/rest\/wp\/v2\/media\/19208"}],"wp:attachment":[{"href":"https:\/\/www.nettali.com\/rest\/wp\/v2\/media?parent=141128"}],"wp:term":[{"taxonomy":"category","embeddable":true,"href":"https:\/\/www.nettali.com\/rest\/wp\/v2\/categories?post=141128"},{"taxonomy":"post_tag","embeddable":true,"href":"https:\/\/www.nettali.com\/rest\/wp\/v2\/tags?post=141128"}],"curies":[{"name":"wp","href":"https:\/\/api.w.org\/{rel}","templated":true}]}}