{"id":141109,"date":"2024-09-29T16:41:32","date_gmt":"2024-09-29T16:41:32","guid":{"rendered":"https:\/\/www.nettali.com\/?p=141109"},"modified":"2024-09-30T17:00:01","modified_gmt":"2024-09-30T17:00:01","slug":"abdou-mbow-depute-de-lapr-sur-les-legislatives-anticipees-ces-elections-seront-les-plus-mal-organisees-de-lhistoire","status":"publish","type":"post","link":"https:\/\/www.nettali.com\/2024\/09\/29\/abdou-mbow-depute-de-lapr-sur-les-legislatives-anticipees-ces-elections-seront-les-plus-mal-organisees-de-lhistoire\/","title":{"rendered":"ABDOU MBOW SUR LES L\u00c9GISLATIVES ANTICIP\u00c9ES : \"Ces \u00e9lections  seront les plus mal organis\u00e9es de l\u2019histoire\""},"content":{"rendered":"<p><strong>NETTALI.COM- L'ex-pr\u00e9sident du groupe parlementaire Benno Bokk Yaakar d\u00e9nonce une violation de la loi dans le processus des \u00e9lections l\u00e9gislatives pr\u00e9vues le 17 novembre prochain. Abdou a affirm\u00e9 sur le plateau de Jury du dimanche qu\u2019elles seront les \u00e9lections les plus mal organis\u00e9es de l\u2019histoire. L'aperiste est \u00e9galement revenu sur la sortie du Premier ministre et sur l'installation du Pool judiciaire financier.<\/strong><\/p>\n<p>Le d\u00e9put\u00e9 de la 14 l\u00e9gislature Abdou Mbow d\u00e9c\u00e8le des anomalies dans le processus \u00e9lectoral en vue des l\u00e9gislatives anticip\u00e9es du 17 novembre 2024. D'abord, l'ex-parlementaire fustige l\u2019avis du Conseil constitutionnel re\u00e7u par le pr\u00e9sident de la R\u00e9publique et publi\u00e9 deux mois apr\u00e8s. \u00ab <em>Il a eu l'avis constitutionnel o\u00f9 il est mentionn\u00e9 \u00e0 l'article 4, que cet avis doit \u00eatre publi\u00e9 au journal officiel. Il a re\u00e7u l'avis le 13 juillet et on l'a publi\u00e9 deux mois apr\u00e8s. Est-ce que dans un pays, une R\u00e9publique normale, cela peut se comprendre ? J'ai dit bien non. C'est-\u00e0-dire la date des \u00e9lections, le fait d'\u00e9liminer le parrainage, les actes r\u00e9glementaires<\/em> \u00bb, a-t-il d\u00e9nonc\u00e9 au JDD de Iradio.<\/p>\n<p>L\u2019ancien pr\u00e9sident du groupe parlementaire Bennoo Bokk Yaakar a affirm\u00e9 sans langue de bois que ces \u00e9lections seront les plus mal organis\u00e9es de l\u2019histoire. \u00ab<em> Ce sont des actes r\u00e9glementaires qui remplacent une loi organique. Et \u00e7a, ce n'est pas normal encore une fois de plus. Ils ont viol\u00e9 totalement la constitution s\u00e9n\u00e9galaise et \u00e7a c'est dangereux. Parce que le pr\u00e9sident de la r\u00e9publique, il a pr\u00eat\u00e9 serment pour d'abord dire qu'il va respecter la constitution et faire respecter la loi. Et aujourd'hui, on voit qu'ils sont dans le d\u00e9ni, ils sont dans le t\u00e2tonnement. On a totalement des craintes parce que les d\u00e9lais sont non seulement courts, ils vont avoir des \u00e9lections les plus mal organis\u00e9es de l'histoire<\/em> \u00bb, peste Abdou Mbow.<\/p>\n<p><strong>\u00ab Une chasse aux sorci\u00e8res sous le pr\u00e9texte d\u2019une reddition des comptes \u00bb<\/strong><\/p>\n<p>Revenant sur la conf\u00e9rence du Premier ministre, l'invit\u00e9 de JDD parle de mensonge d\u2019\u00c9tat non sans pointer du doigt une chasse aux sorci\u00e8res sous le pr\u00e9texte d\u2019une reddition des comptes. Accusant le PM de faire dans la manipulation, Abdou Mbow d\u00e9clare : \u00ab ce que Ousmane Sonko a dit, rel\u00e8ve de l\u2019utopie. Le FMI a parl\u00e9 de maquillage de chiffres, et ce sont des mensonges, si ce qu'il dit est vrai. Si le FMI \u00e9tait venu re\u00e7u par les autorit\u00e9s actuelles et qu'ils leurs donnent des informations qui ne sont pas conformes \u00e0 la r\u00e9alit\u00e9, ils allaient alerter. Mais aujourd'hui, comme il est dans la manipulation et de vouloir faire de la politique politicienne, il a voulu expliquer \u00bb.<\/p>\n<p>Concernant ainsi l\u2019installation du Pool judiciaire financier, le responsable aperiste craint une chasse aux sorci\u00e8res. \u00ab <em>Depuis tr\u00e8s longtemps, ils sont en train de chercher la petite b\u00eate chez les gens. Ils sont all\u00e9s chez Farba Ngom faire une perquisition. Ils sont rentr\u00e9s bredouille. Aujourd'hui, ils sont en train d'arr\u00eater d\u2019honn\u00eates citoyens. \u00a0<\/em><em>Ousmane Sonko a dit qu\u2019il n\u2019est ni ministre de la justice, ni procureur, ni juge d'instruction mais c\u2019est\u00a0 lui qui annonce des arrestations, des poursuites, c\u2019est lui qui annonce le moment o\u00f9 des poursuites seront faites\u00bb, <\/em>fulmine Abdou Mbow.<\/p>\n<p>Convaincu que l'actuel pouvoir veut \u00e9liminer ses adversaires, il poursuit : \u00ab <em>Aujourd'hui, comme on va \u00e0 des \u00e9lections l\u00e9gislatives, ils ont programm\u00e9 d'arr\u00eater des gens parce qu'ils pensent que ces personnes peuvent aujourd'hui faire gagner leur formation politique <\/em><em>(...) La mani\u00e8re dont le Premier ministre Ousmane Sonko et son Pr\u00e9sident commencent, \u00e7a sent la chasse aux sorci\u00e8res et non une reddition des comptes, normale dans un \u00c9tat de droit<\/em> \u00bb.<\/p>\n<div class='share-to-whatsapp-wrapper'><div class='share-on-whsp'>PARTAGER SUR : <\/div><a data-text='ABDOU MBOW SUR LES L\u00c9GISLATIVES ANTICIP\u00c9ES : \"Ces \u00e9lections  seront les plus mal organis\u00e9es de l\u2019histoire\"' data-link='https:\/\/www.nettali.com\/2024\/09\/29\/abdou-mbow-depute-de-lapr-sur-les-legislatives-anticipees-ces-elections-seront-les-plus-mal-organisees-de-lhistoire\/' class='whatsapp-button whatsapp-share'>WhatsApp<\/a><div class='clear '><\/div><\/div>","protected":false},"excerpt":{"rendered":"<p>NETTALI.COM- L'ex-pr\u00e9sident du groupe parlementaire Benno Bokk Yaakar d\u00e9nonce une violation de la loi dans le processus des \u00e9lections l\u00e9gislatives pr\u00e9vues le 17 novembre prochain. Abdou a affirm\u00e9 sur le plateau de Jury du dimanche qu\u2019elles seront les \u00e9lections les plus mal organis\u00e9es de l\u2019histoire. L'aperiste est \u00e9galement revenu sur la sortie du Premier ministre [&hellip;]<\/p>\n","protected":false},"author":6,"featured_media":27622,"comment_status":"open","ping_status":"open","sticky":false,"template":"","format":"standard","meta":{"_et_pb_use_builder":"","_et_pb_old_content":""},"categories":[2],"tags":[],"yoast_head":"<!-- This site is optimized with the Yoast SEO Premium plugin v17.8 (Yoast SEO v17.8) - https:\/\/yoast.com\/wordpress\/plugins\/seo\/ -->\n<title>ABDOU MBOW SUR LES L\u00c9GISLATIVES ANTICIP\u00c9ES : &quot;Ces \u00e9lections seront les plus mal organis\u00e9es de l\u2019histoire&quot; | Nettali.com<\/title>\n<meta name=\"robots\" content=\"index, follow, max-snippet:-1, max-image-preview:large, max-video-preview:-1\" \/>\n<link rel=\"canonical\" href=\"https:\/\/www.nettali.com\/2024\/09\/29\/abdou-mbow-depute-de-lapr-sur-les-legislatives-anticipees-ces-elections-seront-les-plus-mal-organisees-de-lhistoire\/\" \/>\n<meta property=\"og:locale\" content=\"fr_FR\" \/>\n<meta property=\"og:type\" content=\"article\" \/>\n<meta property=\"og:title\" content=\"ABDOU MBOW SUR LES L\u00c9GISLATIVES ANTICIP\u00c9ES : &quot;Ces \u00e9lections seront les plus mal organis\u00e9es de l\u2019histoire&quot;\" \/>\n<meta property=\"og:description\" content=\"NETTALI.COM- L&#039;ex-pr\u00e9sident du groupe parlementaire Benno Bokk Yaakar d\u00e9nonce une violation de la loi dans le processus des \u00e9lections l\u00e9gislatives pr\u00e9vues le 17 novembre prochain. Abdou a affirm\u00e9 sur le plateau de Jury du dimanche qu\u2019elles seront les \u00e9lections les plus mal organis\u00e9es de l\u2019histoire. L&#039;aperiste est \u00e9galement revenu sur la sortie du Premier ministre [&hellip;]\" \/>\n<meta property=\"og:url\" content=\"https:\/\/www.nettali.com\/2024\/09\/29\/abdou-mbow-depute-de-lapr-sur-les-legislatives-anticipees-ces-elections-seront-les-plus-mal-organisees-de-lhistoire\/\" \/>\n<meta property=\"og:site_name\" content=\"Nettali.com\" \/>\n<meta property=\"article:publisher\" content=\"https:\/\/www.facebook.com\/nettalicom\" \/>\n<meta property=\"article:published_time\" content=\"2024-09-29T16:41:32+00:00\" \/>\n<meta property=\"article:modified_time\" content=\"2024-09-30T17:00:01+00:00\" \/>\n<meta property=\"og:image\" content=\"https:\/\/www.nettali.com\/wp-content\/uploads\/2020\/01\/Abdou-Mbow-e1579554981511.jpg\" \/>\n\t<meta property=\"og:image:width\" content=\"680\" \/>\n\t<meta property=\"og:image:height\" content=\"430\" \/>\n<meta name=\"twitter:card\" content=\"summary_large_image\" \/>\n<meta name=\"twitter:label1\" content=\"\u00c9crit par\" \/>\n\t<meta name=\"twitter:data1\" content=\"Fatou\" \/>\n\t<meta name=\"twitter:label2\" content=\"Dur\u00e9e de lecture estim\u00e9e\" \/>\n\t<meta name=\"twitter:data2\" content=\"3 minutes\" \/>\n<script type=\"application\/ld+json\" class=\"yoast-schema-graph\">{\"@context\":\"https:\/\/schema.org\",\"@graph\":[{\"@type\":\"WebSite\",\"@id\":\"https:\/\/www.nettali.com\/#website\",\"url\":\"https:\/\/www.nettali.com\/\",\"name\":\"Nettali.com\",\"description\":\"Le rendez-vous critique du Net\",\"potentialAction\":[{\"@type\":\"SearchAction\",\"target\":{\"@type\":\"EntryPoint\",\"urlTemplate\":\"https:\/\/www.nettali.com\/?s={search_term_string}\"},\"query-input\":\"required name=search_term_string\"}],\"inLanguage\":\"fr-FR\"},{\"@type\":\"ImageObject\",\"@id\":\"https:\/\/www.nettali.com\/2024\/09\/29\/abdou-mbow-depute-de-lapr-sur-les-legislatives-anticipees-ces-elections-seront-les-plus-mal-organisees-de-lhistoire\/#primaryimage\",\"inLanguage\":\"fr-FR\",\"url\":\"https:\/\/www.nettali.com\/wp-content\/uploads\/2020\/01\/Abdou-Mbow-e1579554981511.jpg\",\"contentUrl\":\"https:\/\/www.nettali.com\/wp-content\/uploads\/2020\/01\/Abdou-Mbow-e1579554981511.jpg\",\"width\":680,\"height\":430},{\"@type\":\"WebPage\",\"@id\":\"https:\/\/www.nettali.com\/2024\/09\/29\/abdou-mbow-depute-de-lapr-sur-les-legislatives-anticipees-ces-elections-seront-les-plus-mal-organisees-de-lhistoire\/#webpage\",\"url\":\"https:\/\/www.nettali.com\/2024\/09\/29\/abdou-mbow-depute-de-lapr-sur-les-legislatives-anticipees-ces-elections-seront-les-plus-mal-organisees-de-lhistoire\/\",\"name\":\"ABDOU MBOW SUR LES L\\u00c9GISLATIVES ANTICIP\\u00c9ES : \\\"Ces \\u00e9lections seront les plus mal organis\\u00e9es de l\\u2019histoire\\\" | Nettali.com\",\"isPartOf\":{\"@id\":\"https:\/\/www.nettali.com\/#website\"},\"primaryImageOfPage\":{\"@id\":\"https:\/\/www.nettali.com\/2024\/09\/29\/abdou-mbow-depute-de-lapr-sur-les-legislatives-anticipees-ces-elections-seront-les-plus-mal-organisees-de-lhistoire\/#primaryimage\"},\"datePublished\":\"2024-09-29T16:41:32+00:00\",\"dateModified\":\"2024-09-30T17:00:01+00:00\",\"author\":{\"@id\":\"https:\/\/www.nettali.com\/#\/schema\/person\/418274a86bdf87caff7a3ef476bd0bbf\"},\"breadcrumb\":{\"@id\":\"https:\/\/www.nettali.com\/2024\/09\/29\/abdou-mbow-depute-de-lapr-sur-les-legislatives-anticipees-ces-elections-seront-les-plus-mal-organisees-de-lhistoire\/#breadcrumb\"},\"inLanguage\":\"fr-FR\",\"potentialAction\":[{\"@type\":\"ReadAction\",\"target\":[\"https:\/\/www.nettali.com\/2024\/09\/29\/abdou-mbow-depute-de-lapr-sur-les-legislatives-anticipees-ces-elections-seront-les-plus-mal-organisees-de-lhistoire\/\"]}]},{\"@type\":\"BreadcrumbList\",\"@id\":\"https:\/\/www.nettali.com\/2024\/09\/29\/abdou-mbow-depute-de-lapr-sur-les-legislatives-anticipees-ces-elections-seront-les-plus-mal-organisees-de-lhistoire\/#breadcrumb\",\"itemListElement\":[{\"@type\":\"ListItem\",\"position\":1,\"name\":\"Accueil\",\"item\":\"https:\/\/www.nettali.com\/\"},{\"@type\":\"ListItem\",\"position\":2,\"name\":\"ABDOU MBOW SUR LES L\\u00c9GISLATIVES ANTICIP\\u00c9ES : \\\"Ces \\u00e9lections seront les plus mal organis\\u00e9es de l\\u2019histoire\\\"\"}]},{\"@type\":\"Person\",\"@id\":\"https:\/\/www.nettali.com\/#\/schema\/person\/418274a86bdf87caff7a3ef476bd0bbf\",\"name\":\"Fatou\",\"image\":{\"@type\":\"ImageObject\",\"@id\":\"https:\/\/www.nettali.com\/#personlogo\",\"inLanguage\":\"fr-FR\",\"url\":\"https:\/\/secure.gravatar.com\/avatar\/5a9442a2bee7b4dcf167cab035858e9a?s=96&d=mm&r=g\",\"contentUrl\":\"https:\/\/secure.gravatar.com\/avatar\/5a9442a2bee7b4dcf167cab035858e9a?s=96&d=mm&r=g\",\"caption\":\"Fatou\"},\"sameAs\":[\"https:\/\/www.nettali.com\"]}]}<\/script>\n<!-- \/ Yoast SEO Premium plugin. -->","yoast_head_json":{"title":"ABDOU MBOW SUR LES L\u00c9GISLATIVES ANTICIP\u00c9ES : \"Ces \u00e9lections seront les plus mal organis\u00e9es de l\u2019histoire\" | Nettali.com","robots":{"index":"index","follow":"follow","max-snippet":"max-snippet:-1","max-image-preview":"max-image-preview:large","max-video-preview":"max-video-preview:-1"},"canonical":"https:\/\/www.nettali.com\/2024\/09\/29\/abdou-mbow-depute-de-lapr-sur-les-legislatives-anticipees-ces-elections-seront-les-plus-mal-organisees-de-lhistoire\/","og_locale":"fr_FR","og_type":"article","og_title":"ABDOU MBOW SUR LES L\u00c9GISLATIVES ANTICIP\u00c9ES : \"Ces \u00e9lections seront les plus mal organis\u00e9es de l\u2019histoire\"","og_description":"NETTALI.COM- L'ex-pr\u00e9sident du groupe parlementaire Benno Bokk Yaakar d\u00e9nonce une violation de la loi dans le processus des \u00e9lections l\u00e9gislatives pr\u00e9vues le 17 novembre prochain. Abdou a affirm\u00e9 sur le plateau de Jury du dimanche qu\u2019elles seront les \u00e9lections les plus mal organis\u00e9es de l\u2019histoire. L'aperiste est \u00e9galement revenu sur la sortie du Premier ministre [&hellip;]","og_url":"https:\/\/www.nettali.com\/2024\/09\/29\/abdou-mbow-depute-de-lapr-sur-les-legislatives-anticipees-ces-elections-seront-les-plus-mal-organisees-de-lhistoire\/","og_site_name":"Nettali.com","article_publisher":"https:\/\/www.facebook.com\/nettalicom","article_published_time":"2024-09-29T16:41:32+00:00","article_modified_time":"2024-09-30T17:00:01+00:00","og_image":[{"width":680,"height":430,"url":"https:\/\/www.nettali.com\/wp-content\/uploads\/2020\/01\/Abdou-Mbow-e1579554981511.jpg","type":"image\/jpeg"}],"twitter_card":"summary_large_image","twitter_misc":{"\u00c9crit par":"Fatou","Dur\u00e9e de lecture estim\u00e9e":"3 minutes"},"schema":{"@context":"https:\/\/schema.org","@graph":[{"@type":"WebSite","@id":"https:\/\/www.nettali.com\/#website","url":"https:\/\/www.nettali.com\/","name":"Nettali.com","description":"Le rendez-vous critique du Net","potentialAction":[{"@type":"SearchAction","target":{"@type":"EntryPoint","urlTemplate":"https:\/\/www.nettali.com\/?s={search_term_string}"},"query-input":"required name=search_term_string"}],"inLanguage":"fr-FR"},{"@type":"ImageObject","@id":"https:\/\/www.nettali.com\/2024\/09\/29\/abdou-mbow-depute-de-lapr-sur-les-legislatives-anticipees-ces-elections-seront-les-plus-mal-organisees-de-lhistoire\/#primaryimage","inLanguage":"fr-FR","url":"https:\/\/www.nettali.com\/wp-content\/uploads\/2020\/01\/Abdou-Mbow-e1579554981511.jpg","contentUrl":"https:\/\/www.nettali.com\/wp-content\/uploads\/2020\/01\/Abdou-Mbow-e1579554981511.jpg","width":680,"height":430},{"@type":"WebPage","@id":"https:\/\/www.nettali.com\/2024\/09\/29\/abdou-mbow-depute-de-lapr-sur-les-legislatives-anticipees-ces-elections-seront-les-plus-mal-organisees-de-lhistoire\/#webpage","url":"https:\/\/www.nettali.com\/2024\/09\/29\/abdou-mbow-depute-de-lapr-sur-les-legislatives-anticipees-ces-elections-seront-les-plus-mal-organisees-de-lhistoire\/","name":"ABDOU MBOW SUR LES L\u00c9GISLATIVES ANTICIP\u00c9ES : \"Ces \u00e9lections seront les plus mal organis\u00e9es de l\u2019histoire\" | Nettali.com","isPartOf":{"@id":"https:\/\/www.nettali.com\/#website"},"primaryImageOfPage":{"@id":"https:\/\/www.nettali.com\/2024\/09\/29\/abdou-mbow-depute-de-lapr-sur-les-legislatives-anticipees-ces-elections-seront-les-plus-mal-organisees-de-lhistoire\/#primaryimage"},"datePublished":"2024-09-29T16:41:32+00:00","dateModified":"2024-09-30T17:00:01+00:00","author":{"@id":"https:\/\/www.nettali.com\/#\/schema\/person\/418274a86bdf87caff7a3ef476bd0bbf"},"breadcrumb":{"@id":"https:\/\/www.nettali.com\/2024\/09\/29\/abdou-mbow-depute-de-lapr-sur-les-legislatives-anticipees-ces-elections-seront-les-plus-mal-organisees-de-lhistoire\/#breadcrumb"},"inLanguage":"fr-FR","potentialAction":[{"@type":"ReadAction","target":["https:\/\/www.nettali.com\/2024\/09\/29\/abdou-mbow-depute-de-lapr-sur-les-legislatives-anticipees-ces-elections-seront-les-plus-mal-organisees-de-lhistoire\/"]}]},{"@type":"BreadcrumbList","@id":"https:\/\/www.nettali.com\/2024\/09\/29\/abdou-mbow-depute-de-lapr-sur-les-legislatives-anticipees-ces-elections-seront-les-plus-mal-organisees-de-lhistoire\/#breadcrumb","itemListElement":[{"@type":"ListItem","position":1,"name":"Accueil","item":"https:\/\/www.nettali.com\/"},{"@type":"ListItem","position":2,"name":"ABDOU MBOW SUR LES L\u00c9GISLATIVES ANTICIP\u00c9ES : \"Ces \u00e9lections seront les plus mal organis\u00e9es de l\u2019histoire\""}]},{"@type":"Person","@id":"https:\/\/www.nettali.com\/#\/schema\/person\/418274a86bdf87caff7a3ef476bd0bbf","name":"Fatou","image":{"@type":"ImageObject","@id":"https:\/\/www.nettali.com\/#personlogo","inLanguage":"fr-FR","url":"https:\/\/secure.gravatar.com\/avatar\/5a9442a2bee7b4dcf167cab035858e9a?s=96&d=mm&r=g","contentUrl":"https:\/\/secure.gravatar.com\/avatar\/5a9442a2bee7b4dcf167cab035858e9a?s=96&d=mm&r=g","caption":"Fatou"},"sameAs":["https:\/\/www.nettali.com"]}]}},"_links":{"self":[{"href":"https:\/\/www.nettali.com\/rest\/wp\/v2\/posts\/141109"}],"collection":[{"href":"https:\/\/www.nettali.com\/rest\/wp\/v2\/posts"}],"about":[{"href":"https:\/\/www.nettali.com\/rest\/wp\/v2\/types\/post"}],"author":[{"embeddable":true,"href":"https:\/\/www.nettali.com\/rest\/wp\/v2\/users\/6"}],"replies":[{"embeddable":true,"href":"https:\/\/www.nettali.com\/rest\/wp\/v2\/comments?post=141109"}],"version-history":[{"count":4,"href":"https:\/\/www.nettali.com\/rest\/wp\/v2\/posts\/141109\/revisions"}],"predecessor-version":[{"id":141160,"href":"https:\/\/www.nettali.com\/rest\/wp\/v2\/posts\/141109\/revisions\/141160"}],"wp:featuredmedia":[{"embeddable":true,"href":"https:\/\/www.nettali.com\/rest\/wp\/v2\/media\/27622"}],"wp:attachment":[{"href":"https:\/\/www.nettali.com\/rest\/wp\/v2\/media?parent=141109"}],"wp:term":[{"taxonomy":"category","embeddable":true,"href":"https:\/\/www.nettali.com\/rest\/wp\/v2\/categories?post=141109"},{"taxonomy":"post_tag","embeddable":true,"href":"https:\/\/www.nettali.com\/rest\/wp\/v2\/tags?post=141109"}],"curies":[{"name":"wp","href":"https:\/\/api.w.org\/{rel}","templated":true}]}}