{"id":140882,"date":"2024-09-25T14:16:01","date_gmt":"2024-09-25T14:16:01","guid":{"rendered":"https:\/\/www.nettali.com\/?p=140882"},"modified":"2024-09-25T14:16:01","modified_gmt":"2024-09-25T14:16:01","slug":"eliminatoires-can-2025-le-burkina-faso-delocalise-ses-matchs-en-cote-divoire","status":"publish","type":"post","link":"https:\/\/www.nettali.com\/2024\/09\/25\/eliminatoires-can-2025-le-burkina-faso-delocalise-ses-matchs-en-cote-divoire\/","title":{"rendered":"\u00c9LIMINATOIRES CAN 2025 - Le Burkina Faso d\u00e9localise ses matchs en C\u00f4te d'Ivoire"},"content":{"rendered":"<p><strong>NETTALI.COM - C'est d\u00e9sormais officiel. Le Burkina Faso a choisi la C\u00f4te d'Ivoire pour accueillir ses matches \u00e0 domicile. Les \u00c9talons ont d\u00e9cid\u00e9 de recevoir les Hirondelles du B\u00e9nin au stade de la Paix de Bouak\u00e9.<\/strong><\/p>\n<p>Dans \u00e0 peu pr\u00e8s deux semaines, les \u00e9liminatoires pour la CAN Maroc 2025 vont reprendre. La double confrontation entrant dans le cadre de la troisi\u00e8me et quatri\u00e8me journ\u00e9e aura lieu en octobre.<\/p>\n<p>A cet effet, le Burkina Faso doit affronter \u00e0 deux reprises le Burundi. Ce match pr\u00e9vu le 7 octobre aura lieu au stade de la Paix de Bouak\u00e9, en C\u00f4te d\u2019Ivoire, rapporte le site sport-ivoire.ci.<\/p>\n<p>Une information confirm\u00e9e par le ministre des sports et du cadre de vie. \"<em>Je suis heureux de porter \u00e0 votre connaissance que pour les 3\u00e8mes et 4\u00e8mes fen\u00eatres, ce sont cinq (5) nations en attendant la confirmation du 6\u00e8me pays le Ghana, qui joueront, du 8 au 15 octobre, leurs matchs \u00e0 domicile en C\u00f4te d\u2019Ivoire<\/em>\", a indiqu\u00e9 Adj\u00e9 Silas Metch, lors d'une conf\u00e9rence de presse ce mardi 24 septembre.<\/p>\n<p>La double confrontation entre ses deux pays aura donc lieu en C\u00f4te d\u2019Ivoire, puisque le Burundi re\u00e7oit \u00e9galement les \u00c9talons au stade Alassane Ouattara le 15 octobre 2024.<br \/>\nQuatre stades sur les six que compte la C\u00f4te d\u2019Ivoire, accueilleront les rencontres. Il s\u2019agit notamment du Stade F\u00e9lix Houphou\u00ebt Boigny, du Stade Olympique Alassane Ouattara d\u2019Ebimp\u00e9, du stade Charles Konan Banny de Yamoussoukro et du stade Laurent Pokou de San Pedro.<\/p>\n<p>Apr\u00e8s donc le B\u00e9nin, la Guin\u00e9e, le Burundi, l'Ethiopie, c'est au Burkina Faso de b\u00e9n\u00e9ficier des infrastructures sportives de C\u00f4te d'Ivoire.<\/p>\n<div class='share-to-whatsapp-wrapper'><div class='share-on-whsp'>PARTAGER SUR : <\/div><a data-text='\u00c9LIMINATOIRES CAN 2025 - Le Burkina Faso d\u00e9localise ses matchs en C\u00f4te d'Ivoire' data-link='https:\/\/www.nettali.com\/2024\/09\/25\/eliminatoires-can-2025-le-burkina-faso-delocalise-ses-matchs-en-cote-divoire\/' class='whatsapp-button whatsapp-share'>WhatsApp<\/a><div class='clear '><\/div><\/div>","protected":false},"excerpt":{"rendered":"<p>NETTALI.COM - C'est d\u00e9sormais officiel. Le Burkina Faso a choisi la C\u00f4te d'Ivoire pour accueillir ses matches \u00e0 domicile. Les \u00c9talons ont d\u00e9cid\u00e9 de recevoir les Hirondelles du B\u00e9nin au stade de la Paix de Bouak\u00e9. Dans \u00e0 peu pr\u00e8s deux semaines, les \u00e9liminatoires pour la CAN Maroc 2025 vont reprendre. La double confrontation entrant [&hellip;]<\/p>\n","protected":false},"author":5,"featured_media":140847,"comment_status":"open","ping_status":"open","sticky":false,"template":"","format":"standard","meta":{"_et_pb_use_builder":"","_et_pb_old_content":""},"categories":[6],"tags":[],"yoast_head":"<!-- This site is optimized with the Yoast SEO Premium plugin v17.8 (Yoast SEO v17.8) - https:\/\/yoast.com\/wordpress\/plugins\/seo\/ -->\n<title>\u00c9LIMINATOIRES CAN 2025 - Le Burkina Faso d\u00e9localise ses matchs en C\u00f4te d&#039;Ivoire | Nettali.com<\/title>\n<meta name=\"robots\" content=\"index, follow, max-snippet:-1, max-image-preview:large, max-video-preview:-1\" \/>\n<link rel=\"canonical\" href=\"https:\/\/www.nettali.com\/2024\/09\/25\/eliminatoires-can-2025-le-burkina-faso-delocalise-ses-matchs-en-cote-divoire\/\" \/>\n<meta property=\"og:locale\" content=\"fr_FR\" \/>\n<meta property=\"og:type\" content=\"article\" \/>\n<meta property=\"og:title\" content=\"\u00c9LIMINATOIRES CAN 2025 - Le Burkina Faso d\u00e9localise ses matchs en C\u00f4te d&#039;Ivoire\" \/>\n<meta property=\"og:description\" content=\"NETTALI.COM - C&#039;est d\u00e9sormais officiel. Le Burkina Faso a choisi la C\u00f4te d&#039;Ivoire pour accueillir ses matches \u00e0 domicile. Les \u00c9talons ont d\u00e9cid\u00e9 de recevoir les Hirondelles du B\u00e9nin au stade de la Paix de Bouak\u00e9. Dans \u00e0 peu pr\u00e8s deux semaines, les \u00e9liminatoires pour la CAN Maroc 2025 vont reprendre. La double confrontation entrant [&hellip;]\" \/>\n<meta property=\"og:url\" content=\"https:\/\/www.nettali.com\/2024\/09\/25\/eliminatoires-can-2025-le-burkina-faso-delocalise-ses-matchs-en-cote-divoire\/\" \/>\n<meta property=\"og:site_name\" content=\"Nettali.com\" \/>\n<meta property=\"article:publisher\" content=\"https:\/\/www.facebook.com\/nettalicom\" \/>\n<meta property=\"article:published_time\" content=\"2024-09-25T14:16:01+00:00\" \/>\n<meta property=\"og:image\" content=\"https:\/\/www.nettali.com\/wp-content\/uploads\/2024\/09\/Screenshot_20240924-154041_1.jpg\" \/>\n\t<meta property=\"og:image:width\" content=\"1080\" \/>\n\t<meta property=\"og:image:height\" content=\"699\" \/>\n<meta name=\"twitter:card\" content=\"summary_large_image\" \/>\n<meta name=\"twitter:label1\" content=\"\u00c9crit par\" \/>\n\t<meta name=\"twitter:data1\" content=\"Ibrahima\" \/>\n\t<meta name=\"twitter:label2\" content=\"Dur\u00e9e de lecture estim\u00e9e\" \/>\n\t<meta name=\"twitter:data2\" content=\"2 minutes\" \/>\n<script type=\"application\/ld+json\" class=\"yoast-schema-graph\">{\"@context\":\"https:\/\/schema.org\",\"@graph\":[{\"@type\":\"WebSite\",\"@id\":\"https:\/\/www.nettali.com\/#website\",\"url\":\"https:\/\/www.nettali.com\/\",\"name\":\"Nettali.com\",\"description\":\"Le rendez-vous critique du Net\",\"potentialAction\":[{\"@type\":\"SearchAction\",\"target\":{\"@type\":\"EntryPoint\",\"urlTemplate\":\"https:\/\/www.nettali.com\/?s={search_term_string}\"},\"query-input\":\"required name=search_term_string\"}],\"inLanguage\":\"fr-FR\"},{\"@type\":\"ImageObject\",\"@id\":\"https:\/\/www.nettali.com\/2024\/09\/25\/eliminatoires-can-2025-le-burkina-faso-delocalise-ses-matchs-en-cote-divoire\/#primaryimage\",\"inLanguage\":\"fr-FR\",\"url\":\"https:\/\/www.nettali.com\/wp-content\/uploads\/2024\/09\/Screenshot_20240924-154041_1.jpg\",\"contentUrl\":\"https:\/\/www.nettali.com\/wp-content\/uploads\/2024\/09\/Screenshot_20240924-154041_1.jpg\",\"width\":1080,\"height\":699},{\"@type\":\"WebPage\",\"@id\":\"https:\/\/www.nettali.com\/2024\/09\/25\/eliminatoires-can-2025-le-burkina-faso-delocalise-ses-matchs-en-cote-divoire\/#webpage\",\"url\":\"https:\/\/www.nettali.com\/2024\/09\/25\/eliminatoires-can-2025-le-burkina-faso-delocalise-ses-matchs-en-cote-divoire\/\",\"name\":\"\\u00c9LIMINATOIRES CAN 2025 - Le Burkina Faso d\\u00e9localise ses matchs en C\\u00f4te d'Ivoire | Nettali.com\",\"isPartOf\":{\"@id\":\"https:\/\/www.nettali.com\/#website\"},\"primaryImageOfPage\":{\"@id\":\"https:\/\/www.nettali.com\/2024\/09\/25\/eliminatoires-can-2025-le-burkina-faso-delocalise-ses-matchs-en-cote-divoire\/#primaryimage\"},\"datePublished\":\"2024-09-25T14:16:01+00:00\",\"dateModified\":\"2024-09-25T14:16:01+00:00\",\"author\":{\"@id\":\"https:\/\/www.nettali.com\/#\/schema\/person\/bb147657c2986240405a608162b9bb23\"},\"breadcrumb\":{\"@id\":\"https:\/\/www.nettali.com\/2024\/09\/25\/eliminatoires-can-2025-le-burkina-faso-delocalise-ses-matchs-en-cote-divoire\/#breadcrumb\"},\"inLanguage\":\"fr-FR\",\"potentialAction\":[{\"@type\":\"ReadAction\",\"target\":[\"https:\/\/www.nettali.com\/2024\/09\/25\/eliminatoires-can-2025-le-burkina-faso-delocalise-ses-matchs-en-cote-divoire\/\"]}]},{\"@type\":\"BreadcrumbList\",\"@id\":\"https:\/\/www.nettali.com\/2024\/09\/25\/eliminatoires-can-2025-le-burkina-faso-delocalise-ses-matchs-en-cote-divoire\/#breadcrumb\",\"itemListElement\":[{\"@type\":\"ListItem\",\"position\":1,\"name\":\"Accueil\",\"item\":\"https:\/\/www.nettali.com\/\"},{\"@type\":\"ListItem\",\"position\":2,\"name\":\"\\u00c9LIMINATOIRES CAN 2025 - Le Burkina Faso d\\u00e9localise ses matchs en C\\u00f4te d'Ivoire\"}]},{\"@type\":\"Person\",\"@id\":\"https:\/\/www.nettali.com\/#\/schema\/person\/bb147657c2986240405a608162b9bb23\",\"name\":\"Ibrahima\",\"image\":{\"@type\":\"ImageObject\",\"@id\":\"https:\/\/www.nettali.com\/#personlogo\",\"inLanguage\":\"fr-FR\",\"url\":\"https:\/\/secure.gravatar.com\/avatar\/26a8a81f09f0dd7624c9d5c36c9ba3a2?s=96&d=mm&r=g\",\"contentUrl\":\"https:\/\/secure.gravatar.com\/avatar\/26a8a81f09f0dd7624c9d5c36c9ba3a2?s=96&d=mm&r=g\",\"caption\":\"Ibrahima\"},\"sameAs\":[\"https:\/\/www.nettali.com\"]}]}<\/script>\n<!-- \/ Yoast SEO Premium plugin. -->","yoast_head_json":{"title":"\u00c9LIMINATOIRES CAN 2025 - Le Burkina Faso d\u00e9localise ses matchs en C\u00f4te d'Ivoire | Nettali.com","robots":{"index":"index","follow":"follow","max-snippet":"max-snippet:-1","max-image-preview":"max-image-preview:large","max-video-preview":"max-video-preview:-1"},"canonical":"https:\/\/www.nettali.com\/2024\/09\/25\/eliminatoires-can-2025-le-burkina-faso-delocalise-ses-matchs-en-cote-divoire\/","og_locale":"fr_FR","og_type":"article","og_title":"\u00c9LIMINATOIRES CAN 2025 - Le Burkina Faso d\u00e9localise ses matchs en C\u00f4te d'Ivoire","og_description":"NETTALI.COM - C'est d\u00e9sormais officiel. Le Burkina Faso a choisi la C\u00f4te d'Ivoire pour accueillir ses matches \u00e0 domicile. Les \u00c9talons ont d\u00e9cid\u00e9 de recevoir les Hirondelles du B\u00e9nin au stade de la Paix de Bouak\u00e9. Dans \u00e0 peu pr\u00e8s deux semaines, les \u00e9liminatoires pour la CAN Maroc 2025 vont reprendre. La double confrontation entrant [&hellip;]","og_url":"https:\/\/www.nettali.com\/2024\/09\/25\/eliminatoires-can-2025-le-burkina-faso-delocalise-ses-matchs-en-cote-divoire\/","og_site_name":"Nettali.com","article_publisher":"https:\/\/www.facebook.com\/nettalicom","article_published_time":"2024-09-25T14:16:01+00:00","og_image":[{"width":1080,"height":699,"url":"https:\/\/www.nettali.com\/wp-content\/uploads\/2024\/09\/Screenshot_20240924-154041_1.jpg","type":"image\/jpeg"}],"twitter_card":"summary_large_image","twitter_misc":{"\u00c9crit par":"Ibrahima","Dur\u00e9e de lecture estim\u00e9e":"2 minutes"},"schema":{"@context":"https:\/\/schema.org","@graph":[{"@type":"WebSite","@id":"https:\/\/www.nettali.com\/#website","url":"https:\/\/www.nettali.com\/","name":"Nettali.com","description":"Le rendez-vous critique du Net","potentialAction":[{"@type":"SearchAction","target":{"@type":"EntryPoint","urlTemplate":"https:\/\/www.nettali.com\/?s={search_term_string}"},"query-input":"required name=search_term_string"}],"inLanguage":"fr-FR"},{"@type":"ImageObject","@id":"https:\/\/www.nettali.com\/2024\/09\/25\/eliminatoires-can-2025-le-burkina-faso-delocalise-ses-matchs-en-cote-divoire\/#primaryimage","inLanguage":"fr-FR","url":"https:\/\/www.nettali.com\/wp-content\/uploads\/2024\/09\/Screenshot_20240924-154041_1.jpg","contentUrl":"https:\/\/www.nettali.com\/wp-content\/uploads\/2024\/09\/Screenshot_20240924-154041_1.jpg","width":1080,"height":699},{"@type":"WebPage","@id":"https:\/\/www.nettali.com\/2024\/09\/25\/eliminatoires-can-2025-le-burkina-faso-delocalise-ses-matchs-en-cote-divoire\/#webpage","url":"https:\/\/www.nettali.com\/2024\/09\/25\/eliminatoires-can-2025-le-burkina-faso-delocalise-ses-matchs-en-cote-divoire\/","name":"\u00c9LIMINATOIRES CAN 2025 - Le Burkina Faso d\u00e9localise ses matchs en C\u00f4te d'Ivoire | Nettali.com","isPartOf":{"@id":"https:\/\/www.nettali.com\/#website"},"primaryImageOfPage":{"@id":"https:\/\/www.nettali.com\/2024\/09\/25\/eliminatoires-can-2025-le-burkina-faso-delocalise-ses-matchs-en-cote-divoire\/#primaryimage"},"datePublished":"2024-09-25T14:16:01+00:00","dateModified":"2024-09-25T14:16:01+00:00","author":{"@id":"https:\/\/www.nettali.com\/#\/schema\/person\/bb147657c2986240405a608162b9bb23"},"breadcrumb":{"@id":"https:\/\/www.nettali.com\/2024\/09\/25\/eliminatoires-can-2025-le-burkina-faso-delocalise-ses-matchs-en-cote-divoire\/#breadcrumb"},"inLanguage":"fr-FR","potentialAction":[{"@type":"ReadAction","target":["https:\/\/www.nettali.com\/2024\/09\/25\/eliminatoires-can-2025-le-burkina-faso-delocalise-ses-matchs-en-cote-divoire\/"]}]},{"@type":"BreadcrumbList","@id":"https:\/\/www.nettali.com\/2024\/09\/25\/eliminatoires-can-2025-le-burkina-faso-delocalise-ses-matchs-en-cote-divoire\/#breadcrumb","itemListElement":[{"@type":"ListItem","position":1,"name":"Accueil","item":"https:\/\/www.nettali.com\/"},{"@type":"ListItem","position":2,"name":"\u00c9LIMINATOIRES CAN 2025 - Le Burkina Faso d\u00e9localise ses matchs en C\u00f4te d'Ivoire"}]},{"@type":"Person","@id":"https:\/\/www.nettali.com\/#\/schema\/person\/bb147657c2986240405a608162b9bb23","name":"Ibrahima","image":{"@type":"ImageObject","@id":"https:\/\/www.nettali.com\/#personlogo","inLanguage":"fr-FR","url":"https:\/\/secure.gravatar.com\/avatar\/26a8a81f09f0dd7624c9d5c36c9ba3a2?s=96&d=mm&r=g","contentUrl":"https:\/\/secure.gravatar.com\/avatar\/26a8a81f09f0dd7624c9d5c36c9ba3a2?s=96&d=mm&r=g","caption":"Ibrahima"},"sameAs":["https:\/\/www.nettali.com"]}]}},"_links":{"self":[{"href":"https:\/\/www.nettali.com\/rest\/wp\/v2\/posts\/140882"}],"collection":[{"href":"https:\/\/www.nettali.com\/rest\/wp\/v2\/posts"}],"about":[{"href":"https:\/\/www.nettali.com\/rest\/wp\/v2\/types\/post"}],"author":[{"embeddable":true,"href":"https:\/\/www.nettali.com\/rest\/wp\/v2\/users\/5"}],"replies":[{"embeddable":true,"href":"https:\/\/www.nettali.com\/rest\/wp\/v2\/comments?post=140882"}],"version-history":[{"count":3,"href":"https:\/\/www.nettali.com\/rest\/wp\/v2\/posts\/140882\/revisions"}],"predecessor-version":[{"id":140898,"href":"https:\/\/www.nettali.com\/rest\/wp\/v2\/posts\/140882\/revisions\/140898"}],"wp:featuredmedia":[{"embeddable":true,"href":"https:\/\/www.nettali.com\/rest\/wp\/v2\/media\/140847"}],"wp:attachment":[{"href":"https:\/\/www.nettali.com\/rest\/wp\/v2\/media?parent=140882"}],"wp:term":[{"taxonomy":"category","embeddable":true,"href":"https:\/\/www.nettali.com\/rest\/wp\/v2\/categories?post=140882"},{"taxonomy":"post_tag","embeddable":true,"href":"https:\/\/www.nettali.com\/rest\/wp\/v2\/tags?post=140882"}],"curies":[{"name":"wp","href":"https:\/\/api.w.org\/{rel}","templated":true}]}}