{"id":140877,"date":"2024-09-25T04:42:05","date_gmt":"2024-09-25T04:42:05","guid":{"rendered":"https:\/\/www.nettali.com\/?p=140877"},"modified":"2024-09-26T00:02:44","modified_gmt":"2024-09-26T00:02:44","slug":"barthelemy-dias-maire-de-dakar-il-a-ete-un-acteur-des-assises-nationales","status":"publish","type":"post","link":"https:\/\/www.nettali.com\/2024\/09\/25\/barthelemy-dias-maire-de-dakar-il-a-ete-un-acteur-des-assises-nationales\/","title":{"rendered":"BARTHELEMY DIAS : \"Amadou Makhtar Mbow a \u00e9t\u00e9 un acteur des Assises nationales\""},"content":{"rendered":"<p><strong>NETTALI.COM -<\/strong> <strong>Autre r\u00e9action, suite au rappel \u00e0 Dieu d'Amadou Makhtar Mbow, celle de Barth\u00e9l\u00e9my Dias, l'actuel maire de Dakar.<\/strong><\/p>\n<p>\u201c<em>Je rends un vibrant hommage \u00e0 la m\u00e9moire du Professeur Amadou Makhtar Mbow, une figure incontournable qui a profond\u00e9ment influenc\u00e9 l\u2019histoire de notre pays et au-del\u00e0. Ancien ministre de l'\u00c9ducation et de la Culture, puis d\u00e9put\u00e9 \u00e0 l\u2019Assembl\u00e9e nationale, Amadou Mahtar Mbow s\u2019est toujours battu pour promouvoir l\u2019\u00e9ducation, la culture et les valeurs humanistes universelles. En tant que dirigeant \u00e0 l\u2019UNESCO, il a su impulser des r\u00e9formes audacieuses en faveur d\u2019une coop\u00e9ration \u00e9ducative et culturelle plus \u00e9quitable \u00e0 l\u2019\u00e9chelle mondiale. Sa disparition laisse un grand vide, car il a \u00e9t\u00e9 un acteur cl\u00e9 des Assises nationales, un jalon d\u00e9cisif pour la d\u00e9mocratie et l\u2019\u00e9volution sociale du S\u00e9n\u00e9gal. Le legs de cet homme exceptionnel pour les jeunes g\u00e9n\u00e9rations est immense : un engagement sans faille pour la justice sociale, une passion pour la connaissance et une qu\u00eate in\u00e9branlable de l\u2019\u00e9quit\u00e9. Son parcours et ses id\u00e9aux continueront de guider nos actions futures. Puisse Allah (SWT) lui accorder Sa Gr\u00e2ce et l\u2019accueillir en son Paradis \u00e9ternel.<\/em>\u201d<\/p>\n<div class='share-to-whatsapp-wrapper'><div class='share-on-whsp'>PARTAGER SUR : <\/div><a data-text='BARTHELEMY DIAS : \"Amadou Makhtar Mbow a \u00e9t\u00e9 un acteur des Assises nationales\"' data-link='https:\/\/www.nettali.com\/2024\/09\/25\/barthelemy-dias-maire-de-dakar-il-a-ete-un-acteur-des-assises-nationales\/' class='whatsapp-button whatsapp-share'>WhatsApp<\/a><div class='clear '><\/div><\/div>","protected":false},"excerpt":{"rendered":"<p>NETTALI.COM - Autre r\u00e9action, suite au rappel \u00e0 Dieu d'Amadou Makhtar Mbow, celle de Barth\u00e9l\u00e9my Dias, l'actuel maire de Dakar. \u201cJe rends un vibrant hommage \u00e0 la m\u00e9moire du Professeur Amadou Makhtar Mbow, une figure incontournable qui a profond\u00e9ment influenc\u00e9 l\u2019histoire de notre pays et au-del\u00e0. Ancien ministre de l'\u00c9ducation et de la Culture, puis [&hellip;]<\/p>\n","protected":false},"author":2,"featured_media":140878,"comment_status":"open","ping_status":"open","sticky":false,"template":"","format":"standard","meta":{"_et_pb_use_builder":"","_et_pb_old_content":""},"categories":[34945],"tags":[],"yoast_head":"<!-- This site is optimized with the Yoast SEO Premium plugin v17.8 (Yoast SEO v17.8) - https:\/\/yoast.com\/wordpress\/plugins\/seo\/ -->\n<title>BARTHELEMY DIAS : &quot;Amadou Makhtar Mbow a \u00e9t\u00e9 un acteur des Assises nationales&quot; | Nettali.com<\/title>\n<meta name=\"robots\" content=\"index, follow, max-snippet:-1, max-image-preview:large, max-video-preview:-1\" \/>\n<link rel=\"canonical\" href=\"https:\/\/www.nettali.com\/2024\/09\/25\/barthelemy-dias-maire-de-dakar-il-a-ete-un-acteur-des-assises-nationales\/\" \/>\n<meta property=\"og:locale\" content=\"fr_FR\" \/>\n<meta property=\"og:type\" content=\"article\" \/>\n<meta property=\"og:title\" content=\"BARTHELEMY DIAS : &quot;Amadou Makhtar Mbow a \u00e9t\u00e9 un acteur des Assises nationales&quot;\" \/>\n<meta property=\"og:description\" content=\"NETTALI.COM - Autre r\u00e9action, suite au rappel \u00e0 Dieu d&#039;Amadou Makhtar Mbow, celle de Barth\u00e9l\u00e9my Dias, l&#039;actuel maire de Dakar. \u201cJe rends un vibrant hommage \u00e0 la m\u00e9moire du Professeur Amadou Makhtar Mbow, une figure incontournable qui a profond\u00e9ment influenc\u00e9 l\u2019histoire de notre pays et au-del\u00e0. Ancien ministre de l&#039;\u00c9ducation et de la Culture, puis [&hellip;]\" \/>\n<meta property=\"og:url\" content=\"https:\/\/www.nettali.com\/2024\/09\/25\/barthelemy-dias-maire-de-dakar-il-a-ete-un-acteur-des-assises-nationales\/\" \/>\n<meta property=\"og:site_name\" content=\"Nettali.com\" \/>\n<meta property=\"article:publisher\" content=\"https:\/\/www.facebook.com\/nettalicom\" \/>\n<meta property=\"article:published_time\" content=\"2024-09-25T04:42:05+00:00\" \/>\n<meta property=\"article:modified_time\" content=\"2024-09-26T00:02:44+00:00\" \/>\n<meta property=\"og:image\" content=\"https:\/\/www.nettali.com\/wp-content\/uploads\/2024\/09\/BARTHELEMY-DIAS.jpg\" \/>\n\t<meta property=\"og:image:width\" content=\"760\" \/>\n\t<meta property=\"og:image:height\" content=\"475\" \/>\n<meta name=\"twitter:card\" content=\"summary_large_image\" \/>\n<meta name=\"twitter:label1\" content=\"\u00c9crit par\" \/>\n\t<meta name=\"twitter:data1\" content=\"CK\" \/>\n\t<meta name=\"twitter:label2\" content=\"Dur\u00e9e de lecture estim\u00e9e\" \/>\n\t<meta name=\"twitter:data2\" content=\"1 minute\" \/>\n<script type=\"application\/ld+json\" class=\"yoast-schema-graph\">{\"@context\":\"https:\/\/schema.org\",\"@graph\":[{\"@type\":\"WebSite\",\"@id\":\"https:\/\/www.nettali.com\/#website\",\"url\":\"https:\/\/www.nettali.com\/\",\"name\":\"Nettali.com\",\"description\":\"Le rendez-vous critique du Net\",\"potentialAction\":[{\"@type\":\"SearchAction\",\"target\":{\"@type\":\"EntryPoint\",\"urlTemplate\":\"https:\/\/www.nettali.com\/?s={search_term_string}\"},\"query-input\":\"required name=search_term_string\"}],\"inLanguage\":\"fr-FR\"},{\"@type\":\"ImageObject\",\"@id\":\"https:\/\/www.nettali.com\/2024\/09\/25\/barthelemy-dias-maire-de-dakar-il-a-ete-un-acteur-des-assises-nationales\/#primaryimage\",\"inLanguage\":\"fr-FR\",\"url\":\"https:\/\/www.nettali.com\/wp-content\/uploads\/2024\/09\/BARTHELEMY-DIAS.jpg\",\"contentUrl\":\"https:\/\/www.nettali.com\/wp-content\/uploads\/2024\/09\/BARTHELEMY-DIAS.jpg\",\"width\":760,\"height\":475},{\"@type\":\"WebPage\",\"@id\":\"https:\/\/www.nettali.com\/2024\/09\/25\/barthelemy-dias-maire-de-dakar-il-a-ete-un-acteur-des-assises-nationales\/#webpage\",\"url\":\"https:\/\/www.nettali.com\/2024\/09\/25\/barthelemy-dias-maire-de-dakar-il-a-ete-un-acteur-des-assises-nationales\/\",\"name\":\"BARTHELEMY DIAS : \\\"Amadou Makhtar Mbow a \\u00e9t\\u00e9 un acteur des Assises nationales\\\" | Nettali.com\",\"isPartOf\":{\"@id\":\"https:\/\/www.nettali.com\/#website\"},\"primaryImageOfPage\":{\"@id\":\"https:\/\/www.nettali.com\/2024\/09\/25\/barthelemy-dias-maire-de-dakar-il-a-ete-un-acteur-des-assises-nationales\/#primaryimage\"},\"datePublished\":\"2024-09-25T04:42:05+00:00\",\"dateModified\":\"2024-09-26T00:02:44+00:00\",\"author\":{\"@id\":\"https:\/\/www.nettali.com\/#\/schema\/person\/d8ac7b7e27ddad43f1c0d2ef090d7f71\"},\"breadcrumb\":{\"@id\":\"https:\/\/www.nettali.com\/2024\/09\/25\/barthelemy-dias-maire-de-dakar-il-a-ete-un-acteur-des-assises-nationales\/#breadcrumb\"},\"inLanguage\":\"fr-FR\",\"potentialAction\":[{\"@type\":\"ReadAction\",\"target\":[\"https:\/\/www.nettali.com\/2024\/09\/25\/barthelemy-dias-maire-de-dakar-il-a-ete-un-acteur-des-assises-nationales\/\"]}]},{\"@type\":\"BreadcrumbList\",\"@id\":\"https:\/\/www.nettali.com\/2024\/09\/25\/barthelemy-dias-maire-de-dakar-il-a-ete-un-acteur-des-assises-nationales\/#breadcrumb\",\"itemListElement\":[{\"@type\":\"ListItem\",\"position\":1,\"name\":\"Accueil\",\"item\":\"https:\/\/www.nettali.com\/\"},{\"@type\":\"ListItem\",\"position\":2,\"name\":\"BARTHELEMY DIAS : \\\"Amadou Makhtar Mbow a \\u00e9t\\u00e9 un acteur des Assises nationales\\\"\"}]},{\"@type\":\"Person\",\"@id\":\"https:\/\/www.nettali.com\/#\/schema\/person\/d8ac7b7e27ddad43f1c0d2ef090d7f71\",\"name\":\"CK\",\"image\":{\"@type\":\"ImageObject\",\"@id\":\"https:\/\/www.nettali.com\/#personlogo\",\"inLanguage\":\"fr-FR\",\"url\":\"https:\/\/secure.gravatar.com\/avatar\/1d8d5118b9327d94da7cd4ce7f17fec2?s=96&d=mm&r=g\",\"contentUrl\":\"https:\/\/secure.gravatar.com\/avatar\/1d8d5118b9327d94da7cd4ce7f17fec2?s=96&d=mm&r=g\",\"caption\":\"CK\"},\"sameAs\":[\"https:\/\/www.nettali.com\"]}]}<\/script>\n<!-- \/ Yoast SEO Premium plugin. -->","yoast_head_json":{"title":"BARTHELEMY DIAS : \"Amadou Makhtar Mbow a \u00e9t\u00e9 un acteur des Assises nationales\" | Nettali.com","robots":{"index":"index","follow":"follow","max-snippet":"max-snippet:-1","max-image-preview":"max-image-preview:large","max-video-preview":"max-video-preview:-1"},"canonical":"https:\/\/www.nettali.com\/2024\/09\/25\/barthelemy-dias-maire-de-dakar-il-a-ete-un-acteur-des-assises-nationales\/","og_locale":"fr_FR","og_type":"article","og_title":"BARTHELEMY DIAS : \"Amadou Makhtar Mbow a \u00e9t\u00e9 un acteur des Assises nationales\"","og_description":"NETTALI.COM - Autre r\u00e9action, suite au rappel \u00e0 Dieu d'Amadou Makhtar Mbow, celle de Barth\u00e9l\u00e9my Dias, l'actuel maire de Dakar. \u201cJe rends un vibrant hommage \u00e0 la m\u00e9moire du Professeur Amadou Makhtar Mbow, une figure incontournable qui a profond\u00e9ment influenc\u00e9 l\u2019histoire de notre pays et au-del\u00e0. Ancien ministre de l'\u00c9ducation et de la Culture, puis [&hellip;]","og_url":"https:\/\/www.nettali.com\/2024\/09\/25\/barthelemy-dias-maire-de-dakar-il-a-ete-un-acteur-des-assises-nationales\/","og_site_name":"Nettali.com","article_publisher":"https:\/\/www.facebook.com\/nettalicom","article_published_time":"2024-09-25T04:42:05+00:00","article_modified_time":"2024-09-26T00:02:44+00:00","og_image":[{"width":760,"height":475,"url":"https:\/\/www.nettali.com\/wp-content\/uploads\/2024\/09\/BARTHELEMY-DIAS.jpg","type":"image\/jpeg"}],"twitter_card":"summary_large_image","twitter_misc":{"\u00c9crit par":"CK","Dur\u00e9e de lecture estim\u00e9e":"1 minute"},"schema":{"@context":"https:\/\/schema.org","@graph":[{"@type":"WebSite","@id":"https:\/\/www.nettali.com\/#website","url":"https:\/\/www.nettali.com\/","name":"Nettali.com","description":"Le rendez-vous critique du Net","potentialAction":[{"@type":"SearchAction","target":{"@type":"EntryPoint","urlTemplate":"https:\/\/www.nettali.com\/?s={search_term_string}"},"query-input":"required name=search_term_string"}],"inLanguage":"fr-FR"},{"@type":"ImageObject","@id":"https:\/\/www.nettali.com\/2024\/09\/25\/barthelemy-dias-maire-de-dakar-il-a-ete-un-acteur-des-assises-nationales\/#primaryimage","inLanguage":"fr-FR","url":"https:\/\/www.nettali.com\/wp-content\/uploads\/2024\/09\/BARTHELEMY-DIAS.jpg","contentUrl":"https:\/\/www.nettali.com\/wp-content\/uploads\/2024\/09\/BARTHELEMY-DIAS.jpg","width":760,"height":475},{"@type":"WebPage","@id":"https:\/\/www.nettali.com\/2024\/09\/25\/barthelemy-dias-maire-de-dakar-il-a-ete-un-acteur-des-assises-nationales\/#webpage","url":"https:\/\/www.nettali.com\/2024\/09\/25\/barthelemy-dias-maire-de-dakar-il-a-ete-un-acteur-des-assises-nationales\/","name":"BARTHELEMY DIAS : \"Amadou Makhtar Mbow a \u00e9t\u00e9 un acteur des Assises nationales\" | Nettali.com","isPartOf":{"@id":"https:\/\/www.nettali.com\/#website"},"primaryImageOfPage":{"@id":"https:\/\/www.nettali.com\/2024\/09\/25\/barthelemy-dias-maire-de-dakar-il-a-ete-un-acteur-des-assises-nationales\/#primaryimage"},"datePublished":"2024-09-25T04:42:05+00:00","dateModified":"2024-09-26T00:02:44+00:00","author":{"@id":"https:\/\/www.nettali.com\/#\/schema\/person\/d8ac7b7e27ddad43f1c0d2ef090d7f71"},"breadcrumb":{"@id":"https:\/\/www.nettali.com\/2024\/09\/25\/barthelemy-dias-maire-de-dakar-il-a-ete-un-acteur-des-assises-nationales\/#breadcrumb"},"inLanguage":"fr-FR","potentialAction":[{"@type":"ReadAction","target":["https:\/\/www.nettali.com\/2024\/09\/25\/barthelemy-dias-maire-de-dakar-il-a-ete-un-acteur-des-assises-nationales\/"]}]},{"@type":"BreadcrumbList","@id":"https:\/\/www.nettali.com\/2024\/09\/25\/barthelemy-dias-maire-de-dakar-il-a-ete-un-acteur-des-assises-nationales\/#breadcrumb","itemListElement":[{"@type":"ListItem","position":1,"name":"Accueil","item":"https:\/\/www.nettali.com\/"},{"@type":"ListItem","position":2,"name":"BARTHELEMY DIAS : \"Amadou Makhtar Mbow a \u00e9t\u00e9 un acteur des Assises nationales\""}]},{"@type":"Person","@id":"https:\/\/www.nettali.com\/#\/schema\/person\/d8ac7b7e27ddad43f1c0d2ef090d7f71","name":"CK","image":{"@type":"ImageObject","@id":"https:\/\/www.nettali.com\/#personlogo","inLanguage":"fr-FR","url":"https:\/\/secure.gravatar.com\/avatar\/1d8d5118b9327d94da7cd4ce7f17fec2?s=96&d=mm&r=g","contentUrl":"https:\/\/secure.gravatar.com\/avatar\/1d8d5118b9327d94da7cd4ce7f17fec2?s=96&d=mm&r=g","caption":"CK"},"sameAs":["https:\/\/www.nettali.com"]}]}},"_links":{"self":[{"href":"https:\/\/www.nettali.com\/rest\/wp\/v2\/posts\/140877"}],"collection":[{"href":"https:\/\/www.nettali.com\/rest\/wp\/v2\/posts"}],"about":[{"href":"https:\/\/www.nettali.com\/rest\/wp\/v2\/types\/post"}],"author":[{"embeddable":true,"href":"https:\/\/www.nettali.com\/rest\/wp\/v2\/users\/2"}],"replies":[{"embeddable":true,"href":"https:\/\/www.nettali.com\/rest\/wp\/v2\/comments?post=140877"}],"version-history":[{"count":3,"href":"https:\/\/www.nettali.com\/rest\/wp\/v2\/posts\/140877\/revisions"}],"predecessor-version":[{"id":140940,"href":"https:\/\/www.nettali.com\/rest\/wp\/v2\/posts\/140877\/revisions\/140940"}],"wp:featuredmedia":[{"embeddable":true,"href":"https:\/\/www.nettali.com\/rest\/wp\/v2\/media\/140878"}],"wp:attachment":[{"href":"https:\/\/www.nettali.com\/rest\/wp\/v2\/media?parent=140877"}],"wp:term":[{"taxonomy":"category","embeddable":true,"href":"https:\/\/www.nettali.com\/rest\/wp\/v2\/categories?post=140877"},{"taxonomy":"post_tag","embeddable":true,"href":"https:\/\/www.nettali.com\/rest\/wp\/v2\/tags?post=140877"}],"curies":[{"name":"wp","href":"https:\/\/api.w.org\/{rel}","templated":true}]}}