{"id":140846,"date":"2024-09-25T03:45:50","date_gmt":"2024-09-25T03:45:50","guid":{"rendered":"https:\/\/www.nettali.com\/?p=140846"},"modified":"2024-09-25T13:05:08","modified_gmt":"2024-09-25T13:05:08","slug":"mouvement-dhumeur-des-medecins-en-specialisation-le-comes-annonce-une-greve-de-48h","status":"publish","type":"post","link":"https:\/\/www.nettali.com\/2024\/09\/25\/mouvement-dhumeur-des-medecins-en-specialisation-le-comes-annonce-une-greve-de-48h\/","title":{"rendered":"MOUVEMENT D'HUMEUR DES M\u00c9DECINS EN SP\u00c9CIALISATION - Le COMES annonce une gr\u00e8ve de 48h"},"content":{"rendered":"<p><strong>NETTALI.COM - Le Collectif des M\u00e9decins, Pharmaciens, Chirurgiens-Dentistes en Sp\u00e9cialisation du S\u00e9n\u00e9gal (COMES) a officiellement annonc\u00e9 une gr\u00e8ve de 48 heures renouvelable, \u00e0 compter de ce mardi 24 septembre 2024.<\/strong><\/p>\n<p>Dans un communiqu\u00e9 parvenu \u00e0 notre r\u00e9daction, le COMES souligne que : \" <em>malgr\u00e9 les d\u00e9marches entreprises pour r\u00e9soudre les probl\u00e8mes li\u00e9s au statut des Docteurs en Sp\u00e9cialisation, \u00e0 leur prise en charge m\u00e9dicale, \u00e0 une r\u00e9mun\u00e9ration ad\u00e9quate et au paiement r\u00e9gulier des bourses de sp\u00e9cialisation, aucune solution n\u2019a \u00e9t\u00e9 trouv\u00e9e<\/em>. \"<\/p>\n<p>Le Collectif des M\u00e9decins, Pharmaciens, Chirurgiens-Dentistes en Sp\u00e9cialisation du S\u00e9n\u00e9gal insiste sur l'importance d'une r\u00e9ponse rapide et efficace des autorit\u00e9s pour garantir le bien-\u00eatre des professionnels de la sant\u00e9 et des populations.<\/p>\n<p>\"<em>Le COMES invite les autorit\u00e9s \u00e0 trouver des solutions ad\u00e9quates et p\u00e9rennes au b\u00e9n\u00e9fice des populations<\/em>\", peut-on lire dans le document.<\/p>\n<p>Le collectif appelle ainsi \"<em>tous les Docteurs en Sp\u00e9cialisation \u00e0 se mobiliser pour faire entendre leurs revendications<\/em>\".<\/p>\n<p>Par ailleurs, le communiqu\u00e9 rappelle que le \"<em>service minimum, (les gardes programm\u00e9es et les urgences) sera assur\u00e9 durant cette p\u00e9riode de gr\u00e8ve<\/em>\".<\/p>\n<div class='share-to-whatsapp-wrapper'><div class='share-on-whsp'>PARTAGER SUR : <\/div><a data-text='MOUVEMENT D'HUMEUR DES M\u00c9DECINS EN SP\u00c9CIALISATION - Le COMES annonce une gr\u00e8ve de 48h' data-link='https:\/\/www.nettali.com\/2024\/09\/25\/mouvement-dhumeur-des-medecins-en-specialisation-le-comes-annonce-une-greve-de-48h\/' class='whatsapp-button whatsapp-share'>WhatsApp<\/a><div class='clear '><\/div><\/div>","protected":false},"excerpt":{"rendered":"<p>NETTALI.COM - Le Collectif des M\u00e9decins, Pharmaciens, Chirurgiens-Dentistes en Sp\u00e9cialisation du S\u00e9n\u00e9gal (COMES) a officiellement annonc\u00e9 une gr\u00e8ve de 48 heures renouvelable, \u00e0 compter de ce mardi 24 septembre 2024. Dans un communiqu\u00e9 parvenu \u00e0 notre r\u00e9daction, le COMES souligne que : \" malgr\u00e9 les d\u00e9marches entreprises pour r\u00e9soudre les probl\u00e8mes li\u00e9s au statut des [&hellip;]<\/p>\n","protected":false},"author":5,"featured_media":140848,"comment_status":"open","ping_status":"open","sticky":false,"template":"","format":"standard","meta":{"_et_pb_use_builder":"","_et_pb_old_content":""},"categories":[22],"tags":[],"yoast_head":"<!-- This site is optimized with the Yoast SEO Premium plugin v17.8 (Yoast SEO v17.8) - https:\/\/yoast.com\/wordpress\/plugins\/seo\/ -->\n<title>MOUVEMENT D&#039;HUMEUR DES M\u00c9DECINS EN SP\u00c9CIALISATION - Le COMES annonce une gr\u00e8ve de 48h | Nettali.com<\/title>\n<meta name=\"robots\" content=\"index, follow, max-snippet:-1, max-image-preview:large, max-video-preview:-1\" \/>\n<link rel=\"canonical\" href=\"https:\/\/www.nettali.com\/2024\/09\/25\/mouvement-dhumeur-des-medecins-en-specialisation-le-comes-annonce-une-greve-de-48h\/\" \/>\n<meta property=\"og:locale\" content=\"fr_FR\" \/>\n<meta property=\"og:type\" content=\"article\" \/>\n<meta property=\"og:title\" content=\"MOUVEMENT D&#039;HUMEUR DES M\u00c9DECINS EN SP\u00c9CIALISATION - Le COMES annonce une gr\u00e8ve de 48h\" \/>\n<meta property=\"og:description\" content=\"NETTALI.COM - Le Collectif des M\u00e9decins, Pharmaciens, Chirurgiens-Dentistes en Sp\u00e9cialisation du S\u00e9n\u00e9gal (COMES) a officiellement annonc\u00e9 une gr\u00e8ve de 48 heures renouvelable, \u00e0 compter de ce mardi 24 septembre 2024. Dans un communiqu\u00e9 parvenu \u00e0 notre r\u00e9daction, le COMES souligne que : &quot; malgr\u00e9 les d\u00e9marches entreprises pour r\u00e9soudre les probl\u00e8mes li\u00e9s au statut des [&hellip;]\" \/>\n<meta property=\"og:url\" content=\"https:\/\/www.nettali.com\/2024\/09\/25\/mouvement-dhumeur-des-medecins-en-specialisation-le-comes-annonce-une-greve-de-48h\/\" \/>\n<meta property=\"og:site_name\" content=\"Nettali.com\" \/>\n<meta property=\"article:publisher\" content=\"https:\/\/www.facebook.com\/nettalicom\" \/>\n<meta property=\"article:published_time\" content=\"2024-09-25T03:45:50+00:00\" \/>\n<meta property=\"article:modified_time\" content=\"2024-09-25T13:05:08+00:00\" \/>\n<meta property=\"og:image\" content=\"https:\/\/www.nettali.com\/wp-content\/uploads\/2024\/09\/greve_medecine.jpg\" \/>\n\t<meta property=\"og:image:width\" content=\"755\" \/>\n\t<meta property=\"og:image:height\" content=\"449\" \/>\n<meta name=\"twitter:card\" content=\"summary_large_image\" \/>\n<meta name=\"twitter:label1\" content=\"\u00c9crit par\" \/>\n\t<meta name=\"twitter:data1\" content=\"Ibrahima\" \/>\n\t<meta name=\"twitter:label2\" content=\"Dur\u00e9e de lecture estim\u00e9e\" \/>\n\t<meta name=\"twitter:data2\" content=\"1 minute\" \/>\n<script type=\"application\/ld+json\" class=\"yoast-schema-graph\">{\"@context\":\"https:\/\/schema.org\",\"@graph\":[{\"@type\":\"WebSite\",\"@id\":\"https:\/\/www.nettali.com\/#website\",\"url\":\"https:\/\/www.nettali.com\/\",\"name\":\"Nettali.com\",\"description\":\"Le rendez-vous critique du Net\",\"potentialAction\":[{\"@type\":\"SearchAction\",\"target\":{\"@type\":\"EntryPoint\",\"urlTemplate\":\"https:\/\/www.nettali.com\/?s={search_term_string}\"},\"query-input\":\"required name=search_term_string\"}],\"inLanguage\":\"fr-FR\"},{\"@type\":\"ImageObject\",\"@id\":\"https:\/\/www.nettali.com\/2024\/09\/25\/mouvement-dhumeur-des-medecins-en-specialisation-le-comes-annonce-une-greve-de-48h\/#primaryimage\",\"inLanguage\":\"fr-FR\",\"url\":\"https:\/\/www.nettali.com\/wp-content\/uploads\/2024\/09\/greve_medecine.jpg\",\"contentUrl\":\"https:\/\/www.nettali.com\/wp-content\/uploads\/2024\/09\/greve_medecine.jpg\",\"width\":755,\"height\":449},{\"@type\":\"WebPage\",\"@id\":\"https:\/\/www.nettali.com\/2024\/09\/25\/mouvement-dhumeur-des-medecins-en-specialisation-le-comes-annonce-une-greve-de-48h\/#webpage\",\"url\":\"https:\/\/www.nettali.com\/2024\/09\/25\/mouvement-dhumeur-des-medecins-en-specialisation-le-comes-annonce-une-greve-de-48h\/\",\"name\":\"MOUVEMENT D'HUMEUR DES M\\u00c9DECINS EN SP\\u00c9CIALISATION - Le COMES annonce une gr\\u00e8ve de 48h | Nettali.com\",\"isPartOf\":{\"@id\":\"https:\/\/www.nettali.com\/#website\"},\"primaryImageOfPage\":{\"@id\":\"https:\/\/www.nettali.com\/2024\/09\/25\/mouvement-dhumeur-des-medecins-en-specialisation-le-comes-annonce-une-greve-de-48h\/#primaryimage\"},\"datePublished\":\"2024-09-25T03:45:50+00:00\",\"dateModified\":\"2024-09-25T13:05:08+00:00\",\"author\":{\"@id\":\"https:\/\/www.nettali.com\/#\/schema\/person\/bb147657c2986240405a608162b9bb23\"},\"breadcrumb\":{\"@id\":\"https:\/\/www.nettali.com\/2024\/09\/25\/mouvement-dhumeur-des-medecins-en-specialisation-le-comes-annonce-une-greve-de-48h\/#breadcrumb\"},\"inLanguage\":\"fr-FR\",\"potentialAction\":[{\"@type\":\"ReadAction\",\"target\":[\"https:\/\/www.nettali.com\/2024\/09\/25\/mouvement-dhumeur-des-medecins-en-specialisation-le-comes-annonce-une-greve-de-48h\/\"]}]},{\"@type\":\"BreadcrumbList\",\"@id\":\"https:\/\/www.nettali.com\/2024\/09\/25\/mouvement-dhumeur-des-medecins-en-specialisation-le-comes-annonce-une-greve-de-48h\/#breadcrumb\",\"itemListElement\":[{\"@type\":\"ListItem\",\"position\":1,\"name\":\"Accueil\",\"item\":\"https:\/\/www.nettali.com\/\"},{\"@type\":\"ListItem\",\"position\":2,\"name\":\"MOUVEMENT D'HUMEUR DES M\\u00c9DECINS EN SP\\u00c9CIALISATION - Le COMES annonce une gr\\u00e8ve de 48h\"}]},{\"@type\":\"Person\",\"@id\":\"https:\/\/www.nettali.com\/#\/schema\/person\/bb147657c2986240405a608162b9bb23\",\"name\":\"Ibrahima\",\"image\":{\"@type\":\"ImageObject\",\"@id\":\"https:\/\/www.nettali.com\/#personlogo\",\"inLanguage\":\"fr-FR\",\"url\":\"https:\/\/secure.gravatar.com\/avatar\/26a8a81f09f0dd7624c9d5c36c9ba3a2?s=96&d=mm&r=g\",\"contentUrl\":\"https:\/\/secure.gravatar.com\/avatar\/26a8a81f09f0dd7624c9d5c36c9ba3a2?s=96&d=mm&r=g\",\"caption\":\"Ibrahima\"},\"sameAs\":[\"https:\/\/www.nettali.com\"]}]}<\/script>\n<!-- \/ Yoast SEO Premium plugin. -->","yoast_head_json":{"title":"MOUVEMENT D'HUMEUR DES M\u00c9DECINS EN SP\u00c9CIALISATION - Le COMES annonce une gr\u00e8ve de 48h | Nettali.com","robots":{"index":"index","follow":"follow","max-snippet":"max-snippet:-1","max-image-preview":"max-image-preview:large","max-video-preview":"max-video-preview:-1"},"canonical":"https:\/\/www.nettali.com\/2024\/09\/25\/mouvement-dhumeur-des-medecins-en-specialisation-le-comes-annonce-une-greve-de-48h\/","og_locale":"fr_FR","og_type":"article","og_title":"MOUVEMENT D'HUMEUR DES M\u00c9DECINS EN SP\u00c9CIALISATION - Le COMES annonce une gr\u00e8ve de 48h","og_description":"NETTALI.COM - Le Collectif des M\u00e9decins, Pharmaciens, Chirurgiens-Dentistes en Sp\u00e9cialisation du S\u00e9n\u00e9gal (COMES) a officiellement annonc\u00e9 une gr\u00e8ve de 48 heures renouvelable, \u00e0 compter de ce mardi 24 septembre 2024. Dans un communiqu\u00e9 parvenu \u00e0 notre r\u00e9daction, le COMES souligne que : \" malgr\u00e9 les d\u00e9marches entreprises pour r\u00e9soudre les probl\u00e8mes li\u00e9s au statut des [&hellip;]","og_url":"https:\/\/www.nettali.com\/2024\/09\/25\/mouvement-dhumeur-des-medecins-en-specialisation-le-comes-annonce-une-greve-de-48h\/","og_site_name":"Nettali.com","article_publisher":"https:\/\/www.facebook.com\/nettalicom","article_published_time":"2024-09-25T03:45:50+00:00","article_modified_time":"2024-09-25T13:05:08+00:00","og_image":[{"width":755,"height":449,"url":"https:\/\/www.nettali.com\/wp-content\/uploads\/2024\/09\/greve_medecine.jpg","type":"image\/jpeg"}],"twitter_card":"summary_large_image","twitter_misc":{"\u00c9crit par":"Ibrahima","Dur\u00e9e de lecture estim\u00e9e":"1 minute"},"schema":{"@context":"https:\/\/schema.org","@graph":[{"@type":"WebSite","@id":"https:\/\/www.nettali.com\/#website","url":"https:\/\/www.nettali.com\/","name":"Nettali.com","description":"Le rendez-vous critique du Net","potentialAction":[{"@type":"SearchAction","target":{"@type":"EntryPoint","urlTemplate":"https:\/\/www.nettali.com\/?s={search_term_string}"},"query-input":"required name=search_term_string"}],"inLanguage":"fr-FR"},{"@type":"ImageObject","@id":"https:\/\/www.nettali.com\/2024\/09\/25\/mouvement-dhumeur-des-medecins-en-specialisation-le-comes-annonce-une-greve-de-48h\/#primaryimage","inLanguage":"fr-FR","url":"https:\/\/www.nettali.com\/wp-content\/uploads\/2024\/09\/greve_medecine.jpg","contentUrl":"https:\/\/www.nettali.com\/wp-content\/uploads\/2024\/09\/greve_medecine.jpg","width":755,"height":449},{"@type":"WebPage","@id":"https:\/\/www.nettali.com\/2024\/09\/25\/mouvement-dhumeur-des-medecins-en-specialisation-le-comes-annonce-une-greve-de-48h\/#webpage","url":"https:\/\/www.nettali.com\/2024\/09\/25\/mouvement-dhumeur-des-medecins-en-specialisation-le-comes-annonce-une-greve-de-48h\/","name":"MOUVEMENT D'HUMEUR DES M\u00c9DECINS EN SP\u00c9CIALISATION - Le COMES annonce une gr\u00e8ve de 48h | Nettali.com","isPartOf":{"@id":"https:\/\/www.nettali.com\/#website"},"primaryImageOfPage":{"@id":"https:\/\/www.nettali.com\/2024\/09\/25\/mouvement-dhumeur-des-medecins-en-specialisation-le-comes-annonce-une-greve-de-48h\/#primaryimage"},"datePublished":"2024-09-25T03:45:50+00:00","dateModified":"2024-09-25T13:05:08+00:00","author":{"@id":"https:\/\/www.nettali.com\/#\/schema\/person\/bb147657c2986240405a608162b9bb23"},"breadcrumb":{"@id":"https:\/\/www.nettali.com\/2024\/09\/25\/mouvement-dhumeur-des-medecins-en-specialisation-le-comes-annonce-une-greve-de-48h\/#breadcrumb"},"inLanguage":"fr-FR","potentialAction":[{"@type":"ReadAction","target":["https:\/\/www.nettali.com\/2024\/09\/25\/mouvement-dhumeur-des-medecins-en-specialisation-le-comes-annonce-une-greve-de-48h\/"]}]},{"@type":"BreadcrumbList","@id":"https:\/\/www.nettali.com\/2024\/09\/25\/mouvement-dhumeur-des-medecins-en-specialisation-le-comes-annonce-une-greve-de-48h\/#breadcrumb","itemListElement":[{"@type":"ListItem","position":1,"name":"Accueil","item":"https:\/\/www.nettali.com\/"},{"@type":"ListItem","position":2,"name":"MOUVEMENT D'HUMEUR DES M\u00c9DECINS EN SP\u00c9CIALISATION - Le COMES annonce une gr\u00e8ve de 48h"}]},{"@type":"Person","@id":"https:\/\/www.nettali.com\/#\/schema\/person\/bb147657c2986240405a608162b9bb23","name":"Ibrahima","image":{"@type":"ImageObject","@id":"https:\/\/www.nettali.com\/#personlogo","inLanguage":"fr-FR","url":"https:\/\/secure.gravatar.com\/avatar\/26a8a81f09f0dd7624c9d5c36c9ba3a2?s=96&d=mm&r=g","contentUrl":"https:\/\/secure.gravatar.com\/avatar\/26a8a81f09f0dd7624c9d5c36c9ba3a2?s=96&d=mm&r=g","caption":"Ibrahima"},"sameAs":["https:\/\/www.nettali.com"]}]}},"_links":{"self":[{"href":"https:\/\/www.nettali.com\/rest\/wp\/v2\/posts\/140846"}],"collection":[{"href":"https:\/\/www.nettali.com\/rest\/wp\/v2\/posts"}],"about":[{"href":"https:\/\/www.nettali.com\/rest\/wp\/v2\/types\/post"}],"author":[{"embeddable":true,"href":"https:\/\/www.nettali.com\/rest\/wp\/v2\/users\/5"}],"replies":[{"embeddable":true,"href":"https:\/\/www.nettali.com\/rest\/wp\/v2\/comments?post=140846"}],"version-history":[{"count":2,"href":"https:\/\/www.nettali.com\/rest\/wp\/v2\/posts\/140846\/revisions"}],"predecessor-version":[{"id":140861,"href":"https:\/\/www.nettali.com\/rest\/wp\/v2\/posts\/140846\/revisions\/140861"}],"wp:featuredmedia":[{"embeddable":true,"href":"https:\/\/www.nettali.com\/rest\/wp\/v2\/media\/140848"}],"wp:attachment":[{"href":"https:\/\/www.nettali.com\/rest\/wp\/v2\/media?parent=140846"}],"wp:term":[{"taxonomy":"category","embeddable":true,"href":"https:\/\/www.nettali.com\/rest\/wp\/v2\/categories?post=140846"},{"taxonomy":"post_tag","embeddable":true,"href":"https:\/\/www.nettali.com\/rest\/wp\/v2\/tags?post=140846"}],"curies":[{"name":"wp","href":"https:\/\/api.w.org\/{rel}","templated":true}]}}